{"id":4813,"date":"2023-01-25T12:21:07","date_gmt":"2023-01-25T10:21:07","guid":{"rendered":"https:\/\/mediaviestinta.fi\/?p=4813"},"modified":"2023-01-30T11:26:01","modified_gmt":"2023-01-30T09:26:01","slug":"millaisia-mediaesityksia-kuolemasta-sallitaan-ja-toivotaan","status":"publish","type":"post","link":"https:\/\/mediaviestinta.fi\/mevi2020\/2023\/01\/millaisia-mediaesityksia-kuolemasta-sallitaan-ja-toivotaan\/","title":{"rendered":"Millaisia mediaesityksi\u00e4 kuolemasta sallitaan ja toivotaan?"},"content":{"rendered":"\n<p class=\"has-primary-color has-text-color\"><strong>Outi Hakolan tutkii artikkelissaan <a href=\"https:\/\/journal.fi\/mediaviestinta\/article\/view\/125624\">Kuolemisen mediatisaatio<\/a> sit\u00e4, millaisia asioita katsojat toivovat ja odottavat hyv\u00e4lt\u00e4 dokumentaariselta kuvauk\u00adselta kuolemisesta. Aihetta k\u00e4sitell\u00e4\u00e4n dokumenttielokuvan <em>Marikan kuolema<\/em> kautta ryhm\u00e4haastattelujen ja verkkokeskustelujen pohjalta. Artikkeli on julkaistu\u00a0<a href=\"https:\/\/journal.fi\/mediaviestinta\/issue\/view\/8909\" target=\"_blank\" rel=\"noreferrer noopener\">Media &amp; viestint\u00e4 -lehdess\u00e4 4\/2022<\/a>. Lis\u00e4ksi Hakola esittelee artikkeliaan <a href=\"https:\/\/www.youtube.com\/watch?v=ANZx12Gj_7s\" target=\"_blank\" rel=\"noreferrer noopener\">videolla<\/a>.<\/strong><\/p>\n\n\n\n<p><strong>Mit\u00e4<strong> aihetta artikkelisi k\u00e4sittelee<\/strong>?<br><\/strong>Kuolemaa esitet\u00e4\u00e4n runsaasti mediassa, mutta n\u00e4ihin esityksiin liittyy my\u00f6s varauksia ja eettisi\u00e4 kysymyksi\u00e4. Artikkelini k\u00e4sittelee yleis\u00f6jen n\u00e4k\u00f6kulmia siihen, millaisia mediaesityksi\u00e4 kuolemasta sallitaan ja toivotaan.<\/p>\n\n\n\n<p><strong><strong>Mik\u00e4 on artikkelisi keskeinen argumentti?<\/strong><br><\/strong><em>Marikan kuolema<\/em> -dokumentin vastaanottotutkimus osoittaa, ettei katsojilla ole yht\u00e4 yhten\u00e4ist\u00e4 n\u00e4k\u00f6kulmaa, miten kuolemaa ja kuolemista tulisi mediassa esitt\u00e4\u00e4. Mielipiteet jakautuvat p\u00e4\u00e4osin kahteen leiriin, joista toinen toivoo realistisia kuvauksia ja toinen puolestaan my\u00f6nteisi\u00e4 kuvauksia, jotka helpottaisivat vaikeaan aiheeseen suhtautumista.<\/p>\n\n\n\n<p><strong>Mit\u00e4 haluat artikkelillasi sanoa?<br><\/strong>Artikkelini tutkii dokumenttiesityksi\u00e4 kuolemisen prosessista. Usein kuoleman esityksi\u00e4 analysoidaan fiktion tai uutismedian kautta siten, ett\u00e4 huomio on mit\u00e4 kuolemasta seuraa. Artikkelini kautta tuon esille, ett\u00e4 dokumentaariset esitykset kuolemisesta vaikuttavat yht\u00e4 lailla ihmisten mielikuviin ja odotuksiin kuolemasta, ja erityisesti siit\u00e4, mit\u00e4 he voivat odottaa omalta kuolemaltaan ja siihen valmistautumiselta. Artikkelissani tuon esille, ett\u00e4 t\u00e4llainen kuolemaa ennakoiva mediaesitys nostaa esille katsojien henkil\u00f6kohtaisia ja arkisia pelkoja ja toiveita kuolemasta hyvin eri tavalla kuin sensaatiomaiset kuolemakuvaukset.<\/p>\n\n\n\n<p><strong>Kenen kannattaa lukea artikkelisi?<\/strong><br>Artikkeli pyrkii puhuttelemaan monenlaisia yleis\u00f6j\u00e4. Yht\u00e4\u00e4lt\u00e4 se k\u00e4sittelee kuoleman tematiikkaa, ja on siten kiinnostavaa luettavaa kaikille, jotka painivat&nbsp;joko oman tai l\u00e4heistens\u00e4 kuolevaisuuteen liittyvien kysymysten kanssa.  Artikkeli k\u00e4sittelee my\u00f6s mediatisaatiota eli miten media vaikuttaa ihmisten asenteisiin ja miten ihmisten asenteet vaikuttavat median esitystapoihin. Kolmanneksi artikkeli puhuttelee (kotimaisesta) dokumenttielokuvasta kiinnostuneita ja erityisesti dokumenttielokuvien vastaanotosta, mik\u00e4 on v\u00e4h\u00e4n tutkittu alue, kiinnostuneita.<\/p>\n\n\n\n<p><strong>Mik\u00e4 sai sinut tarttumaan t\u00e4h\u00e4n aiheeseen?<br><\/strong>Kiinnostuin aiheesta alun perin, kun luin artikkelin, jonka mukaan sy\u00f6p\u00e4sairaat kokivat dokumenttielokuvat kuolemasta ahdistavaksi. Heit\u00e4 ei ahdistanut dokumenttien aihe, vaan k\u00e4sittelytapa, jossa kuolevat kuvattiin iloisina ja hyvin voivina, mihin sairastuneet eiv\u00e4t kokeneet voivansa samaistua. T\u00e4m\u00e4 her\u00e4tti kysymyksen, kenelle ja kenen n\u00e4k\u00f6kulmasta n\u00e4m\u00e4 dokumenttielokuvat on tehty ja miten ne puhuttelevat ihmisi\u00e4.<\/p>\n\n\n\n<p>(Lauri Haapanen)<\/p>\n","protected":false},"excerpt":{"rendered":"<p>Outi Hakolan tutkii artikkelissaan Kuolemisen mediatisaatio sit\u00e4, millaisia asioita katsojat toivovat ja odottavat hyv\u00e4lt\u00e4 dokumentaariselta kuvauk\u00adselta kuolemisesta. Aihetta k\u00e4sitell\u00e4\u00e4n dokumenttielokuvan Marikan kuolema kautta ryhm\u00e4haastattelujen ja verkkokeskustelujen pohjalta. Artikkeli&hellip;<\/p>\n","protected":false},"author":3,"featured_media":4818,"comment_status":"open","ping_status":"closed","sticky":false,"template":"","format":"standard","meta":{"_monsterinsights_skip_tracking":false,"_monsterinsights_sitenote_active":false,"_monsterinsights_sitenote_note":"","_monsterinsights_sitenote_category":0,"footnotes":""},"categories":[1],"tags":[273,274,275,276,277,239],"class_list":["post-4813","post","type-post","status-publish","format-standard","has-post-thumbnail","hentry","category-yleinen","tag-dokumenttielokuva","tag-hyva-kuolema","tag-kuoleminen","tag-mediatisaatio","tag-vastaanotto","tag-yleiso"],"yoast_head":"<!-- This site is optimized with the Yoast SEO plugin v27.5 - https:\/\/yoast.com\/product\/yoast-seo-wordpress\/ -->\n<title>Millaisia mediaesityksi\u00e4 kuolemasta sallitaan ja toivotaan? &#8211; Mevi<\/title>\n<meta name=\"robots\" content=\"index, follow, max-snippet:-1, max-image-preview:large, max-video-preview:-1\" \/>\n<link rel=\"canonical\" href=\"https:\/\/mediaviestinta.fi\/mevi2020\/2023\/01\/millaisia-mediaesityksia-kuolemasta-sallitaan-ja-toivotaan\/\" \/>\n<meta property=\"og:locale\" content=\"fi_FI\" \/>\n<meta property=\"og:type\" content=\"article\" \/>\n<meta property=\"og:title\" content=\"Millaisia mediaesityksi\u00e4 kuolemasta sallitaan ja toivotaan? &#8211; Mevi\" \/>\n<meta property=\"og:description\" content=\"Outi Hakolan tutkii artikkelissaan Kuolemisen mediatisaatio sit\u00e4, millaisia asioita katsojat toivovat ja odottavat hyv\u00e4lt\u00e4 dokumentaariselta kuvauk\u00adselta kuolemisesta. Aihetta k\u00e4sitell\u00e4\u00e4n dokumenttielokuvan Marikan kuolema kautta ryhm\u00e4haastattelujen ja verkkokeskustelujen pohjalta. Artikkeli&hellip;\" \/>\n<meta property=\"og:url\" content=\"https:\/\/mediaviestinta.fi\/mevi2020\/2023\/01\/millaisia-mediaesityksia-kuolemasta-sallitaan-ja-toivotaan\/\" \/>\n<meta property=\"og:site_name\" content=\"Mevi\" \/>\n<meta property=\"article:publisher\" content=\"https:\/\/www.facebook.com\/MediaViestinta\/\" \/>\n<meta property=\"article:published_time\" content=\"2023-01-25T10:21:07+00:00\" \/>\n<meta property=\"article:modified_time\" content=\"2023-01-30T09:26:01+00:00\" \/>\n<meta property=\"og:image\" content=\"https:\/\/mediaviestinta.fi\/mevi2020\/wp-content\/uploads\/2023\/01\/Marikan-kuolema.jpg\" \/>\n\t<meta property=\"og:image:width\" content=\"1596\" \/>\n\t<meta property=\"og:image:height\" content=\"671\" \/>\n\t<meta property=\"og:image:type\" content=\"image\/jpeg\" \/>\n<meta name=\"author\" content=\"Mevi\" \/>\n<meta name=\"twitter:card\" content=\"summary_large_image\" \/>\n<meta name=\"twitter:creator\" content=\"@mediaviestinta\" \/>\n<meta name=\"twitter:site\" content=\"@mediaviestinta\" \/>\n<meta name=\"twitter:label1\" content=\"Kirjoittanut\" \/>\n\t<meta name=\"twitter:data1\" content=\"Mevi\" \/>\n\t<meta name=\"twitter:label2\" content=\"Arvioitu lukuaika\" \/>\n\t<meta name=\"twitter:data2\" content=\"2 minuuttia\" \/>\n<script type=\"application\/ld+json\" class=\"yoast-schema-graph\">{\"@context\":\"https:\\\/\\\/schema.org\",\"@graph\":[{\"@type\":\"Article\",\"@id\":\"https:\\\/\\\/mediaviestinta.fi\\\/mevi2020\\\/2023\\\/01\\\/millaisia-mediaesityksia-kuolemasta-sallitaan-ja-toivotaan\\\/#article\",\"isPartOf\":{\"@id\":\"https:\\\/\\\/mediaviestinta.fi\\\/mevi2020\\\/2023\\\/01\\\/millaisia-mediaesityksia-kuolemasta-sallitaan-ja-toivotaan\\\/\"},\"author\":{\"name\":\"Mevi\",\"@id\":\"https:\\\/\\\/mediaviestinta.fi\\\/#\\\/schema\\\/person\\\/b2da34ab24cfcd17dbdd6c7cfb173257\"},\"headline\":\"Millaisia mediaesityksi\u00e4 kuolemasta sallitaan ja toivotaan?\",\"datePublished\":\"2023-01-25T10:21:07+00:00\",\"dateModified\":\"2023-01-30T09:26:01+00:00\",\"mainEntityOfPage\":{\"@id\":\"https:\\\/\\\/mediaviestinta.fi\\\/mevi2020\\\/2023\\\/01\\\/millaisia-mediaesityksia-kuolemasta-sallitaan-ja-toivotaan\\\/\"},\"wordCount\":354,\"commentCount\":0,\"publisher\":{\"@id\":\"https:\\\/\\\/mediaviestinta.fi\\\/#organization\"},\"image\":{\"@id\":\"https:\\\/\\\/mediaviestinta.fi\\\/mevi2020\\\/2023\\\/01\\\/millaisia-mediaesityksia-kuolemasta-sallitaan-ja-toivotaan\\\/#primaryimage\"},\"thumbnailUrl\":\"https:\\\/\\\/mediaviestinta.fi\\\/mevi2020\\\/wp-content\\\/uploads\\\/2023\\\/01\\\/Marikan-kuolema.jpg\",\"keywords\":[\"dokumenttielokuva\",\"hyv\u00e4 kuolema\",\"kuoleminen\",\"mediatisaatio\",\"vastaanotto\",\"yleis\u00f6\"],\"inLanguage\":\"fi\",\"potentialAction\":[{\"@type\":\"CommentAction\",\"name\":\"Comment\",\"target\":[\"https:\\\/\\\/mediaviestinta.fi\\\/mevi2020\\\/2023\\\/01\\\/millaisia-mediaesityksia-kuolemasta-sallitaan-ja-toivotaan\\\/#respond\"]}]},{\"@type\":\"WebPage\",\"@id\":\"https:\\\/\\\/mediaviestinta.fi\\\/mevi2020\\\/2023\\\/01\\\/millaisia-mediaesityksia-kuolemasta-sallitaan-ja-toivotaan\\\/\",\"url\":\"https:\\\/\\\/mediaviestinta.fi\\\/mevi2020\\\/2023\\\/01\\\/millaisia-mediaesityksia-kuolemasta-sallitaan-ja-toivotaan\\\/\",\"name\":\"Millaisia mediaesityksi\u00e4 kuolemasta sallitaan ja toivotaan? &#8211; Mevi\",\"isPartOf\":{\"@id\":\"https:\\\/\\\/mediaviestinta.fi\\\/#website\"},\"primaryImageOfPage\":{\"@id\":\"https:\\\/\\\/mediaviestinta.fi\\\/mevi2020\\\/2023\\\/01\\\/millaisia-mediaesityksia-kuolemasta-sallitaan-ja-toivotaan\\\/#primaryimage\"},\"image\":{\"@id\":\"https:\\\/\\\/mediaviestinta.fi\\\/mevi2020\\\/2023\\\/01\\\/millaisia-mediaesityksia-kuolemasta-sallitaan-ja-toivotaan\\\/#primaryimage\"},\"thumbnailUrl\":\"https:\\\/\\\/mediaviestinta.fi\\\/mevi2020\\\/wp-content\\\/uploads\\\/2023\\\/01\\\/Marikan-kuolema.jpg\",\"datePublished\":\"2023-01-25T10:21:07+00:00\",\"dateModified\":\"2023-01-30T09:26:01+00:00\",\"breadcrumb\":{\"@id\":\"https:\\\/\\\/mediaviestinta.fi\\\/mevi2020\\\/2023\\\/01\\\/millaisia-mediaesityksia-kuolemasta-sallitaan-ja-toivotaan\\\/#breadcrumb\"},\"inLanguage\":\"fi\",\"potentialAction\":[{\"@type\":\"ReadAction\",\"target\":[\"https:\\\/\\\/mediaviestinta.fi\\\/mevi2020\\\/2023\\\/01\\\/millaisia-mediaesityksia-kuolemasta-sallitaan-ja-toivotaan\\\/\"]}]},{\"@type\":\"ImageObject\",\"inLanguage\":\"fi\",\"@id\":\"https:\\\/\\\/mediaviestinta.fi\\\/mevi2020\\\/2023\\\/01\\\/millaisia-mediaesityksia-kuolemasta-sallitaan-ja-toivotaan\\\/#primaryimage\",\"url\":\"https:\\\/\\\/mediaviestinta.fi\\\/mevi2020\\\/wp-content\\\/uploads\\\/2023\\\/01\\\/Marikan-kuolema.jpg\",\"contentUrl\":\"https:\\\/\\\/mediaviestinta.fi\\\/mevi2020\\\/wp-content\\\/uploads\\\/2023\\\/01\\\/Marikan-kuolema.jpg\",\"width\":1596,\"height\":671,\"caption\":\"Kuvakaappaus dokumenttielokuvasta Marikan kuolema (Ohjaus Peter Wallenius, 2021)\"},{\"@type\":\"BreadcrumbList\",\"@id\":\"https:\\\/\\\/mediaviestinta.fi\\\/mevi2020\\\/2023\\\/01\\\/millaisia-mediaesityksia-kuolemasta-sallitaan-ja-toivotaan\\\/#breadcrumb\",\"itemListElement\":[{\"@type\":\"ListItem\",\"position\":1,\"name\":\"Home\",\"item\":\"https:\\\/\\\/mediaviestinta.fi\\\/\"},{\"@type\":\"ListItem\",\"position\":2,\"name\":\"Millaisia mediaesityksi\u00e4 kuolemasta sallitaan ja toivotaan?\"}]},{\"@type\":\"WebSite\",\"@id\":\"https:\\\/\\\/mediaviestinta.fi\\\/#website\",\"url\":\"https:\\\/\\\/mediaviestinta.fi\\\/\",\"name\":\"Mevi\",\"description\":\"Media- ja viestint\u00e4tieteellinen seura Mevi\",\"publisher\":{\"@id\":\"https:\\\/\\\/mediaviestinta.fi\\\/#organization\"},\"potentialAction\":[{\"@type\":\"SearchAction\",\"target\":{\"@type\":\"EntryPoint\",\"urlTemplate\":\"https:\\\/\\\/mediaviestinta.fi\\\/?s={search_term_string}\"},\"query-input\":{\"@type\":\"PropertyValueSpecification\",\"valueRequired\":true,\"valueName\":\"search_term_string\"}}],\"inLanguage\":\"fi\"},{\"@type\":\"Organization\",\"@id\":\"https:\\\/\\\/mediaviestinta.fi\\\/#organization\",\"name\":\"Media- ja viestint\u00e4tieteellinen seura Mevi\",\"url\":\"https:\\\/\\\/mediaviestinta.fi\\\/\",\"logo\":{\"@type\":\"ImageObject\",\"inLanguage\":\"fi\",\"@id\":\"https:\\\/\\\/mediaviestinta.fi\\\/#\\\/schema\\\/logo\\\/image\\\/\",\"url\":\"https:\\\/\\\/mediaviestinta.fi\\\/mevi2020\\\/wp-content\\\/uploads\\\/2020\\\/03\\\/mevi-logo-RGB-Transparent.png\",\"contentUrl\":\"https:\\\/\\\/mediaviestinta.fi\\\/mevi2020\\\/wp-content\\\/uploads\\\/2020\\\/03\\\/mevi-logo-RGB-Transparent.png\",\"width\":910,\"height\":464,\"caption\":\"Media- ja viestint\u00e4tieteellinen seura Mevi\"},\"image\":{\"@id\":\"https:\\\/\\\/mediaviestinta.fi\\\/#\\\/schema\\\/logo\\\/image\\\/\"},\"sameAs\":[\"https:\\\/\\\/www.facebook.com\\\/MediaViestinta\\\/\",\"https:\\\/\\\/x.com\\\/mediaviestinta\"]},{\"@type\":\"Person\",\"@id\":\"https:\\\/\\\/mediaviestinta.fi\\\/#\\\/schema\\\/person\\\/b2da34ab24cfcd17dbdd6c7cfb173257\",\"name\":\"Mevi\",\"image\":{\"@type\":\"ImageObject\",\"inLanguage\":\"fi\",\"@id\":\"https:\\\/\\\/secure.gravatar.com\\\/avatar\\\/3305b76d1667dc119a18808ed03d6a1fc2dfa8b6a1cddecb8c4d27ef14ec32ca?s=96&d=mm&r=g\",\"url\":\"https:\\\/\\\/secure.gravatar.com\\\/avatar\\\/3305b76d1667dc119a18808ed03d6a1fc2dfa8b6a1cddecb8c4d27ef14ec32ca?s=96&d=mm&r=g\",\"contentUrl\":\"https:\\\/\\\/secure.gravatar.com\\\/avatar\\\/3305b76d1667dc119a18808ed03d6a1fc2dfa8b6a1cddecb8c4d27ef14ec32ca?s=96&d=mm&r=g\",\"caption\":\"Mevi\"},\"url\":\"https:\\\/\\\/mediaviestinta.fi\\\/mevi2020\\\/author\\\/mediavie\\\/\"}]}<\/script>\n<!-- \/ Yoast SEO plugin. -->","yoast_head_json":{"title":"Millaisia mediaesityksi\u00e4 kuolemasta sallitaan ja toivotaan? &#8211; Mevi","robots":{"index":"index","follow":"follow","max-snippet":"max-snippet:-1","max-image-preview":"max-image-preview:large","max-video-preview":"max-video-preview:-1"},"canonical":"https:\/\/mediaviestinta.fi\/mevi2020\/2023\/01\/millaisia-mediaesityksia-kuolemasta-sallitaan-ja-toivotaan\/","og_locale":"fi_FI","og_type":"article","og_title":"Millaisia mediaesityksi\u00e4 kuolemasta sallitaan ja toivotaan? &#8211; Mevi","og_description":"Outi Hakolan tutkii artikkelissaan Kuolemisen mediatisaatio sit\u00e4, millaisia asioita katsojat toivovat ja odottavat hyv\u00e4lt\u00e4 dokumentaariselta kuvauk\u00adselta kuolemisesta. Aihetta k\u00e4sitell\u00e4\u00e4n dokumenttielokuvan Marikan kuolema kautta ryhm\u00e4haastattelujen ja verkkokeskustelujen pohjalta. Artikkeli&hellip;","og_url":"https:\/\/mediaviestinta.fi\/mevi2020\/2023\/01\/millaisia-mediaesityksia-kuolemasta-sallitaan-ja-toivotaan\/","og_site_name":"Mevi","article_publisher":"https:\/\/www.facebook.com\/MediaViestinta\/","article_published_time":"2023-01-25T10:21:07+00:00","article_modified_time":"2023-01-30T09:26:01+00:00","og_image":[{"width":1596,"height":671,"url":"https:\/\/mediaviestinta.fi\/mevi2020\/wp-content\/uploads\/2023\/01\/Marikan-kuolema.jpg","type":"image\/jpeg"}],"author":"Mevi","twitter_card":"summary_large_image","twitter_creator":"@mediaviestinta","twitter_site":"@mediaviestinta","twitter_misc":{"Kirjoittanut":"Mevi","Arvioitu lukuaika":"2 minuuttia"},"schema":{"@context":"https:\/\/schema.org","@graph":[{"@type":"Article","@id":"https:\/\/mediaviestinta.fi\/mevi2020\/2023\/01\/millaisia-mediaesityksia-kuolemasta-sallitaan-ja-toivotaan\/#article","isPartOf":{"@id":"https:\/\/mediaviestinta.fi\/mevi2020\/2023\/01\/millaisia-mediaesityksia-kuolemasta-sallitaan-ja-toivotaan\/"},"author":{"name":"Mevi","@id":"https:\/\/mediaviestinta.fi\/#\/schema\/person\/b2da34ab24cfcd17dbdd6c7cfb173257"},"headline":"Millaisia mediaesityksi\u00e4 kuolemasta sallitaan ja toivotaan?","datePublished":"2023-01-25T10:21:07+00:00","dateModified":"2023-01-30T09:26:01+00:00","mainEntityOfPage":{"@id":"https:\/\/mediaviestinta.fi\/mevi2020\/2023\/01\/millaisia-mediaesityksia-kuolemasta-sallitaan-ja-toivotaan\/"},"wordCount":354,"commentCount":0,"publisher":{"@id":"https:\/\/mediaviestinta.fi\/#organization"},"image":{"@id":"https:\/\/mediaviestinta.fi\/mevi2020\/2023\/01\/millaisia-mediaesityksia-kuolemasta-sallitaan-ja-toivotaan\/#primaryimage"},"thumbnailUrl":"https:\/\/mediaviestinta.fi\/mevi2020\/wp-content\/uploads\/2023\/01\/Marikan-kuolema.jpg","keywords":["dokumenttielokuva","hyv\u00e4 kuolema","kuoleminen","mediatisaatio","vastaanotto","yleis\u00f6"],"inLanguage":"fi","potentialAction":[{"@type":"CommentAction","name":"Comment","target":["https:\/\/mediaviestinta.fi\/mevi2020\/2023\/01\/millaisia-mediaesityksia-kuolemasta-sallitaan-ja-toivotaan\/#respond"]}]},{"@type":"WebPage","@id":"https:\/\/mediaviestinta.fi\/mevi2020\/2023\/01\/millaisia-mediaesityksia-kuolemasta-sallitaan-ja-toivotaan\/","url":"https:\/\/mediaviestinta.fi\/mevi2020\/2023\/01\/millaisia-mediaesityksia-kuolemasta-sallitaan-ja-toivotaan\/","name":"Millaisia mediaesityksi\u00e4 kuolemasta sallitaan ja toivotaan? &#8211; Mevi","isPartOf":{"@id":"https:\/\/mediaviestinta.fi\/#website"},"primaryImageOfPage":{"@id":"https:\/\/mediaviestinta.fi\/mevi2020\/2023\/01\/millaisia-mediaesityksia-kuolemasta-sallitaan-ja-toivotaan\/#primaryimage"},"image":{"@id":"https:\/\/mediaviestinta.fi\/mevi2020\/2023\/01\/millaisia-mediaesityksia-kuolemasta-sallitaan-ja-toivotaan\/#primaryimage"},"thumbnailUrl":"https:\/\/mediaviestinta.fi\/mevi2020\/wp-content\/uploads\/2023\/01\/Marikan-kuolema.jpg","datePublished":"2023-01-25T10:21:07+00:00","dateModified":"2023-01-30T09:26:01+00:00","breadcrumb":{"@id":"https:\/\/mediaviestinta.fi\/mevi2020\/2023\/01\/millaisia-mediaesityksia-kuolemasta-sallitaan-ja-toivotaan\/#breadcrumb"},"inLanguage":"fi","potentialAction":[{"@type":"ReadAction","target":["https:\/\/mediaviestinta.fi\/mevi2020\/2023\/01\/millaisia-mediaesityksia-kuolemasta-sallitaan-ja-toivotaan\/"]}]},{"@type":"ImageObject","inLanguage":"fi","@id":"https:\/\/mediaviestinta.fi\/mevi2020\/2023\/01\/millaisia-mediaesityksia-kuolemasta-sallitaan-ja-toivotaan\/#primaryimage","url":"https:\/\/mediaviestinta.fi\/mevi2020\/wp-content\/uploads\/2023\/01\/Marikan-kuolema.jpg","contentUrl":"https:\/\/mediaviestinta.fi\/mevi2020\/wp-content\/uploads\/2023\/01\/Marikan-kuolema.jpg","width":1596,"height":671,"caption":"Kuvakaappaus dokumenttielokuvasta Marikan kuolema (Ohjaus Peter Wallenius, 2021)"},{"@type":"BreadcrumbList","@id":"https:\/\/mediaviestinta.fi\/mevi2020\/2023\/01\/millaisia-mediaesityksia-kuolemasta-sallitaan-ja-toivotaan\/#breadcrumb","itemListElement":[{"@type":"ListItem","position":1,"name":"Home","item":"https:\/\/mediaviestinta.fi\/"},{"@type":"ListItem","position":2,"name":"Millaisia mediaesityksi\u00e4 kuolemasta sallitaan ja toivotaan?"}]},{"@type":"WebSite","@id":"https:\/\/mediaviestinta.fi\/#website","url":"https:\/\/mediaviestinta.fi\/","name":"Mevi","description":"Media- ja viestint\u00e4tieteellinen seura Mevi","publisher":{"@id":"https:\/\/mediaviestinta.fi\/#organization"},"potentialAction":[{"@type":"SearchAction","target":{"@type":"EntryPoint","urlTemplate":"https:\/\/mediaviestinta.fi\/?s={search_term_string}"},"query-input":{"@type":"PropertyValueSpecification","valueRequired":true,"valueName":"search_term_string"}}],"inLanguage":"fi"},{"@type":"Organization","@id":"https:\/\/mediaviestinta.fi\/#organization","name":"Media- ja viestint\u00e4tieteellinen seura Mevi","url":"https:\/\/mediaviestinta.fi\/","logo":{"@type":"ImageObject","inLanguage":"fi","@id":"https:\/\/mediaviestinta.fi\/#\/schema\/logo\/image\/","url":"https:\/\/mediaviestinta.fi\/mevi2020\/wp-content\/uploads\/2020\/03\/mevi-logo-RGB-Transparent.png","contentUrl":"https:\/\/mediaviestinta.fi\/mevi2020\/wp-content\/uploads\/2020\/03\/mevi-logo-RGB-Transparent.png","width":910,"height":464,"caption":"Media- ja viestint\u00e4tieteellinen seura Mevi"},"image":{"@id":"https:\/\/mediaviestinta.fi\/#\/schema\/logo\/image\/"},"sameAs":["https:\/\/www.facebook.com\/MediaViestinta\/","https:\/\/x.com\/mediaviestinta"]},{"@type":"Person","@id":"https:\/\/mediaviestinta.fi\/#\/schema\/person\/b2da34ab24cfcd17dbdd6c7cfb173257","name":"Mevi","image":{"@type":"ImageObject","inLanguage":"fi","@id":"https:\/\/secure.gravatar.com\/avatar\/3305b76d1667dc119a18808ed03d6a1fc2dfa8b6a1cddecb8c4d27ef14ec32ca?s=96&d=mm&r=g","url":"https:\/\/secure.gravatar.com\/avatar\/3305b76d1667dc119a18808ed03d6a1fc2dfa8b6a1cddecb8c4d27ef14ec32ca?s=96&d=mm&r=g","contentUrl":"https:\/\/secure.gravatar.com\/avatar\/3305b76d1667dc119a18808ed03d6a1fc2dfa8b6a1cddecb8c4d27ef14ec32ca?s=96&d=mm&r=g","caption":"Mevi"},"url":"https:\/\/mediaviestinta.fi\/mevi2020\/author\/mediavie\/"}]}},"_links":{"self":[{"href":"https:\/\/mediaviestinta.fi\/mevi2020\/wp-json\/wp\/v2\/posts\/4813","targetHints":{"allow":["GET"]}}],"collection":[{"href":"https:\/\/mediaviestinta.fi\/mevi2020\/wp-json\/wp\/v2\/posts"}],"about":[{"href":"https:\/\/mediaviestinta.fi\/mevi2020\/wp-json\/wp\/v2\/types\/post"}],"author":[{"embeddable":true,"href":"https:\/\/mediaviestinta.fi\/mevi2020\/wp-json\/wp\/v2\/users\/3"}],"replies":[{"embeddable":true,"href":"https:\/\/mediaviestinta.fi\/mevi2020\/wp-json\/wp\/v2\/comments?post=4813"}],"version-history":[{"count":5,"href":"https:\/\/mediaviestinta.fi\/mevi2020\/wp-json\/wp\/v2\/posts\/4813\/revisions"}],"predecessor-version":[{"id":4822,"href":"https:\/\/mediaviestinta.fi\/mevi2020\/wp-json\/wp\/v2\/posts\/4813\/revisions\/4822"}],"wp:featuredmedia":[{"embeddable":true,"href":"https:\/\/mediaviestinta.fi\/mevi2020\/wp-json\/wp\/v2\/media\/4818"}],"wp:attachment":[{"href":"https:\/\/mediaviestinta.fi\/mevi2020\/wp-json\/wp\/v2\/media?parent=4813"}],"wp:term":[{"taxonomy":"category","embeddable":true,"href":"https:\/\/mediaviestinta.fi\/mevi2020\/wp-json\/wp\/v2\/categories?post=4813"},{"taxonomy":"post_tag","embeddable":true,"href":"https:\/\/mediaviestinta.fi\/mevi2020\/wp-json\/wp\/v2\/tags?post=4813"}],"curies":[{"name":"wp","href":"https:\/\/api.w.org\/{rel}","templated":true}]}}