{"id":4832,"date":"2023-02-13T08:53:11","date_gmt":"2023-02-13T06:53:11","guid":{"rendered":"https:\/\/mediaviestinta.fi\/?p=4832"},"modified":"2023-02-13T08:56:33","modified_gmt":"2023-02-13T06:56:33","slug":"pelkoa-ja-rakkautta-lehmus-salissa-mediakritiikin-iltapaiva-toi-taas-ihmiset-yhteen","status":"publish","type":"post","link":"https:\/\/mediaviestinta.fi\/mevi2020\/2023\/02\/pelkoa-ja-rakkautta-lehmus-salissa-mediakritiikin-iltapaiva-toi-taas-ihmiset-yhteen\/","title":{"rendered":"Pelkoa ja rakkautta \u2013 Mediakritiikin iltap\u00e4iv\u00e4 toi taas ihmiset yhteen"},"content":{"rendered":"\n<p><strong>Kriisit ja katastrofit eiv\u00e4t ole toimittajien syyt\u00e4, mutta onko journalismilla kuitenkin valtaa ja vastuuta siin\u00e4, kuinka ahdistavaksi maailma koetaan? Miksi samat faktat ja sama juttu voidaan kehyst\u00e4\u00e4 verkossa huolen kautta, kun painetussa lehdess\u00e4 s\u00e4vy on valoisampi? Voisiko media vahvistaa luottamusta ihmisten hyviin pyrkimyksiin \u2013 jopa rakkauteen? Muun muassa t\u00e4llaisia kysymyksi\u00e4 pohdittiin vire\u00e4ss\u00e4 Mediakritiikin iltap\u00e4iv\u00e4 -keskustelutilaisuudessa Tampereen kirjastotalo Metsossa tiistaina 7.2.2023.<\/strong><\/p>\n\n\n\n<figure class=\"wp-block-image size-large\"><img fetchpriority=\"high\" decoding=\"async\" width=\"1024\" height=\"721\" src=\"https:\/\/mediaviestinta.fi\/mevi2020\/wp-content\/uploads\/2023\/02\/J-kritiikin-iltapaiva-1024x721.jpg\" alt=\"\nKriittiset ja pelottomat keskustelijat vasemmalta: Jouni Perttula, Mikko Hautakangas, Anu Leena Hankaniemi, Milla Madetoja, Pauliina Penttil\u00e4, Esa Reunanen.\" class=\"wp-image-4833\" srcset=\"https:\/\/mediaviestinta.fi\/mevi2020\/wp-content\/uploads\/2023\/02\/J-kritiikin-iltapaiva-1024x721.jpg 1024w, https:\/\/mediaviestinta.fi\/mevi2020\/wp-content\/uploads\/2023\/02\/J-kritiikin-iltapaiva-300x211.jpg 300w, https:\/\/mediaviestinta.fi\/mevi2020\/wp-content\/uploads\/2023\/02\/J-kritiikin-iltapaiva-768x541.jpg 768w, https:\/\/mediaviestinta.fi\/mevi2020\/wp-content\/uploads\/2023\/02\/J-kritiikin-iltapaiva-1536x1082.jpg 1536w, https:\/\/mediaviestinta.fi\/mevi2020\/wp-content\/uploads\/2023\/02\/J-kritiikin-iltapaiva-2048x1442.jpg 2048w, https:\/\/mediaviestinta.fi\/mevi2020\/wp-content\/uploads\/2023\/02\/J-kritiikin-iltapaiva-540x380.jpg 540w, https:\/\/mediaviestinta.fi\/mevi2020\/wp-content\/uploads\/2023\/02\/J-kritiikin-iltapaiva-1080x761.jpg 1080w, https:\/\/mediaviestinta.fi\/mevi2020\/wp-content\/uploads\/2023\/02\/J-kritiikin-iltapaiva-1980x1394.jpg 1980w\" sizes=\"(max-width: 1024px) 100vw, 1024px\" \/><figcaption class=\"wp-element-caption\">Kriittiset ja pelottomat keskustelijat vasemmalta: Jouni Perttula, Mikko Hautakangas, Anu Leena Hankaniemi, Milla Madetoja, Pauliina Penttil\u00e4, Esa Reunanen.<\/figcaption><\/figure>\n\n\n\n<p>Kun <a href=\"https:\/\/research.tuni.fi\/comet\/mediakritiikin-iltapaiva\/\" target=\"_blank\" rel=\"noreferrer noopener\">Mediakritiikin iltap\u00e4iv\u00e4n<\/a> konseptia ideoitiin tutkimuskeskus Cometin ja MEVI ry:n v\u00e4en kesken kuutisen vuotta sitten, tavoitteena oli tarjota tila tutkijoiden, toimittajien ja tavallisten mediak\u00e4ytt\u00e4jien yhteiselle keskustelulle ajankohtaisista mediakulttuuriin liittyvist\u00e4 aiheista ja niiden tutkimuksesta. Kahtena edellisen\u00e4 vuonna tuota tilaa on jouduttu etsim\u00e4\u00e4n netist\u00e4 koronarajoitusten vuoksi, mutta nyt p\u00e4\u00e4stiin palaamaan vanhaan normaaliin eli Metso-kirjaston Lehmus-saliin. Noin 40-p\u00e4inen yleis\u00f6 todisti aktiivisuudellaan, ett\u00e4 t\u00e4llaiselle matalan kynnyksen kohtaamiselle ja vuoropuhelulle on tilausta.<\/p>\n\n\n\n<p>Teemaksi valittiin t\u00e4n\u00e4 vuonna \u201dMedia ja pelko\u201d. Keskustelua viriteltiin doomscrollailusta eli huolihakuilusta, uutisv\u00e4lttelyst\u00e4, toimitusten uutiskriteereist\u00e4 ja otsikoiden vallasta, sek\u00e4 ylip\u00e4\u00e4t\u00e4\u00e4n median vastuusta siin\u00e4, kuinka todenmukainen kuva turvallisuuteen ja turvattomuuteen liittyvist\u00e4 asioista mediasta v\u00e4littyy. Asiantuntevina panelisteina olivat Yle Tampereen toimittaja <strong>Anu Leena Hankaniemi<\/strong>, aiemmin itsekin toimittajana ty\u00f6skennellyt tutkija <strong>Pauliina Penttil\u00e4<\/strong>, Tampereen kaupungin riskienhallinta- ja turvallisuusjohtaja <strong>Jouni Perttula<\/strong> sek\u00e4 yliopistotutkija <strong>Esa Reunanen<\/strong>.<\/p>\n\n\n\n<p>Puolitoistatuntisessa keskustelussa ehdittiin jakaa monenlaisia kokemuksia ja tiivist\u00e4\u00e4 monenlaista tutkittua tietoa. Yleis\u00f6kommenttien ja kysymysten my\u00f6t\u00e4 palattiin my\u00f6s aiemmiltakin vuosilta tuttuihin isoihin teemoihin journalismin yleisest\u00e4 luotettavuudesta ja totuudellisuudesta, valtavirrasta poikkeavien n\u00e4kemysten kuuntelemisesta tai v\u00e4h\u00e4ttelyst\u00e4 sek\u00e4 ideologisista painotuksista esimerkiksi maailmanpolitiikkaa kuvattaessa.<\/p>\n\n\n\n<p>Useampikin yleis\u00f6kommentti kyseli my\u00f6s, voisiko journalismi tuoda paremmin esiin my\u00f6s ihmisyyden toivoa luovia puolia, kuten sit\u00e4, ett\u00e4 ihmiset yleisesti ottaen pyrkiv\u00e4t el\u00e4m\u00e4ss\u00e4\u00e4n hyv\u00e4\u00e4n. Negatiivisten painotusten vaikutuksista mielenterveydelle oltiin huolissaan &#8211; journalismilta kaivattiin enemm\u00e4n rakkaudellisuutta! Se kuulostaa hyv\u00e4lt\u00e4 vastal\u00e4\u00e4kkeelt\u00e4 huolikeskeisyydelle, joskin Anu Leena Hankaniemi kertoi, ett\u00e4 my\u00f6s hyvien uutisten kertominen saattaa her\u00e4tt\u00e4\u00e4 vihapostin ja puolueellisuussyyt\u00f6sten vy\u00f6ryn. Toivon lietsomisen puolella oli my\u00f6s Jouni Perttula, joka kertoi turvallisuusviranomaistenkin pohtivan, miten positiivista turvallisuusviestint\u00e4\u00e4 voitaisiin kehitt\u00e4\u00e4 ja lis\u00e4t\u00e4 my\u00f6s julkisuudessa. Syyt\u00e4 positiivisuuteenkin nimitt\u00e4in on, sill\u00e4 vaikka otsikoissa n\u00e4kyv\u00e4t katuv\u00e4kivallan kaltaiset ilmi\u00f6t, tilastot kertovat turvallisuustilanteen olevan esimerkiksi Tampereella eritt\u00e4in hyv\u00e4ll\u00e4 tolalla. Esa Reunanen ja Pauliina Penttil\u00e4 kannustivatkin maltillisuuteen uutismedioiden kulutuksessa: kun uutisia on jatkuvasti tarjolla, on toisinaan paikallaankin hieman v\u00e4ltell\u00e4 niit\u00e4. L\u00e4\u00e4kkeeksi doomscrollailuun tarjottiin siis vanhaa kunnon \u201dsanomalehti aamulla ja TV-uutiset illalla\u201d -dieetti\u00e4!<\/p>\n\n\n\n<p>Keskustelun fasilitaattoreina toimivat yliopisto-opettajat <strong>Milla Madetoja<\/strong> ja <strong>Mikko Hautakangas<\/strong>. Siin\u00e4 miss\u00e4 Mikko on osallistunut Mediakritiikin iltap\u00e4iv\u00e4n j\u00e4rjestelyihin kaikilla kuudella kerralla, Millalle ilta oli ensimm\u00e4inen. Suorien l\u00e4hetysten konkari oli erityisen ilahtunut aktiivisesta ja toisia kunnioittavasta keskustelun hengest\u00e4. \u201dMeid\u00e4n olisi syyt\u00e4 kohdata toisiamme entist\u00e4 enemm\u00e4n. Tulla kuulluiksi ja n\u00e4hdyiksi. Vain siten voimme ymm\u00e4rt\u00e4\u00e4 toisiamme,\u201d Madetoja muistuttaa. H\u00e4n haluaa nostaa esiin my\u00f6s tilaisuuden kiireett\u00f6m\u00e4n hengen ja sen, ett\u00e4 panelisteilla oli aikaa perustella ja taustoittaa monimutkaisiakin kokonaisuuksia.<br><br>Mikko Hautakangas<\/p>\n","protected":false},"excerpt":{"rendered":"<p>Kriisit ja katastrofit eiv\u00e4t ole toimittajien syyt\u00e4, mutta onko journalismilla kuitenkin valtaa ja vastuuta siin\u00e4, kuinka ahdistavaksi maailma koetaan? Miksi samat faktat ja sama juttu voidaan kehyst\u00e4\u00e4 verkossa&hellip;<\/p>\n","protected":false},"author":3,"featured_media":0,"comment_status":"open","ping_status":"closed","sticky":false,"template":"","format":"standard","meta":{"_monsterinsights_skip_tracking":false,"_monsterinsights_sitenote_active":false,"_monsterinsights_sitenote_note":"","_monsterinsights_sitenote_category":0,"footnotes":""},"categories":[1],"tags":[],"class_list":["post-4832","post","type-post","status-publish","format-standard","has-post-thumbnail","hentry","category-yleinen"],"yoast_head":"<!-- This site is optimized with the Yoast SEO plugin v27.5 - https:\/\/yoast.com\/product\/yoast-seo-wordpress\/ -->\n<title>Pelkoa ja rakkautta \u2013 Mediakritiikin iltap\u00e4iv\u00e4 toi taas ihmiset yhteen &#8211; Mevi<\/title>\n<meta name=\"robots\" content=\"index, follow, max-snippet:-1, max-image-preview:large, max-video-preview:-1\" \/>\n<link rel=\"canonical\" href=\"https:\/\/mediaviestinta.fi\/mevi2020\/2023\/02\/pelkoa-ja-rakkautta-lehmus-salissa-mediakritiikin-iltapaiva-toi-taas-ihmiset-yhteen\/\" \/>\n<meta property=\"og:locale\" content=\"fi_FI\" \/>\n<meta property=\"og:type\" content=\"article\" \/>\n<meta property=\"og:title\" content=\"Pelkoa ja rakkautta \u2013 Mediakritiikin iltap\u00e4iv\u00e4 toi taas ihmiset yhteen &#8211; Mevi\" \/>\n<meta property=\"og:description\" content=\"Kriisit ja katastrofit eiv\u00e4t ole toimittajien syyt\u00e4, mutta onko journalismilla kuitenkin valtaa ja vastuuta siin\u00e4, kuinka ahdistavaksi maailma koetaan? Miksi samat faktat ja sama juttu voidaan kehyst\u00e4\u00e4 verkossa&hellip;\" \/>\n<meta property=\"og:url\" content=\"https:\/\/mediaviestinta.fi\/mevi2020\/2023\/02\/pelkoa-ja-rakkautta-lehmus-salissa-mediakritiikin-iltapaiva-toi-taas-ihmiset-yhteen\/\" \/>\n<meta property=\"og:site_name\" content=\"Mevi\" \/>\n<meta property=\"article:publisher\" content=\"https:\/\/www.facebook.com\/MediaViestinta\/\" \/>\n<meta property=\"article:published_time\" content=\"2023-02-13T06:53:11+00:00\" \/>\n<meta property=\"article:modified_time\" content=\"2023-02-13T06:56:33+00:00\" \/>\n<meta property=\"og:image\" content=\"https:\/\/mediaviestinta.fi\/mevi2020\/wp-content\/uploads\/2023\/02\/J-kritiikin-iltapaiva-1024x721.jpg\" \/>\n<meta name=\"author\" content=\"Mevi\" \/>\n<meta name=\"twitter:card\" content=\"summary_large_image\" \/>\n<meta name=\"twitter:creator\" content=\"@mediaviestinta\" \/>\n<meta name=\"twitter:site\" content=\"@mediaviestinta\" \/>\n<meta name=\"twitter:label1\" content=\"Kirjoittanut\" \/>\n\t<meta name=\"twitter:data1\" content=\"Mevi\" \/>\n\t<meta name=\"twitter:label2\" content=\"Arvioitu lukuaika\" \/>\n\t<meta name=\"twitter:data2\" content=\"3 minuuttia\" \/>\n<script type=\"application\/ld+json\" class=\"yoast-schema-graph\">{\"@context\":\"https:\\\/\\\/schema.org\",\"@graph\":[{\"@type\":\"Article\",\"@id\":\"https:\\\/\\\/mediaviestinta.fi\\\/mevi2020\\\/2023\\\/02\\\/pelkoa-ja-rakkautta-lehmus-salissa-mediakritiikin-iltapaiva-toi-taas-ihmiset-yhteen\\\/#article\",\"isPartOf\":{\"@id\":\"https:\\\/\\\/mediaviestinta.fi\\\/mevi2020\\\/2023\\\/02\\\/pelkoa-ja-rakkautta-lehmus-salissa-mediakritiikin-iltapaiva-toi-taas-ihmiset-yhteen\\\/\"},\"author\":{\"name\":\"Mevi\",\"@id\":\"https:\\\/\\\/mediaviestinta.fi\\\/#\\\/schema\\\/person\\\/b2da34ab24cfcd17dbdd6c7cfb173257\"},\"headline\":\"Pelkoa ja rakkautta \u2013 Mediakritiikin iltap\u00e4iv\u00e4 toi taas ihmiset yhteen\",\"datePublished\":\"2023-02-13T06:53:11+00:00\",\"dateModified\":\"2023-02-13T06:56:33+00:00\",\"mainEntityOfPage\":{\"@id\":\"https:\\\/\\\/mediaviestinta.fi\\\/mevi2020\\\/2023\\\/02\\\/pelkoa-ja-rakkautta-lehmus-salissa-mediakritiikin-iltapaiva-toi-taas-ihmiset-yhteen\\\/\"},\"wordCount\":521,\"commentCount\":0,\"publisher\":{\"@id\":\"https:\\\/\\\/mediaviestinta.fi\\\/#organization\"},\"image\":{\"@id\":\"https:\\\/\\\/mediaviestinta.fi\\\/mevi2020\\\/2023\\\/02\\\/pelkoa-ja-rakkautta-lehmus-salissa-mediakritiikin-iltapaiva-toi-taas-ihmiset-yhteen\\\/#primaryimage\"},\"thumbnailUrl\":\"https:\\\/\\\/mediaviestinta.fi\\\/mevi2020\\\/wp-content\\\/uploads\\\/2023\\\/02\\\/J-kritiikin-iltapaiva-1024x721.jpg\",\"inLanguage\":\"fi\",\"potentialAction\":[{\"@type\":\"CommentAction\",\"name\":\"Comment\",\"target\":[\"https:\\\/\\\/mediaviestinta.fi\\\/mevi2020\\\/2023\\\/02\\\/pelkoa-ja-rakkautta-lehmus-salissa-mediakritiikin-iltapaiva-toi-taas-ihmiset-yhteen\\\/#respond\"]}]},{\"@type\":\"WebPage\",\"@id\":\"https:\\\/\\\/mediaviestinta.fi\\\/mevi2020\\\/2023\\\/02\\\/pelkoa-ja-rakkautta-lehmus-salissa-mediakritiikin-iltapaiva-toi-taas-ihmiset-yhteen\\\/\",\"url\":\"https:\\\/\\\/mediaviestinta.fi\\\/mevi2020\\\/2023\\\/02\\\/pelkoa-ja-rakkautta-lehmus-salissa-mediakritiikin-iltapaiva-toi-taas-ihmiset-yhteen\\\/\",\"name\":\"Pelkoa ja rakkautta \u2013 Mediakritiikin iltap\u00e4iv\u00e4 toi taas ihmiset yhteen &#8211; Mevi\",\"isPartOf\":{\"@id\":\"https:\\\/\\\/mediaviestinta.fi\\\/#website\"},\"primaryImageOfPage\":{\"@id\":\"https:\\\/\\\/mediaviestinta.fi\\\/mevi2020\\\/2023\\\/02\\\/pelkoa-ja-rakkautta-lehmus-salissa-mediakritiikin-iltapaiva-toi-taas-ihmiset-yhteen\\\/#primaryimage\"},\"image\":{\"@id\":\"https:\\\/\\\/mediaviestinta.fi\\\/mevi2020\\\/2023\\\/02\\\/pelkoa-ja-rakkautta-lehmus-salissa-mediakritiikin-iltapaiva-toi-taas-ihmiset-yhteen\\\/#primaryimage\"},\"thumbnailUrl\":\"https:\\\/\\\/mediaviestinta.fi\\\/mevi2020\\\/wp-content\\\/uploads\\\/2023\\\/02\\\/J-kritiikin-iltapaiva-1024x721.jpg\",\"datePublished\":\"2023-02-13T06:53:11+00:00\",\"dateModified\":\"2023-02-13T06:56:33+00:00\",\"breadcrumb\":{\"@id\":\"https:\\\/\\\/mediaviestinta.fi\\\/mevi2020\\\/2023\\\/02\\\/pelkoa-ja-rakkautta-lehmus-salissa-mediakritiikin-iltapaiva-toi-taas-ihmiset-yhteen\\\/#breadcrumb\"},\"inLanguage\":\"fi\",\"potentialAction\":[{\"@type\":\"ReadAction\",\"target\":[\"https:\\\/\\\/mediaviestinta.fi\\\/mevi2020\\\/2023\\\/02\\\/pelkoa-ja-rakkautta-lehmus-salissa-mediakritiikin-iltapaiva-toi-taas-ihmiset-yhteen\\\/\"]}]},{\"@type\":\"ImageObject\",\"inLanguage\":\"fi\",\"@id\":\"https:\\\/\\\/mediaviestinta.fi\\\/mevi2020\\\/2023\\\/02\\\/pelkoa-ja-rakkautta-lehmus-salissa-mediakritiikin-iltapaiva-toi-taas-ihmiset-yhteen\\\/#primaryimage\",\"url\":\"https:\\\/\\\/mediaviestinta.fi\\\/mevi2020\\\/wp-content\\\/uploads\\\/2023\\\/02\\\/J-kritiikin-iltapaiva-1024x721.jpg\",\"contentUrl\":\"https:\\\/\\\/mediaviestinta.fi\\\/mevi2020\\\/wp-content\\\/uploads\\\/2023\\\/02\\\/J-kritiikin-iltapaiva-1024x721.jpg\"},{\"@type\":\"BreadcrumbList\",\"@id\":\"https:\\\/\\\/mediaviestinta.fi\\\/mevi2020\\\/2023\\\/02\\\/pelkoa-ja-rakkautta-lehmus-salissa-mediakritiikin-iltapaiva-toi-taas-ihmiset-yhteen\\\/#breadcrumb\",\"itemListElement\":[{\"@type\":\"ListItem\",\"position\":1,\"name\":\"Home\",\"item\":\"https:\\\/\\\/mediaviestinta.fi\\\/\"},{\"@type\":\"ListItem\",\"position\":2,\"name\":\"Pelkoa ja rakkautta \u2013 Mediakritiikin iltap\u00e4iv\u00e4 toi taas ihmiset yhteen\"}]},{\"@type\":\"WebSite\",\"@id\":\"https:\\\/\\\/mediaviestinta.fi\\\/#website\",\"url\":\"https:\\\/\\\/mediaviestinta.fi\\\/\",\"name\":\"Mevi\",\"description\":\"Media- ja viestint\u00e4tieteellinen seura Mevi\",\"publisher\":{\"@id\":\"https:\\\/\\\/mediaviestinta.fi\\\/#organization\"},\"potentialAction\":[{\"@type\":\"SearchAction\",\"target\":{\"@type\":\"EntryPoint\",\"urlTemplate\":\"https:\\\/\\\/mediaviestinta.fi\\\/?s={search_term_string}\"},\"query-input\":{\"@type\":\"PropertyValueSpecification\",\"valueRequired\":true,\"valueName\":\"search_term_string\"}}],\"inLanguage\":\"fi\"},{\"@type\":\"Organization\",\"@id\":\"https:\\\/\\\/mediaviestinta.fi\\\/#organization\",\"name\":\"Media- ja viestint\u00e4tieteellinen seura Mevi\",\"url\":\"https:\\\/\\\/mediaviestinta.fi\\\/\",\"logo\":{\"@type\":\"ImageObject\",\"inLanguage\":\"fi\",\"@id\":\"https:\\\/\\\/mediaviestinta.fi\\\/#\\\/schema\\\/logo\\\/image\\\/\",\"url\":\"https:\\\/\\\/mediaviestinta.fi\\\/mevi2020\\\/wp-content\\\/uploads\\\/2020\\\/03\\\/mevi-logo-RGB-Transparent.png\",\"contentUrl\":\"https:\\\/\\\/mediaviestinta.fi\\\/mevi2020\\\/wp-content\\\/uploads\\\/2020\\\/03\\\/mevi-logo-RGB-Transparent.png\",\"width\":910,\"height\":464,\"caption\":\"Media- ja viestint\u00e4tieteellinen seura Mevi\"},\"image\":{\"@id\":\"https:\\\/\\\/mediaviestinta.fi\\\/#\\\/schema\\\/logo\\\/image\\\/\"},\"sameAs\":[\"https:\\\/\\\/www.facebook.com\\\/MediaViestinta\\\/\",\"https:\\\/\\\/x.com\\\/mediaviestinta\"]},{\"@type\":\"Person\",\"@id\":\"https:\\\/\\\/mediaviestinta.fi\\\/#\\\/schema\\\/person\\\/b2da34ab24cfcd17dbdd6c7cfb173257\",\"name\":\"Mevi\",\"image\":{\"@type\":\"ImageObject\",\"inLanguage\":\"fi\",\"@id\":\"https:\\\/\\\/secure.gravatar.com\\\/avatar\\\/3305b76d1667dc119a18808ed03d6a1fc2dfa8b6a1cddecb8c4d27ef14ec32ca?s=96&d=mm&r=g\",\"url\":\"https:\\\/\\\/secure.gravatar.com\\\/avatar\\\/3305b76d1667dc119a18808ed03d6a1fc2dfa8b6a1cddecb8c4d27ef14ec32ca?s=96&d=mm&r=g\",\"contentUrl\":\"https:\\\/\\\/secure.gravatar.com\\\/avatar\\\/3305b76d1667dc119a18808ed03d6a1fc2dfa8b6a1cddecb8c4d27ef14ec32ca?s=96&d=mm&r=g\",\"caption\":\"Mevi\"},\"url\":\"https:\\\/\\\/mediaviestinta.fi\\\/mevi2020\\\/author\\\/mediavie\\\/\"}]}<\/script>\n<!-- \/ Yoast SEO plugin. -->","yoast_head_json":{"title":"Pelkoa ja rakkautta \u2013 Mediakritiikin iltap\u00e4iv\u00e4 toi taas ihmiset yhteen &#8211; Mevi","robots":{"index":"index","follow":"follow","max-snippet":"max-snippet:-1","max-image-preview":"max-image-preview:large","max-video-preview":"max-video-preview:-1"},"canonical":"https:\/\/mediaviestinta.fi\/mevi2020\/2023\/02\/pelkoa-ja-rakkautta-lehmus-salissa-mediakritiikin-iltapaiva-toi-taas-ihmiset-yhteen\/","og_locale":"fi_FI","og_type":"article","og_title":"Pelkoa ja rakkautta \u2013 Mediakritiikin iltap\u00e4iv\u00e4 toi taas ihmiset yhteen &#8211; Mevi","og_description":"Kriisit ja katastrofit eiv\u00e4t ole toimittajien syyt\u00e4, mutta onko journalismilla kuitenkin valtaa ja vastuuta siin\u00e4, kuinka ahdistavaksi maailma koetaan? Miksi samat faktat ja sama juttu voidaan kehyst\u00e4\u00e4 verkossa&hellip;","og_url":"https:\/\/mediaviestinta.fi\/mevi2020\/2023\/02\/pelkoa-ja-rakkautta-lehmus-salissa-mediakritiikin-iltapaiva-toi-taas-ihmiset-yhteen\/","og_site_name":"Mevi","article_publisher":"https:\/\/www.facebook.com\/MediaViestinta\/","article_published_time":"2023-02-13T06:53:11+00:00","article_modified_time":"2023-02-13T06:56:33+00:00","og_image":[{"url":"https:\/\/mediaviestinta.fi\/mevi2020\/wp-content\/uploads\/2023\/02\/J-kritiikin-iltapaiva-1024x721.jpg","type":"","width":"","height":""}],"author":"Mevi","twitter_card":"summary_large_image","twitter_creator":"@mediaviestinta","twitter_site":"@mediaviestinta","twitter_misc":{"Kirjoittanut":"Mevi","Arvioitu lukuaika":"3 minuuttia"},"schema":{"@context":"https:\/\/schema.org","@graph":[{"@type":"Article","@id":"https:\/\/mediaviestinta.fi\/mevi2020\/2023\/02\/pelkoa-ja-rakkautta-lehmus-salissa-mediakritiikin-iltapaiva-toi-taas-ihmiset-yhteen\/#article","isPartOf":{"@id":"https:\/\/mediaviestinta.fi\/mevi2020\/2023\/02\/pelkoa-ja-rakkautta-lehmus-salissa-mediakritiikin-iltapaiva-toi-taas-ihmiset-yhteen\/"},"author":{"name":"Mevi","@id":"https:\/\/mediaviestinta.fi\/#\/schema\/person\/b2da34ab24cfcd17dbdd6c7cfb173257"},"headline":"Pelkoa ja rakkautta \u2013 Mediakritiikin iltap\u00e4iv\u00e4 toi taas ihmiset yhteen","datePublished":"2023-02-13T06:53:11+00:00","dateModified":"2023-02-13T06:56:33+00:00","mainEntityOfPage":{"@id":"https:\/\/mediaviestinta.fi\/mevi2020\/2023\/02\/pelkoa-ja-rakkautta-lehmus-salissa-mediakritiikin-iltapaiva-toi-taas-ihmiset-yhteen\/"},"wordCount":521,"commentCount":0,"publisher":{"@id":"https:\/\/mediaviestinta.fi\/#organization"},"image":{"@id":"https:\/\/mediaviestinta.fi\/mevi2020\/2023\/02\/pelkoa-ja-rakkautta-lehmus-salissa-mediakritiikin-iltapaiva-toi-taas-ihmiset-yhteen\/#primaryimage"},"thumbnailUrl":"https:\/\/mediaviestinta.fi\/mevi2020\/wp-content\/uploads\/2023\/02\/J-kritiikin-iltapaiva-1024x721.jpg","inLanguage":"fi","potentialAction":[{"@type":"CommentAction","name":"Comment","target":["https:\/\/mediaviestinta.fi\/mevi2020\/2023\/02\/pelkoa-ja-rakkautta-lehmus-salissa-mediakritiikin-iltapaiva-toi-taas-ihmiset-yhteen\/#respond"]}]},{"@type":"WebPage","@id":"https:\/\/mediaviestinta.fi\/mevi2020\/2023\/02\/pelkoa-ja-rakkautta-lehmus-salissa-mediakritiikin-iltapaiva-toi-taas-ihmiset-yhteen\/","url":"https:\/\/mediaviestinta.fi\/mevi2020\/2023\/02\/pelkoa-ja-rakkautta-lehmus-salissa-mediakritiikin-iltapaiva-toi-taas-ihmiset-yhteen\/","name":"Pelkoa ja rakkautta \u2013 Mediakritiikin iltap\u00e4iv\u00e4 toi taas ihmiset yhteen &#8211; Mevi","isPartOf":{"@id":"https:\/\/mediaviestinta.fi\/#website"},"primaryImageOfPage":{"@id":"https:\/\/mediaviestinta.fi\/mevi2020\/2023\/02\/pelkoa-ja-rakkautta-lehmus-salissa-mediakritiikin-iltapaiva-toi-taas-ihmiset-yhteen\/#primaryimage"},"image":{"@id":"https:\/\/mediaviestinta.fi\/mevi2020\/2023\/02\/pelkoa-ja-rakkautta-lehmus-salissa-mediakritiikin-iltapaiva-toi-taas-ihmiset-yhteen\/#primaryimage"},"thumbnailUrl":"https:\/\/mediaviestinta.fi\/mevi2020\/wp-content\/uploads\/2023\/02\/J-kritiikin-iltapaiva-1024x721.jpg","datePublished":"2023-02-13T06:53:11+00:00","dateModified":"2023-02-13T06:56:33+00:00","breadcrumb":{"@id":"https:\/\/mediaviestinta.fi\/mevi2020\/2023\/02\/pelkoa-ja-rakkautta-lehmus-salissa-mediakritiikin-iltapaiva-toi-taas-ihmiset-yhteen\/#breadcrumb"},"inLanguage":"fi","potentialAction":[{"@type":"ReadAction","target":["https:\/\/mediaviestinta.fi\/mevi2020\/2023\/02\/pelkoa-ja-rakkautta-lehmus-salissa-mediakritiikin-iltapaiva-toi-taas-ihmiset-yhteen\/"]}]},{"@type":"ImageObject","inLanguage":"fi","@id":"https:\/\/mediaviestinta.fi\/mevi2020\/2023\/02\/pelkoa-ja-rakkautta-lehmus-salissa-mediakritiikin-iltapaiva-toi-taas-ihmiset-yhteen\/#primaryimage","url":"https:\/\/mediaviestinta.fi\/mevi2020\/wp-content\/uploads\/2023\/02\/J-kritiikin-iltapaiva-1024x721.jpg","contentUrl":"https:\/\/mediaviestinta.fi\/mevi2020\/wp-content\/uploads\/2023\/02\/J-kritiikin-iltapaiva-1024x721.jpg"},{"@type":"BreadcrumbList","@id":"https:\/\/mediaviestinta.fi\/mevi2020\/2023\/02\/pelkoa-ja-rakkautta-lehmus-salissa-mediakritiikin-iltapaiva-toi-taas-ihmiset-yhteen\/#breadcrumb","itemListElement":[{"@type":"ListItem","position":1,"name":"Home","item":"https:\/\/mediaviestinta.fi\/"},{"@type":"ListItem","position":2,"name":"Pelkoa ja rakkautta \u2013 Mediakritiikin iltap\u00e4iv\u00e4 toi taas ihmiset yhteen"}]},{"@type":"WebSite","@id":"https:\/\/mediaviestinta.fi\/#website","url":"https:\/\/mediaviestinta.fi\/","name":"Mevi","description":"Media- ja viestint\u00e4tieteellinen seura Mevi","publisher":{"@id":"https:\/\/mediaviestinta.fi\/#organization"},"potentialAction":[{"@type":"SearchAction","target":{"@type":"EntryPoint","urlTemplate":"https:\/\/mediaviestinta.fi\/?s={search_term_string}"},"query-input":{"@type":"PropertyValueSpecification","valueRequired":true,"valueName":"search_term_string"}}],"inLanguage":"fi"},{"@type":"Organization","@id":"https:\/\/mediaviestinta.fi\/#organization","name":"Media- ja viestint\u00e4tieteellinen seura Mevi","url":"https:\/\/mediaviestinta.fi\/","logo":{"@type":"ImageObject","inLanguage":"fi","@id":"https:\/\/mediaviestinta.fi\/#\/schema\/logo\/image\/","url":"https:\/\/mediaviestinta.fi\/mevi2020\/wp-content\/uploads\/2020\/03\/mevi-logo-RGB-Transparent.png","contentUrl":"https:\/\/mediaviestinta.fi\/mevi2020\/wp-content\/uploads\/2020\/03\/mevi-logo-RGB-Transparent.png","width":910,"height":464,"caption":"Media- ja viestint\u00e4tieteellinen seura Mevi"},"image":{"@id":"https:\/\/mediaviestinta.fi\/#\/schema\/logo\/image\/"},"sameAs":["https:\/\/www.facebook.com\/MediaViestinta\/","https:\/\/x.com\/mediaviestinta"]},{"@type":"Person","@id":"https:\/\/mediaviestinta.fi\/#\/schema\/person\/b2da34ab24cfcd17dbdd6c7cfb173257","name":"Mevi","image":{"@type":"ImageObject","inLanguage":"fi","@id":"https:\/\/secure.gravatar.com\/avatar\/3305b76d1667dc119a18808ed03d6a1fc2dfa8b6a1cddecb8c4d27ef14ec32ca?s=96&d=mm&r=g","url":"https:\/\/secure.gravatar.com\/avatar\/3305b76d1667dc119a18808ed03d6a1fc2dfa8b6a1cddecb8c4d27ef14ec32ca?s=96&d=mm&r=g","contentUrl":"https:\/\/secure.gravatar.com\/avatar\/3305b76d1667dc119a18808ed03d6a1fc2dfa8b6a1cddecb8c4d27ef14ec32ca?s=96&d=mm&r=g","caption":"Mevi"},"url":"https:\/\/mediaviestinta.fi\/mevi2020\/author\/mediavie\/"}]}},"_links":{"self":[{"href":"https:\/\/mediaviestinta.fi\/mevi2020\/wp-json\/wp\/v2\/posts\/4832","targetHints":{"allow":["GET"]}}],"collection":[{"href":"https:\/\/mediaviestinta.fi\/mevi2020\/wp-json\/wp\/v2\/posts"}],"about":[{"href":"https:\/\/mediaviestinta.fi\/mevi2020\/wp-json\/wp\/v2\/types\/post"}],"author":[{"embeddable":true,"href":"https:\/\/mediaviestinta.fi\/mevi2020\/wp-json\/wp\/v2\/users\/3"}],"replies":[{"embeddable":true,"href":"https:\/\/mediaviestinta.fi\/mevi2020\/wp-json\/wp\/v2\/comments?post=4832"}],"version-history":[{"count":2,"href":"https:\/\/mediaviestinta.fi\/mevi2020\/wp-json\/wp\/v2\/posts\/4832\/revisions"}],"predecessor-version":[{"id":4836,"href":"https:\/\/mediaviestinta.fi\/mevi2020\/wp-json\/wp\/v2\/posts\/4832\/revisions\/4836"}],"wp:attachment":[{"href":"https:\/\/mediaviestinta.fi\/mevi2020\/wp-json\/wp\/v2\/media?parent=4832"}],"wp:term":[{"taxonomy":"category","embeddable":true,"href":"https:\/\/mediaviestinta.fi\/mevi2020\/wp-json\/wp\/v2\/categories?post=4832"},{"taxonomy":"post_tag","embeddable":true,"href":"https:\/\/mediaviestinta.fi\/mevi2020\/wp-json\/wp\/v2\/tags?post=4832"}],"curies":[{"name":"wp","href":"https:\/\/api.w.org\/{rel}","templated":true}]}}