{"id":4838,"date":"2023-03-30T05:33:00","date_gmt":"2023-03-30T02:33:00","guid":{"rendered":"https:\/\/mediaviestinta.fi\/?p=4838"},"modified":"2023-03-30T05:34:54","modified_gmt":"2023-03-30T02:34:54","slug":"eettisys-digitaalisissa-asiakaspoluissa","status":"publish","type":"post","link":"https:\/\/mediaviestinta.fi\/mevi2020\/2023\/03\/eettisys-digitaalisissa-asiakaspoluissa\/","title":{"rendered":"Eettisyys digitaalisissa asiakaspoluissa"},"content":{"rendered":"\n<p><strong>Tutkimushankkeen \u201dEettisyys digitaalisissa asiakaspoluissa\u201d loppuseminaari j\u00e4rjestet\u00e4\u00e4n perjantaina 21.4. kello 12.30\u201314.30 Media-alan tutkimuss\u00e4\u00e4ti\u00f6n tiloissa Helsingiss\u00e4 ( Auditorio, EK:n rakennus, Etel\u00e4ranta 10).<\/strong><\/p>\n\n\n\n<p>Jyv\u00e4skyl\u00e4n yliopiston \u201dEettisyys digitaalisissa asiakaspoluissa\u201d -hankkeessa on selvitetty sit\u00e4, mit\u00e4 yleis\u00f6t ja median kuluttajat ajattelevat mediayhti\u00f6iden datankeruusta, omasta asiakkuudestaan ja asemastaan median digitaalisilla asiakaspoluilla, matkalla haluttuun mediasis\u00e4lt\u00f6\u00f6n. Lis\u00e4ksi on selvitetty media-alan ammattilaisten ajatuksia datan keruusta, k\u00e4yt\u00f6st\u00e4 ja sen eettisyydest\u00e4. T\u00e4m\u00e4n perusteella esit\u00e4mme ajatuksen eettisen datapolun prosessista.<\/p>\n\n\n\n<p>Keskeisen\u00e4 kysymyksen\u00e4 hankkeessa on ollut, mik\u00e4 saa tulevaisuudessa yksil\u00f6n tarttumaan kilpailevien mediasis\u00e4lt\u00f6jen puristuksessa tiettyyn mediayhti\u00f6\u00f6n ja sen tuottamiin sis\u00e4lt\u00f6ihin ja miksi h\u00e4n haluaisi t\u00e4ss\u00e4 prosessissa luovuttaa dataansa.<\/p>\n\n\n\n<p>Osallistujia pyydet\u00e4\u00e4n ilmoittautumaan kahvitarjoilun vuoksi, viimeist\u00e4\u00e4n ma 17.4. Ilmoitathan osallistumisestasi<\/p>\n\n\n\n<p><a href=\"https:\/\/link.webropolsurveys.com\/S\/D78EA29C8C712BBE\" target=\"_blank\" rel=\"noreferrer noopener\">https:\/\/link.webropolsurveys.com\/S\/D78EA29C8C712BBE<\/a><\/p>\n\n\n\n<p>Tapahtumaa voit seurata my\u00f6s et\u00e4n\u00e4 Zoomin v\u00e4lityksell\u00e4, linkki l\u00e4hetet\u00e4\u00e4n ilmoittautuneille.<\/p>\n\n\n\n<p><strong>Ohjelma:<\/strong><\/p>\n\n\n\n<p>12.30<\/p>\n\n\n\n<p>Kahvit ja tilaisuuden avaus: apulaisprofessori Karoliina Talvitie-Lamberg\/JYU<\/p>\n\n\n\n<p>12.40<\/p>\n\n\n\n<p>Tutkimushankkeen rahoittajan puheenvuoro: Media-alan tutkimuss\u00e4\u00e4ti\u00f6, Noora Alanne<\/p>\n\n\n\n<p>12.50<\/p>\n\n\n\n<p>Tutkimushankkeen esittely ja keskeiset tulokset<\/p>\n\n\n\n<p>Nuorten 19\u201325-vuotiaiden mediamaisema \u2013 Journalismin dataistuminen ja luottamuksen esteet (tutkijatohtori Veera Ehrl\u00e9n\/JYU)<\/p>\n\n\n\n<p>Mediatoimijoiden n\u00e4kemyksi\u00e4 eettisest\u00e4 datank\u00e4yt\u00f6st\u00e4 ja regulaatiosta mediataloissa (v\u00e4it\u00f6skirjatutkija Margareta Salonen\/JYU)<\/p>\n\n\n\n<p>Eettisyys ja luottamuksen muodostuminen digitaalisesssa asiakaskohtaamisessa \u2013 datan luovuttaminen ja yksityisyyden hinnoittelu (yliopistotutkija Juha Munnukka\/JYU)<\/p>\n\n\n\n<p>13.35<\/p>\n\n\n\n<p>Paneelikeskustelu: \u201dOnko datavetoisessa mediatalossa etiikkaa n\u00e4kynyt?\u201d<\/p>\n\n\n\n<p>Panelisteina: Inkeri Pasanen (varap\u00e4\u00e4toimittaja, Sanomalehti Keskisuomalainen ja Digiakatemia), Justus Reinikainen (liiketoiminnan kehitysp\u00e4\u00e4llikk\u00f6, Sanoma Media Finland), Eero Hyv\u00f6nen (Julkisen sanan neuvosto) ja Henrik Rydenfelt (dosentti, Helsingin yliopisto)<\/p>\n\n\n\n<p>14.15\u201314.30<\/p>\n\n\n\n<p>Loppukeskustelu ja yhteenveto<\/p>\n\n\n\n<p>Hanke on toteutettu Jyv\u00e4skyl\u00e4n yliopiston kieli- ja viestint\u00e4tieteiden laitoksella sek\u00e4 Jyv\u00e4skyl\u00e4n yliopiston kauppakorkeakoulussa. Yhteisty\u00f6tahoina hankkeessa ovat olleet Keskisuomalainen konserni ja Digiakatemia sek\u00e4 Helsingin Sanomat ja Karjalainen. Hanketta on rahoittanut Media-alan tutkimuss\u00e4\u00e4ti\u00f6.<\/p>\n\n\n\n<p>Hankkeen ty\u00f6ryhm\u00e4: Karoliina Talvitie-Lamberg, Mikko Villi, Turo Uskali, Juha Munnukka, Veera Ehrl\u00e9n, Margareta Salonen, Minna Koivula ja Waltteri Kinnunen.<\/p>\n","protected":false},"excerpt":{"rendered":"<p>Tutkimushankkeen \u201dEettisyys digitaalisissa asiakaspoluissa\u201d loppuseminaari j\u00e4rjestet\u00e4\u00e4n perjantaina 21.4. kello 12.30\u201314.30 Media-alan tutkimuss\u00e4\u00e4ti\u00f6n tiloissa Helsingiss\u00e4 ( Auditorio, EK:n rakennus, Etel\u00e4ranta 10). Jyv\u00e4skyl\u00e4n yliopiston \u201dEettisyys digitaalisissa asiakaspoluissa\u201d -hankkeessa on selvitetty&hellip;<\/p>\n","protected":false},"author":3,"featured_media":4839,"comment_status":"open","ping_status":"closed","sticky":false,"template":"","format":"standard","meta":{"_monsterinsights_skip_tracking":false,"_monsterinsights_sitenote_active":false,"_monsterinsights_sitenote_note":"","_monsterinsights_sitenote_category":0,"footnotes":""},"categories":[1],"tags":[],"class_list":["post-4838","post","type-post","status-publish","format-standard","has-post-thumbnail","hentry","category-yleinen"],"yoast_head":"<!-- This site is optimized with the Yoast SEO plugin v27.5 - https:\/\/yoast.com\/product\/yoast-seo-wordpress\/ -->\n<title>Eettisyys digitaalisissa asiakaspoluissa &#8211; Mevi<\/title>\n<meta name=\"robots\" content=\"index, follow, max-snippet:-1, max-image-preview:large, max-video-preview:-1\" \/>\n<link rel=\"canonical\" href=\"https:\/\/mediaviestinta.fi\/mevi2020\/2023\/03\/eettisys-digitaalisissa-asiakaspoluissa\/\" \/>\n<meta property=\"og:locale\" content=\"fi_FI\" \/>\n<meta property=\"og:type\" content=\"article\" \/>\n<meta property=\"og:title\" content=\"Eettisyys digitaalisissa asiakaspoluissa &#8211; Mevi\" \/>\n<meta property=\"og:description\" content=\"Tutkimushankkeen \u201dEettisyys digitaalisissa asiakaspoluissa\u201d loppuseminaari j\u00e4rjestet\u00e4\u00e4n perjantaina 21.4. kello 12.30\u201314.30 Media-alan tutkimuss\u00e4\u00e4ti\u00f6n tiloissa Helsingiss\u00e4 ( Auditorio, EK:n rakennus, Etel\u00e4ranta 10). Jyv\u00e4skyl\u00e4n yliopiston \u201dEettisyys digitaalisissa asiakaspoluissa\u201d -hankkeessa on selvitetty&hellip;\" \/>\n<meta property=\"og:url\" content=\"https:\/\/mediaviestinta.fi\/mevi2020\/2023\/03\/eettisys-digitaalisissa-asiakaspoluissa\/\" \/>\n<meta property=\"og:site_name\" content=\"Mevi\" \/>\n<meta property=\"article:publisher\" content=\"https:\/\/www.facebook.com\/MediaViestinta\/\" \/>\n<meta property=\"article:published_time\" content=\"2023-03-30T02:33:00+00:00\" \/>\n<meta property=\"article:modified_time\" content=\"2023-03-30T02:34:54+00:00\" \/>\n<meta property=\"og:image\" content=\"https:\/\/mediaviestinta.fi\/mevi2020\/wp-content\/uploads\/2023\/03\/mike-u-fW75WfpAfc-unsplash.jpg\" \/>\n\t<meta property=\"og:image:width\" content=\"2400\" \/>\n\t<meta property=\"og:image:height\" content=\"1350\" \/>\n\t<meta property=\"og:image:type\" content=\"image\/jpeg\" \/>\n<meta name=\"author\" content=\"Mevi\" \/>\n<meta name=\"twitter:card\" content=\"summary_large_image\" \/>\n<meta name=\"twitter:creator\" content=\"@mediaviestinta\" \/>\n<meta name=\"twitter:site\" content=\"@mediaviestinta\" \/>\n<meta name=\"twitter:label1\" content=\"Kirjoittanut\" \/>\n\t<meta name=\"twitter:data1\" content=\"Mevi\" \/>\n\t<meta name=\"twitter:label2\" content=\"Arvioitu lukuaika\" \/>\n\t<meta name=\"twitter:data2\" content=\"2 minuuttia\" \/>\n<script type=\"application\/ld+json\" class=\"yoast-schema-graph\">{\"@context\":\"https:\\\/\\\/schema.org\",\"@graph\":[{\"@type\":\"Article\",\"@id\":\"https:\\\/\\\/mediaviestinta.fi\\\/mevi2020\\\/2023\\\/03\\\/eettisys-digitaalisissa-asiakaspoluissa\\\/#article\",\"isPartOf\":{\"@id\":\"https:\\\/\\\/mediaviestinta.fi\\\/mevi2020\\\/2023\\\/03\\\/eettisys-digitaalisissa-asiakaspoluissa\\\/\"},\"author\":{\"name\":\"Mevi\",\"@id\":\"https:\\\/\\\/mediaviestinta.fi\\\/#\\\/schema\\\/person\\\/b2da34ab24cfcd17dbdd6c7cfb173257\"},\"headline\":\"Eettisyys digitaalisissa asiakaspoluissa\",\"datePublished\":\"2023-03-30T02:33:00+00:00\",\"dateModified\":\"2023-03-30T02:34:54+00:00\",\"mainEntityOfPage\":{\"@id\":\"https:\\\/\\\/mediaviestinta.fi\\\/mevi2020\\\/2023\\\/03\\\/eettisys-digitaalisissa-asiakaspoluissa\\\/\"},\"wordCount\":318,\"commentCount\":0,\"publisher\":{\"@id\":\"https:\\\/\\\/mediaviestinta.fi\\\/#organization\"},\"image\":{\"@id\":\"https:\\\/\\\/mediaviestinta.fi\\\/mevi2020\\\/2023\\\/03\\\/eettisys-digitaalisissa-asiakaspoluissa\\\/#primaryimage\"},\"thumbnailUrl\":\"https:\\\/\\\/mediaviestinta.fi\\\/mevi2020\\\/wp-content\\\/uploads\\\/2023\\\/03\\\/mike-u-fW75WfpAfc-unsplash.jpg\",\"inLanguage\":\"fi\",\"potentialAction\":[{\"@type\":\"CommentAction\",\"name\":\"Comment\",\"target\":[\"https:\\\/\\\/mediaviestinta.fi\\\/mevi2020\\\/2023\\\/03\\\/eettisys-digitaalisissa-asiakaspoluissa\\\/#respond\"]}]},{\"@type\":\"WebPage\",\"@id\":\"https:\\\/\\\/mediaviestinta.fi\\\/mevi2020\\\/2023\\\/03\\\/eettisys-digitaalisissa-asiakaspoluissa\\\/\",\"url\":\"https:\\\/\\\/mediaviestinta.fi\\\/mevi2020\\\/2023\\\/03\\\/eettisys-digitaalisissa-asiakaspoluissa\\\/\",\"name\":\"Eettisyys digitaalisissa asiakaspoluissa &#8211; Mevi\",\"isPartOf\":{\"@id\":\"https:\\\/\\\/mediaviestinta.fi\\\/#website\"},\"primaryImageOfPage\":{\"@id\":\"https:\\\/\\\/mediaviestinta.fi\\\/mevi2020\\\/2023\\\/03\\\/eettisys-digitaalisissa-asiakaspoluissa\\\/#primaryimage\"},\"image\":{\"@id\":\"https:\\\/\\\/mediaviestinta.fi\\\/mevi2020\\\/2023\\\/03\\\/eettisys-digitaalisissa-asiakaspoluissa\\\/#primaryimage\"},\"thumbnailUrl\":\"https:\\\/\\\/mediaviestinta.fi\\\/mevi2020\\\/wp-content\\\/uploads\\\/2023\\\/03\\\/mike-u-fW75WfpAfc-unsplash.jpg\",\"datePublished\":\"2023-03-30T02:33:00+00:00\",\"dateModified\":\"2023-03-30T02:34:54+00:00\",\"breadcrumb\":{\"@id\":\"https:\\\/\\\/mediaviestinta.fi\\\/mevi2020\\\/2023\\\/03\\\/eettisys-digitaalisissa-asiakaspoluissa\\\/#breadcrumb\"},\"inLanguage\":\"fi\",\"potentialAction\":[{\"@type\":\"ReadAction\",\"target\":[\"https:\\\/\\\/mediaviestinta.fi\\\/mevi2020\\\/2023\\\/03\\\/eettisys-digitaalisissa-asiakaspoluissa\\\/\"]}]},{\"@type\":\"ImageObject\",\"inLanguage\":\"fi\",\"@id\":\"https:\\\/\\\/mediaviestinta.fi\\\/mevi2020\\\/2023\\\/03\\\/eettisys-digitaalisissa-asiakaspoluissa\\\/#primaryimage\",\"url\":\"https:\\\/\\\/mediaviestinta.fi\\\/mevi2020\\\/wp-content\\\/uploads\\\/2023\\\/03\\\/mike-u-fW75WfpAfc-unsplash.jpg\",\"contentUrl\":\"https:\\\/\\\/mediaviestinta.fi\\\/mevi2020\\\/wp-content\\\/uploads\\\/2023\\\/03\\\/mike-u-fW75WfpAfc-unsplash.jpg\",\"width\":2400,\"height\":1350,\"caption\":\"Kuva: Mike U \\\/ Unsplash\"},{\"@type\":\"BreadcrumbList\",\"@id\":\"https:\\\/\\\/mediaviestinta.fi\\\/mevi2020\\\/2023\\\/03\\\/eettisys-digitaalisissa-asiakaspoluissa\\\/#breadcrumb\",\"itemListElement\":[{\"@type\":\"ListItem\",\"position\":1,\"name\":\"Home\",\"item\":\"https:\\\/\\\/mediaviestinta.fi\\\/\"},{\"@type\":\"ListItem\",\"position\":2,\"name\":\"Eettisyys digitaalisissa asiakaspoluissa\"}]},{\"@type\":\"WebSite\",\"@id\":\"https:\\\/\\\/mediaviestinta.fi\\\/#website\",\"url\":\"https:\\\/\\\/mediaviestinta.fi\\\/\",\"name\":\"Mevi\",\"description\":\"Media- ja viestint\u00e4tieteellinen seura Mevi\",\"publisher\":{\"@id\":\"https:\\\/\\\/mediaviestinta.fi\\\/#organization\"},\"potentialAction\":[{\"@type\":\"SearchAction\",\"target\":{\"@type\":\"EntryPoint\",\"urlTemplate\":\"https:\\\/\\\/mediaviestinta.fi\\\/?s={search_term_string}\"},\"query-input\":{\"@type\":\"PropertyValueSpecification\",\"valueRequired\":true,\"valueName\":\"search_term_string\"}}],\"inLanguage\":\"fi\"},{\"@type\":\"Organization\",\"@id\":\"https:\\\/\\\/mediaviestinta.fi\\\/#organization\",\"name\":\"Media- ja viestint\u00e4tieteellinen seura Mevi\",\"url\":\"https:\\\/\\\/mediaviestinta.fi\\\/\",\"logo\":{\"@type\":\"ImageObject\",\"inLanguage\":\"fi\",\"@id\":\"https:\\\/\\\/mediaviestinta.fi\\\/#\\\/schema\\\/logo\\\/image\\\/\",\"url\":\"https:\\\/\\\/mediaviestinta.fi\\\/mevi2020\\\/wp-content\\\/uploads\\\/2020\\\/03\\\/mevi-logo-RGB-Transparent.png\",\"contentUrl\":\"https:\\\/\\\/mediaviestinta.fi\\\/mevi2020\\\/wp-content\\\/uploads\\\/2020\\\/03\\\/mevi-logo-RGB-Transparent.png\",\"width\":910,\"height\":464,\"caption\":\"Media- ja viestint\u00e4tieteellinen seura Mevi\"},\"image\":{\"@id\":\"https:\\\/\\\/mediaviestinta.fi\\\/#\\\/schema\\\/logo\\\/image\\\/\"},\"sameAs\":[\"https:\\\/\\\/www.facebook.com\\\/MediaViestinta\\\/\",\"https:\\\/\\\/x.com\\\/mediaviestinta\"]},{\"@type\":\"Person\",\"@id\":\"https:\\\/\\\/mediaviestinta.fi\\\/#\\\/schema\\\/person\\\/b2da34ab24cfcd17dbdd6c7cfb173257\",\"name\":\"Mevi\",\"image\":{\"@type\":\"ImageObject\",\"inLanguage\":\"fi\",\"@id\":\"https:\\\/\\\/secure.gravatar.com\\\/avatar\\\/3305b76d1667dc119a18808ed03d6a1fc2dfa8b6a1cddecb8c4d27ef14ec32ca?s=96&d=mm&r=g\",\"url\":\"https:\\\/\\\/secure.gravatar.com\\\/avatar\\\/3305b76d1667dc119a18808ed03d6a1fc2dfa8b6a1cddecb8c4d27ef14ec32ca?s=96&d=mm&r=g\",\"contentUrl\":\"https:\\\/\\\/secure.gravatar.com\\\/avatar\\\/3305b76d1667dc119a18808ed03d6a1fc2dfa8b6a1cddecb8c4d27ef14ec32ca?s=96&d=mm&r=g\",\"caption\":\"Mevi\"},\"url\":\"https:\\\/\\\/mediaviestinta.fi\\\/mevi2020\\\/author\\\/mediavie\\\/\"}]}<\/script>\n<!-- \/ Yoast SEO plugin. -->","yoast_head_json":{"title":"Eettisyys digitaalisissa asiakaspoluissa &#8211; Mevi","robots":{"index":"index","follow":"follow","max-snippet":"max-snippet:-1","max-image-preview":"max-image-preview:large","max-video-preview":"max-video-preview:-1"},"canonical":"https:\/\/mediaviestinta.fi\/mevi2020\/2023\/03\/eettisys-digitaalisissa-asiakaspoluissa\/","og_locale":"fi_FI","og_type":"article","og_title":"Eettisyys digitaalisissa asiakaspoluissa &#8211; Mevi","og_description":"Tutkimushankkeen \u201dEettisyys digitaalisissa asiakaspoluissa\u201d loppuseminaari j\u00e4rjestet\u00e4\u00e4n perjantaina 21.4. kello 12.30\u201314.30 Media-alan tutkimuss\u00e4\u00e4ti\u00f6n tiloissa Helsingiss\u00e4 ( Auditorio, EK:n rakennus, Etel\u00e4ranta 10). Jyv\u00e4skyl\u00e4n yliopiston \u201dEettisyys digitaalisissa asiakaspoluissa\u201d -hankkeessa on selvitetty&hellip;","og_url":"https:\/\/mediaviestinta.fi\/mevi2020\/2023\/03\/eettisys-digitaalisissa-asiakaspoluissa\/","og_site_name":"Mevi","article_publisher":"https:\/\/www.facebook.com\/MediaViestinta\/","article_published_time":"2023-03-30T02:33:00+00:00","article_modified_time":"2023-03-30T02:34:54+00:00","og_image":[{"width":2400,"height":1350,"url":"https:\/\/mediaviestinta.fi\/mevi2020\/wp-content\/uploads\/2023\/03\/mike-u-fW75WfpAfc-unsplash.jpg","type":"image\/jpeg"}],"author":"Mevi","twitter_card":"summary_large_image","twitter_creator":"@mediaviestinta","twitter_site":"@mediaviestinta","twitter_misc":{"Kirjoittanut":"Mevi","Arvioitu lukuaika":"2 minuuttia"},"schema":{"@context":"https:\/\/schema.org","@graph":[{"@type":"Article","@id":"https:\/\/mediaviestinta.fi\/mevi2020\/2023\/03\/eettisys-digitaalisissa-asiakaspoluissa\/#article","isPartOf":{"@id":"https:\/\/mediaviestinta.fi\/mevi2020\/2023\/03\/eettisys-digitaalisissa-asiakaspoluissa\/"},"author":{"name":"Mevi","@id":"https:\/\/mediaviestinta.fi\/#\/schema\/person\/b2da34ab24cfcd17dbdd6c7cfb173257"},"headline":"Eettisyys digitaalisissa asiakaspoluissa","datePublished":"2023-03-30T02:33:00+00:00","dateModified":"2023-03-30T02:34:54+00:00","mainEntityOfPage":{"@id":"https:\/\/mediaviestinta.fi\/mevi2020\/2023\/03\/eettisys-digitaalisissa-asiakaspoluissa\/"},"wordCount":318,"commentCount":0,"publisher":{"@id":"https:\/\/mediaviestinta.fi\/#organization"},"image":{"@id":"https:\/\/mediaviestinta.fi\/mevi2020\/2023\/03\/eettisys-digitaalisissa-asiakaspoluissa\/#primaryimage"},"thumbnailUrl":"https:\/\/mediaviestinta.fi\/mevi2020\/wp-content\/uploads\/2023\/03\/mike-u-fW75WfpAfc-unsplash.jpg","inLanguage":"fi","potentialAction":[{"@type":"CommentAction","name":"Comment","target":["https:\/\/mediaviestinta.fi\/mevi2020\/2023\/03\/eettisys-digitaalisissa-asiakaspoluissa\/#respond"]}]},{"@type":"WebPage","@id":"https:\/\/mediaviestinta.fi\/mevi2020\/2023\/03\/eettisys-digitaalisissa-asiakaspoluissa\/","url":"https:\/\/mediaviestinta.fi\/mevi2020\/2023\/03\/eettisys-digitaalisissa-asiakaspoluissa\/","name":"Eettisyys digitaalisissa asiakaspoluissa &#8211; Mevi","isPartOf":{"@id":"https:\/\/mediaviestinta.fi\/#website"},"primaryImageOfPage":{"@id":"https:\/\/mediaviestinta.fi\/mevi2020\/2023\/03\/eettisys-digitaalisissa-asiakaspoluissa\/#primaryimage"},"image":{"@id":"https:\/\/mediaviestinta.fi\/mevi2020\/2023\/03\/eettisys-digitaalisissa-asiakaspoluissa\/#primaryimage"},"thumbnailUrl":"https:\/\/mediaviestinta.fi\/mevi2020\/wp-content\/uploads\/2023\/03\/mike-u-fW75WfpAfc-unsplash.jpg","datePublished":"2023-03-30T02:33:00+00:00","dateModified":"2023-03-30T02:34:54+00:00","breadcrumb":{"@id":"https:\/\/mediaviestinta.fi\/mevi2020\/2023\/03\/eettisys-digitaalisissa-asiakaspoluissa\/#breadcrumb"},"inLanguage":"fi","potentialAction":[{"@type":"ReadAction","target":["https:\/\/mediaviestinta.fi\/mevi2020\/2023\/03\/eettisys-digitaalisissa-asiakaspoluissa\/"]}]},{"@type":"ImageObject","inLanguage":"fi","@id":"https:\/\/mediaviestinta.fi\/mevi2020\/2023\/03\/eettisys-digitaalisissa-asiakaspoluissa\/#primaryimage","url":"https:\/\/mediaviestinta.fi\/mevi2020\/wp-content\/uploads\/2023\/03\/mike-u-fW75WfpAfc-unsplash.jpg","contentUrl":"https:\/\/mediaviestinta.fi\/mevi2020\/wp-content\/uploads\/2023\/03\/mike-u-fW75WfpAfc-unsplash.jpg","width":2400,"height":1350,"caption":"Kuva: Mike U \/ Unsplash"},{"@type":"BreadcrumbList","@id":"https:\/\/mediaviestinta.fi\/mevi2020\/2023\/03\/eettisys-digitaalisissa-asiakaspoluissa\/#breadcrumb","itemListElement":[{"@type":"ListItem","position":1,"name":"Home","item":"https:\/\/mediaviestinta.fi\/"},{"@type":"ListItem","position":2,"name":"Eettisyys digitaalisissa asiakaspoluissa"}]},{"@type":"WebSite","@id":"https:\/\/mediaviestinta.fi\/#website","url":"https:\/\/mediaviestinta.fi\/","name":"Mevi","description":"Media- ja viestint\u00e4tieteellinen seura Mevi","publisher":{"@id":"https:\/\/mediaviestinta.fi\/#organization"},"potentialAction":[{"@type":"SearchAction","target":{"@type":"EntryPoint","urlTemplate":"https:\/\/mediaviestinta.fi\/?s={search_term_string}"},"query-input":{"@type":"PropertyValueSpecification","valueRequired":true,"valueName":"search_term_string"}}],"inLanguage":"fi"},{"@type":"Organization","@id":"https:\/\/mediaviestinta.fi\/#organization","name":"Media- ja viestint\u00e4tieteellinen seura Mevi","url":"https:\/\/mediaviestinta.fi\/","logo":{"@type":"ImageObject","inLanguage":"fi","@id":"https:\/\/mediaviestinta.fi\/#\/schema\/logo\/image\/","url":"https:\/\/mediaviestinta.fi\/mevi2020\/wp-content\/uploads\/2020\/03\/mevi-logo-RGB-Transparent.png","contentUrl":"https:\/\/mediaviestinta.fi\/mevi2020\/wp-content\/uploads\/2020\/03\/mevi-logo-RGB-Transparent.png","width":910,"height":464,"caption":"Media- ja viestint\u00e4tieteellinen seura Mevi"},"image":{"@id":"https:\/\/mediaviestinta.fi\/#\/schema\/logo\/image\/"},"sameAs":["https:\/\/www.facebook.com\/MediaViestinta\/","https:\/\/x.com\/mediaviestinta"]},{"@type":"Person","@id":"https:\/\/mediaviestinta.fi\/#\/schema\/person\/b2da34ab24cfcd17dbdd6c7cfb173257","name":"Mevi","image":{"@type":"ImageObject","inLanguage":"fi","@id":"https:\/\/secure.gravatar.com\/avatar\/3305b76d1667dc119a18808ed03d6a1fc2dfa8b6a1cddecb8c4d27ef14ec32ca?s=96&d=mm&r=g","url":"https:\/\/secure.gravatar.com\/avatar\/3305b76d1667dc119a18808ed03d6a1fc2dfa8b6a1cddecb8c4d27ef14ec32ca?s=96&d=mm&r=g","contentUrl":"https:\/\/secure.gravatar.com\/avatar\/3305b76d1667dc119a18808ed03d6a1fc2dfa8b6a1cddecb8c4d27ef14ec32ca?s=96&d=mm&r=g","caption":"Mevi"},"url":"https:\/\/mediaviestinta.fi\/mevi2020\/author\/mediavie\/"}]}},"_links":{"self":[{"href":"https:\/\/mediaviestinta.fi\/mevi2020\/wp-json\/wp\/v2\/posts\/4838","targetHints":{"allow":["GET"]}}],"collection":[{"href":"https:\/\/mediaviestinta.fi\/mevi2020\/wp-json\/wp\/v2\/posts"}],"about":[{"href":"https:\/\/mediaviestinta.fi\/mevi2020\/wp-json\/wp\/v2\/types\/post"}],"author":[{"embeddable":true,"href":"https:\/\/mediaviestinta.fi\/mevi2020\/wp-json\/wp\/v2\/users\/3"}],"replies":[{"embeddable":true,"href":"https:\/\/mediaviestinta.fi\/mevi2020\/wp-json\/wp\/v2\/comments?post=4838"}],"version-history":[{"count":3,"href":"https:\/\/mediaviestinta.fi\/mevi2020\/wp-json\/wp\/v2\/posts\/4838\/revisions"}],"predecessor-version":[{"id":4843,"href":"https:\/\/mediaviestinta.fi\/mevi2020\/wp-json\/wp\/v2\/posts\/4838\/revisions\/4843"}],"wp:featuredmedia":[{"embeddable":true,"href":"https:\/\/mediaviestinta.fi\/mevi2020\/wp-json\/wp\/v2\/media\/4839"}],"wp:attachment":[{"href":"https:\/\/mediaviestinta.fi\/mevi2020\/wp-json\/wp\/v2\/media?parent=4838"}],"wp:term":[{"taxonomy":"category","embeddable":true,"href":"https:\/\/mediaviestinta.fi\/mevi2020\/wp-json\/wp\/v2\/categories?post=4838"},{"taxonomy":"post_tag","embeddable":true,"href":"https:\/\/mediaviestinta.fi\/mevi2020\/wp-json\/wp\/v2\/tags?post=4838"}],"curies":[{"name":"wp","href":"https:\/\/api.w.org\/{rel}","templated":true}]}}