{"id":4867,"date":"2023-05-25T09:52:37","date_gmt":"2023-05-25T06:52:37","guid":{"rendered":"https:\/\/mediaviestinta.fi\/?p=4867"},"modified":"2023-05-25T09:53:15","modified_gmt":"2023-05-25T06:53:15","slug":"yliopistotutkijat-ja-opettajat-tietojarjestelmien-puristuksessa","status":"publish","type":"post","link":"https:\/\/mediaviestinta.fi\/mevi2020\/2023\/05\/yliopistotutkijat-ja-opettajat-tietojarjestelmien-puristuksessa\/","title":{"rendered":"Tutkijat ja opettajat tietoj\u00e4rjestelmien puristuksessa"},"content":{"rendered":"\n<p><strong>Artikkelissaan <a href=\"https:\/\/doi.org\/10.23983\/mv.128226\">SoleTM siell\u00e4, Slack t\u00e4\u00e4ll\u00e4: Yliopistoty\u00f6n dataistunut arki<\/a> tutkija Auli Harju k\u00e4sittelee yliopistolaisten kokemuksia erilaisista tietoj\u00e4rjestelmist\u00e4 sek\u00e4 niiden vaikutuksesta ty\u00f6h\u00f6ns\u00e4 ja etenkin ty\u00f6n autonomiaan. Haastattelut ja p\u00e4iv\u00e4kirjamerkinn\u00e4t paljastivat j\u00e4rjestelmien synnytt\u00e4v\u00e4n ty\u00f6ss\u00e4 monenlaista kitkaa ja rapauttavan kokemusta autonomiasta. Yliopistojen johdossa ja hallinnosa tulisi huomioida n\u00e4m\u00e4 vaikutukset aiempaa paremmin, Harju kirjoittaa. Artikkeli on julkaistu <a href=\"https:\/\/journal.fi\/mediaviestinta\/issue\/view\/9087\" target=\"_blank\" rel=\"noreferrer noopener\"><em>Media &amp; viestint\u00e4<\/em> -lehdess\u00e4 1\/2023<\/a>.<\/strong><\/p>\n\n\n\n<p><strong>Mihin laajempaan ilmi\u00f6\u00f6n ja keskusteluun artikkelisi liittyy?<\/strong><br>Artikkeli kytkeytyy <em>Media &amp; viestinn\u00e4n<\/em> parin vuoden takaisen Dataistunut media -teemanumeron avaamaan dataistumista koskevaan tutkimuskeskusteluun sek\u00e4 laajemmin ty\u00f6el\u00e4m\u00e4n digitalisaatioon ja alustoitumiseen. Koska tutkin artikkelissa nimenomaan yliopistoty\u00f6n dataistumista, artikkelilla on yhteytens\u00e4 my\u00f6s korkeakoulupolitiikkaan ja yliopistomaailmassa tapahtuviin muutoksiin.&nbsp;<\/p>\n\n\n\n<p><strong>Mik\u00e4 on antisi t\u00e4h\u00e4n keskusteluun?<\/strong><br>Tutkijoiden kirjoittamia p\u00e4iv\u00e4kirjoja sek\u00e4 teemahaastatteluja analysoimalla osoitan joitakin dataistumisen tuomia &#8221;kipupisteit\u00e4&#8221; tai ongelma-alueita, joihin olisi syyt\u00e4 puuttua. N\u00e4m\u00e4 liittyv\u00e4t muun muuassa siihen, miten tietoj\u00e4rjestelm\u00e4ty\u00f6 vie aikaa varsinaiselta ty\u00f6lt\u00e4 ja kuormittaa tutkijoita, mutta miten j\u00e4rjestelmiin liittyy my\u00f6s eriarvoistavia tekij\u00f6it\u00e4 ja ep\u00e4selvyyksi\u00e4, mik\u00e4 on linjassa sen aiemman tutkimuksen havainnon kanssa, ett\u00e4 dataistumisessa ilmi\u00f6n\u00e4 on paljon sellaista koettua ep\u00e4mukavuutta ja h\u00e4hm\u00e4isyytt\u00e4, jota on vaikea pukea sanoiksi tai todentaa. On vaikea tiet\u00e4\u00e4, mit\u00e4 dataa ker\u00e4t\u00e4\u00e4n, minne data kertyy ja mihin sit\u00e4 k\u00e4ytet\u00e4\u00e4n.&nbsp;&nbsp;<\/p>\n\n\n\n<p><strong>Mik\u00e4 on artikkelisi keskeinen argumentti?<\/strong><br>Dataistuminen s\u00e4r\u00f6ytt\u00e4\u00e4 tieteen autonomiaa, kokemusta tutkimuksen tekemisen vapaudesta, vaikka tutkijat ovatkin monella tavalla my\u00f6s kykenevi\u00e4 suojaamaan sit\u00e4, hallinnoimaan omaa aikaansa ja etsim\u00e4\u00e4n keinoja keskitty\u00e4 ydinteht\u00e4viins\u00e4 tutkimukseen ja opetukseen.&nbsp; &nbsp;<\/p>\n\n\n\n<p><strong>Mit\u00e4 haluat artikkelillasi sanoa?<\/strong><br>En sano sit\u00e4 artikkelissa, mutta ehk\u00e4 haluan sanoa n\u00e4iden tutkimukseeni osallistuneiden tutkijoiden jakamien kokemustenkin kautta, ett\u00e4 onhan t\u00e4m\u00e4 nyt aikamoista, miten yrit\u00e4mme v\u00e4\u00e4nt\u00e4yty\u00e4 itse ja v\u00e4\u00e4nt\u00e4\u00e4 luovan ja ajattelua vaativan ty\u00f6n j\u00e4rjestelmien kanssa yhteensopivaksi. Helposti tulee tunne, ett\u00e4 uudet j\u00e4rjestelm\u00e4t vain tipahtelevat jostakin ja ett\u00e4 ei auta kuin alistua, mutta ihmiseth\u00e4n niit\u00e4 j\u00e4rjestelmi\u00e4 suunnittelevat ja niist\u00e4 p\u00e4\u00e4t\u00f6ksi\u00e4 tekev\u00e4t, joten haluaisin uskoa, ett\u00e4 laaja kriittinen keskustelu yliopistoty\u00f6n dataistumisesta voisi jotain muuttaakin. Ainakin jos kriittiset kommentit ja huonot kokemukset eiv\u00e4t tulisi heti tulkituksi muutosvastarinnaksi ja ajan my\u00f6t\u00e4 laimenevaksi valitukseksi.<\/p>\n\n\n\n<p><strong>Kenen kannattaa lukea artikkelisi?<\/strong><br>Tutkijat varmaankin l\u00f6yt\u00e4v\u00e4t artikkelista paitsi samastumiskohtia omaan ty\u00f6arkeensa, my\u00f6s ehk\u00e4 laajemmin pohdittavaa oman ty\u00f6ns\u00e4 dataistuneesta luonteesta. Toivoisin, ett\u00e4 artikkeli l\u00f6yt\u00e4isi lukijansa my\u00f6s niill\u00e4 tahoilla, joissa korkeakoulupolitiikan suuntauksia mietit\u00e4\u00e4n ja p\u00e4\u00e4t\u00f6ksi\u00e4 tehd\u00e4\u00e4n, sek\u00e4 yliopistojen johdon ja hallinnon tahoilla, joissa mietit\u00e4\u00e4n tietoj\u00e4rjestelmien k\u00e4ytt\u00f6\u00f6nottoa, aikataulutusta, k\u00e4yt\u00e4nt\u00f6j\u00e4 ja ohjeistuksia.&nbsp;<\/p>\n\n\n\n<p><strong>Mik\u00e4 sai sinut tarttumaan t\u00e4h\u00e4n aiheeseen?<\/strong><br>Olin joitakin vuosia sitten Koneen S\u00e4\u00e4ti\u00f6n rahoittamassa Kohti parempaa yliopistomaailmaa -hankkeessa tekem\u00e4ss\u00e4 tutkimushaastatteluja Tampereen yliopiston tutkijoille. Hankkeen kautta, kiitos tutkijakollegoideni, tulin saaneeksi tuntumaa yliopistodemokratiaa ja korkeakoulupolitiikkaa k\u00e4sittelev\u00e4\u00e4n tutkimukseen. Kun p\u00e4\u00e4dyin Intiimiys datavetoisessa kulttuurissa -hankkeeseen, jossa dataistumista tutkitaan monelta kantilta, minulle itseasiassa ehdotettiin, ett\u00e4 tekisin oman osaprojektini yliopistoty\u00f6n dataistumisesta. Innostuin, koska on aihe on tietenkin &#8211; tutkija kun olen &#8211; l\u00e4hell\u00e4 omaa syd\u00e4nt\u00e4ni ja osa minunkin kokemusmaailmaani. Oli hienoa p\u00e4\u00e4st\u00e4 kaivautumaan my\u00f6s aihetta koskevaan aiempaan tutkimukseen, opin paljon.&nbsp;<\/p>\n\n\n\n<p>(Ville Manninen)<\/p>\n","protected":false},"excerpt":{"rendered":"<p>Artikkelissaan SoleTM siell\u00e4, Slack t\u00e4\u00e4ll\u00e4: Yliopistoty\u00f6n dataistunut arki tutkija Auli Harju k\u00e4sittelee yliopistolaisten kokemuksia erilaisista tietoj\u00e4rjestelmist\u00e4 sek\u00e4 niiden vaikutuksesta ty\u00f6h\u00f6ns\u00e4 ja etenkin ty\u00f6n autonomiaan. Haastattelut ja p\u00e4iv\u00e4kirjamerkinn\u00e4t paljastivat&hellip;<\/p>\n","protected":false},"author":3,"featured_media":4869,"comment_status":"open","ping_status":"closed","sticky":false,"template":"","format":"standard","meta":{"_monsterinsights_skip_tracking":false,"_monsterinsights_sitenote_active":false,"_monsterinsights_sitenote_note":"","_monsterinsights_sitenote_category":0,"footnotes":""},"categories":[1],"tags":[],"class_list":["post-4867","post","type-post","status-publish","format-standard","has-post-thumbnail","hentry","category-yleinen"],"yoast_head":"<!-- This site is optimized with the Yoast SEO plugin v27.5 - https:\/\/yoast.com\/product\/yoast-seo-wordpress\/ -->\n<title>Tutkijat ja opettajat tietoj\u00e4rjestelmien puristuksessa &#8211; Mevi<\/title>\n<meta name=\"robots\" content=\"index, follow, max-snippet:-1, max-image-preview:large, max-video-preview:-1\" \/>\n<link rel=\"canonical\" href=\"https:\/\/mediaviestinta.fi\/mevi2020\/2023\/05\/yliopistotutkijat-ja-opettajat-tietojarjestelmien-puristuksessa\/\" \/>\n<meta property=\"og:locale\" content=\"fi_FI\" \/>\n<meta property=\"og:type\" content=\"article\" \/>\n<meta property=\"og:title\" content=\"Tutkijat ja opettajat tietoj\u00e4rjestelmien puristuksessa &#8211; Mevi\" \/>\n<meta property=\"og:description\" content=\"Artikkelissaan SoleTM siell\u00e4, Slack t\u00e4\u00e4ll\u00e4: Yliopistoty\u00f6n dataistunut arki tutkija Auli Harju k\u00e4sittelee yliopistolaisten kokemuksia erilaisista tietoj\u00e4rjestelmist\u00e4 sek\u00e4 niiden vaikutuksesta ty\u00f6h\u00f6ns\u00e4 ja etenkin ty\u00f6n autonomiaan. Haastattelut ja p\u00e4iv\u00e4kirjamerkinn\u00e4t paljastivat&hellip;\" \/>\n<meta property=\"og:url\" content=\"https:\/\/mediaviestinta.fi\/mevi2020\/2023\/05\/yliopistotutkijat-ja-opettajat-tietojarjestelmien-puristuksessa\/\" \/>\n<meta property=\"og:site_name\" content=\"Mevi\" \/>\n<meta property=\"article:publisher\" content=\"https:\/\/www.facebook.com\/MediaViestinta\/\" \/>\n<meta property=\"article:published_time\" content=\"2023-05-25T06:52:37+00:00\" \/>\n<meta property=\"article:modified_time\" content=\"2023-05-25T06:53:15+00:00\" \/>\n<meta property=\"og:image\" content=\"https:\/\/mediaviestinta.fi\/mevi2020\/wp-content\/uploads\/2023\/05\/secretary-338561_1280-e1684997434865.jpg\" \/>\n\t<meta property=\"og:image:width\" content=\"869\" \/>\n\t<meta property=\"og:image:height\" content=\"619\" \/>\n\t<meta property=\"og:image:type\" content=\"image\/jpeg\" \/>\n<meta name=\"author\" content=\"Mevi\" \/>\n<meta name=\"twitter:card\" content=\"summary_large_image\" \/>\n<meta name=\"twitter:creator\" content=\"@mediaviestinta\" \/>\n<meta name=\"twitter:site\" content=\"@mediaviestinta\" \/>\n<meta name=\"twitter:label1\" content=\"Kirjoittanut\" \/>\n\t<meta name=\"twitter:data1\" content=\"Mevi\" \/>\n\t<meta name=\"twitter:label2\" content=\"Arvioitu lukuaika\" \/>\n\t<meta name=\"twitter:data2\" content=\"3 minuuttia\" \/>\n<script type=\"application\/ld+json\" class=\"yoast-schema-graph\">{\"@context\":\"https:\\\/\\\/schema.org\",\"@graph\":[{\"@type\":\"Article\",\"@id\":\"https:\\\/\\\/mediaviestinta.fi\\\/mevi2020\\\/2023\\\/05\\\/yliopistotutkijat-ja-opettajat-tietojarjestelmien-puristuksessa\\\/#article\",\"isPartOf\":{\"@id\":\"https:\\\/\\\/mediaviestinta.fi\\\/mevi2020\\\/2023\\\/05\\\/yliopistotutkijat-ja-opettajat-tietojarjestelmien-puristuksessa\\\/\"},\"author\":{\"name\":\"Mevi\",\"@id\":\"https:\\\/\\\/mediaviestinta.fi\\\/#\\\/schema\\\/person\\\/b2da34ab24cfcd17dbdd6c7cfb173257\"},\"headline\":\"Tutkijat ja opettajat tietoj\u00e4rjestelmien puristuksessa\",\"datePublished\":\"2023-05-25T06:52:37+00:00\",\"dateModified\":\"2023-05-25T06:53:15+00:00\",\"mainEntityOfPage\":{\"@id\":\"https:\\\/\\\/mediaviestinta.fi\\\/mevi2020\\\/2023\\\/05\\\/yliopistotutkijat-ja-opettajat-tietojarjestelmien-puristuksessa\\\/\"},\"wordCount\":553,\"commentCount\":0,\"publisher\":{\"@id\":\"https:\\\/\\\/mediaviestinta.fi\\\/#organization\"},\"image\":{\"@id\":\"https:\\\/\\\/mediaviestinta.fi\\\/mevi2020\\\/2023\\\/05\\\/yliopistotutkijat-ja-opettajat-tietojarjestelmien-puristuksessa\\\/#primaryimage\"},\"thumbnailUrl\":\"https:\\\/\\\/mediaviestinta.fi\\\/mevi2020\\\/wp-content\\\/uploads\\\/2023\\\/05\\\/secretary-338561_1280-e1684997434865.jpg\",\"inLanguage\":\"fi\",\"potentialAction\":[{\"@type\":\"CommentAction\",\"name\":\"Comment\",\"target\":[\"https:\\\/\\\/mediaviestinta.fi\\\/mevi2020\\\/2023\\\/05\\\/yliopistotutkijat-ja-opettajat-tietojarjestelmien-puristuksessa\\\/#respond\"]}]},{\"@type\":\"WebPage\",\"@id\":\"https:\\\/\\\/mediaviestinta.fi\\\/mevi2020\\\/2023\\\/05\\\/yliopistotutkijat-ja-opettajat-tietojarjestelmien-puristuksessa\\\/\",\"url\":\"https:\\\/\\\/mediaviestinta.fi\\\/mevi2020\\\/2023\\\/05\\\/yliopistotutkijat-ja-opettajat-tietojarjestelmien-puristuksessa\\\/\",\"name\":\"Tutkijat ja opettajat tietoj\u00e4rjestelmien puristuksessa &#8211; Mevi\",\"isPartOf\":{\"@id\":\"https:\\\/\\\/mediaviestinta.fi\\\/#website\"},\"primaryImageOfPage\":{\"@id\":\"https:\\\/\\\/mediaviestinta.fi\\\/mevi2020\\\/2023\\\/05\\\/yliopistotutkijat-ja-opettajat-tietojarjestelmien-puristuksessa\\\/#primaryimage\"},\"image\":{\"@id\":\"https:\\\/\\\/mediaviestinta.fi\\\/mevi2020\\\/2023\\\/05\\\/yliopistotutkijat-ja-opettajat-tietojarjestelmien-puristuksessa\\\/#primaryimage\"},\"thumbnailUrl\":\"https:\\\/\\\/mediaviestinta.fi\\\/mevi2020\\\/wp-content\\\/uploads\\\/2023\\\/05\\\/secretary-338561_1280-e1684997434865.jpg\",\"datePublished\":\"2023-05-25T06:52:37+00:00\",\"dateModified\":\"2023-05-25T06:53:15+00:00\",\"breadcrumb\":{\"@id\":\"https:\\\/\\\/mediaviestinta.fi\\\/mevi2020\\\/2023\\\/05\\\/yliopistotutkijat-ja-opettajat-tietojarjestelmien-puristuksessa\\\/#breadcrumb\"},\"inLanguage\":\"fi\",\"potentialAction\":[{\"@type\":\"ReadAction\",\"target\":[\"https:\\\/\\\/mediaviestinta.fi\\\/mevi2020\\\/2023\\\/05\\\/yliopistotutkijat-ja-opettajat-tietojarjestelmien-puristuksessa\\\/\"]}]},{\"@type\":\"ImageObject\",\"inLanguage\":\"fi\",\"@id\":\"https:\\\/\\\/mediaviestinta.fi\\\/mevi2020\\\/2023\\\/05\\\/yliopistotutkijat-ja-opettajat-tietojarjestelmien-puristuksessa\\\/#primaryimage\",\"url\":\"https:\\\/\\\/mediaviestinta.fi\\\/mevi2020\\\/wp-content\\\/uploads\\\/2023\\\/05\\\/secretary-338561_1280-e1684997434865.jpg\",\"contentUrl\":\"https:\\\/\\\/mediaviestinta.fi\\\/mevi2020\\\/wp-content\\\/uploads\\\/2023\\\/05\\\/secretary-338561_1280-e1684997434865.jpg\",\"width\":869,\"height\":619,\"caption\":\"Selk\u00e4puolelta otettu valokuva tietokoneen \u00e4\u00e4ress\u00e4 istuvasta henkil\u00f6st\u00e4. Ty\u00f6p\u00f6yd\u00e4ll\u00e4 on papereita, henkil\u00f6 hivelee leukaansa mietteli\u00e4\u00e4n\u00e4 ja katsoo tietokoneen ruudulla n\u00e4kyv\u00e4\u00e4 lomaketta. Henkil\u00f6n kasvoja ei n\u00e4y.\"},{\"@type\":\"BreadcrumbList\",\"@id\":\"https:\\\/\\\/mediaviestinta.fi\\\/mevi2020\\\/2023\\\/05\\\/yliopistotutkijat-ja-opettajat-tietojarjestelmien-puristuksessa\\\/#breadcrumb\",\"itemListElement\":[{\"@type\":\"ListItem\",\"position\":1,\"name\":\"Home\",\"item\":\"https:\\\/\\\/mediaviestinta.fi\\\/\"},{\"@type\":\"ListItem\",\"position\":2,\"name\":\"Tutkijat ja opettajat tietoj\u00e4rjestelmien puristuksessa\"}]},{\"@type\":\"WebSite\",\"@id\":\"https:\\\/\\\/mediaviestinta.fi\\\/#website\",\"url\":\"https:\\\/\\\/mediaviestinta.fi\\\/\",\"name\":\"Mevi\",\"description\":\"Media- ja viestint\u00e4tieteellinen seura Mevi\",\"publisher\":{\"@id\":\"https:\\\/\\\/mediaviestinta.fi\\\/#organization\"},\"potentialAction\":[{\"@type\":\"SearchAction\",\"target\":{\"@type\":\"EntryPoint\",\"urlTemplate\":\"https:\\\/\\\/mediaviestinta.fi\\\/?s={search_term_string}\"},\"query-input\":{\"@type\":\"PropertyValueSpecification\",\"valueRequired\":true,\"valueName\":\"search_term_string\"}}],\"inLanguage\":\"fi\"},{\"@type\":\"Organization\",\"@id\":\"https:\\\/\\\/mediaviestinta.fi\\\/#organization\",\"name\":\"Media- ja viestint\u00e4tieteellinen seura Mevi\",\"url\":\"https:\\\/\\\/mediaviestinta.fi\\\/\",\"logo\":{\"@type\":\"ImageObject\",\"inLanguage\":\"fi\",\"@id\":\"https:\\\/\\\/mediaviestinta.fi\\\/#\\\/schema\\\/logo\\\/image\\\/\",\"url\":\"https:\\\/\\\/mediaviestinta.fi\\\/mevi2020\\\/wp-content\\\/uploads\\\/2020\\\/03\\\/mevi-logo-RGB-Transparent.png\",\"contentUrl\":\"https:\\\/\\\/mediaviestinta.fi\\\/mevi2020\\\/wp-content\\\/uploads\\\/2020\\\/03\\\/mevi-logo-RGB-Transparent.png\",\"width\":910,\"height\":464,\"caption\":\"Media- ja viestint\u00e4tieteellinen seura Mevi\"},\"image\":{\"@id\":\"https:\\\/\\\/mediaviestinta.fi\\\/#\\\/schema\\\/logo\\\/image\\\/\"},\"sameAs\":[\"https:\\\/\\\/www.facebook.com\\\/MediaViestinta\\\/\",\"https:\\\/\\\/x.com\\\/mediaviestinta\"]},{\"@type\":\"Person\",\"@id\":\"https:\\\/\\\/mediaviestinta.fi\\\/#\\\/schema\\\/person\\\/b2da34ab24cfcd17dbdd6c7cfb173257\",\"name\":\"Mevi\",\"image\":{\"@type\":\"ImageObject\",\"inLanguage\":\"fi\",\"@id\":\"https:\\\/\\\/secure.gravatar.com\\\/avatar\\\/3305b76d1667dc119a18808ed03d6a1fc2dfa8b6a1cddecb8c4d27ef14ec32ca?s=96&d=mm&r=g\",\"url\":\"https:\\\/\\\/secure.gravatar.com\\\/avatar\\\/3305b76d1667dc119a18808ed03d6a1fc2dfa8b6a1cddecb8c4d27ef14ec32ca?s=96&d=mm&r=g\",\"contentUrl\":\"https:\\\/\\\/secure.gravatar.com\\\/avatar\\\/3305b76d1667dc119a18808ed03d6a1fc2dfa8b6a1cddecb8c4d27ef14ec32ca?s=96&d=mm&r=g\",\"caption\":\"Mevi\"},\"url\":\"https:\\\/\\\/mediaviestinta.fi\\\/mevi2020\\\/author\\\/mediavie\\\/\"}]}<\/script>\n<!-- \/ Yoast SEO plugin. -->","yoast_head_json":{"title":"Tutkijat ja opettajat tietoj\u00e4rjestelmien puristuksessa &#8211; Mevi","robots":{"index":"index","follow":"follow","max-snippet":"max-snippet:-1","max-image-preview":"max-image-preview:large","max-video-preview":"max-video-preview:-1"},"canonical":"https:\/\/mediaviestinta.fi\/mevi2020\/2023\/05\/yliopistotutkijat-ja-opettajat-tietojarjestelmien-puristuksessa\/","og_locale":"fi_FI","og_type":"article","og_title":"Tutkijat ja opettajat tietoj\u00e4rjestelmien puristuksessa &#8211; Mevi","og_description":"Artikkelissaan SoleTM siell\u00e4, Slack t\u00e4\u00e4ll\u00e4: Yliopistoty\u00f6n dataistunut arki tutkija Auli Harju k\u00e4sittelee yliopistolaisten kokemuksia erilaisista tietoj\u00e4rjestelmist\u00e4 sek\u00e4 niiden vaikutuksesta ty\u00f6h\u00f6ns\u00e4 ja etenkin ty\u00f6n autonomiaan. Haastattelut ja p\u00e4iv\u00e4kirjamerkinn\u00e4t paljastivat&hellip;","og_url":"https:\/\/mediaviestinta.fi\/mevi2020\/2023\/05\/yliopistotutkijat-ja-opettajat-tietojarjestelmien-puristuksessa\/","og_site_name":"Mevi","article_publisher":"https:\/\/www.facebook.com\/MediaViestinta\/","article_published_time":"2023-05-25T06:52:37+00:00","article_modified_time":"2023-05-25T06:53:15+00:00","og_image":[{"width":869,"height":619,"url":"https:\/\/mediaviestinta.fi\/mevi2020\/wp-content\/uploads\/2023\/05\/secretary-338561_1280-e1684997434865.jpg","type":"image\/jpeg"}],"author":"Mevi","twitter_card":"summary_large_image","twitter_creator":"@mediaviestinta","twitter_site":"@mediaviestinta","twitter_misc":{"Kirjoittanut":"Mevi","Arvioitu lukuaika":"3 minuuttia"},"schema":{"@context":"https:\/\/schema.org","@graph":[{"@type":"Article","@id":"https:\/\/mediaviestinta.fi\/mevi2020\/2023\/05\/yliopistotutkijat-ja-opettajat-tietojarjestelmien-puristuksessa\/#article","isPartOf":{"@id":"https:\/\/mediaviestinta.fi\/mevi2020\/2023\/05\/yliopistotutkijat-ja-opettajat-tietojarjestelmien-puristuksessa\/"},"author":{"name":"Mevi","@id":"https:\/\/mediaviestinta.fi\/#\/schema\/person\/b2da34ab24cfcd17dbdd6c7cfb173257"},"headline":"Tutkijat ja opettajat tietoj\u00e4rjestelmien puristuksessa","datePublished":"2023-05-25T06:52:37+00:00","dateModified":"2023-05-25T06:53:15+00:00","mainEntityOfPage":{"@id":"https:\/\/mediaviestinta.fi\/mevi2020\/2023\/05\/yliopistotutkijat-ja-opettajat-tietojarjestelmien-puristuksessa\/"},"wordCount":553,"commentCount":0,"publisher":{"@id":"https:\/\/mediaviestinta.fi\/#organization"},"image":{"@id":"https:\/\/mediaviestinta.fi\/mevi2020\/2023\/05\/yliopistotutkijat-ja-opettajat-tietojarjestelmien-puristuksessa\/#primaryimage"},"thumbnailUrl":"https:\/\/mediaviestinta.fi\/mevi2020\/wp-content\/uploads\/2023\/05\/secretary-338561_1280-e1684997434865.jpg","inLanguage":"fi","potentialAction":[{"@type":"CommentAction","name":"Comment","target":["https:\/\/mediaviestinta.fi\/mevi2020\/2023\/05\/yliopistotutkijat-ja-opettajat-tietojarjestelmien-puristuksessa\/#respond"]}]},{"@type":"WebPage","@id":"https:\/\/mediaviestinta.fi\/mevi2020\/2023\/05\/yliopistotutkijat-ja-opettajat-tietojarjestelmien-puristuksessa\/","url":"https:\/\/mediaviestinta.fi\/mevi2020\/2023\/05\/yliopistotutkijat-ja-opettajat-tietojarjestelmien-puristuksessa\/","name":"Tutkijat ja opettajat tietoj\u00e4rjestelmien puristuksessa &#8211; Mevi","isPartOf":{"@id":"https:\/\/mediaviestinta.fi\/#website"},"primaryImageOfPage":{"@id":"https:\/\/mediaviestinta.fi\/mevi2020\/2023\/05\/yliopistotutkijat-ja-opettajat-tietojarjestelmien-puristuksessa\/#primaryimage"},"image":{"@id":"https:\/\/mediaviestinta.fi\/mevi2020\/2023\/05\/yliopistotutkijat-ja-opettajat-tietojarjestelmien-puristuksessa\/#primaryimage"},"thumbnailUrl":"https:\/\/mediaviestinta.fi\/mevi2020\/wp-content\/uploads\/2023\/05\/secretary-338561_1280-e1684997434865.jpg","datePublished":"2023-05-25T06:52:37+00:00","dateModified":"2023-05-25T06:53:15+00:00","breadcrumb":{"@id":"https:\/\/mediaviestinta.fi\/mevi2020\/2023\/05\/yliopistotutkijat-ja-opettajat-tietojarjestelmien-puristuksessa\/#breadcrumb"},"inLanguage":"fi","potentialAction":[{"@type":"ReadAction","target":["https:\/\/mediaviestinta.fi\/mevi2020\/2023\/05\/yliopistotutkijat-ja-opettajat-tietojarjestelmien-puristuksessa\/"]}]},{"@type":"ImageObject","inLanguage":"fi","@id":"https:\/\/mediaviestinta.fi\/mevi2020\/2023\/05\/yliopistotutkijat-ja-opettajat-tietojarjestelmien-puristuksessa\/#primaryimage","url":"https:\/\/mediaviestinta.fi\/mevi2020\/wp-content\/uploads\/2023\/05\/secretary-338561_1280-e1684997434865.jpg","contentUrl":"https:\/\/mediaviestinta.fi\/mevi2020\/wp-content\/uploads\/2023\/05\/secretary-338561_1280-e1684997434865.jpg","width":869,"height":619,"caption":"Selk\u00e4puolelta otettu valokuva tietokoneen \u00e4\u00e4ress\u00e4 istuvasta henkil\u00f6st\u00e4. Ty\u00f6p\u00f6yd\u00e4ll\u00e4 on papereita, henkil\u00f6 hivelee leukaansa mietteli\u00e4\u00e4n\u00e4 ja katsoo tietokoneen ruudulla n\u00e4kyv\u00e4\u00e4 lomaketta. Henkil\u00f6n kasvoja ei n\u00e4y."},{"@type":"BreadcrumbList","@id":"https:\/\/mediaviestinta.fi\/mevi2020\/2023\/05\/yliopistotutkijat-ja-opettajat-tietojarjestelmien-puristuksessa\/#breadcrumb","itemListElement":[{"@type":"ListItem","position":1,"name":"Home","item":"https:\/\/mediaviestinta.fi\/"},{"@type":"ListItem","position":2,"name":"Tutkijat ja opettajat tietoj\u00e4rjestelmien puristuksessa"}]},{"@type":"WebSite","@id":"https:\/\/mediaviestinta.fi\/#website","url":"https:\/\/mediaviestinta.fi\/","name":"Mevi","description":"Media- ja viestint\u00e4tieteellinen seura Mevi","publisher":{"@id":"https:\/\/mediaviestinta.fi\/#organization"},"potentialAction":[{"@type":"SearchAction","target":{"@type":"EntryPoint","urlTemplate":"https:\/\/mediaviestinta.fi\/?s={search_term_string}"},"query-input":{"@type":"PropertyValueSpecification","valueRequired":true,"valueName":"search_term_string"}}],"inLanguage":"fi"},{"@type":"Organization","@id":"https:\/\/mediaviestinta.fi\/#organization","name":"Media- ja viestint\u00e4tieteellinen seura Mevi","url":"https:\/\/mediaviestinta.fi\/","logo":{"@type":"ImageObject","inLanguage":"fi","@id":"https:\/\/mediaviestinta.fi\/#\/schema\/logo\/image\/","url":"https:\/\/mediaviestinta.fi\/mevi2020\/wp-content\/uploads\/2020\/03\/mevi-logo-RGB-Transparent.png","contentUrl":"https:\/\/mediaviestinta.fi\/mevi2020\/wp-content\/uploads\/2020\/03\/mevi-logo-RGB-Transparent.png","width":910,"height":464,"caption":"Media- ja viestint\u00e4tieteellinen seura Mevi"},"image":{"@id":"https:\/\/mediaviestinta.fi\/#\/schema\/logo\/image\/"},"sameAs":["https:\/\/www.facebook.com\/MediaViestinta\/","https:\/\/x.com\/mediaviestinta"]},{"@type":"Person","@id":"https:\/\/mediaviestinta.fi\/#\/schema\/person\/b2da34ab24cfcd17dbdd6c7cfb173257","name":"Mevi","image":{"@type":"ImageObject","inLanguage":"fi","@id":"https:\/\/secure.gravatar.com\/avatar\/3305b76d1667dc119a18808ed03d6a1fc2dfa8b6a1cddecb8c4d27ef14ec32ca?s=96&d=mm&r=g","url":"https:\/\/secure.gravatar.com\/avatar\/3305b76d1667dc119a18808ed03d6a1fc2dfa8b6a1cddecb8c4d27ef14ec32ca?s=96&d=mm&r=g","contentUrl":"https:\/\/secure.gravatar.com\/avatar\/3305b76d1667dc119a18808ed03d6a1fc2dfa8b6a1cddecb8c4d27ef14ec32ca?s=96&d=mm&r=g","caption":"Mevi"},"url":"https:\/\/mediaviestinta.fi\/mevi2020\/author\/mediavie\/"}]}},"_links":{"self":[{"href":"https:\/\/mediaviestinta.fi\/mevi2020\/wp-json\/wp\/v2\/posts\/4867","targetHints":{"allow":["GET"]}}],"collection":[{"href":"https:\/\/mediaviestinta.fi\/mevi2020\/wp-json\/wp\/v2\/posts"}],"about":[{"href":"https:\/\/mediaviestinta.fi\/mevi2020\/wp-json\/wp\/v2\/types\/post"}],"author":[{"embeddable":true,"href":"https:\/\/mediaviestinta.fi\/mevi2020\/wp-json\/wp\/v2\/users\/3"}],"replies":[{"embeddable":true,"href":"https:\/\/mediaviestinta.fi\/mevi2020\/wp-json\/wp\/v2\/comments?post=4867"}],"version-history":[{"count":3,"href":"https:\/\/mediaviestinta.fi\/mevi2020\/wp-json\/wp\/v2\/posts\/4867\/revisions"}],"predecessor-version":[{"id":4871,"href":"https:\/\/mediaviestinta.fi\/mevi2020\/wp-json\/wp\/v2\/posts\/4867\/revisions\/4871"}],"wp:featuredmedia":[{"embeddable":true,"href":"https:\/\/mediaviestinta.fi\/mevi2020\/wp-json\/wp\/v2\/media\/4869"}],"wp:attachment":[{"href":"https:\/\/mediaviestinta.fi\/mevi2020\/wp-json\/wp\/v2\/media?parent=4867"}],"wp:term":[{"taxonomy":"category","embeddable":true,"href":"https:\/\/mediaviestinta.fi\/mevi2020\/wp-json\/wp\/v2\/categories?post=4867"},{"taxonomy":"post_tag","embeddable":true,"href":"https:\/\/mediaviestinta.fi\/mevi2020\/wp-json\/wp\/v2\/tags?post=4867"}],"curies":[{"name":"wp","href":"https:\/\/api.w.org\/{rel}","templated":true}]}}