{"id":4875,"date":"2023-06-02T08:58:30","date_gmt":"2023-06-02T05:58:30","guid":{"rendered":"https:\/\/mediaviestinta.fi\/?p=4875"},"modified":"2023-06-02T08:58:32","modified_gmt":"2023-06-02T05:58:32","slug":"journalismi-ei-houkuta-paaomasijoittajia","status":"publish","type":"post","link":"https:\/\/mediaviestinta.fi\/mevi2020\/2023\/06\/journalismi-ei-houkuta-paaomasijoittajia\/","title":{"rendered":"Journalismi ei houkuta p\u00e4\u00e4omasijoittajia"},"content":{"rendered":"\n<p><strong>Artikkelissaan <a href=\"https:\/\/doi.org\/10.23983\/mv.128169\">Startup-sijoittajat portinvartijoina journalismin kent\u00e4ll\u00e4<\/a> apulaisprofessori Heidi Hirsto ja tutkija Ville Manninen tarkastelevat p\u00e4\u00e4omasijoittajien n\u00e4kemyksi\u00e4 journalismista. Sijoittajilla on paljon valtaa uusien yritysten alkutaipaleella, mutta journalismi n\u00e4ytt\u00e4ytyy usein kehnona sijoituskohteena. P\u00e4\u00e4omasijoittajat eiv\u00e4t my\u00f6sk\u00e4\u00e4n koe itsell\u00e4\u00e4n olevan vastuuta journalismista, vaikka kansalaisina arvostavatkin sit\u00e4. Kenelle siis kuuluu vastuu journalismin uudistumisesta, Hirsto ja Manninen kysyv\u00e4t. Artikkeli on julkaistu <a href=\"https:\/\/journal.fi\/mediaviestinta\/issue\/view\/9087\" target=\"_blank\" rel=\"noreferrer noopener\"><em>Media &amp; viestint\u00e4<\/em> -lehdess\u00e4 1\/2023<\/a>.<\/strong><\/p>\n\n\n\n<p><strong>Mihin laajempaan ilmi\u00f6\u00f6n ja keskusteluun artikkelinne liittyy?<\/strong><br>Artikkelimme liittyy keskusteluun journalismin tulevaisuudesta, joka on alalla ikuisuusaihe. \u201cJournalismin murros\u201d on jo er\u00e4\u00e4nlainen klisee, mutta puheella on vissi per\u00e4: moni journalismiin liittyv\u00e4 asia muuttuu ja sen tulevaisuus luultavasti n\u00e4ytt\u00e4\u00e4 erilaiselta kuin nykyhetki. Journalismi ymm\u00e4rret\u00e4\u00e4n t\u00e4rke\u00e4ksi osaksi demokraattista yhteiskuntaj\u00e4rjestyst\u00e4, joten sen suoriutumisesta on syyt\u00e4kin olla kiinnostunut. Meit\u00e4 kiinnostaa erityisesti uusien journalismiin kytkeytyvien kasvuyritysten eli startupien ja niihin tehtyjen p\u00e4\u00e4omasijoitusten vaikutus. Startupit katsotaan usein alan kuin alan uudistajiksi, ja samaa tulevaisuudentekij\u00e4n viittaa on soviteltu my\u00f6s journalististen startupien harteille.<\/p>\n\n\n\n<p><strong>Mik\u00e4 on antinne t\u00e4h\u00e4n keskusteluun?<\/strong><br>Tutkimuksessamme haastattelimme suomalaisia p\u00e4\u00e4omasijoittajia ja selvitimme heid\u00e4n tulkintaansa journalistisiin startupeihin liittyvist\u00e4 mahdollisuuksista sek\u00e4 ongelmista. Usein journalismia tarkastellaan alan sis\u00e4lt\u00e4 k\u00e4sin, joskin viime vuosina on alettu j\u00e4lleen korostaa my\u00f6s yleis\u00f6n n\u00e4k\u00f6kulmaa. Meid\u00e4n n\u00e4k\u00f6kulmamme huomioi vaikutteita, jotka syntyv\u00e4t t\u00e4m\u00e4n journalismissa l\u00e4hes pyh\u00e4n journalisti-yleis\u00f6-dyadin ulkopuolella: se mit\u00e4 p\u00e4\u00e4omasijoittajat ajattelevat journalismista vaikuttaa heid\u00e4n sijoitusp\u00e4\u00e4t\u00f6ksiins\u00e4, mik\u00e4 puolestaan vaikuttaa journalististen startupien syntymiseen ja kehittymiseen \u2013 ja lopulta journalismin tulevaisuuteen. Artikkelimme siis pyrkii laajentamaan keskustelua journalismin tulevaisuuden kannalta merkityksellisist\u00e4 asioista.<\/p>\n\n\n\n<p><strong>Mik\u00e4 on artikkelinne keskeinen argumentti?<\/strong><br>Keskeinen havaintomme on, ett\u00e4 p\u00e4\u00e4omasijoittajat eiv\u00e4t n\u00e4e journalismia hyv\u00e4n\u00e4 sijoituskohteena eiv\u00e4tk\u00e4 katso ammatillisessa asemassaan olevansa vastuussa sen kehittymisest\u00e4. Kansalaisina he toki arvostavat hyv\u00e4\u00e4 journalismia ja ovat valmiita maksamaan siit\u00e4. Katsomme kuitenkin, ett\u00e4 sijoittajilla on valtaa suhteessa journalismiin, vaikka valta ilmenisikin p\u00e4\u00e4t\u00f6ksen\u00e4 olla sijoittamatta journalismiin.<\/p>\n\n\n\n<p><strong>Mit\u00e4 haluatte artikkelillanne sanoa?<\/strong><br>Tuloksemme johtavat kiinnostavaan kysymykseen vallan ja vastuun yhteydest\u00e4: P\u00e4\u00e4omasijoittajat eiv\u00e4t n\u00e4e itsell\u00e4\u00e4n olevan tavallista kuluttajaa enemp\u00e4\u00e4 vastuuta journalismista, eiv\u00e4tk\u00e4 he koe olevansa journalismin asiantuntijoita. Pit\u00e4isik\u00f6 sijoittajan taloudellisen vallan tuoda silti mukanaan vastuuta? Kysymys on yhteiskuntafilosofinen, eik\u00e4 artikkelimme tarjoa siihen suoraa vastausta. On kuitenkin syyt\u00e4 pohtia kriittisesti, onko journalismi luonteeltaan sellainen palvelu, ett\u00e4 sen uudistumiseen liittyvi\u00e4 odotuksia kannattaa lastata startup-yritt\u00e4misen ja p\u00e4\u00e4omasijoittamisen kaltaisille markkinaehtoisille rakenteille.<\/p>\n\n\n\n<p><strong>Kenen kannattaa lukea artikkelinne?<\/strong><br>Journalismin tutkijoiden ja opettajien sek\u00e4 mediapolitiikan p\u00e4\u00e4tt\u00e4jien ja siihen kytkeytyvien lobbaajien. Lis\u00e4ksi artikkeli voi tarjota p\u00e4\u00e4omasijoittajille tilaisuuden itsereflektiolle, vaikka emme esit\u00e4k\u00e4\u00e4n normatiivista arviota heid\u00e4n n\u00e4kemystens\u00e4 oikeellisuudesta tai v\u00e4\u00e4ryydest\u00e4.<\/p>\n\n\n\n<p><strong>Mik\u00e4 sai teid\u00e4t tarttumaan t\u00e4h\u00e4n aiheeseen?<br><\/strong>Tilaisuus. Alun perin t\u00e4m\u00e4n (asiantuntija)haastatteluaineiston oli tarkoitus valottaa journalististen liiketoimintamallien tulevaisuutta erityisesti yleis\u00f6suhteen kannalta. Alkuper\u00e4inen l\u00e4ht\u00f6kohtamme oli siis juuri se, mink\u00e4 olemme yll\u00e4 kyseenalaistaneet: ett\u00e4 startupit ja niihin sijoitetut p\u00e4\u00e4omat tulevat uudistamaan journalismia. Yleis\u00f6suhteen muutoksesta ei kuitenkaan syntynyt paljoa keskustelua, vaikka haastatellut olivatkin muuten innokkaita puhumaan journalismista. K\u00e4vi my\u00f6s nopeasti selv\u00e4ksi, ettei journalismi n\u00e4yt\u00e4 liiketoiminnallisesti kiinnostavalta sektorilta, vaikka se koetaankin yhteiskunnallisesti t\u00e4rke\u00e4ksi. T\u00e4m\u00e4 ristiriita ohjasi meid\u00e4t tarkastelemaan aineistoamme vastuun, tai vastuutyhji\u00f6n, n\u00e4k\u00f6kulmasta. Valintaa helpotti my\u00f6s kev\u00e4\u00e4ll\u00e4 2022 Turussa j\u00e4rjestetyt Median ja viestinn\u00e4n tutkimuksen p\u00e4iv\u00e4t, jonka teemaan aiheemme solahti vaivattomasti.<\/p>\n\n\n\n<p>(Ville Manninen)<\/p>\n","protected":false},"excerpt":{"rendered":"<p>Artikkelissaan Startup-sijoittajat portinvartijoina journalismin kent\u00e4ll\u00e4 apulaisprofessori Heidi Hirsto ja tutkija Ville Manninen tarkastelevat p\u00e4\u00e4omasijoittajien n\u00e4kemyksi\u00e4 journalismista. Sijoittajilla on paljon valtaa uusien yritysten alkutaipaleella, mutta journalismi n\u00e4ytt\u00e4ytyy usein kehnona&hellip;<\/p>\n","protected":false},"author":3,"featured_media":4880,"comment_status":"open","ping_status":"closed","sticky":false,"template":"","format":"standard","meta":{"_monsterinsights_skip_tracking":false,"_monsterinsights_sitenote_active":false,"_monsterinsights_sitenote_note":"","_monsterinsights_sitenote_category":0,"footnotes":""},"categories":[1],"tags":[],"class_list":["post-4875","post","type-post","status-publish","format-standard","has-post-thumbnail","hentry","category-yleinen"],"yoast_head":"<!-- This site is optimized with the Yoast SEO plugin v27.5 - https:\/\/yoast.com\/product\/yoast-seo-wordpress\/ -->\n<title>Journalismi ei houkuta p\u00e4\u00e4omasijoittajia &#8211; Mevi<\/title>\n<meta name=\"robots\" content=\"index, follow, max-snippet:-1, max-image-preview:large, max-video-preview:-1\" \/>\n<link rel=\"canonical\" href=\"https:\/\/mediaviestinta.fi\/2023\/06\/journalismi-ei-houkuta-paaomasijoittajia\/\" \/>\n<meta property=\"og:locale\" content=\"fi_FI\" \/>\n<meta property=\"og:type\" content=\"article\" \/>\n<meta property=\"og:title\" content=\"Journalismi ei houkuta p\u00e4\u00e4omasijoittajia &#8211; Mevi\" \/>\n<meta property=\"og:description\" content=\"Artikkelissaan Startup-sijoittajat portinvartijoina journalismin kent\u00e4ll\u00e4 apulaisprofessori Heidi Hirsto ja tutkija Ville Manninen tarkastelevat p\u00e4\u00e4omasijoittajien n\u00e4kemyksi\u00e4 journalismista. Sijoittajilla on paljon valtaa uusien yritysten alkutaipaleella, mutta journalismi n\u00e4ytt\u00e4ytyy usein kehnona&hellip;\" \/>\n<meta property=\"og:url\" content=\"https:\/\/mediaviestinta.fi\/2023\/06\/journalismi-ei-houkuta-paaomasijoittajia\/\" \/>\n<meta property=\"og:site_name\" content=\"Mevi\" \/>\n<meta property=\"article:publisher\" content=\"https:\/\/www.facebook.com\/MediaViestinta\/\" \/>\n<meta property=\"article:published_time\" content=\"2023-06-02T05:58:30+00:00\" \/>\n<meta property=\"article:modified_time\" content=\"2023-06-02T05:58:32+00:00\" \/>\n<meta property=\"og:image\" content=\"https:\/\/mediaviestinta.fi\/mevi2020\/wp-content\/uploads\/2023\/06\/business-7234938_1280.jpg\" \/>\n\t<meta property=\"og:image:width\" content=\"1280\" \/>\n\t<meta property=\"og:image:height\" content=\"853\" \/>\n\t<meta property=\"og:image:type\" content=\"image\/jpeg\" \/>\n<meta name=\"author\" content=\"Mevi\" \/>\n<meta name=\"twitter:card\" content=\"summary_large_image\" \/>\n<meta name=\"twitter:creator\" content=\"@mediaviestinta\" \/>\n<meta name=\"twitter:site\" content=\"@mediaviestinta\" \/>\n<meta name=\"twitter:label1\" content=\"Kirjoittanut\" \/>\n\t<meta name=\"twitter:data1\" content=\"Mevi\" \/>\n\t<meta name=\"twitter:label2\" content=\"Arvioitu lukuaika\" \/>\n\t<meta name=\"twitter:data2\" content=\"3 minuuttia\" \/>\n<script type=\"application\/ld+json\" class=\"yoast-schema-graph\">{\"@context\":\"https:\\\/\\\/schema.org\",\"@graph\":[{\"@type\":\"Article\",\"@id\":\"https:\\\/\\\/mediaviestinta.fi\\\/2023\\\/06\\\/journalismi-ei-houkuta-paaomasijoittajia\\\/#article\",\"isPartOf\":{\"@id\":\"https:\\\/\\\/mediaviestinta.fi\\\/2023\\\/06\\\/journalismi-ei-houkuta-paaomasijoittajia\\\/\"},\"author\":{\"name\":\"Mevi\",\"@id\":\"https:\\\/\\\/mediaviestinta.fi\\\/#\\\/schema\\\/person\\\/b2da34ab24cfcd17dbdd6c7cfb173257\"},\"headline\":\"Journalismi ei houkuta p\u00e4\u00e4omasijoittajia\",\"datePublished\":\"2023-06-02T05:58:30+00:00\",\"dateModified\":\"2023-06-02T05:58:32+00:00\",\"mainEntityOfPage\":{\"@id\":\"https:\\\/\\\/mediaviestinta.fi\\\/2023\\\/06\\\/journalismi-ei-houkuta-paaomasijoittajia\\\/\"},\"wordCount\":569,\"commentCount\":0,\"publisher\":{\"@id\":\"https:\\\/\\\/mediaviestinta.fi\\\/#organization\"},\"image\":{\"@id\":\"https:\\\/\\\/mediaviestinta.fi\\\/2023\\\/06\\\/journalismi-ei-houkuta-paaomasijoittajia\\\/#primaryimage\"},\"thumbnailUrl\":\"https:\\\/\\\/mediaviestinta.fi\\\/mevi2020\\\/wp-content\\\/uploads\\\/2023\\\/06\\\/business-7234938_1280.jpg\",\"inLanguage\":\"fi\",\"potentialAction\":[{\"@type\":\"CommentAction\",\"name\":\"Comment\",\"target\":[\"https:\\\/\\\/mediaviestinta.fi\\\/2023\\\/06\\\/journalismi-ei-houkuta-paaomasijoittajia\\\/#respond\"]}]},{\"@type\":\"WebPage\",\"@id\":\"https:\\\/\\\/mediaviestinta.fi\\\/2023\\\/06\\\/journalismi-ei-houkuta-paaomasijoittajia\\\/\",\"url\":\"https:\\\/\\\/mediaviestinta.fi\\\/2023\\\/06\\\/journalismi-ei-houkuta-paaomasijoittajia\\\/\",\"name\":\"Journalismi ei houkuta p\u00e4\u00e4omasijoittajia &#8211; Mevi\",\"isPartOf\":{\"@id\":\"https:\\\/\\\/mediaviestinta.fi\\\/#website\"},\"primaryImageOfPage\":{\"@id\":\"https:\\\/\\\/mediaviestinta.fi\\\/2023\\\/06\\\/journalismi-ei-houkuta-paaomasijoittajia\\\/#primaryimage\"},\"image\":{\"@id\":\"https:\\\/\\\/mediaviestinta.fi\\\/2023\\\/06\\\/journalismi-ei-houkuta-paaomasijoittajia\\\/#primaryimage\"},\"thumbnailUrl\":\"https:\\\/\\\/mediaviestinta.fi\\\/mevi2020\\\/wp-content\\\/uploads\\\/2023\\\/06\\\/business-7234938_1280.jpg\",\"datePublished\":\"2023-06-02T05:58:30+00:00\",\"dateModified\":\"2023-06-02T05:58:32+00:00\",\"breadcrumb\":{\"@id\":\"https:\\\/\\\/mediaviestinta.fi\\\/2023\\\/06\\\/journalismi-ei-houkuta-paaomasijoittajia\\\/#breadcrumb\"},\"inLanguage\":\"fi\",\"potentialAction\":[{\"@type\":\"ReadAction\",\"target\":[\"https:\\\/\\\/mediaviestinta.fi\\\/2023\\\/06\\\/journalismi-ei-houkuta-paaomasijoittajia\\\/\"]}]},{\"@type\":\"ImageObject\",\"inLanguage\":\"fi\",\"@id\":\"https:\\\/\\\/mediaviestinta.fi\\\/2023\\\/06\\\/journalismi-ei-houkuta-paaomasijoittajia\\\/#primaryimage\",\"url\":\"https:\\\/\\\/mediaviestinta.fi\\\/mevi2020\\\/wp-content\\\/uploads\\\/2023\\\/06\\\/business-7234938_1280.jpg\",\"contentUrl\":\"https:\\\/\\\/mediaviestinta.fi\\\/mevi2020\\\/wp-content\\\/uploads\\\/2023\\\/06\\\/business-7234938_1280.jpg\",\"width\":1280,\"height\":853,\"caption\":\"Abstrakti kuva, jossa on p\u00f6rssikursseja kuvaavia vihreit\u00e4, punaisia ja sinisi\u00e4 graafiikoita sek\u00e4 numeroita. Numerot ja graafit n\u00e4kyv\u00e4t sumeina ja v\u00e4\u00e4ristynein\u00e4 mustaa taustaa vasten.\"},{\"@type\":\"BreadcrumbList\",\"@id\":\"https:\\\/\\\/mediaviestinta.fi\\\/2023\\\/06\\\/journalismi-ei-houkuta-paaomasijoittajia\\\/#breadcrumb\",\"itemListElement\":[{\"@type\":\"ListItem\",\"position\":1,\"name\":\"Home\",\"item\":\"https:\\\/\\\/mediaviestinta.fi\\\/\"},{\"@type\":\"ListItem\",\"position\":2,\"name\":\"Journalismi ei houkuta p\u00e4\u00e4omasijoittajia\"}]},{\"@type\":\"WebSite\",\"@id\":\"https:\\\/\\\/mediaviestinta.fi\\\/#website\",\"url\":\"https:\\\/\\\/mediaviestinta.fi\\\/\",\"name\":\"Mevi\",\"description\":\"Media- ja viestint\u00e4tieteellinen seura Mevi\",\"publisher\":{\"@id\":\"https:\\\/\\\/mediaviestinta.fi\\\/#organization\"},\"potentialAction\":[{\"@type\":\"SearchAction\",\"target\":{\"@type\":\"EntryPoint\",\"urlTemplate\":\"https:\\\/\\\/mediaviestinta.fi\\\/?s={search_term_string}\"},\"query-input\":{\"@type\":\"PropertyValueSpecification\",\"valueRequired\":true,\"valueName\":\"search_term_string\"}}],\"inLanguage\":\"fi\"},{\"@type\":\"Organization\",\"@id\":\"https:\\\/\\\/mediaviestinta.fi\\\/#organization\",\"name\":\"Media- ja viestint\u00e4tieteellinen seura Mevi\",\"url\":\"https:\\\/\\\/mediaviestinta.fi\\\/\",\"logo\":{\"@type\":\"ImageObject\",\"inLanguage\":\"fi\",\"@id\":\"https:\\\/\\\/mediaviestinta.fi\\\/#\\\/schema\\\/logo\\\/image\\\/\",\"url\":\"https:\\\/\\\/mediaviestinta.fi\\\/mevi2020\\\/wp-content\\\/uploads\\\/2020\\\/03\\\/mevi-logo-RGB-Transparent.png\",\"contentUrl\":\"https:\\\/\\\/mediaviestinta.fi\\\/mevi2020\\\/wp-content\\\/uploads\\\/2020\\\/03\\\/mevi-logo-RGB-Transparent.png\",\"width\":910,\"height\":464,\"caption\":\"Media- ja viestint\u00e4tieteellinen seura Mevi\"},\"image\":{\"@id\":\"https:\\\/\\\/mediaviestinta.fi\\\/#\\\/schema\\\/logo\\\/image\\\/\"},\"sameAs\":[\"https:\\\/\\\/www.facebook.com\\\/MediaViestinta\\\/\",\"https:\\\/\\\/x.com\\\/mediaviestinta\"]},{\"@type\":\"Person\",\"@id\":\"https:\\\/\\\/mediaviestinta.fi\\\/#\\\/schema\\\/person\\\/b2da34ab24cfcd17dbdd6c7cfb173257\",\"name\":\"Mevi\",\"image\":{\"@type\":\"ImageObject\",\"inLanguage\":\"fi\",\"@id\":\"https:\\\/\\\/secure.gravatar.com\\\/avatar\\\/3305b76d1667dc119a18808ed03d6a1fc2dfa8b6a1cddecb8c4d27ef14ec32ca?s=96&d=mm&r=g\",\"url\":\"https:\\\/\\\/secure.gravatar.com\\\/avatar\\\/3305b76d1667dc119a18808ed03d6a1fc2dfa8b6a1cddecb8c4d27ef14ec32ca?s=96&d=mm&r=g\",\"contentUrl\":\"https:\\\/\\\/secure.gravatar.com\\\/avatar\\\/3305b76d1667dc119a18808ed03d6a1fc2dfa8b6a1cddecb8c4d27ef14ec32ca?s=96&d=mm&r=g\",\"caption\":\"Mevi\"},\"url\":\"https:\\\/\\\/mediaviestinta.fi\\\/mevi2020\\\/author\\\/mediavie\\\/\"}]}<\/script>\n<!-- \/ Yoast SEO plugin. -->","yoast_head_json":{"title":"Journalismi ei houkuta p\u00e4\u00e4omasijoittajia &#8211; Mevi","robots":{"index":"index","follow":"follow","max-snippet":"max-snippet:-1","max-image-preview":"max-image-preview:large","max-video-preview":"max-video-preview:-1"},"canonical":"https:\/\/mediaviestinta.fi\/2023\/06\/journalismi-ei-houkuta-paaomasijoittajia\/","og_locale":"fi_FI","og_type":"article","og_title":"Journalismi ei houkuta p\u00e4\u00e4omasijoittajia &#8211; Mevi","og_description":"Artikkelissaan Startup-sijoittajat portinvartijoina journalismin kent\u00e4ll\u00e4 apulaisprofessori Heidi Hirsto ja tutkija Ville Manninen tarkastelevat p\u00e4\u00e4omasijoittajien n\u00e4kemyksi\u00e4 journalismista. Sijoittajilla on paljon valtaa uusien yritysten alkutaipaleella, mutta journalismi n\u00e4ytt\u00e4ytyy usein kehnona&hellip;","og_url":"https:\/\/mediaviestinta.fi\/2023\/06\/journalismi-ei-houkuta-paaomasijoittajia\/","og_site_name":"Mevi","article_publisher":"https:\/\/www.facebook.com\/MediaViestinta\/","article_published_time":"2023-06-02T05:58:30+00:00","article_modified_time":"2023-06-02T05:58:32+00:00","og_image":[{"width":1280,"height":853,"url":"https:\/\/mediaviestinta.fi\/mevi2020\/wp-content\/uploads\/2023\/06\/business-7234938_1280.jpg","type":"image\/jpeg"}],"author":"Mevi","twitter_card":"summary_large_image","twitter_creator":"@mediaviestinta","twitter_site":"@mediaviestinta","twitter_misc":{"Kirjoittanut":"Mevi","Arvioitu lukuaika":"3 minuuttia"},"schema":{"@context":"https:\/\/schema.org","@graph":[{"@type":"Article","@id":"https:\/\/mediaviestinta.fi\/2023\/06\/journalismi-ei-houkuta-paaomasijoittajia\/#article","isPartOf":{"@id":"https:\/\/mediaviestinta.fi\/2023\/06\/journalismi-ei-houkuta-paaomasijoittajia\/"},"author":{"name":"Mevi","@id":"https:\/\/mediaviestinta.fi\/#\/schema\/person\/b2da34ab24cfcd17dbdd6c7cfb173257"},"headline":"Journalismi ei houkuta p\u00e4\u00e4omasijoittajia","datePublished":"2023-06-02T05:58:30+00:00","dateModified":"2023-06-02T05:58:32+00:00","mainEntityOfPage":{"@id":"https:\/\/mediaviestinta.fi\/2023\/06\/journalismi-ei-houkuta-paaomasijoittajia\/"},"wordCount":569,"commentCount":0,"publisher":{"@id":"https:\/\/mediaviestinta.fi\/#organization"},"image":{"@id":"https:\/\/mediaviestinta.fi\/2023\/06\/journalismi-ei-houkuta-paaomasijoittajia\/#primaryimage"},"thumbnailUrl":"https:\/\/mediaviestinta.fi\/mevi2020\/wp-content\/uploads\/2023\/06\/business-7234938_1280.jpg","inLanguage":"fi","potentialAction":[{"@type":"CommentAction","name":"Comment","target":["https:\/\/mediaviestinta.fi\/2023\/06\/journalismi-ei-houkuta-paaomasijoittajia\/#respond"]}]},{"@type":"WebPage","@id":"https:\/\/mediaviestinta.fi\/2023\/06\/journalismi-ei-houkuta-paaomasijoittajia\/","url":"https:\/\/mediaviestinta.fi\/2023\/06\/journalismi-ei-houkuta-paaomasijoittajia\/","name":"Journalismi ei houkuta p\u00e4\u00e4omasijoittajia &#8211; Mevi","isPartOf":{"@id":"https:\/\/mediaviestinta.fi\/#website"},"primaryImageOfPage":{"@id":"https:\/\/mediaviestinta.fi\/2023\/06\/journalismi-ei-houkuta-paaomasijoittajia\/#primaryimage"},"image":{"@id":"https:\/\/mediaviestinta.fi\/2023\/06\/journalismi-ei-houkuta-paaomasijoittajia\/#primaryimage"},"thumbnailUrl":"https:\/\/mediaviestinta.fi\/mevi2020\/wp-content\/uploads\/2023\/06\/business-7234938_1280.jpg","datePublished":"2023-06-02T05:58:30+00:00","dateModified":"2023-06-02T05:58:32+00:00","breadcrumb":{"@id":"https:\/\/mediaviestinta.fi\/2023\/06\/journalismi-ei-houkuta-paaomasijoittajia\/#breadcrumb"},"inLanguage":"fi","potentialAction":[{"@type":"ReadAction","target":["https:\/\/mediaviestinta.fi\/2023\/06\/journalismi-ei-houkuta-paaomasijoittajia\/"]}]},{"@type":"ImageObject","inLanguage":"fi","@id":"https:\/\/mediaviestinta.fi\/2023\/06\/journalismi-ei-houkuta-paaomasijoittajia\/#primaryimage","url":"https:\/\/mediaviestinta.fi\/mevi2020\/wp-content\/uploads\/2023\/06\/business-7234938_1280.jpg","contentUrl":"https:\/\/mediaviestinta.fi\/mevi2020\/wp-content\/uploads\/2023\/06\/business-7234938_1280.jpg","width":1280,"height":853,"caption":"Abstrakti kuva, jossa on p\u00f6rssikursseja kuvaavia vihreit\u00e4, punaisia ja sinisi\u00e4 graafiikoita sek\u00e4 numeroita. Numerot ja graafit n\u00e4kyv\u00e4t sumeina ja v\u00e4\u00e4ristynein\u00e4 mustaa taustaa vasten."},{"@type":"BreadcrumbList","@id":"https:\/\/mediaviestinta.fi\/2023\/06\/journalismi-ei-houkuta-paaomasijoittajia\/#breadcrumb","itemListElement":[{"@type":"ListItem","position":1,"name":"Home","item":"https:\/\/mediaviestinta.fi\/"},{"@type":"ListItem","position":2,"name":"Journalismi ei houkuta p\u00e4\u00e4omasijoittajia"}]},{"@type":"WebSite","@id":"https:\/\/mediaviestinta.fi\/#website","url":"https:\/\/mediaviestinta.fi\/","name":"Mevi","description":"Media- ja viestint\u00e4tieteellinen seura Mevi","publisher":{"@id":"https:\/\/mediaviestinta.fi\/#organization"},"potentialAction":[{"@type":"SearchAction","target":{"@type":"EntryPoint","urlTemplate":"https:\/\/mediaviestinta.fi\/?s={search_term_string}"},"query-input":{"@type":"PropertyValueSpecification","valueRequired":true,"valueName":"search_term_string"}}],"inLanguage":"fi"},{"@type":"Organization","@id":"https:\/\/mediaviestinta.fi\/#organization","name":"Media- ja viestint\u00e4tieteellinen seura Mevi","url":"https:\/\/mediaviestinta.fi\/","logo":{"@type":"ImageObject","inLanguage":"fi","@id":"https:\/\/mediaviestinta.fi\/#\/schema\/logo\/image\/","url":"https:\/\/mediaviestinta.fi\/mevi2020\/wp-content\/uploads\/2020\/03\/mevi-logo-RGB-Transparent.png","contentUrl":"https:\/\/mediaviestinta.fi\/mevi2020\/wp-content\/uploads\/2020\/03\/mevi-logo-RGB-Transparent.png","width":910,"height":464,"caption":"Media- ja viestint\u00e4tieteellinen seura Mevi"},"image":{"@id":"https:\/\/mediaviestinta.fi\/#\/schema\/logo\/image\/"},"sameAs":["https:\/\/www.facebook.com\/MediaViestinta\/","https:\/\/x.com\/mediaviestinta"]},{"@type":"Person","@id":"https:\/\/mediaviestinta.fi\/#\/schema\/person\/b2da34ab24cfcd17dbdd6c7cfb173257","name":"Mevi","image":{"@type":"ImageObject","inLanguage":"fi","@id":"https:\/\/secure.gravatar.com\/avatar\/3305b76d1667dc119a18808ed03d6a1fc2dfa8b6a1cddecb8c4d27ef14ec32ca?s=96&d=mm&r=g","url":"https:\/\/secure.gravatar.com\/avatar\/3305b76d1667dc119a18808ed03d6a1fc2dfa8b6a1cddecb8c4d27ef14ec32ca?s=96&d=mm&r=g","contentUrl":"https:\/\/secure.gravatar.com\/avatar\/3305b76d1667dc119a18808ed03d6a1fc2dfa8b6a1cddecb8c4d27ef14ec32ca?s=96&d=mm&r=g","caption":"Mevi"},"url":"https:\/\/mediaviestinta.fi\/mevi2020\/author\/mediavie\/"}]}},"_links":{"self":[{"href":"https:\/\/mediaviestinta.fi\/mevi2020\/wp-json\/wp\/v2\/posts\/4875","targetHints":{"allow":["GET"]}}],"collection":[{"href":"https:\/\/mediaviestinta.fi\/mevi2020\/wp-json\/wp\/v2\/posts"}],"about":[{"href":"https:\/\/mediaviestinta.fi\/mevi2020\/wp-json\/wp\/v2\/types\/post"}],"author":[{"embeddable":true,"href":"https:\/\/mediaviestinta.fi\/mevi2020\/wp-json\/wp\/v2\/users\/3"}],"replies":[{"embeddable":true,"href":"https:\/\/mediaviestinta.fi\/mevi2020\/wp-json\/wp\/v2\/comments?post=4875"}],"version-history":[{"count":5,"href":"https:\/\/mediaviestinta.fi\/mevi2020\/wp-json\/wp\/v2\/posts\/4875\/revisions"}],"predecessor-version":[{"id":4881,"href":"https:\/\/mediaviestinta.fi\/mevi2020\/wp-json\/wp\/v2\/posts\/4875\/revisions\/4881"}],"wp:featuredmedia":[{"embeddable":true,"href":"https:\/\/mediaviestinta.fi\/mevi2020\/wp-json\/wp\/v2\/media\/4880"}],"wp:attachment":[{"href":"https:\/\/mediaviestinta.fi\/mevi2020\/wp-json\/wp\/v2\/media?parent=4875"}],"wp:term":[{"taxonomy":"category","embeddable":true,"href":"https:\/\/mediaviestinta.fi\/mevi2020\/wp-json\/wp\/v2\/categories?post=4875"},{"taxonomy":"post_tag","embeddable":true,"href":"https:\/\/mediaviestinta.fi\/mevi2020\/wp-json\/wp\/v2\/tags?post=4875"}],"curies":[{"name":"wp","href":"https:\/\/api.w.org\/{rel}","templated":true}]}}