{"id":4890,"date":"2023-06-13T08:36:50","date_gmt":"2023-06-13T05:36:50","guid":{"rendered":"https:\/\/mediaviestinta.fi\/?p=4890"},"modified":"2023-06-13T08:36:52","modified_gmt":"2023-06-13T05:36:52","slug":"mika-maarittaa-rikosasian-julkisuuden","status":"publish","type":"post","link":"https:\/\/mediaviestinta.fi\/mevi2020\/2023\/06\/mika-maarittaa-rikosasian-julkisuuden\/","title":{"rendered":"Mik\u00e4 m\u00e4\u00e4ritt\u00e4\u00e4 rikosasian julkisuuden?"},"content":{"rendered":"\n<p><strong>Katsausartikkelissaan&nbsp;<a href=\"https:\/\/doi.org\/10.23983\/mv.128179\">Median n\u00e4k\u00f6kulma rikosasioiden julkisuuslain-s\u00e4\u00e4d\u00e4nt\u00f6\u00f6n<\/a>&nbsp;dosentti Satu Rantaeskola perehtyy suomalaisen julkisuuslains\u00e4\u00e4d\u00e4nn\u00f6n ja journalismin periaatteiden merkitykseen rikosasioiden uutisoinnissa. Journalistin ohjeet ja lains\u00e4\u00e4d\u00e4nt\u00f6 ohjaavat mediaa samaan suuntaan, joten niiden tavoitteet ja arvot ovat yhtenev\u00e4t. Sek\u00e4 median ett\u00e4 oikeusj\u00e4rjestelm\u00e4n toiminnassa olisi kuitenkin parannettavaa, kirjoittaja huomioi. Katsaus on julkaistu&nbsp;<a href=\"https:\/\/journal.fi\/mediaviestinta\/issue\/view\/9087\"><em>Media &amp; viestint\u00e4<\/em>&nbsp;-lehdess\u00e4 2\/2023<\/a>.<\/strong><\/p>\n\n\n\n<p><strong>Mihin laajempaan ilmi\u00f6\u00f6n ja keskusteluun katsauksesi liittyy?<\/strong><br>Rikosasioiden julkisuutta koskevaan yleiseen keskusteluun, jota k\u00e4yd\u00e4\u00e4n v\u00e4lill\u00e4 kovinkin kiihke\u00e4sti. Rikosasiat kiinnostavat lukijoita ja siksi niit\u00e4 k\u00e4sitell\u00e4\u00e4n paljon mediassa. Rikosasia on l\u00e4ht\u00f6kohtaisesti julkinen, mutta toki siihen voi liitty\u00e4 tietoja tai piirteit\u00e4, joiden vuoksi julkisuuden rajoittaminen ajankohtaistuu.<\/p>\n\n\n\n<p><strong>Mik\u00e4 on antisi t\u00e4h\u00e4n keskusteluun?<\/strong><br>Tarkastelen rikosasioiden julkisuutta m\u00e4\u00e4ritt\u00e4v\u00e4n lains\u00e4\u00e4d\u00e4nn\u00f6n ohella Julkisen sanan neuvoston ohjeita suhteessa rikosasian julkisuutta rajoittavaan salassapitos\u00e4\u00e4ntelyyn. Lains\u00e4\u00e4d\u00e4nn\u00f6n ja Julkisen sanan neuvoston ohjeiden v\u00e4lill\u00e4 on havaittavissa yll\u00e4tt\u00e4v\u00e4n paljon yhdenmukaisuutta. Selostan artikkelissani julkisuuslains\u00e4\u00e4d\u00e4nn\u00f6n merkityst\u00e4 rikosasioissa sellaisena kuin lain sis\u00e4lt\u00f6 n\u00e4ytt\u00e4ytyy t\u00e4ll\u00e4 hetkell\u00e4. Siksi artikkelin sis\u00e4lt\u00f6 on eritt\u00e4in informatiivinen kenelle tahansa rikosasioista uutisoiville, mutta my\u00f6s tahoille, jotka arvioivat rikosasioiden uutisointia.<\/p>\n\n\n\n<p><strong>Mit\u00e4 lukijan kannattaa erityisesti muistaa katsauksestasi?<\/strong><br>Rikosasioiden julkisuuden rajoittamisesta huolimatta asianosaisilla on aina laaja oikeus itse\u00e4\u00e4n koskevan rikosasian tietoihin; asianosaisella on oikeus my\u00f6s salassa pidett\u00e4viin tietoihin. Muilla kuin asianosaisilla ei ole oikeutta salassa pidett\u00e4viin tietoihin, ja siksi medialla rikosasian yleis\u00f6\u00f6n kuuluvana (ns. yleis\u00f6julkisuuden piiriss\u00e4) ei ole oikeutta saada salassa pidett\u00e4vi\u00e4 tietoja.<\/p>\n\n\n\n<p>Eritt\u00e4in t\u00e4rke\u00e4\u00e4 on my\u00f6s tiedostaa miss\u00e4 vaiheessa rikosprosessia asian k\u00e4sittely on. Mik\u00e4li ep\u00e4illyst\u00e4 rikoksesta uutisoidaan liian varhaisessa vaiheessa, saatetaan rikkoa ep\u00e4illyn oikeutta syytt\u00f6myysolettamaan. Silloin ep\u00e4ilty voi leimautua turhaan, mik\u00e4 voi aiheuttaa ep\u00e4illylle kohtuuttomia ja peruuttamattomia seurauksia. Uutisoinnin kohteeksi joutuminen voi olla eritt\u00e4in raskasta ep\u00e4illylle, mutta my\u00f6s rikoksen kohteeksi joutuneelle, erityisesti siksi, ett\u00e4 rikoksen tapahtumisesta on kulunut usein eritt\u00e4in v\u00e4h\u00e4n aikaa.<\/p>\n\n\n\n<p><strong>Mit\u00e4 haluat tekstill\u00e4si sanoa?<\/strong><br>Julkisuus ja yksityisel\u00e4m\u00e4n suoja ovat perusoikeuksina samanarvoisia.&nbsp;Rikosasia on l\u00e4ht\u00f6kohtaisesti julkinen tieto ja siksi rikosasian julkisuuden rajoittamiselle tulee olla peruste. Sellainen voi olla esimerkiksi valtion velvoite huolehtia rikoksen kohteeksi joutuneen tahon perusoikeuksien, kuten yksityisyyden suojan, turvaamisesta. T\u00e4m\u00e4n l\u00e4ht\u00f6kohdan ymm\u00e4rt\u00e4misen j\u00e4lkeen rikosasian julkisuuden rajoittaminen tulee ymm\u00e4rrett\u00e4v\u00e4ksi.<\/p>\n\n\n\n<p><strong>Kenen kannattaa lukea katsauksesi?<\/strong><br>Se on kohdennettu erityisesti rikosasioita uutisoivalle medialle, mutta se on tiivis tietopaketti lains\u00e4\u00e4d\u00e4nn\u00f6n t\u00e4m\u00e4nhetkisest\u00e4 tilanteesta kenelle tahansa, joka on kiinnostunut rikosasioiden julkisuuteen liittyvist\u00e4 kysymyksist\u00e4.<\/p>\n\n\n\n<p><strong>Mik\u00e4 sai sinut tarttumaan t\u00e4h\u00e4n aiheeseen?<\/strong><br>Mahdollisuus kirjoittaa aiheesta. Kerron mielell\u00e4ni rikosasioiden julkisuutta m\u00e4\u00e4ritt\u00e4v\u00e4st\u00e4 lains\u00e4\u00e4d\u00e4nn\u00f6st\u00e4 samoin kuin muun rikosasioita koskevan lains\u00e4\u00e4d\u00e4nn\u00f6n sis\u00e4ll\u00f6st\u00e4, kun siihen tarjoutuu mahdollisuus.<\/p>\n\n\n\n<p>(Ville Manninen)<\/p>\n","protected":false},"excerpt":{"rendered":"<p>Katsausartikkelissaan&nbsp;Median n\u00e4k\u00f6kulma rikosasioiden julkisuuslain-s\u00e4\u00e4d\u00e4nt\u00f6\u00f6n&nbsp;dosentti Satu Rantaeskola perehtyy suomalaisen julkisuuslains\u00e4\u00e4d\u00e4nn\u00f6n ja journalismin periaatteiden merkitykseen rikosasioiden uutisoinnissa. Journalistin ohjeet ja lains\u00e4\u00e4d\u00e4nt\u00f6 ohjaavat mediaa samaan suuntaan, joten niiden tavoitteet ja arvot&hellip;<\/p>\n","protected":false},"author":3,"featured_media":4892,"comment_status":"open","ping_status":"closed","sticky":false,"template":"","format":"standard","meta":{"_monsterinsights_skip_tracking":false,"_monsterinsights_sitenote_active":false,"_monsterinsights_sitenote_note":"","_monsterinsights_sitenote_category":0,"footnotes":""},"categories":[1],"tags":[],"class_list":["post-4890","post","type-post","status-publish","format-standard","has-post-thumbnail","hentry","category-yleinen"],"yoast_head":"<!-- This site is optimized with the Yoast SEO plugin v27.5 - https:\/\/yoast.com\/product\/yoast-seo-wordpress\/ -->\n<title>Mik\u00e4 m\u00e4\u00e4ritt\u00e4\u00e4 rikosasian julkisuuden? &#8211; Mevi<\/title>\n<meta name=\"robots\" content=\"index, follow, max-snippet:-1, max-image-preview:large, max-video-preview:-1\" \/>\n<link rel=\"canonical\" href=\"https:\/\/mediaviestinta.fi\/mevi2020\/2023\/06\/mika-maarittaa-rikosasian-julkisuuden\/\" \/>\n<meta property=\"og:locale\" content=\"fi_FI\" \/>\n<meta property=\"og:type\" content=\"article\" \/>\n<meta property=\"og:title\" content=\"Mik\u00e4 m\u00e4\u00e4ritt\u00e4\u00e4 rikosasian julkisuuden? &#8211; Mevi\" \/>\n<meta property=\"og:description\" content=\"Katsausartikkelissaan&nbsp;Median n\u00e4k\u00f6kulma rikosasioiden julkisuuslain-s\u00e4\u00e4d\u00e4nt\u00f6\u00f6n&nbsp;dosentti Satu Rantaeskola perehtyy suomalaisen julkisuuslains\u00e4\u00e4d\u00e4nn\u00f6n ja journalismin periaatteiden merkitykseen rikosasioiden uutisoinnissa. Journalistin ohjeet ja lains\u00e4\u00e4d\u00e4nt\u00f6 ohjaavat mediaa samaan suuntaan, joten niiden tavoitteet ja arvot&hellip;\" \/>\n<meta property=\"og:url\" content=\"https:\/\/mediaviestinta.fi\/mevi2020\/2023\/06\/mika-maarittaa-rikosasian-julkisuuden\/\" \/>\n<meta property=\"og:site_name\" content=\"Mevi\" \/>\n<meta property=\"article:publisher\" content=\"https:\/\/www.facebook.com\/MediaViestinta\/\" \/>\n<meta property=\"article:published_time\" content=\"2023-06-13T05:36:50+00:00\" \/>\n<meta property=\"article:modified_time\" content=\"2023-06-13T05:36:52+00:00\" \/>\n<meta property=\"og:image\" content=\"https:\/\/mediaviestinta.fi\/mevi2020\/wp-content\/uploads\/2023\/06\/arrest-g5455969cc_1280.jpg\" \/>\n\t<meta property=\"og:image:width\" content=\"1280\" \/>\n\t<meta property=\"og:image:height\" content=\"853\" \/>\n\t<meta property=\"og:image:type\" content=\"image\/jpeg\" \/>\n<meta name=\"author\" content=\"Mevi\" \/>\n<meta name=\"twitter:card\" content=\"summary_large_image\" \/>\n<meta name=\"twitter:creator\" content=\"@mediaviestinta\" \/>\n<meta name=\"twitter:site\" content=\"@mediaviestinta\" \/>\n<meta name=\"twitter:label1\" content=\"Kirjoittanut\" \/>\n\t<meta name=\"twitter:data1\" content=\"Mevi\" \/>\n\t<meta name=\"twitter:label2\" content=\"Arvioitu lukuaika\" \/>\n\t<meta name=\"twitter:data2\" content=\"3 minuuttia\" \/>\n<script type=\"application\/ld+json\" class=\"yoast-schema-graph\">{\"@context\":\"https:\\\/\\\/schema.org\",\"@graph\":[{\"@type\":\"Article\",\"@id\":\"https:\\\/\\\/mediaviestinta.fi\\\/mevi2020\\\/2023\\\/06\\\/mika-maarittaa-rikosasian-julkisuuden\\\/#article\",\"isPartOf\":{\"@id\":\"https:\\\/\\\/mediaviestinta.fi\\\/mevi2020\\\/2023\\\/06\\\/mika-maarittaa-rikosasian-julkisuuden\\\/\"},\"author\":{\"name\":\"Mevi\",\"@id\":\"https:\\\/\\\/mediaviestinta.fi\\\/#\\\/schema\\\/person\\\/b2da34ab24cfcd17dbdd6c7cfb173257\"},\"headline\":\"Mik\u00e4 m\u00e4\u00e4ritt\u00e4\u00e4 rikosasian julkisuuden?\",\"datePublished\":\"2023-06-13T05:36:50+00:00\",\"dateModified\":\"2023-06-13T05:36:52+00:00\",\"mainEntityOfPage\":{\"@id\":\"https:\\\/\\\/mediaviestinta.fi\\\/mevi2020\\\/2023\\\/06\\\/mika-maarittaa-rikosasian-julkisuuden\\\/\"},\"wordCount\":484,\"commentCount\":0,\"publisher\":{\"@id\":\"https:\\\/\\\/mediaviestinta.fi\\\/#organization\"},\"image\":{\"@id\":\"https:\\\/\\\/mediaviestinta.fi\\\/mevi2020\\\/2023\\\/06\\\/mika-maarittaa-rikosasian-julkisuuden\\\/#primaryimage\"},\"thumbnailUrl\":\"https:\\\/\\\/mediaviestinta.fi\\\/mevi2020\\\/wp-content\\\/uploads\\\/2023\\\/06\\\/arrest-g5455969cc_1280.jpg\",\"inLanguage\":\"fi\",\"potentialAction\":[{\"@type\":\"CommentAction\",\"name\":\"Comment\",\"target\":[\"https:\\\/\\\/mediaviestinta.fi\\\/mevi2020\\\/2023\\\/06\\\/mika-maarittaa-rikosasian-julkisuuden\\\/#respond\"]}]},{\"@type\":\"WebPage\",\"@id\":\"https:\\\/\\\/mediaviestinta.fi\\\/mevi2020\\\/2023\\\/06\\\/mika-maarittaa-rikosasian-julkisuuden\\\/\",\"url\":\"https:\\\/\\\/mediaviestinta.fi\\\/mevi2020\\\/2023\\\/06\\\/mika-maarittaa-rikosasian-julkisuuden\\\/\",\"name\":\"Mik\u00e4 m\u00e4\u00e4ritt\u00e4\u00e4 rikosasian julkisuuden? &#8211; Mevi\",\"isPartOf\":{\"@id\":\"https:\\\/\\\/mediaviestinta.fi\\\/#website\"},\"primaryImageOfPage\":{\"@id\":\"https:\\\/\\\/mediaviestinta.fi\\\/mevi2020\\\/2023\\\/06\\\/mika-maarittaa-rikosasian-julkisuuden\\\/#primaryimage\"},\"image\":{\"@id\":\"https:\\\/\\\/mediaviestinta.fi\\\/mevi2020\\\/2023\\\/06\\\/mika-maarittaa-rikosasian-julkisuuden\\\/#primaryimage\"},\"thumbnailUrl\":\"https:\\\/\\\/mediaviestinta.fi\\\/mevi2020\\\/wp-content\\\/uploads\\\/2023\\\/06\\\/arrest-g5455969cc_1280.jpg\",\"datePublished\":\"2023-06-13T05:36:50+00:00\",\"dateModified\":\"2023-06-13T05:36:52+00:00\",\"breadcrumb\":{\"@id\":\"https:\\\/\\\/mediaviestinta.fi\\\/mevi2020\\\/2023\\\/06\\\/mika-maarittaa-rikosasian-julkisuuden\\\/#breadcrumb\"},\"inLanguage\":\"fi\",\"potentialAction\":[{\"@type\":\"ReadAction\",\"target\":[\"https:\\\/\\\/mediaviestinta.fi\\\/mevi2020\\\/2023\\\/06\\\/mika-maarittaa-rikosasian-julkisuuden\\\/\"]}]},{\"@type\":\"ImageObject\",\"inLanguage\":\"fi\",\"@id\":\"https:\\\/\\\/mediaviestinta.fi\\\/mevi2020\\\/2023\\\/06\\\/mika-maarittaa-rikosasian-julkisuuden\\\/#primaryimage\",\"url\":\"https:\\\/\\\/mediaviestinta.fi\\\/mevi2020\\\/wp-content\\\/uploads\\\/2023\\\/06\\\/arrest-g5455969cc_1280.jpg\",\"contentUrl\":\"https:\\\/\\\/mediaviestinta.fi\\\/mevi2020\\\/wp-content\\\/uploads\\\/2023\\\/06\\\/arrest-g5455969cc_1280.jpg\",\"width\":1280,\"height\":853,\"caption\":\"Mustavalkoinen l\u00e4hikuva selin olevasta henkil\u00f6st\u00e4. Henkil\u00f6n k\u00e4det on kytketty toisiinsa k\u00e4siraudoilla, ja ne ovat likaiset. K\u00e4siraudoitetun henkil\u00f6n ymp\u00e4rill\u00e4 on aseistautuneita poliiseja, joilla on k\u00e4siss\u00e4\u00e4n suojak\u00e4sineet.\"},{\"@type\":\"BreadcrumbList\",\"@id\":\"https:\\\/\\\/mediaviestinta.fi\\\/mevi2020\\\/2023\\\/06\\\/mika-maarittaa-rikosasian-julkisuuden\\\/#breadcrumb\",\"itemListElement\":[{\"@type\":\"ListItem\",\"position\":1,\"name\":\"Home\",\"item\":\"https:\\\/\\\/mediaviestinta.fi\\\/\"},{\"@type\":\"ListItem\",\"position\":2,\"name\":\"Mik\u00e4 m\u00e4\u00e4ritt\u00e4\u00e4 rikosasian julkisuuden?\"}]},{\"@type\":\"WebSite\",\"@id\":\"https:\\\/\\\/mediaviestinta.fi\\\/#website\",\"url\":\"https:\\\/\\\/mediaviestinta.fi\\\/\",\"name\":\"Mevi\",\"description\":\"Media- ja viestint\u00e4tieteellinen seura Mevi\",\"publisher\":{\"@id\":\"https:\\\/\\\/mediaviestinta.fi\\\/#organization\"},\"potentialAction\":[{\"@type\":\"SearchAction\",\"target\":{\"@type\":\"EntryPoint\",\"urlTemplate\":\"https:\\\/\\\/mediaviestinta.fi\\\/?s={search_term_string}\"},\"query-input\":{\"@type\":\"PropertyValueSpecification\",\"valueRequired\":true,\"valueName\":\"search_term_string\"}}],\"inLanguage\":\"fi\"},{\"@type\":\"Organization\",\"@id\":\"https:\\\/\\\/mediaviestinta.fi\\\/#organization\",\"name\":\"Media- ja viestint\u00e4tieteellinen seura Mevi\",\"url\":\"https:\\\/\\\/mediaviestinta.fi\\\/\",\"logo\":{\"@type\":\"ImageObject\",\"inLanguage\":\"fi\",\"@id\":\"https:\\\/\\\/mediaviestinta.fi\\\/#\\\/schema\\\/logo\\\/image\\\/\",\"url\":\"https:\\\/\\\/mediaviestinta.fi\\\/mevi2020\\\/wp-content\\\/uploads\\\/2020\\\/03\\\/mevi-logo-RGB-Transparent.png\",\"contentUrl\":\"https:\\\/\\\/mediaviestinta.fi\\\/mevi2020\\\/wp-content\\\/uploads\\\/2020\\\/03\\\/mevi-logo-RGB-Transparent.png\",\"width\":910,\"height\":464,\"caption\":\"Media- ja viestint\u00e4tieteellinen seura Mevi\"},\"image\":{\"@id\":\"https:\\\/\\\/mediaviestinta.fi\\\/#\\\/schema\\\/logo\\\/image\\\/\"},\"sameAs\":[\"https:\\\/\\\/www.facebook.com\\\/MediaViestinta\\\/\",\"https:\\\/\\\/x.com\\\/mediaviestinta\"]},{\"@type\":\"Person\",\"@id\":\"https:\\\/\\\/mediaviestinta.fi\\\/#\\\/schema\\\/person\\\/b2da34ab24cfcd17dbdd6c7cfb173257\",\"name\":\"Mevi\",\"image\":{\"@type\":\"ImageObject\",\"inLanguage\":\"fi\",\"@id\":\"https:\\\/\\\/secure.gravatar.com\\\/avatar\\\/3305b76d1667dc119a18808ed03d6a1fc2dfa8b6a1cddecb8c4d27ef14ec32ca?s=96&d=mm&r=g\",\"url\":\"https:\\\/\\\/secure.gravatar.com\\\/avatar\\\/3305b76d1667dc119a18808ed03d6a1fc2dfa8b6a1cddecb8c4d27ef14ec32ca?s=96&d=mm&r=g\",\"contentUrl\":\"https:\\\/\\\/secure.gravatar.com\\\/avatar\\\/3305b76d1667dc119a18808ed03d6a1fc2dfa8b6a1cddecb8c4d27ef14ec32ca?s=96&d=mm&r=g\",\"caption\":\"Mevi\"},\"url\":\"https:\\\/\\\/mediaviestinta.fi\\\/mevi2020\\\/author\\\/mediavie\\\/\"}]}<\/script>\n<!-- \/ Yoast SEO plugin. -->","yoast_head_json":{"title":"Mik\u00e4 m\u00e4\u00e4ritt\u00e4\u00e4 rikosasian julkisuuden? &#8211; Mevi","robots":{"index":"index","follow":"follow","max-snippet":"max-snippet:-1","max-image-preview":"max-image-preview:large","max-video-preview":"max-video-preview:-1"},"canonical":"https:\/\/mediaviestinta.fi\/mevi2020\/2023\/06\/mika-maarittaa-rikosasian-julkisuuden\/","og_locale":"fi_FI","og_type":"article","og_title":"Mik\u00e4 m\u00e4\u00e4ritt\u00e4\u00e4 rikosasian julkisuuden? &#8211; Mevi","og_description":"Katsausartikkelissaan&nbsp;Median n\u00e4k\u00f6kulma rikosasioiden julkisuuslain-s\u00e4\u00e4d\u00e4nt\u00f6\u00f6n&nbsp;dosentti Satu Rantaeskola perehtyy suomalaisen julkisuuslains\u00e4\u00e4d\u00e4nn\u00f6n ja journalismin periaatteiden merkitykseen rikosasioiden uutisoinnissa. Journalistin ohjeet ja lains\u00e4\u00e4d\u00e4nt\u00f6 ohjaavat mediaa samaan suuntaan, joten niiden tavoitteet ja arvot&hellip;","og_url":"https:\/\/mediaviestinta.fi\/mevi2020\/2023\/06\/mika-maarittaa-rikosasian-julkisuuden\/","og_site_name":"Mevi","article_publisher":"https:\/\/www.facebook.com\/MediaViestinta\/","article_published_time":"2023-06-13T05:36:50+00:00","article_modified_time":"2023-06-13T05:36:52+00:00","og_image":[{"width":1280,"height":853,"url":"https:\/\/mediaviestinta.fi\/mevi2020\/wp-content\/uploads\/2023\/06\/arrest-g5455969cc_1280.jpg","type":"image\/jpeg"}],"author":"Mevi","twitter_card":"summary_large_image","twitter_creator":"@mediaviestinta","twitter_site":"@mediaviestinta","twitter_misc":{"Kirjoittanut":"Mevi","Arvioitu lukuaika":"3 minuuttia"},"schema":{"@context":"https:\/\/schema.org","@graph":[{"@type":"Article","@id":"https:\/\/mediaviestinta.fi\/mevi2020\/2023\/06\/mika-maarittaa-rikosasian-julkisuuden\/#article","isPartOf":{"@id":"https:\/\/mediaviestinta.fi\/mevi2020\/2023\/06\/mika-maarittaa-rikosasian-julkisuuden\/"},"author":{"name":"Mevi","@id":"https:\/\/mediaviestinta.fi\/#\/schema\/person\/b2da34ab24cfcd17dbdd6c7cfb173257"},"headline":"Mik\u00e4 m\u00e4\u00e4ritt\u00e4\u00e4 rikosasian julkisuuden?","datePublished":"2023-06-13T05:36:50+00:00","dateModified":"2023-06-13T05:36:52+00:00","mainEntityOfPage":{"@id":"https:\/\/mediaviestinta.fi\/mevi2020\/2023\/06\/mika-maarittaa-rikosasian-julkisuuden\/"},"wordCount":484,"commentCount":0,"publisher":{"@id":"https:\/\/mediaviestinta.fi\/#organization"},"image":{"@id":"https:\/\/mediaviestinta.fi\/mevi2020\/2023\/06\/mika-maarittaa-rikosasian-julkisuuden\/#primaryimage"},"thumbnailUrl":"https:\/\/mediaviestinta.fi\/mevi2020\/wp-content\/uploads\/2023\/06\/arrest-g5455969cc_1280.jpg","inLanguage":"fi","potentialAction":[{"@type":"CommentAction","name":"Comment","target":["https:\/\/mediaviestinta.fi\/mevi2020\/2023\/06\/mika-maarittaa-rikosasian-julkisuuden\/#respond"]}]},{"@type":"WebPage","@id":"https:\/\/mediaviestinta.fi\/mevi2020\/2023\/06\/mika-maarittaa-rikosasian-julkisuuden\/","url":"https:\/\/mediaviestinta.fi\/mevi2020\/2023\/06\/mika-maarittaa-rikosasian-julkisuuden\/","name":"Mik\u00e4 m\u00e4\u00e4ritt\u00e4\u00e4 rikosasian julkisuuden? &#8211; Mevi","isPartOf":{"@id":"https:\/\/mediaviestinta.fi\/#website"},"primaryImageOfPage":{"@id":"https:\/\/mediaviestinta.fi\/mevi2020\/2023\/06\/mika-maarittaa-rikosasian-julkisuuden\/#primaryimage"},"image":{"@id":"https:\/\/mediaviestinta.fi\/mevi2020\/2023\/06\/mika-maarittaa-rikosasian-julkisuuden\/#primaryimage"},"thumbnailUrl":"https:\/\/mediaviestinta.fi\/mevi2020\/wp-content\/uploads\/2023\/06\/arrest-g5455969cc_1280.jpg","datePublished":"2023-06-13T05:36:50+00:00","dateModified":"2023-06-13T05:36:52+00:00","breadcrumb":{"@id":"https:\/\/mediaviestinta.fi\/mevi2020\/2023\/06\/mika-maarittaa-rikosasian-julkisuuden\/#breadcrumb"},"inLanguage":"fi","potentialAction":[{"@type":"ReadAction","target":["https:\/\/mediaviestinta.fi\/mevi2020\/2023\/06\/mika-maarittaa-rikosasian-julkisuuden\/"]}]},{"@type":"ImageObject","inLanguage":"fi","@id":"https:\/\/mediaviestinta.fi\/mevi2020\/2023\/06\/mika-maarittaa-rikosasian-julkisuuden\/#primaryimage","url":"https:\/\/mediaviestinta.fi\/mevi2020\/wp-content\/uploads\/2023\/06\/arrest-g5455969cc_1280.jpg","contentUrl":"https:\/\/mediaviestinta.fi\/mevi2020\/wp-content\/uploads\/2023\/06\/arrest-g5455969cc_1280.jpg","width":1280,"height":853,"caption":"Mustavalkoinen l\u00e4hikuva selin olevasta henkil\u00f6st\u00e4. Henkil\u00f6n k\u00e4det on kytketty toisiinsa k\u00e4siraudoilla, ja ne ovat likaiset. K\u00e4siraudoitetun henkil\u00f6n ymp\u00e4rill\u00e4 on aseistautuneita poliiseja, joilla on k\u00e4siss\u00e4\u00e4n suojak\u00e4sineet."},{"@type":"BreadcrumbList","@id":"https:\/\/mediaviestinta.fi\/mevi2020\/2023\/06\/mika-maarittaa-rikosasian-julkisuuden\/#breadcrumb","itemListElement":[{"@type":"ListItem","position":1,"name":"Home","item":"https:\/\/mediaviestinta.fi\/"},{"@type":"ListItem","position":2,"name":"Mik\u00e4 m\u00e4\u00e4ritt\u00e4\u00e4 rikosasian julkisuuden?"}]},{"@type":"WebSite","@id":"https:\/\/mediaviestinta.fi\/#website","url":"https:\/\/mediaviestinta.fi\/","name":"Mevi","description":"Media- ja viestint\u00e4tieteellinen seura Mevi","publisher":{"@id":"https:\/\/mediaviestinta.fi\/#organization"},"potentialAction":[{"@type":"SearchAction","target":{"@type":"EntryPoint","urlTemplate":"https:\/\/mediaviestinta.fi\/?s={search_term_string}"},"query-input":{"@type":"PropertyValueSpecification","valueRequired":true,"valueName":"search_term_string"}}],"inLanguage":"fi"},{"@type":"Organization","@id":"https:\/\/mediaviestinta.fi\/#organization","name":"Media- ja viestint\u00e4tieteellinen seura Mevi","url":"https:\/\/mediaviestinta.fi\/","logo":{"@type":"ImageObject","inLanguage":"fi","@id":"https:\/\/mediaviestinta.fi\/#\/schema\/logo\/image\/","url":"https:\/\/mediaviestinta.fi\/mevi2020\/wp-content\/uploads\/2020\/03\/mevi-logo-RGB-Transparent.png","contentUrl":"https:\/\/mediaviestinta.fi\/mevi2020\/wp-content\/uploads\/2020\/03\/mevi-logo-RGB-Transparent.png","width":910,"height":464,"caption":"Media- ja viestint\u00e4tieteellinen seura Mevi"},"image":{"@id":"https:\/\/mediaviestinta.fi\/#\/schema\/logo\/image\/"},"sameAs":["https:\/\/www.facebook.com\/MediaViestinta\/","https:\/\/x.com\/mediaviestinta"]},{"@type":"Person","@id":"https:\/\/mediaviestinta.fi\/#\/schema\/person\/b2da34ab24cfcd17dbdd6c7cfb173257","name":"Mevi","image":{"@type":"ImageObject","inLanguage":"fi","@id":"https:\/\/secure.gravatar.com\/avatar\/3305b76d1667dc119a18808ed03d6a1fc2dfa8b6a1cddecb8c4d27ef14ec32ca?s=96&d=mm&r=g","url":"https:\/\/secure.gravatar.com\/avatar\/3305b76d1667dc119a18808ed03d6a1fc2dfa8b6a1cddecb8c4d27ef14ec32ca?s=96&d=mm&r=g","contentUrl":"https:\/\/secure.gravatar.com\/avatar\/3305b76d1667dc119a18808ed03d6a1fc2dfa8b6a1cddecb8c4d27ef14ec32ca?s=96&d=mm&r=g","caption":"Mevi"},"url":"https:\/\/mediaviestinta.fi\/mevi2020\/author\/mediavie\/"}]}},"_links":{"self":[{"href":"https:\/\/mediaviestinta.fi\/mevi2020\/wp-json\/wp\/v2\/posts\/4890","targetHints":{"allow":["GET"]}}],"collection":[{"href":"https:\/\/mediaviestinta.fi\/mevi2020\/wp-json\/wp\/v2\/posts"}],"about":[{"href":"https:\/\/mediaviestinta.fi\/mevi2020\/wp-json\/wp\/v2\/types\/post"}],"author":[{"embeddable":true,"href":"https:\/\/mediaviestinta.fi\/mevi2020\/wp-json\/wp\/v2\/users\/3"}],"replies":[{"embeddable":true,"href":"https:\/\/mediaviestinta.fi\/mevi2020\/wp-json\/wp\/v2\/comments?post=4890"}],"version-history":[{"count":3,"href":"https:\/\/mediaviestinta.fi\/mevi2020\/wp-json\/wp\/v2\/posts\/4890\/revisions"}],"predecessor-version":[{"id":4894,"href":"https:\/\/mediaviestinta.fi\/mevi2020\/wp-json\/wp\/v2\/posts\/4890\/revisions\/4894"}],"wp:featuredmedia":[{"embeddable":true,"href":"https:\/\/mediaviestinta.fi\/mevi2020\/wp-json\/wp\/v2\/media\/4892"}],"wp:attachment":[{"href":"https:\/\/mediaviestinta.fi\/mevi2020\/wp-json\/wp\/v2\/media?parent=4890"}],"wp:term":[{"taxonomy":"category","embeddable":true,"href":"https:\/\/mediaviestinta.fi\/mevi2020\/wp-json\/wp\/v2\/categories?post=4890"},{"taxonomy":"post_tag","embeddable":true,"href":"https:\/\/mediaviestinta.fi\/mevi2020\/wp-json\/wp\/v2\/tags?post=4890"}],"curies":[{"name":"wp","href":"https:\/\/api.w.org\/{rel}","templated":true}]}}