{"id":4931,"date":"2023-09-18T10:17:35","date_gmt":"2023-09-18T07:17:35","guid":{"rendered":"https:\/\/mediaviestinta.fi\/?p=4931"},"modified":"2023-09-18T10:17:36","modified_gmt":"2023-09-18T07:17:36","slug":"tervetuloa-ehdottamaan-tyoryhmaa-vuoden-2024-mevi-paiville","status":"publish","type":"post","link":"https:\/\/mediaviestinta.fi\/mevi2020\/2023\/09\/tervetuloa-ehdottamaan-tyoryhmaa-vuoden-2024-mevi-paiville\/","title":{"rendered":"Tervetuloa ehdottamaan ty\u00f6ryhm\u00e4\u00e4 vuoden 2024 Mevi-p\u00e4iville!"},"content":{"rendered":"\n<p>Median ja viestinn\u00e4n tutkimuksen p\u00e4iv\u00e4t on alansa merkitt\u00e4vin kotimainen konferenssi, joka tuo yhteen tutkijoita, opiskelijoita, opettajia ja muita media-alan ja viestinn\u00e4n asiantuntijoita. Seuraavat Mevi-p\u00e4iv\u00e4t j\u00e4rjestet\u00e4\u00e4n Tampereella 12.\u201313.4.2024.<\/p>\n\n\n\n<p>P\u00e4ivien teemana on \u201dMuutos vai jatkuvuus?\u201d Teema tarjoaa mahdollisuuden tarkastella median ja viestinn\u00e4n ajankohtaisia ilmi\u00f6it\u00e4 suhteessa alan itseymm\u00e4rrykseen, historiaan ja tutkimusperinteisiin. Konferenssin p\u00e4\u00e4puhujina ovat&nbsp;<strong>Mark Deuze<\/strong>&nbsp;Amsterdamin yliopistosta ja&nbsp;<strong>Minna Ruckenstein<\/strong>&nbsp;Helsingin yliopistosta.<\/p>\n\n\n\n<p>Esitykset ty\u00f6ryhmist\u00e4 voivat kytkeyty\u00e4 teemaan, mutta se ei ole v\u00e4ltt\u00e4m\u00e4t\u00f6nt\u00e4. Ty\u00f6ryhm\u00e4\u00e4 esitet\u00e4\u00e4n otsikolla ja maksimissaan 300-sanaisella kuvauksella ty\u00f6ryhm\u00e4n sis\u00e4ll\u00f6st\u00e4. Ty\u00f6ryhm\u00e4n esitt\u00e4j\u00e4 tyypillisesti toimii my\u00f6s ty\u00f6ryhm\u00e4n vet\u00e4j\u00e4n\u00e4 tai yhten\u00e4 vet\u00e4jist\u00e4. Ehdotukset tulee l\u00e4hett\u00e4\u00e4 27.10. menness\u00e4 t\u00e4ll\u00e4 lomakkeella:<\/p>\n\n\n\n<p><a href=\"https:\/\/www.lyyti.fi\/reg\/mevipaivat2024_tyoryhmat\" target=\"_blank\" rel=\"noreferrer noopener\">https:\/\/www.lyyti.fi\/reg\/mevipaivat2024_tyoryhmat<\/a><\/p>\n\n\n\n<p>P\u00e4\u00e4t\u00f6ksist\u00e4 ilmoitetaan ty\u00f6ryhmien esitt\u00e4jille s\u00e4hk\u00f6postilla 6.11. menness\u00e4.<\/p>\n\n\n\n<p>Konferenssin j\u00e4rjest\u00e4v\u00e4t Media- ja viestint\u00e4tieteellinen seura Mevi ry sek\u00e4 Tampereen yliopiston Informaatioteknologian ja viestinn\u00e4n tiedekunnan viestint\u00e4tieteiden yksikk\u00f6. Mevi-p\u00e4ivien tiedotusta voi seurata osoitteessa&nbsp;<a href=\"https:\/\/events.tuni.fi\/mevi2024\/\" target=\"_blank\" rel=\"noreferrer noopener\">https:\/\/events.tuni.fi\/mevi2024\/<\/a><\/p>\n\n\n\n<p><\/p>\n\n\n\n<p>L\u00e4mpimin terveisin,<br>Vuoden 2024 Mevi-p\u00e4ivien j\u00e4rjest\u00e4j\u00e4t<\/p>\n\n\n\n<p><strong>Heikki Heikkil\u00e4<\/strong><br>Tieteellinen ohjelma<br>heikki.heikkila@tuni.fi<\/p>\n\n\n\n<p><strong>Sinikka Torkkola<\/strong><br>Yleisj\u00e4rjestelyt<br>sinikka.torkkola@tuni.fi<\/p>\n\n\n\n<p><strong>Veera Ehrl\u00e9n<\/strong><br>Ty\u00f6ryhm\u00e4t<br>veera.ehrlen@jyu.fi<\/p>\n","protected":false},"excerpt":{"rendered":"<p>Median ja viestinn\u00e4n tutkimuksen p\u00e4iv\u00e4t on alansa merkitt\u00e4vin kotimainen konferenssi, joka tuo yhteen tutkijoita, opiskelijoita, opettajia ja muita media-alan ja viestinn\u00e4n asiantuntijoita. Seuraavat Mevi-p\u00e4iv\u00e4t j\u00e4rjestet\u00e4\u00e4n Tampereella 12.\u201313.4.2024. P\u00e4ivien&hellip;<\/p>\n","protected":false},"author":3,"featured_media":4934,"comment_status":"open","ping_status":"closed","sticky":false,"template":"","format":"standard","meta":{"_monsterinsights_skip_tracking":false,"_monsterinsights_sitenote_active":false,"_monsterinsights_sitenote_note":"","_monsterinsights_sitenote_category":0,"footnotes":""},"categories":[1],"tags":[],"class_list":["post-4931","post","type-post","status-publish","format-standard","has-post-thumbnail","hentry","category-yleinen"],"yoast_head":"<!-- This site is optimized with the Yoast SEO plugin v27.5 - https:\/\/yoast.com\/product\/yoast-seo-wordpress\/ -->\n<title>Tervetuloa ehdottamaan ty\u00f6ryhm\u00e4\u00e4 vuoden 2024 Mevi-p\u00e4iville! &#8211; Mevi<\/title>\n<meta name=\"robots\" content=\"index, follow, max-snippet:-1, max-image-preview:large, max-video-preview:-1\" \/>\n<link rel=\"canonical\" href=\"https:\/\/mediaviestinta.fi\/mevi2020\/2023\/09\/tervetuloa-ehdottamaan-tyoryhmaa-vuoden-2024-mevi-paiville\/\" \/>\n<meta property=\"og:locale\" content=\"fi_FI\" \/>\n<meta property=\"og:type\" content=\"article\" \/>\n<meta property=\"og:title\" content=\"Tervetuloa ehdottamaan ty\u00f6ryhm\u00e4\u00e4 vuoden 2024 Mevi-p\u00e4iville! &#8211; Mevi\" \/>\n<meta property=\"og:description\" content=\"Median ja viestinn\u00e4n tutkimuksen p\u00e4iv\u00e4t on alansa merkitt\u00e4vin kotimainen konferenssi, joka tuo yhteen tutkijoita, opiskelijoita, opettajia ja muita media-alan ja viestinn\u00e4n asiantuntijoita. Seuraavat Mevi-p\u00e4iv\u00e4t j\u00e4rjestet\u00e4\u00e4n Tampereella 12.\u201313.4.2024. P\u00e4ivien&hellip;\" \/>\n<meta property=\"og:url\" content=\"https:\/\/mediaviestinta.fi\/mevi2020\/2023\/09\/tervetuloa-ehdottamaan-tyoryhmaa-vuoden-2024-mevi-paiville\/\" \/>\n<meta property=\"og:site_name\" content=\"Mevi\" \/>\n<meta property=\"article:publisher\" content=\"https:\/\/www.facebook.com\/MediaViestinta\/\" \/>\n<meta property=\"article:published_time\" content=\"2023-09-18T07:17:35+00:00\" \/>\n<meta property=\"article:modified_time\" content=\"2023-09-18T07:17:36+00:00\" \/>\n<meta property=\"og:image\" content=\"https:\/\/mediaviestinta.fi\/mevi2020\/wp-content\/uploads\/2023\/09\/mevi24.png\" \/>\n\t<meta property=\"og:image:width\" content=\"1591\" \/>\n\t<meta property=\"og:image:height\" content=\"519\" \/>\n\t<meta property=\"og:image:type\" content=\"image\/png\" \/>\n<meta name=\"author\" content=\"Mevi\" \/>\n<meta name=\"twitter:card\" content=\"summary_large_image\" \/>\n<meta name=\"twitter:creator\" content=\"@mediaviestinta\" \/>\n<meta name=\"twitter:site\" content=\"@mediaviestinta\" \/>\n<meta name=\"twitter:label1\" content=\"Kirjoittanut\" \/>\n\t<meta name=\"twitter:data1\" content=\"Mevi\" \/>\n\t<meta name=\"twitter:label2\" content=\"Arvioitu lukuaika\" \/>\n\t<meta name=\"twitter:data2\" content=\"1 minuutti\" \/>\n<script type=\"application\/ld+json\" class=\"yoast-schema-graph\">{\"@context\":\"https:\\\/\\\/schema.org\",\"@graph\":[{\"@type\":\"Article\",\"@id\":\"https:\\\/\\\/mediaviestinta.fi\\\/mevi2020\\\/2023\\\/09\\\/tervetuloa-ehdottamaan-tyoryhmaa-vuoden-2024-mevi-paiville\\\/#article\",\"isPartOf\":{\"@id\":\"https:\\\/\\\/mediaviestinta.fi\\\/mevi2020\\\/2023\\\/09\\\/tervetuloa-ehdottamaan-tyoryhmaa-vuoden-2024-mevi-paiville\\\/\"},\"author\":{\"name\":\"Mevi\",\"@id\":\"https:\\\/\\\/mediaviestinta.fi\\\/#\\\/schema\\\/person\\\/b2da34ab24cfcd17dbdd6c7cfb173257\"},\"headline\":\"Tervetuloa ehdottamaan ty\u00f6ryhm\u00e4\u00e4 vuoden 2024 Mevi-p\u00e4iville!\",\"datePublished\":\"2023-09-18T07:17:35+00:00\",\"dateModified\":\"2023-09-18T07:17:36+00:00\",\"mainEntityOfPage\":{\"@id\":\"https:\\\/\\\/mediaviestinta.fi\\\/mevi2020\\\/2023\\\/09\\\/tervetuloa-ehdottamaan-tyoryhmaa-vuoden-2024-mevi-paiville\\\/\"},\"wordCount\":228,\"commentCount\":0,\"publisher\":{\"@id\":\"https:\\\/\\\/mediaviestinta.fi\\\/#organization\"},\"image\":{\"@id\":\"https:\\\/\\\/mediaviestinta.fi\\\/mevi2020\\\/2023\\\/09\\\/tervetuloa-ehdottamaan-tyoryhmaa-vuoden-2024-mevi-paiville\\\/#primaryimage\"},\"thumbnailUrl\":\"https:\\\/\\\/mediaviestinta.fi\\\/mevi2020\\\/wp-content\\\/uploads\\\/2023\\\/09\\\/mevi24.png\",\"inLanguage\":\"fi\",\"potentialAction\":[{\"@type\":\"CommentAction\",\"name\":\"Comment\",\"target\":[\"https:\\\/\\\/mediaviestinta.fi\\\/mevi2020\\\/2023\\\/09\\\/tervetuloa-ehdottamaan-tyoryhmaa-vuoden-2024-mevi-paiville\\\/#respond\"]}]},{\"@type\":\"WebPage\",\"@id\":\"https:\\\/\\\/mediaviestinta.fi\\\/mevi2020\\\/2023\\\/09\\\/tervetuloa-ehdottamaan-tyoryhmaa-vuoden-2024-mevi-paiville\\\/\",\"url\":\"https:\\\/\\\/mediaviestinta.fi\\\/mevi2020\\\/2023\\\/09\\\/tervetuloa-ehdottamaan-tyoryhmaa-vuoden-2024-mevi-paiville\\\/\",\"name\":\"Tervetuloa ehdottamaan ty\u00f6ryhm\u00e4\u00e4 vuoden 2024 Mevi-p\u00e4iville! &#8211; Mevi\",\"isPartOf\":{\"@id\":\"https:\\\/\\\/mediaviestinta.fi\\\/#website\"},\"primaryImageOfPage\":{\"@id\":\"https:\\\/\\\/mediaviestinta.fi\\\/mevi2020\\\/2023\\\/09\\\/tervetuloa-ehdottamaan-tyoryhmaa-vuoden-2024-mevi-paiville\\\/#primaryimage\"},\"image\":{\"@id\":\"https:\\\/\\\/mediaviestinta.fi\\\/mevi2020\\\/2023\\\/09\\\/tervetuloa-ehdottamaan-tyoryhmaa-vuoden-2024-mevi-paiville\\\/#primaryimage\"},\"thumbnailUrl\":\"https:\\\/\\\/mediaviestinta.fi\\\/mevi2020\\\/wp-content\\\/uploads\\\/2023\\\/09\\\/mevi24.png\",\"datePublished\":\"2023-09-18T07:17:35+00:00\",\"dateModified\":\"2023-09-18T07:17:36+00:00\",\"breadcrumb\":{\"@id\":\"https:\\\/\\\/mediaviestinta.fi\\\/mevi2020\\\/2023\\\/09\\\/tervetuloa-ehdottamaan-tyoryhmaa-vuoden-2024-mevi-paiville\\\/#breadcrumb\"},\"inLanguage\":\"fi\",\"potentialAction\":[{\"@type\":\"ReadAction\",\"target\":[\"https:\\\/\\\/mediaviestinta.fi\\\/mevi2020\\\/2023\\\/09\\\/tervetuloa-ehdottamaan-tyoryhmaa-vuoden-2024-mevi-paiville\\\/\"]}]},{\"@type\":\"ImageObject\",\"inLanguage\":\"fi\",\"@id\":\"https:\\\/\\\/mediaviestinta.fi\\\/mevi2020\\\/2023\\\/09\\\/tervetuloa-ehdottamaan-tyoryhmaa-vuoden-2024-mevi-paiville\\\/#primaryimage\",\"url\":\"https:\\\/\\\/mediaviestinta.fi\\\/mevi2020\\\/wp-content\\\/uploads\\\/2023\\\/09\\\/mevi24.png\",\"contentUrl\":\"https:\\\/\\\/mediaviestinta.fi\\\/mevi2020\\\/wp-content\\\/uploads\\\/2023\\\/09\\\/mevi24.png\",\"width\":1591,\"height\":519},{\"@type\":\"BreadcrumbList\",\"@id\":\"https:\\\/\\\/mediaviestinta.fi\\\/mevi2020\\\/2023\\\/09\\\/tervetuloa-ehdottamaan-tyoryhmaa-vuoden-2024-mevi-paiville\\\/#breadcrumb\",\"itemListElement\":[{\"@type\":\"ListItem\",\"position\":1,\"name\":\"Home\",\"item\":\"https:\\\/\\\/mediaviestinta.fi\\\/\"},{\"@type\":\"ListItem\",\"position\":2,\"name\":\"Tervetuloa ehdottamaan ty\u00f6ryhm\u00e4\u00e4 vuoden 2024 Mevi-p\u00e4iville!\"}]},{\"@type\":\"WebSite\",\"@id\":\"https:\\\/\\\/mediaviestinta.fi\\\/#website\",\"url\":\"https:\\\/\\\/mediaviestinta.fi\\\/\",\"name\":\"Mevi\",\"description\":\"Media- ja viestint\u00e4tieteellinen seura Mevi\",\"publisher\":{\"@id\":\"https:\\\/\\\/mediaviestinta.fi\\\/#organization\"},\"potentialAction\":[{\"@type\":\"SearchAction\",\"target\":{\"@type\":\"EntryPoint\",\"urlTemplate\":\"https:\\\/\\\/mediaviestinta.fi\\\/?s={search_term_string}\"},\"query-input\":{\"@type\":\"PropertyValueSpecification\",\"valueRequired\":true,\"valueName\":\"search_term_string\"}}],\"inLanguage\":\"fi\"},{\"@type\":\"Organization\",\"@id\":\"https:\\\/\\\/mediaviestinta.fi\\\/#organization\",\"name\":\"Media- ja viestint\u00e4tieteellinen seura Mevi\",\"url\":\"https:\\\/\\\/mediaviestinta.fi\\\/\",\"logo\":{\"@type\":\"ImageObject\",\"inLanguage\":\"fi\",\"@id\":\"https:\\\/\\\/mediaviestinta.fi\\\/#\\\/schema\\\/logo\\\/image\\\/\",\"url\":\"https:\\\/\\\/mediaviestinta.fi\\\/mevi2020\\\/wp-content\\\/uploads\\\/2020\\\/03\\\/mevi-logo-RGB-Transparent.png\",\"contentUrl\":\"https:\\\/\\\/mediaviestinta.fi\\\/mevi2020\\\/wp-content\\\/uploads\\\/2020\\\/03\\\/mevi-logo-RGB-Transparent.png\",\"width\":910,\"height\":464,\"caption\":\"Media- ja viestint\u00e4tieteellinen seura Mevi\"},\"image\":{\"@id\":\"https:\\\/\\\/mediaviestinta.fi\\\/#\\\/schema\\\/logo\\\/image\\\/\"},\"sameAs\":[\"https:\\\/\\\/www.facebook.com\\\/MediaViestinta\\\/\",\"https:\\\/\\\/x.com\\\/mediaviestinta\"]},{\"@type\":\"Person\",\"@id\":\"https:\\\/\\\/mediaviestinta.fi\\\/#\\\/schema\\\/person\\\/b2da34ab24cfcd17dbdd6c7cfb173257\",\"name\":\"Mevi\",\"image\":{\"@type\":\"ImageObject\",\"inLanguage\":\"fi\",\"@id\":\"https:\\\/\\\/secure.gravatar.com\\\/avatar\\\/3305b76d1667dc119a18808ed03d6a1fc2dfa8b6a1cddecb8c4d27ef14ec32ca?s=96&d=mm&r=g\",\"url\":\"https:\\\/\\\/secure.gravatar.com\\\/avatar\\\/3305b76d1667dc119a18808ed03d6a1fc2dfa8b6a1cddecb8c4d27ef14ec32ca?s=96&d=mm&r=g\",\"contentUrl\":\"https:\\\/\\\/secure.gravatar.com\\\/avatar\\\/3305b76d1667dc119a18808ed03d6a1fc2dfa8b6a1cddecb8c4d27ef14ec32ca?s=96&d=mm&r=g\",\"caption\":\"Mevi\"},\"url\":\"https:\\\/\\\/mediaviestinta.fi\\\/mevi2020\\\/author\\\/mediavie\\\/\"}]}<\/script>\n<!-- \/ Yoast SEO plugin. -->","yoast_head_json":{"title":"Tervetuloa ehdottamaan ty\u00f6ryhm\u00e4\u00e4 vuoden 2024 Mevi-p\u00e4iville! &#8211; Mevi","robots":{"index":"index","follow":"follow","max-snippet":"max-snippet:-1","max-image-preview":"max-image-preview:large","max-video-preview":"max-video-preview:-1"},"canonical":"https:\/\/mediaviestinta.fi\/mevi2020\/2023\/09\/tervetuloa-ehdottamaan-tyoryhmaa-vuoden-2024-mevi-paiville\/","og_locale":"fi_FI","og_type":"article","og_title":"Tervetuloa ehdottamaan ty\u00f6ryhm\u00e4\u00e4 vuoden 2024 Mevi-p\u00e4iville! &#8211; Mevi","og_description":"Median ja viestinn\u00e4n tutkimuksen p\u00e4iv\u00e4t on alansa merkitt\u00e4vin kotimainen konferenssi, joka tuo yhteen tutkijoita, opiskelijoita, opettajia ja muita media-alan ja viestinn\u00e4n asiantuntijoita. Seuraavat Mevi-p\u00e4iv\u00e4t j\u00e4rjestet\u00e4\u00e4n Tampereella 12.\u201313.4.2024. P\u00e4ivien&hellip;","og_url":"https:\/\/mediaviestinta.fi\/mevi2020\/2023\/09\/tervetuloa-ehdottamaan-tyoryhmaa-vuoden-2024-mevi-paiville\/","og_site_name":"Mevi","article_publisher":"https:\/\/www.facebook.com\/MediaViestinta\/","article_published_time":"2023-09-18T07:17:35+00:00","article_modified_time":"2023-09-18T07:17:36+00:00","og_image":[{"width":1591,"height":519,"url":"https:\/\/mediaviestinta.fi\/mevi2020\/wp-content\/uploads\/2023\/09\/mevi24.png","type":"image\/png"}],"author":"Mevi","twitter_card":"summary_large_image","twitter_creator":"@mediaviestinta","twitter_site":"@mediaviestinta","twitter_misc":{"Kirjoittanut":"Mevi","Arvioitu lukuaika":"1 minuutti"},"schema":{"@context":"https:\/\/schema.org","@graph":[{"@type":"Article","@id":"https:\/\/mediaviestinta.fi\/mevi2020\/2023\/09\/tervetuloa-ehdottamaan-tyoryhmaa-vuoden-2024-mevi-paiville\/#article","isPartOf":{"@id":"https:\/\/mediaviestinta.fi\/mevi2020\/2023\/09\/tervetuloa-ehdottamaan-tyoryhmaa-vuoden-2024-mevi-paiville\/"},"author":{"name":"Mevi","@id":"https:\/\/mediaviestinta.fi\/#\/schema\/person\/b2da34ab24cfcd17dbdd6c7cfb173257"},"headline":"Tervetuloa ehdottamaan ty\u00f6ryhm\u00e4\u00e4 vuoden 2024 Mevi-p\u00e4iville!","datePublished":"2023-09-18T07:17:35+00:00","dateModified":"2023-09-18T07:17:36+00:00","mainEntityOfPage":{"@id":"https:\/\/mediaviestinta.fi\/mevi2020\/2023\/09\/tervetuloa-ehdottamaan-tyoryhmaa-vuoden-2024-mevi-paiville\/"},"wordCount":228,"commentCount":0,"publisher":{"@id":"https:\/\/mediaviestinta.fi\/#organization"},"image":{"@id":"https:\/\/mediaviestinta.fi\/mevi2020\/2023\/09\/tervetuloa-ehdottamaan-tyoryhmaa-vuoden-2024-mevi-paiville\/#primaryimage"},"thumbnailUrl":"https:\/\/mediaviestinta.fi\/mevi2020\/wp-content\/uploads\/2023\/09\/mevi24.png","inLanguage":"fi","potentialAction":[{"@type":"CommentAction","name":"Comment","target":["https:\/\/mediaviestinta.fi\/mevi2020\/2023\/09\/tervetuloa-ehdottamaan-tyoryhmaa-vuoden-2024-mevi-paiville\/#respond"]}]},{"@type":"WebPage","@id":"https:\/\/mediaviestinta.fi\/mevi2020\/2023\/09\/tervetuloa-ehdottamaan-tyoryhmaa-vuoden-2024-mevi-paiville\/","url":"https:\/\/mediaviestinta.fi\/mevi2020\/2023\/09\/tervetuloa-ehdottamaan-tyoryhmaa-vuoden-2024-mevi-paiville\/","name":"Tervetuloa ehdottamaan ty\u00f6ryhm\u00e4\u00e4 vuoden 2024 Mevi-p\u00e4iville! &#8211; Mevi","isPartOf":{"@id":"https:\/\/mediaviestinta.fi\/#website"},"primaryImageOfPage":{"@id":"https:\/\/mediaviestinta.fi\/mevi2020\/2023\/09\/tervetuloa-ehdottamaan-tyoryhmaa-vuoden-2024-mevi-paiville\/#primaryimage"},"image":{"@id":"https:\/\/mediaviestinta.fi\/mevi2020\/2023\/09\/tervetuloa-ehdottamaan-tyoryhmaa-vuoden-2024-mevi-paiville\/#primaryimage"},"thumbnailUrl":"https:\/\/mediaviestinta.fi\/mevi2020\/wp-content\/uploads\/2023\/09\/mevi24.png","datePublished":"2023-09-18T07:17:35+00:00","dateModified":"2023-09-18T07:17:36+00:00","breadcrumb":{"@id":"https:\/\/mediaviestinta.fi\/mevi2020\/2023\/09\/tervetuloa-ehdottamaan-tyoryhmaa-vuoden-2024-mevi-paiville\/#breadcrumb"},"inLanguage":"fi","potentialAction":[{"@type":"ReadAction","target":["https:\/\/mediaviestinta.fi\/mevi2020\/2023\/09\/tervetuloa-ehdottamaan-tyoryhmaa-vuoden-2024-mevi-paiville\/"]}]},{"@type":"ImageObject","inLanguage":"fi","@id":"https:\/\/mediaviestinta.fi\/mevi2020\/2023\/09\/tervetuloa-ehdottamaan-tyoryhmaa-vuoden-2024-mevi-paiville\/#primaryimage","url":"https:\/\/mediaviestinta.fi\/mevi2020\/wp-content\/uploads\/2023\/09\/mevi24.png","contentUrl":"https:\/\/mediaviestinta.fi\/mevi2020\/wp-content\/uploads\/2023\/09\/mevi24.png","width":1591,"height":519},{"@type":"BreadcrumbList","@id":"https:\/\/mediaviestinta.fi\/mevi2020\/2023\/09\/tervetuloa-ehdottamaan-tyoryhmaa-vuoden-2024-mevi-paiville\/#breadcrumb","itemListElement":[{"@type":"ListItem","position":1,"name":"Home","item":"https:\/\/mediaviestinta.fi\/"},{"@type":"ListItem","position":2,"name":"Tervetuloa ehdottamaan ty\u00f6ryhm\u00e4\u00e4 vuoden 2024 Mevi-p\u00e4iville!"}]},{"@type":"WebSite","@id":"https:\/\/mediaviestinta.fi\/#website","url":"https:\/\/mediaviestinta.fi\/","name":"Mevi","description":"Media- ja viestint\u00e4tieteellinen seura Mevi","publisher":{"@id":"https:\/\/mediaviestinta.fi\/#organization"},"potentialAction":[{"@type":"SearchAction","target":{"@type":"EntryPoint","urlTemplate":"https:\/\/mediaviestinta.fi\/?s={search_term_string}"},"query-input":{"@type":"PropertyValueSpecification","valueRequired":true,"valueName":"search_term_string"}}],"inLanguage":"fi"},{"@type":"Organization","@id":"https:\/\/mediaviestinta.fi\/#organization","name":"Media- ja viestint\u00e4tieteellinen seura Mevi","url":"https:\/\/mediaviestinta.fi\/","logo":{"@type":"ImageObject","inLanguage":"fi","@id":"https:\/\/mediaviestinta.fi\/#\/schema\/logo\/image\/","url":"https:\/\/mediaviestinta.fi\/mevi2020\/wp-content\/uploads\/2020\/03\/mevi-logo-RGB-Transparent.png","contentUrl":"https:\/\/mediaviestinta.fi\/mevi2020\/wp-content\/uploads\/2020\/03\/mevi-logo-RGB-Transparent.png","width":910,"height":464,"caption":"Media- ja viestint\u00e4tieteellinen seura Mevi"},"image":{"@id":"https:\/\/mediaviestinta.fi\/#\/schema\/logo\/image\/"},"sameAs":["https:\/\/www.facebook.com\/MediaViestinta\/","https:\/\/x.com\/mediaviestinta"]},{"@type":"Person","@id":"https:\/\/mediaviestinta.fi\/#\/schema\/person\/b2da34ab24cfcd17dbdd6c7cfb173257","name":"Mevi","image":{"@type":"ImageObject","inLanguage":"fi","@id":"https:\/\/secure.gravatar.com\/avatar\/3305b76d1667dc119a18808ed03d6a1fc2dfa8b6a1cddecb8c4d27ef14ec32ca?s=96&d=mm&r=g","url":"https:\/\/secure.gravatar.com\/avatar\/3305b76d1667dc119a18808ed03d6a1fc2dfa8b6a1cddecb8c4d27ef14ec32ca?s=96&d=mm&r=g","contentUrl":"https:\/\/secure.gravatar.com\/avatar\/3305b76d1667dc119a18808ed03d6a1fc2dfa8b6a1cddecb8c4d27ef14ec32ca?s=96&d=mm&r=g","caption":"Mevi"},"url":"https:\/\/mediaviestinta.fi\/mevi2020\/author\/mediavie\/"}]}},"_links":{"self":[{"href":"https:\/\/mediaviestinta.fi\/mevi2020\/wp-json\/wp\/v2\/posts\/4931","targetHints":{"allow":["GET"]}}],"collection":[{"href":"https:\/\/mediaviestinta.fi\/mevi2020\/wp-json\/wp\/v2\/posts"}],"about":[{"href":"https:\/\/mediaviestinta.fi\/mevi2020\/wp-json\/wp\/v2\/types\/post"}],"author":[{"embeddable":true,"href":"https:\/\/mediaviestinta.fi\/mevi2020\/wp-json\/wp\/v2\/users\/3"}],"replies":[{"embeddable":true,"href":"https:\/\/mediaviestinta.fi\/mevi2020\/wp-json\/wp\/v2\/comments?post=4931"}],"version-history":[{"count":2,"href":"https:\/\/mediaviestinta.fi\/mevi2020\/wp-json\/wp\/v2\/posts\/4931\/revisions"}],"predecessor-version":[{"id":4933,"href":"https:\/\/mediaviestinta.fi\/mevi2020\/wp-json\/wp\/v2\/posts\/4931\/revisions\/4933"}],"wp:featuredmedia":[{"embeddable":true,"href":"https:\/\/mediaviestinta.fi\/mevi2020\/wp-json\/wp\/v2\/media\/4934"}],"wp:attachment":[{"href":"https:\/\/mediaviestinta.fi\/mevi2020\/wp-json\/wp\/v2\/media?parent=4931"}],"wp:term":[{"taxonomy":"category","embeddable":true,"href":"https:\/\/mediaviestinta.fi\/mevi2020\/wp-json\/wp\/v2\/categories?post=4931"},{"taxonomy":"post_tag","embeddable":true,"href":"https:\/\/mediaviestinta.fi\/mevi2020\/wp-json\/wp\/v2\/tags?post=4931"}],"curies":[{"name":"wp","href":"https:\/\/api.w.org\/{rel}","templated":true}]}}