{"id":4935,"date":"2023-09-27T08:11:34","date_gmt":"2023-09-27T05:11:34","guid":{"rendered":"https:\/\/mediaviestinta.fi\/?p=4935"},"modified":"2023-09-27T08:37:36","modified_gmt":"2023-09-27T05:37:36","slug":"valtamedian-suhtautumisessa-eriaviin-nakemyksiin-on-parannettavaa","status":"publish","type":"post","link":"https:\/\/mediaviestinta.fi\/mevi2020\/2023\/09\/valtamedian-suhtautumisessa-eriaviin-nakemyksiin-on-parannettavaa\/","title":{"rendered":"Valtamedian suhtautumisessa eri\u00e4viin n\u00e4kemyksiin on parannettavaa"},"content":{"rendered":"\n<p><strong>Artikkelissaan\u00a0<a href=\"https:\/\/doi.org\/10.23983\/mv.137062\">Kansalaisaktivistit vai pandemiankielt\u00e4j\u00e4t? Vaihtoehtoiset \u00e4\u00e4net journalistisessa mediassa COVID-19-pandemian aikana<\/a>\u00a0tutkija Maarit M\u00e4kinen tarkastelee valtavirtamedian tapaa k\u00e4sitell\u00e4 konsensuksesta poikkeavia mielipiteit\u00e4. H\u00e4n analysoi Yleisradion, <em>Helsingin Sanomien<\/em>, <em>Aamulehden<\/em> ja <em>Ilta-Sanomien<\/em> mediasis\u00e4lt\u00f6j\u00e4 vuodelta 2021. Julkisen keskustelun avoimuuden nimiss\u00e4 my\u00f6s viranomaisviestinn\u00e4st\u00e4 poikkeaviin n\u00e4kemyksiin tulisi journalismissa suhtautua kunnioittavasti &#8211; mutta t\u00e4h\u00e4n tarkasteltu aineisto ei ylt\u00e4nyt, M\u00e4kinen kirjoittaa. Halventava suhtautuminen saattaa entisest\u00e4\u00e4n voimistaa yhteiskunnan polarisaatiota, h\u00e4n varoittaa. Artikkeli on julkaistu\u00a0<a href=\"https:\/\/journal.fi\/mediaviestinta\/issue\/view\/10511\"><em>Media &amp; viestint\u00e4<\/em>\u00a0-lehdess\u00e4 3\/2023<\/a>.<\/strong><\/p>\n\n\n\n<p><strong>Mihin laajempaan ilmi\u00f6\u00f6n ja keskusteluun artikkelisi liittyy?<\/strong><\/p>\n\n\n\n<p>L\u00e4hivuosina on k\u00e4yty paljon keskustelua disinformaation levi\u00e4misen vaaroista. Samalla varjoon on j\u00e4\u00e4nyt pohdinta erilaisten n\u00e4k\u00f6kulmien huomioon ottamisen t\u00e4rkeydest\u00e4 demokraattisen keskustelukulttuurin yll\u00e4pit\u00e4miseksi. Jos huomio keskittyy liiaksi vallitsevien ja virallisten n\u00e4kemysten tukemiseen ja vaihtoehtoisten hiljent\u00e4miseen, osa kansalaisista saattaa vaieta leimatuksi tulemisen pelossa tai hakeutua vain samanmielisten piireihin. N\u00e4k\u00f6kulmien kapeutuminen julkisessa keskustelussa kuten valtamediassa voi puolestaan johtaa kansalaisten luottamuksen rapautumiseen valtaapit\u00e4viin ja vastakkainasettelun lis\u00e4\u00e4ntymiseen.<\/p>\n\n\n\n<p><strong>Mik\u00e4 on antisi t\u00e4h\u00e4n keskusteluun?<\/strong><\/p>\n\n\n\n<p>Haluan laajentaa keskustelua moni\u00e4\u00e4nisen ja erilaisia n\u00e4k\u00f6kulmia kunnioittavan mediajulkisuuden kehitt\u00e4misen suuntaan. Artikkelissa pohdin valtamedian roolia pandemia-ajan polarisoituneessa keskustelussa. Tarkastelen esimerkkin\u00e4 kansalaisten erilaisten ja kriittisten n\u00e4kemysten esitt\u00e4mist\u00e4 mediassa COVID-19-pandemian aikana. Aihe on j\u00e4\u00e4nyt aiemman tutkimuksen marginaaliin, koska huomio on ollut etup\u00e4\u00e4ss\u00e4 disinformaation vaaroissa ja sen kitkemisen keinoissa. Mielest\u00e4ni aiheen kriittinen tarkastelu on t\u00e4rke\u00e4\u00e4 osallistavan keskustelukulttuurin ja mediajulkisuuden kannalta. Aihe on tietenkin hankala toimitusty\u00f6n ristipaineiden ja virallisesti todennettavan tiedon esitt\u00e4misen tavoitteiden n\u00e4k\u00f6kulmasta. On kuitenkin t\u00e4rke\u00e4\u00e4 tarkastella aihetta my\u00f6s journalistisen ty\u00f6n ulkopuolelta ja kansalaisyhteiskunnan n\u00e4k\u00f6kulmasta.<\/p>\n\n\n\n<p><strong>Mik\u00e4 on artikkelisi keskeinen argumentti?<\/strong><\/p>\n\n\n\n<p>Kysyn tutkimuksessani, miten viranomaisviestinn\u00e4st\u00e4 poikkeavia n\u00e4kemyksi\u00e4 esitt\u00e4vi\u00e4 kuvataan valtavirtamediassa ja ilmeneek\u00f6 siin\u00e4 kansalaisten erilaisten n\u00e4kemysten ulos sulkemista. Tutkimuksessa tunnistettiin pandemian alkuajan mediasis\u00e4ll\u00f6iss\u00e4 vastakkainasettelua vahvistavia elementtej\u00e4, kuten tasa-arvoisen keskustelun puute, arvovaltaisten tahojen n\u00e4kemyksill\u00e4 oikeuttaminen, ihmisten luokittelu ja \u00e4\u00e4ri-ilmaisujen k\u00e4ytt\u00e4minen. Ihmisten luokittelu ja n\u00e4kemysten mit\u00e4t\u00f6iminen aiheuttavat j\u00e4nnitteit\u00e4 ja vastakkainasettelua. Leimaavat ja stereotyyppiset ilmaisut kuten salaliittoteoreetikot, hurahtaneet tai disinformaation levitt\u00e4j\u00e4t lis\u00e4\u00e4v\u00e4t polarisaatiota, ja niiden toistuva k\u00e4ytt\u00f6 mediasis\u00e4ll\u00f6iss\u00e4 on huolestuttavaa. Valtamediassa esiintyv\u00e4 leimaaminen ja moraalisesti oikeassa olevaan asemaan asemoituminen voivat lis\u00e4t\u00e4 vastakkainasettelua ja v\u00e4hent\u00e4\u00e4 ihmisten halukkuutta osallistua rakentavaan keskusteluun hankalista aiheista.<\/p>\n\n\n\n<p><strong>Mit\u00e4 haluat artikkelillasi sanoa?<\/strong><\/p>\n\n\n\n<p>Vaikka valtamedian teht\u00e4v\u00e4n\u00e4 on todenmukaisen tiedon v\u00e4litt\u00e4minen, sen ei pit\u00e4isi toteutua erilaisia n\u00e4kemyksi\u00e4 tai esimerkiksi rokotusten turvallisuutta pohtivia kansalaisia mit\u00e4t\u00f6im\u00e4ll\u00e4. Hankalat ja kiistanalaiset aiheet, kuten pandemia tai vaihtoehtoiset hoidot, ovat toimittajien kannalta haastavia ja vaativat taitoa pit\u00e4yty\u00e4 vastakkainasettelusta esimerkiksi sanavalintoja punnitsemalla. Jotta moni\u00e4\u00e4nisyys olisi j\u00e4nnitteit\u00e4 purkavaa, sen tulisi olla luonteeltaan erilaisia n\u00e4k\u00f6kulmia arvostavaa, ei arvostelevaa tai ennakkoluuloista.<\/p>\n\n\n\n<p><strong>Kenen kannattaa lukea artikkelisi?<\/strong><\/p>\n\n\n\n<p>Pandemia-ajan viestinn\u00e4n ja median onnistumista sek\u00e4 moni\u00e4\u00e4nisyytt\u00e4 pohtivien tutkijoiden ja mediasis\u00e4lt\u00f6jen tuottajien.<\/p>\n\n\n\n<p><strong>Mik\u00e4 sai sinut tarttumaan t\u00e4h\u00e4n aiheeseen?<\/strong><\/p>\n\n\n\n<p>Olin hyvin yll\u00e4ttynyt mediassa k\u00e4ytettyyn kieleen ja ilmaisuihin pandemian alkuaikoina. Viestinn\u00e4n tutkijana pidin v\u00e4ltt\u00e4m\u00e4tt\u00f6m\u00e4n\u00e4 tarttua aiheeseen ja pohtia miten mediajulkisuudessa voitaisiin k\u00e4yd\u00e4 keskustelua my\u00f6s hankalista aiheista ilman erimielisten osoittelua tai tuomitsemista.<\/p>\n\n\n\n<p>Artikkeli on osa Media-alan tutkimuss\u00e4\u00e4ti\u00f6n rahoittamaa <a href=\"https:\/\/projects.tuni.fi\/reilumedia\/\">Reilu media -tutkimushanketta<\/a>.<\/p>\n","protected":false},"excerpt":{"rendered":"<p>Artikkelissaan\u00a0Kansalaisaktivistit vai pandemiankielt\u00e4j\u00e4t? Vaihtoehtoiset \u00e4\u00e4net journalistisessa mediassa COVID-19-pandemian aikana\u00a0tutkija Maarit M\u00e4kinen tarkastelee valtavirtamedian tapaa k\u00e4sitell\u00e4 konsensuksesta poikkeavia mielipiteit\u00e4. H\u00e4n analysoi Yleisradion, Helsingin Sanomien, Aamulehden ja Ilta-Sanomien mediasis\u00e4lt\u00f6j\u00e4 vuodelta&hellip;<\/p>\n","protected":false},"author":3,"featured_media":4938,"comment_status":"open","ping_status":"closed","sticky":false,"template":"","format":"standard","meta":{"_monsterinsights_skip_tracking":false,"_monsterinsights_sitenote_active":false,"_monsterinsights_sitenote_note":"","_monsterinsights_sitenote_category":0,"footnotes":""},"categories":[1],"tags":[],"class_list":["post-4935","post","type-post","status-publish","format-standard","has-post-thumbnail","hentry","category-yleinen"],"yoast_head":"<!-- This site is optimized with the Yoast SEO plugin v27.5 - https:\/\/yoast.com\/product\/yoast-seo-wordpress\/ -->\n<title>Valtamedian suhtautumisessa eri\u00e4viin n\u00e4kemyksiin on parannettavaa &#8211; Mevi<\/title>\n<meta name=\"robots\" content=\"index, follow, max-snippet:-1, max-image-preview:large, max-video-preview:-1\" \/>\n<link rel=\"canonical\" href=\"https:\/\/mediaviestinta.fi\/mevi2020\/2023\/09\/valtamedian-suhtautumisessa-eriaviin-nakemyksiin-on-parannettavaa\/\" \/>\n<meta property=\"og:locale\" content=\"fi_FI\" \/>\n<meta property=\"og:type\" content=\"article\" \/>\n<meta property=\"og:title\" content=\"Valtamedian suhtautumisessa eri\u00e4viin n\u00e4kemyksiin on parannettavaa &#8211; Mevi\" \/>\n<meta property=\"og:description\" content=\"Artikkelissaan\u00a0Kansalaisaktivistit vai pandemiankielt\u00e4j\u00e4t? Vaihtoehtoiset \u00e4\u00e4net journalistisessa mediassa COVID-19-pandemian aikana\u00a0tutkija Maarit M\u00e4kinen tarkastelee valtavirtamedian tapaa k\u00e4sitell\u00e4 konsensuksesta poikkeavia mielipiteit\u00e4. H\u00e4n analysoi Yleisradion, Helsingin Sanomien, Aamulehden ja Ilta-Sanomien mediasis\u00e4lt\u00f6j\u00e4 vuodelta&hellip;\" \/>\n<meta property=\"og:url\" content=\"https:\/\/mediaviestinta.fi\/mevi2020\/2023\/09\/valtamedian-suhtautumisessa-eriaviin-nakemyksiin-on-parannettavaa\/\" \/>\n<meta property=\"og:site_name\" content=\"Mevi\" \/>\n<meta property=\"article:publisher\" content=\"https:\/\/www.facebook.com\/MediaViestinta\/\" \/>\n<meta property=\"article:published_time\" content=\"2023-09-27T05:11:34+00:00\" \/>\n<meta property=\"article:modified_time\" content=\"2023-09-27T05:37:36+00:00\" \/>\n<meta property=\"og:image\" content=\"https:\/\/mediaviestinta.fi\/mevi2020\/wp-content\/uploads\/2023\/09\/pointing-4190930_1920.jpg\" \/>\n\t<meta property=\"og:image:width\" content=\"1920\" \/>\n\t<meta property=\"og:image:height\" content=\"1099\" \/>\n\t<meta property=\"og:image:type\" content=\"image\/jpeg\" \/>\n<meta name=\"author\" content=\"Mevi\" \/>\n<meta name=\"twitter:card\" content=\"summary_large_image\" \/>\n<meta name=\"twitter:creator\" content=\"@mediaviestinta\" \/>\n<meta name=\"twitter:site\" content=\"@mediaviestinta\" \/>\n<meta name=\"twitter:label1\" content=\"Kirjoittanut\" \/>\n\t<meta name=\"twitter:data1\" content=\"Mevi\" \/>\n\t<meta name=\"twitter:label2\" content=\"Arvioitu lukuaika\" \/>\n\t<meta name=\"twitter:data2\" content=\"3 minuuttia\" \/>\n<script type=\"application\/ld+json\" class=\"yoast-schema-graph\">{\"@context\":\"https:\\\/\\\/schema.org\",\"@graph\":[{\"@type\":\"Article\",\"@id\":\"https:\\\/\\\/mediaviestinta.fi\\\/mevi2020\\\/2023\\\/09\\\/valtamedian-suhtautumisessa-eriaviin-nakemyksiin-on-parannettavaa\\\/#article\",\"isPartOf\":{\"@id\":\"https:\\\/\\\/mediaviestinta.fi\\\/mevi2020\\\/2023\\\/09\\\/valtamedian-suhtautumisessa-eriaviin-nakemyksiin-on-parannettavaa\\\/\"},\"author\":{\"name\":\"Mevi\",\"@id\":\"https:\\\/\\\/mediaviestinta.fi\\\/#\\\/schema\\\/person\\\/b2da34ab24cfcd17dbdd6c7cfb173257\"},\"headline\":\"Valtamedian suhtautumisessa eri\u00e4viin n\u00e4kemyksiin on parannettavaa\",\"datePublished\":\"2023-09-27T05:11:34+00:00\",\"dateModified\":\"2023-09-27T05:37:36+00:00\",\"mainEntityOfPage\":{\"@id\":\"https:\\\/\\\/mediaviestinta.fi\\\/mevi2020\\\/2023\\\/09\\\/valtamedian-suhtautumisessa-eriaviin-nakemyksiin-on-parannettavaa\\\/\"},\"wordCount\":554,\"commentCount\":0,\"publisher\":{\"@id\":\"https:\\\/\\\/mediaviestinta.fi\\\/#organization\"},\"image\":{\"@id\":\"https:\\\/\\\/mediaviestinta.fi\\\/mevi2020\\\/2023\\\/09\\\/valtamedian-suhtautumisessa-eriaviin-nakemyksiin-on-parannettavaa\\\/#primaryimage\"},\"thumbnailUrl\":\"https:\\\/\\\/mediaviestinta.fi\\\/mevi2020\\\/wp-content\\\/uploads\\\/2023\\\/09\\\/pointing-4190930_1920.jpg\",\"inLanguage\":\"fi\",\"potentialAction\":[{\"@type\":\"CommentAction\",\"name\":\"Comment\",\"target\":[\"https:\\\/\\\/mediaviestinta.fi\\\/mevi2020\\\/2023\\\/09\\\/valtamedian-suhtautumisessa-eriaviin-nakemyksiin-on-parannettavaa\\\/#respond\"]}]},{\"@type\":\"WebPage\",\"@id\":\"https:\\\/\\\/mediaviestinta.fi\\\/mevi2020\\\/2023\\\/09\\\/valtamedian-suhtautumisessa-eriaviin-nakemyksiin-on-parannettavaa\\\/\",\"url\":\"https:\\\/\\\/mediaviestinta.fi\\\/mevi2020\\\/2023\\\/09\\\/valtamedian-suhtautumisessa-eriaviin-nakemyksiin-on-parannettavaa\\\/\",\"name\":\"Valtamedian suhtautumisessa eri\u00e4viin n\u00e4kemyksiin on parannettavaa &#8211; Mevi\",\"isPartOf\":{\"@id\":\"https:\\\/\\\/mediaviestinta.fi\\\/#website\"},\"primaryImageOfPage\":{\"@id\":\"https:\\\/\\\/mediaviestinta.fi\\\/mevi2020\\\/2023\\\/09\\\/valtamedian-suhtautumisessa-eriaviin-nakemyksiin-on-parannettavaa\\\/#primaryimage\"},\"image\":{\"@id\":\"https:\\\/\\\/mediaviestinta.fi\\\/mevi2020\\\/2023\\\/09\\\/valtamedian-suhtautumisessa-eriaviin-nakemyksiin-on-parannettavaa\\\/#primaryimage\"},\"thumbnailUrl\":\"https:\\\/\\\/mediaviestinta.fi\\\/mevi2020\\\/wp-content\\\/uploads\\\/2023\\\/09\\\/pointing-4190930_1920.jpg\",\"datePublished\":\"2023-09-27T05:11:34+00:00\",\"dateModified\":\"2023-09-27T05:37:36+00:00\",\"breadcrumb\":{\"@id\":\"https:\\\/\\\/mediaviestinta.fi\\\/mevi2020\\\/2023\\\/09\\\/valtamedian-suhtautumisessa-eriaviin-nakemyksiin-on-parannettavaa\\\/#breadcrumb\"},\"inLanguage\":\"fi\",\"potentialAction\":[{\"@type\":\"ReadAction\",\"target\":[\"https:\\\/\\\/mediaviestinta.fi\\\/mevi2020\\\/2023\\\/09\\\/valtamedian-suhtautumisessa-eriaviin-nakemyksiin-on-parannettavaa\\\/\"]}]},{\"@type\":\"ImageObject\",\"inLanguage\":\"fi\",\"@id\":\"https:\\\/\\\/mediaviestinta.fi\\\/mevi2020\\\/2023\\\/09\\\/valtamedian-suhtautumisessa-eriaviin-nakemyksiin-on-parannettavaa\\\/#primaryimage\",\"url\":\"https:\\\/\\\/mediaviestinta.fi\\\/mevi2020\\\/wp-content\\\/uploads\\\/2023\\\/09\\\/pointing-4190930_1920.jpg\",\"contentUrl\":\"https:\\\/\\\/mediaviestinta.fi\\\/mevi2020\\\/wp-content\\\/uploads\\\/2023\\\/09\\\/pointing-4190930_1920.jpg\",\"width\":1920,\"height\":1099,\"caption\":\"Kuvituskuva, jossa pukuun pukeutunut henkil\u00f6 osoittaa syytt\u00e4v\u00e4sti etusormellaan kameraan.\"},{\"@type\":\"BreadcrumbList\",\"@id\":\"https:\\\/\\\/mediaviestinta.fi\\\/mevi2020\\\/2023\\\/09\\\/valtamedian-suhtautumisessa-eriaviin-nakemyksiin-on-parannettavaa\\\/#breadcrumb\",\"itemListElement\":[{\"@type\":\"ListItem\",\"position\":1,\"name\":\"Home\",\"item\":\"https:\\\/\\\/mediaviestinta.fi\\\/\"},{\"@type\":\"ListItem\",\"position\":2,\"name\":\"Valtamedian suhtautumisessa eri\u00e4viin n\u00e4kemyksiin on parannettavaa\"}]},{\"@type\":\"WebSite\",\"@id\":\"https:\\\/\\\/mediaviestinta.fi\\\/#website\",\"url\":\"https:\\\/\\\/mediaviestinta.fi\\\/\",\"name\":\"Mevi\",\"description\":\"Media- ja viestint\u00e4tieteellinen seura Mevi\",\"publisher\":{\"@id\":\"https:\\\/\\\/mediaviestinta.fi\\\/#organization\"},\"potentialAction\":[{\"@type\":\"SearchAction\",\"target\":{\"@type\":\"EntryPoint\",\"urlTemplate\":\"https:\\\/\\\/mediaviestinta.fi\\\/?s={search_term_string}\"},\"query-input\":{\"@type\":\"PropertyValueSpecification\",\"valueRequired\":true,\"valueName\":\"search_term_string\"}}],\"inLanguage\":\"fi\"},{\"@type\":\"Organization\",\"@id\":\"https:\\\/\\\/mediaviestinta.fi\\\/#organization\",\"name\":\"Media- ja viestint\u00e4tieteellinen seura Mevi\",\"url\":\"https:\\\/\\\/mediaviestinta.fi\\\/\",\"logo\":{\"@type\":\"ImageObject\",\"inLanguage\":\"fi\",\"@id\":\"https:\\\/\\\/mediaviestinta.fi\\\/#\\\/schema\\\/logo\\\/image\\\/\",\"url\":\"https:\\\/\\\/mediaviestinta.fi\\\/mevi2020\\\/wp-content\\\/uploads\\\/2020\\\/03\\\/mevi-logo-RGB-Transparent.png\",\"contentUrl\":\"https:\\\/\\\/mediaviestinta.fi\\\/mevi2020\\\/wp-content\\\/uploads\\\/2020\\\/03\\\/mevi-logo-RGB-Transparent.png\",\"width\":910,\"height\":464,\"caption\":\"Media- ja viestint\u00e4tieteellinen seura Mevi\"},\"image\":{\"@id\":\"https:\\\/\\\/mediaviestinta.fi\\\/#\\\/schema\\\/logo\\\/image\\\/\"},\"sameAs\":[\"https:\\\/\\\/www.facebook.com\\\/MediaViestinta\\\/\",\"https:\\\/\\\/x.com\\\/mediaviestinta\"]},{\"@type\":\"Person\",\"@id\":\"https:\\\/\\\/mediaviestinta.fi\\\/#\\\/schema\\\/person\\\/b2da34ab24cfcd17dbdd6c7cfb173257\",\"name\":\"Mevi\",\"image\":{\"@type\":\"ImageObject\",\"inLanguage\":\"fi\",\"@id\":\"https:\\\/\\\/secure.gravatar.com\\\/avatar\\\/3305b76d1667dc119a18808ed03d6a1fc2dfa8b6a1cddecb8c4d27ef14ec32ca?s=96&d=mm&r=g\",\"url\":\"https:\\\/\\\/secure.gravatar.com\\\/avatar\\\/3305b76d1667dc119a18808ed03d6a1fc2dfa8b6a1cddecb8c4d27ef14ec32ca?s=96&d=mm&r=g\",\"contentUrl\":\"https:\\\/\\\/secure.gravatar.com\\\/avatar\\\/3305b76d1667dc119a18808ed03d6a1fc2dfa8b6a1cddecb8c4d27ef14ec32ca?s=96&d=mm&r=g\",\"caption\":\"Mevi\"},\"url\":\"https:\\\/\\\/mediaviestinta.fi\\\/mevi2020\\\/author\\\/mediavie\\\/\"}]}<\/script>\n<!-- \/ Yoast SEO plugin. -->","yoast_head_json":{"title":"Valtamedian suhtautumisessa eri\u00e4viin n\u00e4kemyksiin on parannettavaa &#8211; Mevi","robots":{"index":"index","follow":"follow","max-snippet":"max-snippet:-1","max-image-preview":"max-image-preview:large","max-video-preview":"max-video-preview:-1"},"canonical":"https:\/\/mediaviestinta.fi\/mevi2020\/2023\/09\/valtamedian-suhtautumisessa-eriaviin-nakemyksiin-on-parannettavaa\/","og_locale":"fi_FI","og_type":"article","og_title":"Valtamedian suhtautumisessa eri\u00e4viin n\u00e4kemyksiin on parannettavaa &#8211; Mevi","og_description":"Artikkelissaan\u00a0Kansalaisaktivistit vai pandemiankielt\u00e4j\u00e4t? Vaihtoehtoiset \u00e4\u00e4net journalistisessa mediassa COVID-19-pandemian aikana\u00a0tutkija Maarit M\u00e4kinen tarkastelee valtavirtamedian tapaa k\u00e4sitell\u00e4 konsensuksesta poikkeavia mielipiteit\u00e4. H\u00e4n analysoi Yleisradion, Helsingin Sanomien, Aamulehden ja Ilta-Sanomien mediasis\u00e4lt\u00f6j\u00e4 vuodelta&hellip;","og_url":"https:\/\/mediaviestinta.fi\/mevi2020\/2023\/09\/valtamedian-suhtautumisessa-eriaviin-nakemyksiin-on-parannettavaa\/","og_site_name":"Mevi","article_publisher":"https:\/\/www.facebook.com\/MediaViestinta\/","article_published_time":"2023-09-27T05:11:34+00:00","article_modified_time":"2023-09-27T05:37:36+00:00","og_image":[{"width":1920,"height":1099,"url":"https:\/\/mediaviestinta.fi\/mevi2020\/wp-content\/uploads\/2023\/09\/pointing-4190930_1920.jpg","type":"image\/jpeg"}],"author":"Mevi","twitter_card":"summary_large_image","twitter_creator":"@mediaviestinta","twitter_site":"@mediaviestinta","twitter_misc":{"Kirjoittanut":"Mevi","Arvioitu lukuaika":"3 minuuttia"},"schema":{"@context":"https:\/\/schema.org","@graph":[{"@type":"Article","@id":"https:\/\/mediaviestinta.fi\/mevi2020\/2023\/09\/valtamedian-suhtautumisessa-eriaviin-nakemyksiin-on-parannettavaa\/#article","isPartOf":{"@id":"https:\/\/mediaviestinta.fi\/mevi2020\/2023\/09\/valtamedian-suhtautumisessa-eriaviin-nakemyksiin-on-parannettavaa\/"},"author":{"name":"Mevi","@id":"https:\/\/mediaviestinta.fi\/#\/schema\/person\/b2da34ab24cfcd17dbdd6c7cfb173257"},"headline":"Valtamedian suhtautumisessa eri\u00e4viin n\u00e4kemyksiin on parannettavaa","datePublished":"2023-09-27T05:11:34+00:00","dateModified":"2023-09-27T05:37:36+00:00","mainEntityOfPage":{"@id":"https:\/\/mediaviestinta.fi\/mevi2020\/2023\/09\/valtamedian-suhtautumisessa-eriaviin-nakemyksiin-on-parannettavaa\/"},"wordCount":554,"commentCount":0,"publisher":{"@id":"https:\/\/mediaviestinta.fi\/#organization"},"image":{"@id":"https:\/\/mediaviestinta.fi\/mevi2020\/2023\/09\/valtamedian-suhtautumisessa-eriaviin-nakemyksiin-on-parannettavaa\/#primaryimage"},"thumbnailUrl":"https:\/\/mediaviestinta.fi\/mevi2020\/wp-content\/uploads\/2023\/09\/pointing-4190930_1920.jpg","inLanguage":"fi","potentialAction":[{"@type":"CommentAction","name":"Comment","target":["https:\/\/mediaviestinta.fi\/mevi2020\/2023\/09\/valtamedian-suhtautumisessa-eriaviin-nakemyksiin-on-parannettavaa\/#respond"]}]},{"@type":"WebPage","@id":"https:\/\/mediaviestinta.fi\/mevi2020\/2023\/09\/valtamedian-suhtautumisessa-eriaviin-nakemyksiin-on-parannettavaa\/","url":"https:\/\/mediaviestinta.fi\/mevi2020\/2023\/09\/valtamedian-suhtautumisessa-eriaviin-nakemyksiin-on-parannettavaa\/","name":"Valtamedian suhtautumisessa eri\u00e4viin n\u00e4kemyksiin on parannettavaa &#8211; Mevi","isPartOf":{"@id":"https:\/\/mediaviestinta.fi\/#website"},"primaryImageOfPage":{"@id":"https:\/\/mediaviestinta.fi\/mevi2020\/2023\/09\/valtamedian-suhtautumisessa-eriaviin-nakemyksiin-on-parannettavaa\/#primaryimage"},"image":{"@id":"https:\/\/mediaviestinta.fi\/mevi2020\/2023\/09\/valtamedian-suhtautumisessa-eriaviin-nakemyksiin-on-parannettavaa\/#primaryimage"},"thumbnailUrl":"https:\/\/mediaviestinta.fi\/mevi2020\/wp-content\/uploads\/2023\/09\/pointing-4190930_1920.jpg","datePublished":"2023-09-27T05:11:34+00:00","dateModified":"2023-09-27T05:37:36+00:00","breadcrumb":{"@id":"https:\/\/mediaviestinta.fi\/mevi2020\/2023\/09\/valtamedian-suhtautumisessa-eriaviin-nakemyksiin-on-parannettavaa\/#breadcrumb"},"inLanguage":"fi","potentialAction":[{"@type":"ReadAction","target":["https:\/\/mediaviestinta.fi\/mevi2020\/2023\/09\/valtamedian-suhtautumisessa-eriaviin-nakemyksiin-on-parannettavaa\/"]}]},{"@type":"ImageObject","inLanguage":"fi","@id":"https:\/\/mediaviestinta.fi\/mevi2020\/2023\/09\/valtamedian-suhtautumisessa-eriaviin-nakemyksiin-on-parannettavaa\/#primaryimage","url":"https:\/\/mediaviestinta.fi\/mevi2020\/wp-content\/uploads\/2023\/09\/pointing-4190930_1920.jpg","contentUrl":"https:\/\/mediaviestinta.fi\/mevi2020\/wp-content\/uploads\/2023\/09\/pointing-4190930_1920.jpg","width":1920,"height":1099,"caption":"Kuvituskuva, jossa pukuun pukeutunut henkil\u00f6 osoittaa syytt\u00e4v\u00e4sti etusormellaan kameraan."},{"@type":"BreadcrumbList","@id":"https:\/\/mediaviestinta.fi\/mevi2020\/2023\/09\/valtamedian-suhtautumisessa-eriaviin-nakemyksiin-on-parannettavaa\/#breadcrumb","itemListElement":[{"@type":"ListItem","position":1,"name":"Home","item":"https:\/\/mediaviestinta.fi\/"},{"@type":"ListItem","position":2,"name":"Valtamedian suhtautumisessa eri\u00e4viin n\u00e4kemyksiin on parannettavaa"}]},{"@type":"WebSite","@id":"https:\/\/mediaviestinta.fi\/#website","url":"https:\/\/mediaviestinta.fi\/","name":"Mevi","description":"Media- ja viestint\u00e4tieteellinen seura Mevi","publisher":{"@id":"https:\/\/mediaviestinta.fi\/#organization"},"potentialAction":[{"@type":"SearchAction","target":{"@type":"EntryPoint","urlTemplate":"https:\/\/mediaviestinta.fi\/?s={search_term_string}"},"query-input":{"@type":"PropertyValueSpecification","valueRequired":true,"valueName":"search_term_string"}}],"inLanguage":"fi"},{"@type":"Organization","@id":"https:\/\/mediaviestinta.fi\/#organization","name":"Media- ja viestint\u00e4tieteellinen seura Mevi","url":"https:\/\/mediaviestinta.fi\/","logo":{"@type":"ImageObject","inLanguage":"fi","@id":"https:\/\/mediaviestinta.fi\/#\/schema\/logo\/image\/","url":"https:\/\/mediaviestinta.fi\/mevi2020\/wp-content\/uploads\/2020\/03\/mevi-logo-RGB-Transparent.png","contentUrl":"https:\/\/mediaviestinta.fi\/mevi2020\/wp-content\/uploads\/2020\/03\/mevi-logo-RGB-Transparent.png","width":910,"height":464,"caption":"Media- ja viestint\u00e4tieteellinen seura Mevi"},"image":{"@id":"https:\/\/mediaviestinta.fi\/#\/schema\/logo\/image\/"},"sameAs":["https:\/\/www.facebook.com\/MediaViestinta\/","https:\/\/x.com\/mediaviestinta"]},{"@type":"Person","@id":"https:\/\/mediaviestinta.fi\/#\/schema\/person\/b2da34ab24cfcd17dbdd6c7cfb173257","name":"Mevi","image":{"@type":"ImageObject","inLanguage":"fi","@id":"https:\/\/secure.gravatar.com\/avatar\/3305b76d1667dc119a18808ed03d6a1fc2dfa8b6a1cddecb8c4d27ef14ec32ca?s=96&d=mm&r=g","url":"https:\/\/secure.gravatar.com\/avatar\/3305b76d1667dc119a18808ed03d6a1fc2dfa8b6a1cddecb8c4d27ef14ec32ca?s=96&d=mm&r=g","contentUrl":"https:\/\/secure.gravatar.com\/avatar\/3305b76d1667dc119a18808ed03d6a1fc2dfa8b6a1cddecb8c4d27ef14ec32ca?s=96&d=mm&r=g","caption":"Mevi"},"url":"https:\/\/mediaviestinta.fi\/mevi2020\/author\/mediavie\/"}]}},"_links":{"self":[{"href":"https:\/\/mediaviestinta.fi\/mevi2020\/wp-json\/wp\/v2\/posts\/4935","targetHints":{"allow":["GET"]}}],"collection":[{"href":"https:\/\/mediaviestinta.fi\/mevi2020\/wp-json\/wp\/v2\/posts"}],"about":[{"href":"https:\/\/mediaviestinta.fi\/mevi2020\/wp-json\/wp\/v2\/types\/post"}],"author":[{"embeddable":true,"href":"https:\/\/mediaviestinta.fi\/mevi2020\/wp-json\/wp\/v2\/users\/3"}],"replies":[{"embeddable":true,"href":"https:\/\/mediaviestinta.fi\/mevi2020\/wp-json\/wp\/v2\/comments?post=4935"}],"version-history":[{"count":6,"href":"https:\/\/mediaviestinta.fi\/mevi2020\/wp-json\/wp\/v2\/posts\/4935\/revisions"}],"predecessor-version":[{"id":4948,"href":"https:\/\/mediaviestinta.fi\/mevi2020\/wp-json\/wp\/v2\/posts\/4935\/revisions\/4948"}],"wp:featuredmedia":[{"embeddable":true,"href":"https:\/\/mediaviestinta.fi\/mevi2020\/wp-json\/wp\/v2\/media\/4938"}],"wp:attachment":[{"href":"https:\/\/mediaviestinta.fi\/mevi2020\/wp-json\/wp\/v2\/media?parent=4935"}],"wp:term":[{"taxonomy":"category","embeddable":true,"href":"https:\/\/mediaviestinta.fi\/mevi2020\/wp-json\/wp\/v2\/categories?post=4935"},{"taxonomy":"post_tag","embeddable":true,"href":"https:\/\/mediaviestinta.fi\/mevi2020\/wp-json\/wp\/v2\/tags?post=4935"}],"curies":[{"name":"wp","href":"https:\/\/api.w.org\/{rel}","templated":true}]}}