{"id":4961,"date":"2023-10-16T15:31:49","date_gmt":"2023-10-16T12:31:49","guid":{"rendered":"https:\/\/mediaviestinta.fi\/?p=4961"},"modified":"2023-10-16T15:33:04","modified_gmt":"2023-10-16T12:33:04","slug":"media-alan-tutkimussaatiolta-tukea-toimittajakyselyiden-jarjestamiseen","status":"publish","type":"post","link":"https:\/\/mediaviestinta.fi\/mevi2020\/2023\/10\/media-alan-tutkimussaatiolta-tukea-toimittajakyselyiden-jarjestamiseen\/","title":{"rendered":"Media-alan tutkimuss\u00e4\u00e4ti\u00f6lt\u00e4 tukea toimittajakyselyiden j\u00e4rjest\u00e4miseen"},"content":{"rendered":"\n<p>Media-alan tutkimuss\u00e4\u00e4ti\u00f6 on my\u00f6nt\u00e4nyt Mevi ry:lle 14 000 euron rahoituksen journalisteille suunnattujen kyselytutkimusten kehitt\u00e4mist\u00e4 varten. Rahoituksella palkataan osa-aikainen tutkija selvitt\u00e4m\u00e4\u00e4n, mill\u00e4 tavalla toimittajakyselyit\u00e4 on j\u00e4rjestetty muissa Suomeen verrattavissa olevissa maissa. Pidemm\u00e4n aikav\u00e4lin tavoitteena on l\u00f6yt\u00e4\u00e4 Suomeen sopiva tapa toteuttaa toimittajakyselyit\u00e4 ja ottaa se k\u00e4ytt\u00f6\u00f6n.<\/p>\n\n\n\n<p>Ongelma on pohjimmiltaan yksinkertainen: tutkijoilla ei ole helppoa tapaa tavoittaa suomalaistoimittajia. Kattavin yksitt\u00e4inen listaus toimittajakunnasta lienee Journalistiliiton j\u00e4senrekisteri, mutta liittoon tulvivien kyselyjen tulva koettelee sen talkoohenke\u00e4. Toimittajien yhteystietojen ker\u00e4\u00e4minen toimitus ja henkil\u00f6 kerrallaan puolestaan vie valtavasti aikaa ja asettaa jokaiselle tutkimusryhm\u00e4lle monia tietosuojaan liittyvi\u00e4 velvollisuuksia. Tietojen ker\u00e4\u00e4mist\u00e4 hidastaa sekin, ett\u00e4 toimittajien yhteystiedot ovat alkaneet kadota toimitusten verkkosivuilta. Niinp\u00e4 toimittajakyselyjen kehitt\u00e4misen tarve on ollut tiedossa ja Mevi ry:n asialistalla jo joitain vuosia.<\/p>\n\n\n\n<p>&#8211; Prosessi on ollut pitk\u00e4, minut johdateltiin sen pariin kun aloitin puheenjohtajana kev\u00e4\u00e4ll\u00e4 2022. Pidimme aiheesta keskustelutilaisuuden samana syksyn\u00e4, jossa saimmekin osallistujilta hyvi\u00e4 ajatuksia suunnittelun tueksi, Mevi ry:n puheenjohtaja <strong>Katja Lehtisaari<\/strong> kertoo.<\/p>\n\n\n\n<p>Aihe nousi keskusteluun muutama vuosi sitten, kun usean Mevi ry:n tutkijan kyselytutkimukset kompastelivat yht\u00e4aikaisesti. Riitt\u00e4v\u00e4n ison vastaajajoukon tavoittaminen kohtuullisin resurssein k\u00e4vi aina vain vaikeammaksi. Kun asiasta keskusteltiin yhdistyksen kokouksissa, yh\u00e4 useampi tutkija ilmoitti samankaltaisista kokemuksista. Yksi ongelmaan t\u00f6rm\u00e4nneist\u00e4 on journalistien kohtaamaa h\u00e4irint\u00e4\u00e4 tutkiva tutkijatohtori <strong>Ilmari Hiltunen<\/strong>.<\/p>\n\n\n\n<p>\u2013Tutkimusaiheestani ei ole olemassa mink\u00e4\u00e4nlaisia virallisia tilastoja, mutta se koskettaa suoraan tai v\u00e4lillisesti l\u00e4hes koko ammattikuntaa. Ainoa tapa seurata ilmi\u00f6n yleisyytt\u00e4 ja muutoksia ovat s\u00e4\u00e4nn\u00f6lliset kyselytutkimukset. N\u00e4iden luotettavuuteen vaikuttaa merkitt\u00e4v\u00e4sti, miten hyvin saamme erilaisia journalisteja tavoitettua vastaamaan, Hiltunen sanoo.<\/p>\n\n\n\n<p>Keskustelut eteniv\u00e4t yhdistyksen sis\u00e4lt\u00e4 sidosryhmiin, mutta helppoa ratkaisua pulmaan ei l\u00f6ytynyt. Vaikka tutkimukseen suhtaudutaankin p\u00e4\u00e4piirteiss\u00e4\u00e4n positiivisesti, asettaa media-alan kiireisyys osallistumiselle omat rajoitteensa. Journalistiliitto saa vuosittain niin paljon pyynt\u00f6j\u00e4 kyselyiden v\u00e4litt\u00e4misest\u00e4, ett\u00e4 se ei varsinaisten teht\u00e4viens\u00e4 ohella pysty k\u00e4sittelem\u00e4\u00e4n niit\u00e4 kaikkia. Kaikkia kyselyj\u00e4 ei voida v\u00e4litt\u00e4\u00e4 liiton j\u00e4senille, mutta tutkimusten arvioiminen ja priorisoiminen ei kuulu ammattiliiton ydinteht\u00e4viin tai -osaamiseen. Liitolle on t\u00e4rkeint\u00e4 suojella j\u00e4seni\u00e4\u00e4n kyselyuupumukselta jotta sen omiin, ammattiliiton toiminnan kannalta keskeisiin j\u00e4senkyselyihin riitt\u00e4isi vastaajia.<\/p>\n\n\n\n<p>Journalistiliittoon nojautuvan mallin vaihtoehtona keskusteluissa nousi esille Ruotsin Journalistpanelen, joka on G\u00f6teborgin yliopiston yll\u00e4pit\u00e4m\u00e4 verkkopaneeli. Mevi ry p\u00e4\u00e4ttikin perehty\u00e4 vaihtoehtoon ja samalla toteuttaa laajemman selvityksen erilaisista kyselymalleista, jotta mahdollisimman moni valuvika voidaan ehk\u00e4ist\u00e4 etuk\u00e4teen.<\/p>\n\n\n\n<p>Selvitysty\u00f6t\u00e4 alettiin valmistella innokkaasti, ja hankkeen ohjausryhm\u00e4\u00e4n ilmoittautui nopeasti joukko tutkijoita, joiden ty\u00f6t\u00e4 ongelma koskettaa. Selvityksen toteuttamiseksi haettua rahoitusta ei kuitenkaan alkuun hellinnyt, vaan kaksi ensimm\u00e4ist\u00e4 hakemusta vetiv\u00e4t vesiper\u00e4n. Media-alan tutkimuss\u00e4\u00e4ti\u00f6n nyt my\u00f6nt\u00e4m\u00e4 rahoitus on siksikin yhdistykselle t\u00e4rke\u00e4 ty\u00f6voitto ja askel eteenp\u00e4in. Puheenjohtaja Lehtisaari kuitenkin toteaa, ett\u00e4 ty\u00f6 on vasta alussa.<\/p>\n\n\n\n<p>&#8211; Odotuksena on, ett\u00e4 selvityksen tuloksena Mevi ry p\u00e4\u00e4see yhteisty\u00f6kumppaneiden kanssa rakentamaan mallia, jolla kyselyiden toteuttaminen onnistuisi jatkossa mahdollisimman hyvin. Toivomme, ett\u00e4 jo vuoden p\u00e4\u00e4st\u00e4 voimme keskustella selvityksen tulosten siirt\u00e4misest\u00e4 k\u00e4yt\u00e4nt\u00f6\u00f6n.<\/p>\n","protected":false},"excerpt":{"rendered":"<p>Media-alan tutkimuss\u00e4\u00e4ti\u00f6 on my\u00f6nt\u00e4nyt Mevi ry:lle 14 000 euron rahoituksen journalisteille suunnattujen kyselytutkimusten kehitt\u00e4mist\u00e4 varten. Rahoituksella palkataan osa-aikainen tutkija selvitt\u00e4m\u00e4\u00e4n, mill\u00e4 tavalla toimittajakyselyit\u00e4 on j\u00e4rjestetty muissa Suomeen verrattavissa&hellip;<\/p>\n","protected":false},"author":3,"featured_media":3660,"comment_status":"open","ping_status":"closed","sticky":false,"template":"","format":"standard","meta":{"_monsterinsights_skip_tracking":false,"_monsterinsights_sitenote_active":false,"_monsterinsights_sitenote_note":"","_monsterinsights_sitenote_category":0,"footnotes":""},"categories":[1],"tags":[],"class_list":["post-4961","post","type-post","status-publish","format-standard","has-post-thumbnail","hentry","category-yleinen"],"yoast_head":"<!-- This site is optimized with the Yoast SEO plugin v27.5 - https:\/\/yoast.com\/product\/yoast-seo-wordpress\/ -->\n<title>Media-alan tutkimuss\u00e4\u00e4ti\u00f6lt\u00e4 tukea toimittajakyselyiden j\u00e4rjest\u00e4miseen &#8211; Mevi<\/title>\n<meta name=\"robots\" content=\"index, follow, max-snippet:-1, max-image-preview:large, max-video-preview:-1\" \/>\n<link rel=\"canonical\" href=\"https:\/\/mediaviestinta.fi\/mevi2020\/2023\/10\/media-alan-tutkimussaatiolta-tukea-toimittajakyselyiden-jarjestamiseen\/\" \/>\n<meta property=\"og:locale\" content=\"fi_FI\" \/>\n<meta property=\"og:type\" content=\"article\" \/>\n<meta property=\"og:title\" content=\"Media-alan tutkimuss\u00e4\u00e4ti\u00f6lt\u00e4 tukea toimittajakyselyiden j\u00e4rjest\u00e4miseen &#8211; Mevi\" \/>\n<meta property=\"og:description\" content=\"Media-alan tutkimuss\u00e4\u00e4ti\u00f6 on my\u00f6nt\u00e4nyt Mevi ry:lle 14 000 euron rahoituksen journalisteille suunnattujen kyselytutkimusten kehitt\u00e4mist\u00e4 varten. Rahoituksella palkataan osa-aikainen tutkija selvitt\u00e4m\u00e4\u00e4n, mill\u00e4 tavalla toimittajakyselyit\u00e4 on j\u00e4rjestetty muissa Suomeen verrattavissa&hellip;\" \/>\n<meta property=\"og:url\" content=\"https:\/\/mediaviestinta.fi\/mevi2020\/2023\/10\/media-alan-tutkimussaatiolta-tukea-toimittajakyselyiden-jarjestamiseen\/\" \/>\n<meta property=\"og:site_name\" content=\"Mevi\" \/>\n<meta property=\"article:publisher\" content=\"https:\/\/www.facebook.com\/MediaViestinta\/\" \/>\n<meta property=\"article:published_time\" content=\"2023-10-16T12:31:49+00:00\" \/>\n<meta property=\"article:modified_time\" content=\"2023-10-16T12:33:04+00:00\" \/>\n<meta property=\"og:image\" content=\"https:\/\/mediaviestinta.fi\/mevi2020\/wp-content\/uploads\/2020\/04\/mevi-artikkeli-placeholder-kuva-01.jpg\" \/>\n\t<meta property=\"og:image:width\" content=\"700\" \/>\n\t<meta property=\"og:image:height\" content=\"400\" \/>\n\t<meta property=\"og:image:type\" content=\"image\/jpeg\" \/>\n<meta name=\"author\" content=\"Mevi\" \/>\n<meta name=\"twitter:card\" content=\"summary_large_image\" \/>\n<meta name=\"twitter:creator\" content=\"@mediaviestinta\" \/>\n<meta name=\"twitter:site\" content=\"@mediaviestinta\" \/>\n<meta name=\"twitter:label1\" content=\"Kirjoittanut\" \/>\n\t<meta name=\"twitter:data1\" content=\"Mevi\" \/>\n\t<meta name=\"twitter:label2\" content=\"Arvioitu lukuaika\" \/>\n\t<meta name=\"twitter:data2\" content=\"3 minuuttia\" \/>\n<script type=\"application\/ld+json\" class=\"yoast-schema-graph\">{\"@context\":\"https:\\\/\\\/schema.org\",\"@graph\":[{\"@type\":\"Article\",\"@id\":\"https:\\\/\\\/mediaviestinta.fi\\\/mevi2020\\\/2023\\\/10\\\/media-alan-tutkimussaatiolta-tukea-toimittajakyselyiden-jarjestamiseen\\\/#article\",\"isPartOf\":{\"@id\":\"https:\\\/\\\/mediaviestinta.fi\\\/mevi2020\\\/2023\\\/10\\\/media-alan-tutkimussaatiolta-tukea-toimittajakyselyiden-jarjestamiseen\\\/\"},\"author\":{\"name\":\"Mevi\",\"@id\":\"https:\\\/\\\/mediaviestinta.fi\\\/#\\\/schema\\\/person\\\/b2da34ab24cfcd17dbdd6c7cfb173257\"},\"headline\":\"Media-alan tutkimuss\u00e4\u00e4ti\u00f6lt\u00e4 tukea toimittajakyselyiden j\u00e4rjest\u00e4miseen\",\"datePublished\":\"2023-10-16T12:31:49+00:00\",\"dateModified\":\"2023-10-16T12:33:04+00:00\",\"mainEntityOfPage\":{\"@id\":\"https:\\\/\\\/mediaviestinta.fi\\\/mevi2020\\\/2023\\\/10\\\/media-alan-tutkimussaatiolta-tukea-toimittajakyselyiden-jarjestamiseen\\\/\"},\"wordCount\":512,\"commentCount\":0,\"publisher\":{\"@id\":\"https:\\\/\\\/mediaviestinta.fi\\\/#organization\"},\"image\":{\"@id\":\"https:\\\/\\\/mediaviestinta.fi\\\/mevi2020\\\/2023\\\/10\\\/media-alan-tutkimussaatiolta-tukea-toimittajakyselyiden-jarjestamiseen\\\/#primaryimage\"},\"thumbnailUrl\":\"https:\\\/\\\/mediaviestinta.fi\\\/mevi2020\\\/wp-content\\\/uploads\\\/2020\\\/04\\\/mevi-artikkeli-placeholder-kuva-01.jpg\",\"inLanguage\":\"fi\",\"potentialAction\":[{\"@type\":\"CommentAction\",\"name\":\"Comment\",\"target\":[\"https:\\\/\\\/mediaviestinta.fi\\\/mevi2020\\\/2023\\\/10\\\/media-alan-tutkimussaatiolta-tukea-toimittajakyselyiden-jarjestamiseen\\\/#respond\"]}]},{\"@type\":\"WebPage\",\"@id\":\"https:\\\/\\\/mediaviestinta.fi\\\/mevi2020\\\/2023\\\/10\\\/media-alan-tutkimussaatiolta-tukea-toimittajakyselyiden-jarjestamiseen\\\/\",\"url\":\"https:\\\/\\\/mediaviestinta.fi\\\/mevi2020\\\/2023\\\/10\\\/media-alan-tutkimussaatiolta-tukea-toimittajakyselyiden-jarjestamiseen\\\/\",\"name\":\"Media-alan tutkimuss\u00e4\u00e4ti\u00f6lt\u00e4 tukea toimittajakyselyiden j\u00e4rjest\u00e4miseen &#8211; Mevi\",\"isPartOf\":{\"@id\":\"https:\\\/\\\/mediaviestinta.fi\\\/#website\"},\"primaryImageOfPage\":{\"@id\":\"https:\\\/\\\/mediaviestinta.fi\\\/mevi2020\\\/2023\\\/10\\\/media-alan-tutkimussaatiolta-tukea-toimittajakyselyiden-jarjestamiseen\\\/#primaryimage\"},\"image\":{\"@id\":\"https:\\\/\\\/mediaviestinta.fi\\\/mevi2020\\\/2023\\\/10\\\/media-alan-tutkimussaatiolta-tukea-toimittajakyselyiden-jarjestamiseen\\\/#primaryimage\"},\"thumbnailUrl\":\"https:\\\/\\\/mediaviestinta.fi\\\/mevi2020\\\/wp-content\\\/uploads\\\/2020\\\/04\\\/mevi-artikkeli-placeholder-kuva-01.jpg\",\"datePublished\":\"2023-10-16T12:31:49+00:00\",\"dateModified\":\"2023-10-16T12:33:04+00:00\",\"breadcrumb\":{\"@id\":\"https:\\\/\\\/mediaviestinta.fi\\\/mevi2020\\\/2023\\\/10\\\/media-alan-tutkimussaatiolta-tukea-toimittajakyselyiden-jarjestamiseen\\\/#breadcrumb\"},\"inLanguage\":\"fi\",\"potentialAction\":[{\"@type\":\"ReadAction\",\"target\":[\"https:\\\/\\\/mediaviestinta.fi\\\/mevi2020\\\/2023\\\/10\\\/media-alan-tutkimussaatiolta-tukea-toimittajakyselyiden-jarjestamiseen\\\/\"]}]},{\"@type\":\"ImageObject\",\"inLanguage\":\"fi\",\"@id\":\"https:\\\/\\\/mediaviestinta.fi\\\/mevi2020\\\/2023\\\/10\\\/media-alan-tutkimussaatiolta-tukea-toimittajakyselyiden-jarjestamiseen\\\/#primaryimage\",\"url\":\"https:\\\/\\\/mediaviestinta.fi\\\/mevi2020\\\/wp-content\\\/uploads\\\/2020\\\/04\\\/mevi-artikkeli-placeholder-kuva-01.jpg\",\"contentUrl\":\"https:\\\/\\\/mediaviestinta.fi\\\/mevi2020\\\/wp-content\\\/uploads\\\/2020\\\/04\\\/mevi-artikkeli-placeholder-kuva-01.jpg\",\"width\":700,\"height\":400},{\"@type\":\"BreadcrumbList\",\"@id\":\"https:\\\/\\\/mediaviestinta.fi\\\/mevi2020\\\/2023\\\/10\\\/media-alan-tutkimussaatiolta-tukea-toimittajakyselyiden-jarjestamiseen\\\/#breadcrumb\",\"itemListElement\":[{\"@type\":\"ListItem\",\"position\":1,\"name\":\"Home\",\"item\":\"https:\\\/\\\/mediaviestinta.fi\\\/\"},{\"@type\":\"ListItem\",\"position\":2,\"name\":\"Media-alan tutkimuss\u00e4\u00e4ti\u00f6lt\u00e4 tukea toimittajakyselyiden j\u00e4rjest\u00e4miseen\"}]},{\"@type\":\"WebSite\",\"@id\":\"https:\\\/\\\/mediaviestinta.fi\\\/#website\",\"url\":\"https:\\\/\\\/mediaviestinta.fi\\\/\",\"name\":\"Mevi\",\"description\":\"Media- ja viestint\u00e4tieteellinen seura Mevi\",\"publisher\":{\"@id\":\"https:\\\/\\\/mediaviestinta.fi\\\/#organization\"},\"potentialAction\":[{\"@type\":\"SearchAction\",\"target\":{\"@type\":\"EntryPoint\",\"urlTemplate\":\"https:\\\/\\\/mediaviestinta.fi\\\/?s={search_term_string}\"},\"query-input\":{\"@type\":\"PropertyValueSpecification\",\"valueRequired\":true,\"valueName\":\"search_term_string\"}}],\"inLanguage\":\"fi\"},{\"@type\":\"Organization\",\"@id\":\"https:\\\/\\\/mediaviestinta.fi\\\/#organization\",\"name\":\"Media- ja viestint\u00e4tieteellinen seura Mevi\",\"url\":\"https:\\\/\\\/mediaviestinta.fi\\\/\",\"logo\":{\"@type\":\"ImageObject\",\"inLanguage\":\"fi\",\"@id\":\"https:\\\/\\\/mediaviestinta.fi\\\/#\\\/schema\\\/logo\\\/image\\\/\",\"url\":\"https:\\\/\\\/mediaviestinta.fi\\\/mevi2020\\\/wp-content\\\/uploads\\\/2020\\\/03\\\/mevi-logo-RGB-Transparent.png\",\"contentUrl\":\"https:\\\/\\\/mediaviestinta.fi\\\/mevi2020\\\/wp-content\\\/uploads\\\/2020\\\/03\\\/mevi-logo-RGB-Transparent.png\",\"width\":910,\"height\":464,\"caption\":\"Media- ja viestint\u00e4tieteellinen seura Mevi\"},\"image\":{\"@id\":\"https:\\\/\\\/mediaviestinta.fi\\\/#\\\/schema\\\/logo\\\/image\\\/\"},\"sameAs\":[\"https:\\\/\\\/www.facebook.com\\\/MediaViestinta\\\/\",\"https:\\\/\\\/x.com\\\/mediaviestinta\"]},{\"@type\":\"Person\",\"@id\":\"https:\\\/\\\/mediaviestinta.fi\\\/#\\\/schema\\\/person\\\/b2da34ab24cfcd17dbdd6c7cfb173257\",\"name\":\"Mevi\",\"image\":{\"@type\":\"ImageObject\",\"inLanguage\":\"fi\",\"@id\":\"https:\\\/\\\/secure.gravatar.com\\\/avatar\\\/3305b76d1667dc119a18808ed03d6a1fc2dfa8b6a1cddecb8c4d27ef14ec32ca?s=96&d=mm&r=g\",\"url\":\"https:\\\/\\\/secure.gravatar.com\\\/avatar\\\/3305b76d1667dc119a18808ed03d6a1fc2dfa8b6a1cddecb8c4d27ef14ec32ca?s=96&d=mm&r=g\",\"contentUrl\":\"https:\\\/\\\/secure.gravatar.com\\\/avatar\\\/3305b76d1667dc119a18808ed03d6a1fc2dfa8b6a1cddecb8c4d27ef14ec32ca?s=96&d=mm&r=g\",\"caption\":\"Mevi\"},\"url\":\"https:\\\/\\\/mediaviestinta.fi\\\/mevi2020\\\/author\\\/mediavie\\\/\"}]}<\/script>\n<!-- \/ Yoast SEO plugin. -->","yoast_head_json":{"title":"Media-alan tutkimuss\u00e4\u00e4ti\u00f6lt\u00e4 tukea toimittajakyselyiden j\u00e4rjest\u00e4miseen &#8211; Mevi","robots":{"index":"index","follow":"follow","max-snippet":"max-snippet:-1","max-image-preview":"max-image-preview:large","max-video-preview":"max-video-preview:-1"},"canonical":"https:\/\/mediaviestinta.fi\/mevi2020\/2023\/10\/media-alan-tutkimussaatiolta-tukea-toimittajakyselyiden-jarjestamiseen\/","og_locale":"fi_FI","og_type":"article","og_title":"Media-alan tutkimuss\u00e4\u00e4ti\u00f6lt\u00e4 tukea toimittajakyselyiden j\u00e4rjest\u00e4miseen &#8211; Mevi","og_description":"Media-alan tutkimuss\u00e4\u00e4ti\u00f6 on my\u00f6nt\u00e4nyt Mevi ry:lle 14 000 euron rahoituksen journalisteille suunnattujen kyselytutkimusten kehitt\u00e4mist\u00e4 varten. Rahoituksella palkataan osa-aikainen tutkija selvitt\u00e4m\u00e4\u00e4n, mill\u00e4 tavalla toimittajakyselyit\u00e4 on j\u00e4rjestetty muissa Suomeen verrattavissa&hellip;","og_url":"https:\/\/mediaviestinta.fi\/mevi2020\/2023\/10\/media-alan-tutkimussaatiolta-tukea-toimittajakyselyiden-jarjestamiseen\/","og_site_name":"Mevi","article_publisher":"https:\/\/www.facebook.com\/MediaViestinta\/","article_published_time":"2023-10-16T12:31:49+00:00","article_modified_time":"2023-10-16T12:33:04+00:00","og_image":[{"width":700,"height":400,"url":"https:\/\/mediaviestinta.fi\/mevi2020\/wp-content\/uploads\/2020\/04\/mevi-artikkeli-placeholder-kuva-01.jpg","type":"image\/jpeg"}],"author":"Mevi","twitter_card":"summary_large_image","twitter_creator":"@mediaviestinta","twitter_site":"@mediaviestinta","twitter_misc":{"Kirjoittanut":"Mevi","Arvioitu lukuaika":"3 minuuttia"},"schema":{"@context":"https:\/\/schema.org","@graph":[{"@type":"Article","@id":"https:\/\/mediaviestinta.fi\/mevi2020\/2023\/10\/media-alan-tutkimussaatiolta-tukea-toimittajakyselyiden-jarjestamiseen\/#article","isPartOf":{"@id":"https:\/\/mediaviestinta.fi\/mevi2020\/2023\/10\/media-alan-tutkimussaatiolta-tukea-toimittajakyselyiden-jarjestamiseen\/"},"author":{"name":"Mevi","@id":"https:\/\/mediaviestinta.fi\/#\/schema\/person\/b2da34ab24cfcd17dbdd6c7cfb173257"},"headline":"Media-alan tutkimuss\u00e4\u00e4ti\u00f6lt\u00e4 tukea toimittajakyselyiden j\u00e4rjest\u00e4miseen","datePublished":"2023-10-16T12:31:49+00:00","dateModified":"2023-10-16T12:33:04+00:00","mainEntityOfPage":{"@id":"https:\/\/mediaviestinta.fi\/mevi2020\/2023\/10\/media-alan-tutkimussaatiolta-tukea-toimittajakyselyiden-jarjestamiseen\/"},"wordCount":512,"commentCount":0,"publisher":{"@id":"https:\/\/mediaviestinta.fi\/#organization"},"image":{"@id":"https:\/\/mediaviestinta.fi\/mevi2020\/2023\/10\/media-alan-tutkimussaatiolta-tukea-toimittajakyselyiden-jarjestamiseen\/#primaryimage"},"thumbnailUrl":"https:\/\/mediaviestinta.fi\/mevi2020\/wp-content\/uploads\/2020\/04\/mevi-artikkeli-placeholder-kuva-01.jpg","inLanguage":"fi","potentialAction":[{"@type":"CommentAction","name":"Comment","target":["https:\/\/mediaviestinta.fi\/mevi2020\/2023\/10\/media-alan-tutkimussaatiolta-tukea-toimittajakyselyiden-jarjestamiseen\/#respond"]}]},{"@type":"WebPage","@id":"https:\/\/mediaviestinta.fi\/mevi2020\/2023\/10\/media-alan-tutkimussaatiolta-tukea-toimittajakyselyiden-jarjestamiseen\/","url":"https:\/\/mediaviestinta.fi\/mevi2020\/2023\/10\/media-alan-tutkimussaatiolta-tukea-toimittajakyselyiden-jarjestamiseen\/","name":"Media-alan tutkimuss\u00e4\u00e4ti\u00f6lt\u00e4 tukea toimittajakyselyiden j\u00e4rjest\u00e4miseen &#8211; Mevi","isPartOf":{"@id":"https:\/\/mediaviestinta.fi\/#website"},"primaryImageOfPage":{"@id":"https:\/\/mediaviestinta.fi\/mevi2020\/2023\/10\/media-alan-tutkimussaatiolta-tukea-toimittajakyselyiden-jarjestamiseen\/#primaryimage"},"image":{"@id":"https:\/\/mediaviestinta.fi\/mevi2020\/2023\/10\/media-alan-tutkimussaatiolta-tukea-toimittajakyselyiden-jarjestamiseen\/#primaryimage"},"thumbnailUrl":"https:\/\/mediaviestinta.fi\/mevi2020\/wp-content\/uploads\/2020\/04\/mevi-artikkeli-placeholder-kuva-01.jpg","datePublished":"2023-10-16T12:31:49+00:00","dateModified":"2023-10-16T12:33:04+00:00","breadcrumb":{"@id":"https:\/\/mediaviestinta.fi\/mevi2020\/2023\/10\/media-alan-tutkimussaatiolta-tukea-toimittajakyselyiden-jarjestamiseen\/#breadcrumb"},"inLanguage":"fi","potentialAction":[{"@type":"ReadAction","target":["https:\/\/mediaviestinta.fi\/mevi2020\/2023\/10\/media-alan-tutkimussaatiolta-tukea-toimittajakyselyiden-jarjestamiseen\/"]}]},{"@type":"ImageObject","inLanguage":"fi","@id":"https:\/\/mediaviestinta.fi\/mevi2020\/2023\/10\/media-alan-tutkimussaatiolta-tukea-toimittajakyselyiden-jarjestamiseen\/#primaryimage","url":"https:\/\/mediaviestinta.fi\/mevi2020\/wp-content\/uploads\/2020\/04\/mevi-artikkeli-placeholder-kuva-01.jpg","contentUrl":"https:\/\/mediaviestinta.fi\/mevi2020\/wp-content\/uploads\/2020\/04\/mevi-artikkeli-placeholder-kuva-01.jpg","width":700,"height":400},{"@type":"BreadcrumbList","@id":"https:\/\/mediaviestinta.fi\/mevi2020\/2023\/10\/media-alan-tutkimussaatiolta-tukea-toimittajakyselyiden-jarjestamiseen\/#breadcrumb","itemListElement":[{"@type":"ListItem","position":1,"name":"Home","item":"https:\/\/mediaviestinta.fi\/"},{"@type":"ListItem","position":2,"name":"Media-alan tutkimuss\u00e4\u00e4ti\u00f6lt\u00e4 tukea toimittajakyselyiden j\u00e4rjest\u00e4miseen"}]},{"@type":"WebSite","@id":"https:\/\/mediaviestinta.fi\/#website","url":"https:\/\/mediaviestinta.fi\/","name":"Mevi","description":"Media- ja viestint\u00e4tieteellinen seura Mevi","publisher":{"@id":"https:\/\/mediaviestinta.fi\/#organization"},"potentialAction":[{"@type":"SearchAction","target":{"@type":"EntryPoint","urlTemplate":"https:\/\/mediaviestinta.fi\/?s={search_term_string}"},"query-input":{"@type":"PropertyValueSpecification","valueRequired":true,"valueName":"search_term_string"}}],"inLanguage":"fi"},{"@type":"Organization","@id":"https:\/\/mediaviestinta.fi\/#organization","name":"Media- ja viestint\u00e4tieteellinen seura Mevi","url":"https:\/\/mediaviestinta.fi\/","logo":{"@type":"ImageObject","inLanguage":"fi","@id":"https:\/\/mediaviestinta.fi\/#\/schema\/logo\/image\/","url":"https:\/\/mediaviestinta.fi\/mevi2020\/wp-content\/uploads\/2020\/03\/mevi-logo-RGB-Transparent.png","contentUrl":"https:\/\/mediaviestinta.fi\/mevi2020\/wp-content\/uploads\/2020\/03\/mevi-logo-RGB-Transparent.png","width":910,"height":464,"caption":"Media- ja viestint\u00e4tieteellinen seura Mevi"},"image":{"@id":"https:\/\/mediaviestinta.fi\/#\/schema\/logo\/image\/"},"sameAs":["https:\/\/www.facebook.com\/MediaViestinta\/","https:\/\/x.com\/mediaviestinta"]},{"@type":"Person","@id":"https:\/\/mediaviestinta.fi\/#\/schema\/person\/b2da34ab24cfcd17dbdd6c7cfb173257","name":"Mevi","image":{"@type":"ImageObject","inLanguage":"fi","@id":"https:\/\/secure.gravatar.com\/avatar\/3305b76d1667dc119a18808ed03d6a1fc2dfa8b6a1cddecb8c4d27ef14ec32ca?s=96&d=mm&r=g","url":"https:\/\/secure.gravatar.com\/avatar\/3305b76d1667dc119a18808ed03d6a1fc2dfa8b6a1cddecb8c4d27ef14ec32ca?s=96&d=mm&r=g","contentUrl":"https:\/\/secure.gravatar.com\/avatar\/3305b76d1667dc119a18808ed03d6a1fc2dfa8b6a1cddecb8c4d27ef14ec32ca?s=96&d=mm&r=g","caption":"Mevi"},"url":"https:\/\/mediaviestinta.fi\/mevi2020\/author\/mediavie\/"}]}},"_links":{"self":[{"href":"https:\/\/mediaviestinta.fi\/mevi2020\/wp-json\/wp\/v2\/posts\/4961","targetHints":{"allow":["GET"]}}],"collection":[{"href":"https:\/\/mediaviestinta.fi\/mevi2020\/wp-json\/wp\/v2\/posts"}],"about":[{"href":"https:\/\/mediaviestinta.fi\/mevi2020\/wp-json\/wp\/v2\/types\/post"}],"author":[{"embeddable":true,"href":"https:\/\/mediaviestinta.fi\/mevi2020\/wp-json\/wp\/v2\/users\/3"}],"replies":[{"embeddable":true,"href":"https:\/\/mediaviestinta.fi\/mevi2020\/wp-json\/wp\/v2\/comments?post=4961"}],"version-history":[{"count":7,"href":"https:\/\/mediaviestinta.fi\/mevi2020\/wp-json\/wp\/v2\/posts\/4961\/revisions"}],"predecessor-version":[{"id":4968,"href":"https:\/\/mediaviestinta.fi\/mevi2020\/wp-json\/wp\/v2\/posts\/4961\/revisions\/4968"}],"wp:featuredmedia":[{"embeddable":true,"href":"https:\/\/mediaviestinta.fi\/mevi2020\/wp-json\/wp\/v2\/media\/3660"}],"wp:attachment":[{"href":"https:\/\/mediaviestinta.fi\/mevi2020\/wp-json\/wp\/v2\/media?parent=4961"}],"wp:term":[{"taxonomy":"category","embeddable":true,"href":"https:\/\/mediaviestinta.fi\/mevi2020\/wp-json\/wp\/v2\/categories?post=4961"},{"taxonomy":"post_tag","embeddable":true,"href":"https:\/\/mediaviestinta.fi\/mevi2020\/wp-json\/wp\/v2\/tags?post=4961"}],"curies":[{"name":"wp","href":"https:\/\/api.w.org\/{rel}","templated":true}]}}