{"id":4970,"date":"2023-11-22T10:24:03","date_gmt":"2023-11-22T08:24:03","guid":{"rendered":"https:\/\/mediaviestinta.fi\/?p=4970"},"modified":"2023-12-14T09:32:52","modified_gmt":"2023-12-14T07:32:52","slug":"mediakritiikin-iltapaivassa-puhutaan-luottamuksesta","status":"publish","type":"post","link":"https:\/\/mediaviestinta.fi\/mevi2020\/2023\/11\/mediakritiikin-iltapaivassa-puhutaan-luottamuksesta\/","title":{"rendered":"Mediakritiikin iltap\u00e4iv\u00e4ss\u00e4 puhutaan luottamuksesta"},"content":{"rendered":"\n<p>Ensi vuoden Mediakritiikin iltap\u00e4iv\u00e4 j\u00e4rjestet\u00e4\u00e4n keskiviikkona 7.2.2024 ja sen teema on uutismedia ja luottamus. Miksi yksi luottaa uutisiin ja toinen ei? Mist\u00e4 luottamus syntyy ja mik\u00e4 sit\u00e4 nakertaa? Tapahtuman muoto on yleis\u00f6keskustelu, jota kutsutut panelistit her\u00e4ttelev\u00e4t. <\/p>\n\n\n\n<p>Kaikille avoin ja maksuton keskustelutilaisuus j\u00e4rjestet\u00e4\u00e4n Tampereen p\u00e4\u00e4kirjasto Metson Lehmus-salissa kello 17 &#8211; 18.30. Tapahtuman j\u00e4rjest\u00e4\u00e4 Tampereen yliopiston tutkimuskeskus COMET yhdess\u00e4 Mevi ry:n, Tampereen kaupunginkirjaston ja DECA-tutkimushankkeen kanssa. Tarkempia tietoja tapahtumasta l\u00f6yd\u00e4t <a href=\"https:\/\/research.tuni.fi\/comet\/mediakritiikin-iltapaiva\/\">t\u00e4\u00e4lt\u00e4<\/a>.<\/p>\n\n\n\n<p>Tervetuloa!<\/p>\n","protected":false},"excerpt":{"rendered":"<p>Ensi vuoden Mediakritiikin iltap\u00e4iv\u00e4 j\u00e4rjestet\u00e4\u00e4n keskiviikkona 7.2.2024 ja sen teema on uutismedia ja luottamus. Miksi yksi luottaa uutisiin ja toinen ei? Mist\u00e4 luottamus syntyy ja mik\u00e4 sit\u00e4 nakertaa?&hellip;<\/p>\n","protected":false},"author":3,"featured_media":4972,"comment_status":"open","ping_status":"closed","sticky":false,"template":"","format":"standard","meta":{"_monsterinsights_skip_tracking":false,"_monsterinsights_sitenote_active":false,"_monsterinsights_sitenote_note":"","_monsterinsights_sitenote_category":0,"footnotes":""},"categories":[1],"tags":[],"class_list":["post-4970","post","type-post","status-publish","format-standard","has-post-thumbnail","hentry","category-yleinen"],"yoast_head":"<!-- This site is optimized with the Yoast SEO plugin v27.5 - https:\/\/yoast.com\/product\/yoast-seo-wordpress\/ -->\n<title>Mediakritiikin iltap\u00e4iv\u00e4ss\u00e4 puhutaan luottamuksesta &#8211; Mevi<\/title>\n<meta name=\"robots\" content=\"index, follow, max-snippet:-1, max-image-preview:large, max-video-preview:-1\" \/>\n<link rel=\"canonical\" href=\"https:\/\/mediaviestinta.fi\/2023\/11\/mediakritiikin-iltapaivassa-puhutaan-luottamuksesta\/\" \/>\n<meta property=\"og:locale\" content=\"fi_FI\" \/>\n<meta property=\"og:type\" content=\"article\" \/>\n<meta property=\"og:title\" content=\"Mediakritiikin iltap\u00e4iv\u00e4ss\u00e4 puhutaan luottamuksesta &#8211; Mevi\" \/>\n<meta property=\"og:description\" content=\"Ensi vuoden Mediakritiikin iltap\u00e4iv\u00e4 j\u00e4rjestet\u00e4\u00e4n keskiviikkona 7.2.2024 ja sen teema on uutismedia ja luottamus. Miksi yksi luottaa uutisiin ja toinen ei? Mist\u00e4 luottamus syntyy ja mik\u00e4 sit\u00e4 nakertaa?&hellip;\" \/>\n<meta property=\"og:url\" content=\"https:\/\/mediaviestinta.fi\/2023\/11\/mediakritiikin-iltapaivassa-puhutaan-luottamuksesta\/\" \/>\n<meta property=\"og:site_name\" content=\"Mevi\" \/>\n<meta property=\"article:publisher\" content=\"https:\/\/www.facebook.com\/MediaViestinta\/\" \/>\n<meta property=\"article:published_time\" content=\"2023-11-22T08:24:03+00:00\" \/>\n<meta property=\"article:modified_time\" content=\"2023-12-14T07:32:52+00:00\" \/>\n<meta property=\"og:image\" content=\"https:\/\/mediaviestinta.fi\/mevi2020\/wp-content\/uploads\/2023\/11\/thinking-2603515_1280.jpg\" \/>\n\t<meta property=\"og:image:width\" content=\"1280\" \/>\n\t<meta property=\"og:image:height\" content=\"853\" \/>\n\t<meta property=\"og:image:type\" content=\"image\/jpeg\" \/>\n<meta name=\"author\" content=\"Mevi\" \/>\n<meta name=\"twitter:card\" content=\"summary_large_image\" \/>\n<meta name=\"twitter:creator\" content=\"@mediaviestinta\" \/>\n<meta name=\"twitter:site\" content=\"@mediaviestinta\" \/>\n<meta name=\"twitter:label1\" content=\"Kirjoittanut\" \/>\n\t<meta name=\"twitter:data1\" content=\"Mevi\" \/>\n\t<meta name=\"twitter:label2\" content=\"Arvioitu lukuaika\" \/>\n\t<meta name=\"twitter:data2\" content=\"1 minuutti\" \/>\n<script type=\"application\/ld+json\" class=\"yoast-schema-graph\">{\"@context\":\"https:\\\/\\\/schema.org\",\"@graph\":[{\"@type\":\"Article\",\"@id\":\"https:\\\/\\\/mediaviestinta.fi\\\/2023\\\/11\\\/mediakritiikin-iltapaivassa-puhutaan-luottamuksesta\\\/#article\",\"isPartOf\":{\"@id\":\"https:\\\/\\\/mediaviestinta.fi\\\/2023\\\/11\\\/mediakritiikin-iltapaivassa-puhutaan-luottamuksesta\\\/\"},\"author\":{\"name\":\"Mevi\",\"@id\":\"https:\\\/\\\/mediaviestinta.fi\\\/#\\\/schema\\\/person\\\/b2da34ab24cfcd17dbdd6c7cfb173257\"},\"headline\":\"Mediakritiikin iltap\u00e4iv\u00e4ss\u00e4 puhutaan luottamuksesta\",\"datePublished\":\"2023-11-22T08:24:03+00:00\",\"dateModified\":\"2023-12-14T07:32:52+00:00\",\"mainEntityOfPage\":{\"@id\":\"https:\\\/\\\/mediaviestinta.fi\\\/2023\\\/11\\\/mediakritiikin-iltapaivassa-puhutaan-luottamuksesta\\\/\"},\"wordCount\":87,\"commentCount\":0,\"publisher\":{\"@id\":\"https:\\\/\\\/mediaviestinta.fi\\\/#organization\"},\"image\":{\"@id\":\"https:\\\/\\\/mediaviestinta.fi\\\/2023\\\/11\\\/mediakritiikin-iltapaivassa-puhutaan-luottamuksesta\\\/#primaryimage\"},\"thumbnailUrl\":\"https:\\\/\\\/mediaviestinta.fi\\\/mevi2020\\\/wp-content\\\/uploads\\\/2023\\\/11\\\/thinking-2603515_1280.jpg\",\"inLanguage\":\"fi\",\"potentialAction\":[{\"@type\":\"CommentAction\",\"name\":\"Comment\",\"target\":[\"https:\\\/\\\/mediaviestinta.fi\\\/2023\\\/11\\\/mediakritiikin-iltapaivassa-puhutaan-luottamuksesta\\\/#respond\"]}]},{\"@type\":\"WebPage\",\"@id\":\"https:\\\/\\\/mediaviestinta.fi\\\/2023\\\/11\\\/mediakritiikin-iltapaivassa-puhutaan-luottamuksesta\\\/\",\"url\":\"https:\\\/\\\/mediaviestinta.fi\\\/2023\\\/11\\\/mediakritiikin-iltapaivassa-puhutaan-luottamuksesta\\\/\",\"name\":\"Mediakritiikin iltap\u00e4iv\u00e4ss\u00e4 puhutaan luottamuksesta &#8211; Mevi\",\"isPartOf\":{\"@id\":\"https:\\\/\\\/mediaviestinta.fi\\\/#website\"},\"primaryImageOfPage\":{\"@id\":\"https:\\\/\\\/mediaviestinta.fi\\\/2023\\\/11\\\/mediakritiikin-iltapaivassa-puhutaan-luottamuksesta\\\/#primaryimage\"},\"image\":{\"@id\":\"https:\\\/\\\/mediaviestinta.fi\\\/2023\\\/11\\\/mediakritiikin-iltapaivassa-puhutaan-luottamuksesta\\\/#primaryimage\"},\"thumbnailUrl\":\"https:\\\/\\\/mediaviestinta.fi\\\/mevi2020\\\/wp-content\\\/uploads\\\/2023\\\/11\\\/thinking-2603515_1280.jpg\",\"datePublished\":\"2023-11-22T08:24:03+00:00\",\"dateModified\":\"2023-12-14T07:32:52+00:00\",\"breadcrumb\":{\"@id\":\"https:\\\/\\\/mediaviestinta.fi\\\/2023\\\/11\\\/mediakritiikin-iltapaivassa-puhutaan-luottamuksesta\\\/#breadcrumb\"},\"inLanguage\":\"fi\",\"potentialAction\":[{\"@type\":\"ReadAction\",\"target\":[\"https:\\\/\\\/mediaviestinta.fi\\\/2023\\\/11\\\/mediakritiikin-iltapaivassa-puhutaan-luottamuksesta\\\/\"]}]},{\"@type\":\"ImageObject\",\"inLanguage\":\"fi\",\"@id\":\"https:\\\/\\\/mediaviestinta.fi\\\/2023\\\/11\\\/mediakritiikin-iltapaivassa-puhutaan-luottamuksesta\\\/#primaryimage\",\"url\":\"https:\\\/\\\/mediaviestinta.fi\\\/mevi2020\\\/wp-content\\\/uploads\\\/2023\\\/11\\\/thinking-2603515_1280.jpg\",\"contentUrl\":\"https:\\\/\\\/mediaviestinta.fi\\\/mevi2020\\\/wp-content\\\/uploads\\\/2023\\\/11\\\/thinking-2603515_1280.jpg\",\"width\":1280,\"height\":853,\"caption\":\"Kuvituskuva nuoresta miehest\u00e4, joka lukee sanomalehte\u00e4 ja nojaa p\u00e4\u00e4t\u00e4\u00e4n k\u00e4teens\u00e4.\"},{\"@type\":\"BreadcrumbList\",\"@id\":\"https:\\\/\\\/mediaviestinta.fi\\\/2023\\\/11\\\/mediakritiikin-iltapaivassa-puhutaan-luottamuksesta\\\/#breadcrumb\",\"itemListElement\":[{\"@type\":\"ListItem\",\"position\":1,\"name\":\"Home\",\"item\":\"https:\\\/\\\/mediaviestinta.fi\\\/\"},{\"@type\":\"ListItem\",\"position\":2,\"name\":\"Mediakritiikin iltap\u00e4iv\u00e4ss\u00e4 puhutaan luottamuksesta\"}]},{\"@type\":\"WebSite\",\"@id\":\"https:\\\/\\\/mediaviestinta.fi\\\/#website\",\"url\":\"https:\\\/\\\/mediaviestinta.fi\\\/\",\"name\":\"Mevi\",\"description\":\"Media- ja viestint\u00e4tieteellinen seura Mevi\",\"publisher\":{\"@id\":\"https:\\\/\\\/mediaviestinta.fi\\\/#organization\"},\"potentialAction\":[{\"@type\":\"SearchAction\",\"target\":{\"@type\":\"EntryPoint\",\"urlTemplate\":\"https:\\\/\\\/mediaviestinta.fi\\\/?s={search_term_string}\"},\"query-input\":{\"@type\":\"PropertyValueSpecification\",\"valueRequired\":true,\"valueName\":\"search_term_string\"}}],\"inLanguage\":\"fi\"},{\"@type\":\"Organization\",\"@id\":\"https:\\\/\\\/mediaviestinta.fi\\\/#organization\",\"name\":\"Media- ja viestint\u00e4tieteellinen seura Mevi\",\"url\":\"https:\\\/\\\/mediaviestinta.fi\\\/\",\"logo\":{\"@type\":\"ImageObject\",\"inLanguage\":\"fi\",\"@id\":\"https:\\\/\\\/mediaviestinta.fi\\\/#\\\/schema\\\/logo\\\/image\\\/\",\"url\":\"https:\\\/\\\/mediaviestinta.fi\\\/mevi2020\\\/wp-content\\\/uploads\\\/2020\\\/03\\\/mevi-logo-RGB-Transparent.png\",\"contentUrl\":\"https:\\\/\\\/mediaviestinta.fi\\\/mevi2020\\\/wp-content\\\/uploads\\\/2020\\\/03\\\/mevi-logo-RGB-Transparent.png\",\"width\":910,\"height\":464,\"caption\":\"Media- ja viestint\u00e4tieteellinen seura Mevi\"},\"image\":{\"@id\":\"https:\\\/\\\/mediaviestinta.fi\\\/#\\\/schema\\\/logo\\\/image\\\/\"},\"sameAs\":[\"https:\\\/\\\/www.facebook.com\\\/MediaViestinta\\\/\",\"https:\\\/\\\/x.com\\\/mediaviestinta\"]},{\"@type\":\"Person\",\"@id\":\"https:\\\/\\\/mediaviestinta.fi\\\/#\\\/schema\\\/person\\\/b2da34ab24cfcd17dbdd6c7cfb173257\",\"name\":\"Mevi\",\"image\":{\"@type\":\"ImageObject\",\"inLanguage\":\"fi\",\"@id\":\"https:\\\/\\\/secure.gravatar.com\\\/avatar\\\/3305b76d1667dc119a18808ed03d6a1fc2dfa8b6a1cddecb8c4d27ef14ec32ca?s=96&d=mm&r=g\",\"url\":\"https:\\\/\\\/secure.gravatar.com\\\/avatar\\\/3305b76d1667dc119a18808ed03d6a1fc2dfa8b6a1cddecb8c4d27ef14ec32ca?s=96&d=mm&r=g\",\"contentUrl\":\"https:\\\/\\\/secure.gravatar.com\\\/avatar\\\/3305b76d1667dc119a18808ed03d6a1fc2dfa8b6a1cddecb8c4d27ef14ec32ca?s=96&d=mm&r=g\",\"caption\":\"Mevi\"},\"url\":\"https:\\\/\\\/mediaviestinta.fi\\\/mevi2020\\\/author\\\/mediavie\\\/\"}]}<\/script>\n<!-- \/ Yoast SEO plugin. -->","yoast_head_json":{"title":"Mediakritiikin iltap\u00e4iv\u00e4ss\u00e4 puhutaan luottamuksesta &#8211; Mevi","robots":{"index":"index","follow":"follow","max-snippet":"max-snippet:-1","max-image-preview":"max-image-preview:large","max-video-preview":"max-video-preview:-1"},"canonical":"https:\/\/mediaviestinta.fi\/2023\/11\/mediakritiikin-iltapaivassa-puhutaan-luottamuksesta\/","og_locale":"fi_FI","og_type":"article","og_title":"Mediakritiikin iltap\u00e4iv\u00e4ss\u00e4 puhutaan luottamuksesta &#8211; Mevi","og_description":"Ensi vuoden Mediakritiikin iltap\u00e4iv\u00e4 j\u00e4rjestet\u00e4\u00e4n keskiviikkona 7.2.2024 ja sen teema on uutismedia ja luottamus. Miksi yksi luottaa uutisiin ja toinen ei? Mist\u00e4 luottamus syntyy ja mik\u00e4 sit\u00e4 nakertaa?&hellip;","og_url":"https:\/\/mediaviestinta.fi\/2023\/11\/mediakritiikin-iltapaivassa-puhutaan-luottamuksesta\/","og_site_name":"Mevi","article_publisher":"https:\/\/www.facebook.com\/MediaViestinta\/","article_published_time":"2023-11-22T08:24:03+00:00","article_modified_time":"2023-12-14T07:32:52+00:00","og_image":[{"width":1280,"height":853,"url":"https:\/\/mediaviestinta.fi\/mevi2020\/wp-content\/uploads\/2023\/11\/thinking-2603515_1280.jpg","type":"image\/jpeg"}],"author":"Mevi","twitter_card":"summary_large_image","twitter_creator":"@mediaviestinta","twitter_site":"@mediaviestinta","twitter_misc":{"Kirjoittanut":"Mevi","Arvioitu lukuaika":"1 minuutti"},"schema":{"@context":"https:\/\/schema.org","@graph":[{"@type":"Article","@id":"https:\/\/mediaviestinta.fi\/2023\/11\/mediakritiikin-iltapaivassa-puhutaan-luottamuksesta\/#article","isPartOf":{"@id":"https:\/\/mediaviestinta.fi\/2023\/11\/mediakritiikin-iltapaivassa-puhutaan-luottamuksesta\/"},"author":{"name":"Mevi","@id":"https:\/\/mediaviestinta.fi\/#\/schema\/person\/b2da34ab24cfcd17dbdd6c7cfb173257"},"headline":"Mediakritiikin iltap\u00e4iv\u00e4ss\u00e4 puhutaan luottamuksesta","datePublished":"2023-11-22T08:24:03+00:00","dateModified":"2023-12-14T07:32:52+00:00","mainEntityOfPage":{"@id":"https:\/\/mediaviestinta.fi\/2023\/11\/mediakritiikin-iltapaivassa-puhutaan-luottamuksesta\/"},"wordCount":87,"commentCount":0,"publisher":{"@id":"https:\/\/mediaviestinta.fi\/#organization"},"image":{"@id":"https:\/\/mediaviestinta.fi\/2023\/11\/mediakritiikin-iltapaivassa-puhutaan-luottamuksesta\/#primaryimage"},"thumbnailUrl":"https:\/\/mediaviestinta.fi\/mevi2020\/wp-content\/uploads\/2023\/11\/thinking-2603515_1280.jpg","inLanguage":"fi","potentialAction":[{"@type":"CommentAction","name":"Comment","target":["https:\/\/mediaviestinta.fi\/2023\/11\/mediakritiikin-iltapaivassa-puhutaan-luottamuksesta\/#respond"]}]},{"@type":"WebPage","@id":"https:\/\/mediaviestinta.fi\/2023\/11\/mediakritiikin-iltapaivassa-puhutaan-luottamuksesta\/","url":"https:\/\/mediaviestinta.fi\/2023\/11\/mediakritiikin-iltapaivassa-puhutaan-luottamuksesta\/","name":"Mediakritiikin iltap\u00e4iv\u00e4ss\u00e4 puhutaan luottamuksesta &#8211; Mevi","isPartOf":{"@id":"https:\/\/mediaviestinta.fi\/#website"},"primaryImageOfPage":{"@id":"https:\/\/mediaviestinta.fi\/2023\/11\/mediakritiikin-iltapaivassa-puhutaan-luottamuksesta\/#primaryimage"},"image":{"@id":"https:\/\/mediaviestinta.fi\/2023\/11\/mediakritiikin-iltapaivassa-puhutaan-luottamuksesta\/#primaryimage"},"thumbnailUrl":"https:\/\/mediaviestinta.fi\/mevi2020\/wp-content\/uploads\/2023\/11\/thinking-2603515_1280.jpg","datePublished":"2023-11-22T08:24:03+00:00","dateModified":"2023-12-14T07:32:52+00:00","breadcrumb":{"@id":"https:\/\/mediaviestinta.fi\/2023\/11\/mediakritiikin-iltapaivassa-puhutaan-luottamuksesta\/#breadcrumb"},"inLanguage":"fi","potentialAction":[{"@type":"ReadAction","target":["https:\/\/mediaviestinta.fi\/2023\/11\/mediakritiikin-iltapaivassa-puhutaan-luottamuksesta\/"]}]},{"@type":"ImageObject","inLanguage":"fi","@id":"https:\/\/mediaviestinta.fi\/2023\/11\/mediakritiikin-iltapaivassa-puhutaan-luottamuksesta\/#primaryimage","url":"https:\/\/mediaviestinta.fi\/mevi2020\/wp-content\/uploads\/2023\/11\/thinking-2603515_1280.jpg","contentUrl":"https:\/\/mediaviestinta.fi\/mevi2020\/wp-content\/uploads\/2023\/11\/thinking-2603515_1280.jpg","width":1280,"height":853,"caption":"Kuvituskuva nuoresta miehest\u00e4, joka lukee sanomalehte\u00e4 ja nojaa p\u00e4\u00e4t\u00e4\u00e4n k\u00e4teens\u00e4."},{"@type":"BreadcrumbList","@id":"https:\/\/mediaviestinta.fi\/2023\/11\/mediakritiikin-iltapaivassa-puhutaan-luottamuksesta\/#breadcrumb","itemListElement":[{"@type":"ListItem","position":1,"name":"Home","item":"https:\/\/mediaviestinta.fi\/"},{"@type":"ListItem","position":2,"name":"Mediakritiikin iltap\u00e4iv\u00e4ss\u00e4 puhutaan luottamuksesta"}]},{"@type":"WebSite","@id":"https:\/\/mediaviestinta.fi\/#website","url":"https:\/\/mediaviestinta.fi\/","name":"Mevi","description":"Media- ja viestint\u00e4tieteellinen seura Mevi","publisher":{"@id":"https:\/\/mediaviestinta.fi\/#organization"},"potentialAction":[{"@type":"SearchAction","target":{"@type":"EntryPoint","urlTemplate":"https:\/\/mediaviestinta.fi\/?s={search_term_string}"},"query-input":{"@type":"PropertyValueSpecification","valueRequired":true,"valueName":"search_term_string"}}],"inLanguage":"fi"},{"@type":"Organization","@id":"https:\/\/mediaviestinta.fi\/#organization","name":"Media- ja viestint\u00e4tieteellinen seura Mevi","url":"https:\/\/mediaviestinta.fi\/","logo":{"@type":"ImageObject","inLanguage":"fi","@id":"https:\/\/mediaviestinta.fi\/#\/schema\/logo\/image\/","url":"https:\/\/mediaviestinta.fi\/mevi2020\/wp-content\/uploads\/2020\/03\/mevi-logo-RGB-Transparent.png","contentUrl":"https:\/\/mediaviestinta.fi\/mevi2020\/wp-content\/uploads\/2020\/03\/mevi-logo-RGB-Transparent.png","width":910,"height":464,"caption":"Media- ja viestint\u00e4tieteellinen seura Mevi"},"image":{"@id":"https:\/\/mediaviestinta.fi\/#\/schema\/logo\/image\/"},"sameAs":["https:\/\/www.facebook.com\/MediaViestinta\/","https:\/\/x.com\/mediaviestinta"]},{"@type":"Person","@id":"https:\/\/mediaviestinta.fi\/#\/schema\/person\/b2da34ab24cfcd17dbdd6c7cfb173257","name":"Mevi","image":{"@type":"ImageObject","inLanguage":"fi","@id":"https:\/\/secure.gravatar.com\/avatar\/3305b76d1667dc119a18808ed03d6a1fc2dfa8b6a1cddecb8c4d27ef14ec32ca?s=96&d=mm&r=g","url":"https:\/\/secure.gravatar.com\/avatar\/3305b76d1667dc119a18808ed03d6a1fc2dfa8b6a1cddecb8c4d27ef14ec32ca?s=96&d=mm&r=g","contentUrl":"https:\/\/secure.gravatar.com\/avatar\/3305b76d1667dc119a18808ed03d6a1fc2dfa8b6a1cddecb8c4d27ef14ec32ca?s=96&d=mm&r=g","caption":"Mevi"},"url":"https:\/\/mediaviestinta.fi\/mevi2020\/author\/mediavie\/"}]}},"_links":{"self":[{"href":"https:\/\/mediaviestinta.fi\/mevi2020\/wp-json\/wp\/v2\/posts\/4970","targetHints":{"allow":["GET"]}}],"collection":[{"href":"https:\/\/mediaviestinta.fi\/mevi2020\/wp-json\/wp\/v2\/posts"}],"about":[{"href":"https:\/\/mediaviestinta.fi\/mevi2020\/wp-json\/wp\/v2\/types\/post"}],"author":[{"embeddable":true,"href":"https:\/\/mediaviestinta.fi\/mevi2020\/wp-json\/wp\/v2\/users\/3"}],"replies":[{"embeddable":true,"href":"https:\/\/mediaviestinta.fi\/mevi2020\/wp-json\/wp\/v2\/comments?post=4970"}],"version-history":[{"count":3,"href":"https:\/\/mediaviestinta.fi\/mevi2020\/wp-json\/wp\/v2\/posts\/4970\/revisions"}],"predecessor-version":[{"id":4981,"href":"https:\/\/mediaviestinta.fi\/mevi2020\/wp-json\/wp\/v2\/posts\/4970\/revisions\/4981"}],"wp:featuredmedia":[{"embeddable":true,"href":"https:\/\/mediaviestinta.fi\/mevi2020\/wp-json\/wp\/v2\/media\/4972"}],"wp:attachment":[{"href":"https:\/\/mediaviestinta.fi\/mevi2020\/wp-json\/wp\/v2\/media?parent=4970"}],"wp:term":[{"taxonomy":"category","embeddable":true,"href":"https:\/\/mediaviestinta.fi\/mevi2020\/wp-json\/wp\/v2\/categories?post=4970"},{"taxonomy":"post_tag","embeddable":true,"href":"https:\/\/mediaviestinta.fi\/mevi2020\/wp-json\/wp\/v2\/tags?post=4970"}],"curies":[{"name":"wp","href":"https:\/\/api.w.org\/{rel}","templated":true}]}}