{"id":4975,"date":"2024-01-12T08:13:08","date_gmt":"2024-01-12T06:13:08","guid":{"rendered":"https:\/\/mediaviestinta.fi\/?p=4975"},"modified":"2024-01-12T08:13:09","modified_gmt":"2024-01-12T06:13:09","slug":"etatyo-vahensi-toimittajien-stressia-mutta-myos-heikensi-luovuutta","status":"publish","type":"post","link":"https:\/\/mediaviestinta.fi\/mevi2020\/2024\/01\/etatyo-vahensi-toimittajien-stressia-mutta-myos-heikensi-luovuutta\/","title":{"rendered":"Et\u00e4ty\u00f6 v\u00e4hensi toimittajien stressi\u00e4, mutta my\u00f6s heikensi luovuutta"},"content":{"rendered":"\n<p><strong>Korona-ajan siirtym\u00e4 et\u00e4t\u00f6ihin n\u00e4kyi toimittajien ty\u00f6hyvinvoinnissa ristiriitaisesti, uusi tutkimus kertoo. Minna Koivula, Tuomas Rouvali, Johanna Rantanen, Tiina Saari, Sara Veistola, Anne Parkatti ja Mikko Villi vertailivat suomalaistoimittajien vastauksia ty\u00f6hyvinvointikyselyihin vuosina 2019 ja 2020. Tutkimuksesta kertova artikkeli <a href=\"https:\/\/doi.org\/10.23983\/mv.127909\">Media-alan ty\u00f6ntekij\u00f6iden kokemuksia et\u00e4ty\u00f6st\u00e4 ja ty\u00f6hyvinvoinnista koronapandemian aikana<\/a> on julkaistu\u00a0<em>Media &amp; viestint\u00e4<\/em>\u00a0-lehdess\u00e4 <a href=\"https:\/\/journal.fi\/mediaviestinta\/issue\/view\/10813\">4\/2023<\/a>.<\/strong><\/p>\n\n\n\n<p><strong>Mihin laajempaan ilmi\u00f6\u00f6n ja keskusteluun artikkelinne liittyy?<\/strong><br><br>Tutkimuksemme kytkeytyy kasvavaan kiinnostukseen toimittajien ja muiden media-alalla ty\u00f6skentelevien hyvinvointia kohtaan. Viime vuosina varsinkin journalismin tutkimuksessa on alettu kiinnitt\u00e4\u00e4 yh\u00e4 enemm\u00e4n huomiota siihen, miten alan ty\u00f6ntekij\u00e4t voivat ja miten hyvinvoinnin ymp\u00e4rille kiertyv\u00e4t ilmi\u00f6t vaikuttavat journalismiin laajemmin. Kyse on journalismin tutkimuksen affektiivisesta k\u00e4\u00e4nteest\u00e4, joka sai alkunsa noin vuosikymmen sitten. Alkuun tutkimus oli paljolti ongelmal\u00e4ht\u00f6ist\u00e4, esimerkiksi sotatoimittajien tai kriisitilanteista raportoineiden journalistien PTSD-oireiden tai my\u00f6t\u00e4tuntouupumuksen m\u00e4\u00e4r\u00e4llist\u00e4 tutkimusta. Viime vuosina alan tutkijat ovat kirjoittaneet laajemmin my\u00f6s toimittajien arjen ty\u00f6hyvinvointia k\u00e4sittelevist\u00e4 ilmi\u00f6ist\u00e4, jollainen meid\u00e4nkin tutkimuksemme on. Lis\u00e4ksi artikkelissamme on pandemiatilanteen mukanaan tuoma n\u00e4k\u00f6kulma, joka kytkee sen osaksi korona-aiheista journalismin tutkimusta.<\/p>\n\n\n\n<p><strong>Mik\u00e4 on antinne t\u00e4h\u00e4n keskusteluun?<\/strong><br><br>Tuomme artikkelissamme ty\u00f6hyvinvoinnin tutkimuksessa usein k\u00e4ytetyt ja t\u00e4rke\u00e4t ty\u00f6n imun ja kognitiivisten stressioireiden kokemukset osaksi journalismin tutkimusta. Teimme tutkimuksen pitkitt\u00e4istutkimuksena niin, ett\u00e4 ensimm\u00e4inen mittauspiste oli ennen pandemian alkua syksyll\u00e4 2019 ja toinen vuotta my\u00f6hemmin syksyll\u00e4 2020 eli pandemian ollessa tiheimmill\u00e4\u00e4n. Havaintojemme perusteella n\u00e4ytt\u00e4\u00e4 silt\u00e4, ett\u00e4 pandemian my\u00f6t\u00e4 et\u00e4ty\u00f6h\u00f6n siirtyminen itseasiassa v\u00e4hensi media-alan ty\u00f6ntekij\u00f6iden kognitiivisia stressioireita eli et\u00e4t\u00f6iss\u00e4 vastaajiemme oli esimerkiksi helpompaa keskitty\u00e4 ty\u00f6h\u00f6ns\u00e4 ja ajatella selke\u00e4sti, kun keskeytyksi\u00e4 oli v\u00e4hemm\u00e4n. Toisaalta vastaajien kyselyyn antamat avovastaukset heijastelevat my\u00f6s ilmi\u00f6n k\u00e4\u00e4nt\u00f6puolta, sill\u00e4 moni raportoi ty\u00f6n luovuuden k\u00e4rsineen, kun kaikki vuorovaikutus kollegoiden kanssa siirtyi teknologiav\u00e4litteiseksi.<\/p>\n\n\n\n<p><strong>Mik\u00e4 on artikkelinne keskeinen argumentti?<\/strong><br><br>Et\u00e4ty\u00f6 n\u00e4ytt\u00e4ytyy kotimaisella media-alalla tasapainotteluna tehokkuuden ja luovuuden v\u00e4lill\u00e4. Toisaalta pakotettu et\u00e4ty\u00f6h\u00f6n siirtyminen toi media-alan ty\u00f6ntekij\u00f6ille jopa hieman yll\u00e4tt\u00e4en paremmat mahdollisuudet keskitty\u00e4 ja tehd\u00e4 ty\u00f6t\u00e4 tehokkaasti, mutta toisaalta journalismiin olennaisesti liittyv\u00e4n luovuuden koettiin v\u00e4henev\u00e4n et\u00e4ty\u00f6n my\u00f6t\u00e4. Jatkossa mediatalojen kannattaakin siis punnita et\u00e4ty\u00f6n hy\u00f6tyj\u00e4 ja haittoja erityisesti ty\u00f6hyvinvointia tukevan yhteis\u00f6llisyyden ja luovuuden n\u00e4k\u00f6kulmista, koska niiden k\u00e4rsiess\u00e4 tehokkuuskin voi pidemm\u00e4n p\u00e4\u00e4lle k\u00e4rsi\u00e4.<\/p>\n\n\n\n<p><strong>Kenen kannattaa lukea artikkelinne?<\/strong><br><br>Artikkeli on oleellista luettavaa kenelle tahansa suomalaisen media-alan ty\u00f6olosuhteista ja niiden erityispiirteist\u00e4 kiinnostuneelle. Erityisesti sen havainnoista voivat hy\u00f6ty\u00e4 mediaorganisaatioissa et\u00e4ty\u00f6k\u00e4yt\u00e4nteist\u00e4 p\u00e4\u00e4tt\u00e4v\u00e4t esihenkil\u00f6t ja johto.<\/p>\n\n\n\n<p><strong>Mik\u00e4 sai teid\u00e4t tarttumaan t\u00e4h\u00e4n aiheeseen?<\/strong><br><br>Artikkeli syntyi mediaty\u00f6ntekij\u00f6iden ty\u00f6hyvinvointia laajasti kartoittaneen <a href=\"https:\/\/mediawork.fi\">Media Work 2030<\/a> -hankkeen tuloksena. Hankkeessa ty\u00f6skenteli monitieteisess\u00e4 tiimiss\u00e4 journalismin, viestinn\u00e4n, psykologian, aivotutkimuksen ja ty\u00f6el\u00e4m\u00e4n tutkijoita, joiden yhteisponnistus t\u00e4m\u00e4kin artikkeli on. Hanketta rahoitti Helsingin Sanomain S\u00e4\u00e4ti\u00f6 vuosina 2019\u20132022.<\/p>\n","protected":false},"excerpt":{"rendered":"<p>Korona-ajan siirtym\u00e4 et\u00e4t\u00f6ihin n\u00e4kyi toimittajien ty\u00f6hyvinvoinnissa ristiriitaisesti, uusi tutkimus kertoo. Minna Koivula, Tuomas Rouvali, Johanna Rantanen, Tiina Saari, Sara Veistola, Anne Parkatti ja Mikko Villi vertailivat suomalaistoimittajien vastauksia&hellip;<\/p>\n","protected":false},"author":3,"featured_media":4987,"comment_status":"open","ping_status":"closed","sticky":false,"template":"","format":"standard","meta":{"_monsterinsights_skip_tracking":false,"_monsterinsights_sitenote_active":false,"_monsterinsights_sitenote_note":"","_monsterinsights_sitenote_category":0,"footnotes":""},"categories":[1],"tags":[],"class_list":["post-4975","post","type-post","status-publish","format-standard","has-post-thumbnail","hentry","category-yleinen"],"yoast_head":"<!-- This site is optimized with the Yoast SEO plugin v27.5 - https:\/\/yoast.com\/product\/yoast-seo-wordpress\/ -->\n<title>Et\u00e4ty\u00f6 v\u00e4hensi toimittajien stressi\u00e4, mutta my\u00f6s heikensi luovuutta &#8211; Mevi<\/title>\n<meta name=\"robots\" content=\"index, follow, max-snippet:-1, max-image-preview:large, max-video-preview:-1\" \/>\n<link rel=\"canonical\" href=\"https:\/\/mediaviestinta.fi\/2024\/01\/etatyo-vahensi-toimittajien-stressia-mutta-myos-heikensi-luovuutta\/\" \/>\n<meta property=\"og:locale\" content=\"fi_FI\" \/>\n<meta property=\"og:type\" content=\"article\" \/>\n<meta property=\"og:title\" content=\"Et\u00e4ty\u00f6 v\u00e4hensi toimittajien stressi\u00e4, mutta my\u00f6s heikensi luovuutta &#8211; Mevi\" \/>\n<meta property=\"og:description\" content=\"Korona-ajan siirtym\u00e4 et\u00e4t\u00f6ihin n\u00e4kyi toimittajien ty\u00f6hyvinvoinnissa ristiriitaisesti, uusi tutkimus kertoo. Minna Koivula, Tuomas Rouvali, Johanna Rantanen, Tiina Saari, Sara Veistola, Anne Parkatti ja Mikko Villi vertailivat suomalaistoimittajien vastauksia&hellip;\" \/>\n<meta property=\"og:url\" content=\"https:\/\/mediaviestinta.fi\/2024\/01\/etatyo-vahensi-toimittajien-stressia-mutta-myos-heikensi-luovuutta\/\" \/>\n<meta property=\"og:site_name\" content=\"Mevi\" \/>\n<meta property=\"article:publisher\" content=\"https:\/\/www.facebook.com\/MediaViestinta\/\" \/>\n<meta property=\"article:published_time\" content=\"2024-01-12T06:13:08+00:00\" \/>\n<meta property=\"article:modified_time\" content=\"2024-01-12T06:13:09+00:00\" \/>\n<meta property=\"og:image\" content=\"https:\/\/mediaviestinta.fi\/mevi2020\/wp-content\/uploads\/2024\/01\/man-1866784_1280.jpg\" \/>\n\t<meta property=\"og:image:width\" content=\"1280\" \/>\n\t<meta property=\"og:image:height\" content=\"853\" \/>\n\t<meta property=\"og:image:type\" content=\"image\/jpeg\" \/>\n<meta name=\"author\" content=\"Mevi\" \/>\n<meta name=\"twitter:card\" content=\"summary_large_image\" \/>\n<meta name=\"twitter:creator\" content=\"@mediaviestinta\" \/>\n<meta name=\"twitter:site\" content=\"@mediaviestinta\" \/>\n<meta name=\"twitter:label1\" content=\"Kirjoittanut\" \/>\n\t<meta name=\"twitter:data1\" content=\"Mevi\" \/>\n\t<meta name=\"twitter:label2\" content=\"Arvioitu lukuaika\" \/>\n\t<meta name=\"twitter:data2\" content=\"3 minuuttia\" \/>\n<script type=\"application\/ld+json\" class=\"yoast-schema-graph\">{\"@context\":\"https:\\\/\\\/schema.org\",\"@graph\":[{\"@type\":\"Article\",\"@id\":\"https:\\\/\\\/mediaviestinta.fi\\\/2024\\\/01\\\/etatyo-vahensi-toimittajien-stressia-mutta-myos-heikensi-luovuutta\\\/#article\",\"isPartOf\":{\"@id\":\"https:\\\/\\\/mediaviestinta.fi\\\/2024\\\/01\\\/etatyo-vahensi-toimittajien-stressia-mutta-myos-heikensi-luovuutta\\\/\"},\"author\":{\"name\":\"Mevi\",\"@id\":\"https:\\\/\\\/mediaviestinta.fi\\\/#\\\/schema\\\/person\\\/b2da34ab24cfcd17dbdd6c7cfb173257\"},\"headline\":\"Et\u00e4ty\u00f6 v\u00e4hensi toimittajien stressi\u00e4, mutta my\u00f6s heikensi luovuutta\",\"datePublished\":\"2024-01-12T06:13:08+00:00\",\"dateModified\":\"2024-01-12T06:13:09+00:00\",\"mainEntityOfPage\":{\"@id\":\"https:\\\/\\\/mediaviestinta.fi\\\/2024\\\/01\\\/etatyo-vahensi-toimittajien-stressia-mutta-myos-heikensi-luovuutta\\\/\"},\"wordCount\":506,\"commentCount\":0,\"publisher\":{\"@id\":\"https:\\\/\\\/mediaviestinta.fi\\\/#organization\"},\"image\":{\"@id\":\"https:\\\/\\\/mediaviestinta.fi\\\/2024\\\/01\\\/etatyo-vahensi-toimittajien-stressia-mutta-myos-heikensi-luovuutta\\\/#primaryimage\"},\"thumbnailUrl\":\"https:\\\/\\\/mediaviestinta.fi\\\/mevi2020\\\/wp-content\\\/uploads\\\/2024\\\/01\\\/man-1866784_1280.jpg\",\"inLanguage\":\"fi\",\"potentialAction\":[{\"@type\":\"CommentAction\",\"name\":\"Comment\",\"target\":[\"https:\\\/\\\/mediaviestinta.fi\\\/2024\\\/01\\\/etatyo-vahensi-toimittajien-stressia-mutta-myos-heikensi-luovuutta\\\/#respond\"]}]},{\"@type\":\"WebPage\",\"@id\":\"https:\\\/\\\/mediaviestinta.fi\\\/2024\\\/01\\\/etatyo-vahensi-toimittajien-stressia-mutta-myos-heikensi-luovuutta\\\/\",\"url\":\"https:\\\/\\\/mediaviestinta.fi\\\/2024\\\/01\\\/etatyo-vahensi-toimittajien-stressia-mutta-myos-heikensi-luovuutta\\\/\",\"name\":\"Et\u00e4ty\u00f6 v\u00e4hensi toimittajien stressi\u00e4, mutta my\u00f6s heikensi luovuutta &#8211; Mevi\",\"isPartOf\":{\"@id\":\"https:\\\/\\\/mediaviestinta.fi\\\/#website\"},\"primaryImageOfPage\":{\"@id\":\"https:\\\/\\\/mediaviestinta.fi\\\/2024\\\/01\\\/etatyo-vahensi-toimittajien-stressia-mutta-myos-heikensi-luovuutta\\\/#primaryimage\"},\"image\":{\"@id\":\"https:\\\/\\\/mediaviestinta.fi\\\/2024\\\/01\\\/etatyo-vahensi-toimittajien-stressia-mutta-myos-heikensi-luovuutta\\\/#primaryimage\"},\"thumbnailUrl\":\"https:\\\/\\\/mediaviestinta.fi\\\/mevi2020\\\/wp-content\\\/uploads\\\/2024\\\/01\\\/man-1866784_1280.jpg\",\"datePublished\":\"2024-01-12T06:13:08+00:00\",\"dateModified\":\"2024-01-12T06:13:09+00:00\",\"breadcrumb\":{\"@id\":\"https:\\\/\\\/mediaviestinta.fi\\\/2024\\\/01\\\/etatyo-vahensi-toimittajien-stressia-mutta-myos-heikensi-luovuutta\\\/#breadcrumb\"},\"inLanguage\":\"fi\",\"potentialAction\":[{\"@type\":\"ReadAction\",\"target\":[\"https:\\\/\\\/mediaviestinta.fi\\\/2024\\\/01\\\/etatyo-vahensi-toimittajien-stressia-mutta-myos-heikensi-luovuutta\\\/\"]}]},{\"@type\":\"ImageObject\",\"inLanguage\":\"fi\",\"@id\":\"https:\\\/\\\/mediaviestinta.fi\\\/2024\\\/01\\\/etatyo-vahensi-toimittajien-stressia-mutta-myos-heikensi-luovuutta\\\/#primaryimage\",\"url\":\"https:\\\/\\\/mediaviestinta.fi\\\/mevi2020\\\/wp-content\\\/uploads\\\/2024\\\/01\\\/man-1866784_1280.jpg\",\"contentUrl\":\"https:\\\/\\\/mediaviestinta.fi\\\/mevi2020\\\/wp-content\\\/uploads\\\/2024\\\/01\\\/man-1866784_1280.jpg\",\"width\":1280,\"height\":853,\"caption\":\"Kuvituskuva, jossa mies istuu tietokoneen \u00e4\u00e4ress\u00e4 selin kameraan.\"},{\"@type\":\"BreadcrumbList\",\"@id\":\"https:\\\/\\\/mediaviestinta.fi\\\/2024\\\/01\\\/etatyo-vahensi-toimittajien-stressia-mutta-myos-heikensi-luovuutta\\\/#breadcrumb\",\"itemListElement\":[{\"@type\":\"ListItem\",\"position\":1,\"name\":\"Home\",\"item\":\"https:\\\/\\\/mediaviestinta.fi\\\/\"},{\"@type\":\"ListItem\",\"position\":2,\"name\":\"Et\u00e4ty\u00f6 v\u00e4hensi toimittajien stressi\u00e4, mutta my\u00f6s heikensi luovuutta\"}]},{\"@type\":\"WebSite\",\"@id\":\"https:\\\/\\\/mediaviestinta.fi\\\/#website\",\"url\":\"https:\\\/\\\/mediaviestinta.fi\\\/\",\"name\":\"Mevi\",\"description\":\"Media- ja viestint\u00e4tieteellinen seura Mevi\",\"publisher\":{\"@id\":\"https:\\\/\\\/mediaviestinta.fi\\\/#organization\"},\"potentialAction\":[{\"@type\":\"SearchAction\",\"target\":{\"@type\":\"EntryPoint\",\"urlTemplate\":\"https:\\\/\\\/mediaviestinta.fi\\\/?s={search_term_string}\"},\"query-input\":{\"@type\":\"PropertyValueSpecification\",\"valueRequired\":true,\"valueName\":\"search_term_string\"}}],\"inLanguage\":\"fi\"},{\"@type\":\"Organization\",\"@id\":\"https:\\\/\\\/mediaviestinta.fi\\\/#organization\",\"name\":\"Media- ja viestint\u00e4tieteellinen seura Mevi\",\"url\":\"https:\\\/\\\/mediaviestinta.fi\\\/\",\"logo\":{\"@type\":\"ImageObject\",\"inLanguage\":\"fi\",\"@id\":\"https:\\\/\\\/mediaviestinta.fi\\\/#\\\/schema\\\/logo\\\/image\\\/\",\"url\":\"https:\\\/\\\/mediaviestinta.fi\\\/mevi2020\\\/wp-content\\\/uploads\\\/2020\\\/03\\\/mevi-logo-RGB-Transparent.png\",\"contentUrl\":\"https:\\\/\\\/mediaviestinta.fi\\\/mevi2020\\\/wp-content\\\/uploads\\\/2020\\\/03\\\/mevi-logo-RGB-Transparent.png\",\"width\":910,\"height\":464,\"caption\":\"Media- ja viestint\u00e4tieteellinen seura Mevi\"},\"image\":{\"@id\":\"https:\\\/\\\/mediaviestinta.fi\\\/#\\\/schema\\\/logo\\\/image\\\/\"},\"sameAs\":[\"https:\\\/\\\/www.facebook.com\\\/MediaViestinta\\\/\",\"https:\\\/\\\/x.com\\\/mediaviestinta\"]},{\"@type\":\"Person\",\"@id\":\"https:\\\/\\\/mediaviestinta.fi\\\/#\\\/schema\\\/person\\\/b2da34ab24cfcd17dbdd6c7cfb173257\",\"name\":\"Mevi\",\"image\":{\"@type\":\"ImageObject\",\"inLanguage\":\"fi\",\"@id\":\"https:\\\/\\\/secure.gravatar.com\\\/avatar\\\/3305b76d1667dc119a18808ed03d6a1fc2dfa8b6a1cddecb8c4d27ef14ec32ca?s=96&d=mm&r=g\",\"url\":\"https:\\\/\\\/secure.gravatar.com\\\/avatar\\\/3305b76d1667dc119a18808ed03d6a1fc2dfa8b6a1cddecb8c4d27ef14ec32ca?s=96&d=mm&r=g\",\"contentUrl\":\"https:\\\/\\\/secure.gravatar.com\\\/avatar\\\/3305b76d1667dc119a18808ed03d6a1fc2dfa8b6a1cddecb8c4d27ef14ec32ca?s=96&d=mm&r=g\",\"caption\":\"Mevi\"},\"url\":\"https:\\\/\\\/mediaviestinta.fi\\\/mevi2020\\\/author\\\/mediavie\\\/\"}]}<\/script>\n<!-- \/ Yoast SEO plugin. -->","yoast_head_json":{"title":"Et\u00e4ty\u00f6 v\u00e4hensi toimittajien stressi\u00e4, mutta my\u00f6s heikensi luovuutta &#8211; Mevi","robots":{"index":"index","follow":"follow","max-snippet":"max-snippet:-1","max-image-preview":"max-image-preview:large","max-video-preview":"max-video-preview:-1"},"canonical":"https:\/\/mediaviestinta.fi\/2024\/01\/etatyo-vahensi-toimittajien-stressia-mutta-myos-heikensi-luovuutta\/","og_locale":"fi_FI","og_type":"article","og_title":"Et\u00e4ty\u00f6 v\u00e4hensi toimittajien stressi\u00e4, mutta my\u00f6s heikensi luovuutta &#8211; Mevi","og_description":"Korona-ajan siirtym\u00e4 et\u00e4t\u00f6ihin n\u00e4kyi toimittajien ty\u00f6hyvinvoinnissa ristiriitaisesti, uusi tutkimus kertoo. Minna Koivula, Tuomas Rouvali, Johanna Rantanen, Tiina Saari, Sara Veistola, Anne Parkatti ja Mikko Villi vertailivat suomalaistoimittajien vastauksia&hellip;","og_url":"https:\/\/mediaviestinta.fi\/2024\/01\/etatyo-vahensi-toimittajien-stressia-mutta-myos-heikensi-luovuutta\/","og_site_name":"Mevi","article_publisher":"https:\/\/www.facebook.com\/MediaViestinta\/","article_published_time":"2024-01-12T06:13:08+00:00","article_modified_time":"2024-01-12T06:13:09+00:00","og_image":[{"width":1280,"height":853,"url":"https:\/\/mediaviestinta.fi\/mevi2020\/wp-content\/uploads\/2024\/01\/man-1866784_1280.jpg","type":"image\/jpeg"}],"author":"Mevi","twitter_card":"summary_large_image","twitter_creator":"@mediaviestinta","twitter_site":"@mediaviestinta","twitter_misc":{"Kirjoittanut":"Mevi","Arvioitu lukuaika":"3 minuuttia"},"schema":{"@context":"https:\/\/schema.org","@graph":[{"@type":"Article","@id":"https:\/\/mediaviestinta.fi\/2024\/01\/etatyo-vahensi-toimittajien-stressia-mutta-myos-heikensi-luovuutta\/#article","isPartOf":{"@id":"https:\/\/mediaviestinta.fi\/2024\/01\/etatyo-vahensi-toimittajien-stressia-mutta-myos-heikensi-luovuutta\/"},"author":{"name":"Mevi","@id":"https:\/\/mediaviestinta.fi\/#\/schema\/person\/b2da34ab24cfcd17dbdd6c7cfb173257"},"headline":"Et\u00e4ty\u00f6 v\u00e4hensi toimittajien stressi\u00e4, mutta my\u00f6s heikensi luovuutta","datePublished":"2024-01-12T06:13:08+00:00","dateModified":"2024-01-12T06:13:09+00:00","mainEntityOfPage":{"@id":"https:\/\/mediaviestinta.fi\/2024\/01\/etatyo-vahensi-toimittajien-stressia-mutta-myos-heikensi-luovuutta\/"},"wordCount":506,"commentCount":0,"publisher":{"@id":"https:\/\/mediaviestinta.fi\/#organization"},"image":{"@id":"https:\/\/mediaviestinta.fi\/2024\/01\/etatyo-vahensi-toimittajien-stressia-mutta-myos-heikensi-luovuutta\/#primaryimage"},"thumbnailUrl":"https:\/\/mediaviestinta.fi\/mevi2020\/wp-content\/uploads\/2024\/01\/man-1866784_1280.jpg","inLanguage":"fi","potentialAction":[{"@type":"CommentAction","name":"Comment","target":["https:\/\/mediaviestinta.fi\/2024\/01\/etatyo-vahensi-toimittajien-stressia-mutta-myos-heikensi-luovuutta\/#respond"]}]},{"@type":"WebPage","@id":"https:\/\/mediaviestinta.fi\/2024\/01\/etatyo-vahensi-toimittajien-stressia-mutta-myos-heikensi-luovuutta\/","url":"https:\/\/mediaviestinta.fi\/2024\/01\/etatyo-vahensi-toimittajien-stressia-mutta-myos-heikensi-luovuutta\/","name":"Et\u00e4ty\u00f6 v\u00e4hensi toimittajien stressi\u00e4, mutta my\u00f6s heikensi luovuutta &#8211; Mevi","isPartOf":{"@id":"https:\/\/mediaviestinta.fi\/#website"},"primaryImageOfPage":{"@id":"https:\/\/mediaviestinta.fi\/2024\/01\/etatyo-vahensi-toimittajien-stressia-mutta-myos-heikensi-luovuutta\/#primaryimage"},"image":{"@id":"https:\/\/mediaviestinta.fi\/2024\/01\/etatyo-vahensi-toimittajien-stressia-mutta-myos-heikensi-luovuutta\/#primaryimage"},"thumbnailUrl":"https:\/\/mediaviestinta.fi\/mevi2020\/wp-content\/uploads\/2024\/01\/man-1866784_1280.jpg","datePublished":"2024-01-12T06:13:08+00:00","dateModified":"2024-01-12T06:13:09+00:00","breadcrumb":{"@id":"https:\/\/mediaviestinta.fi\/2024\/01\/etatyo-vahensi-toimittajien-stressia-mutta-myos-heikensi-luovuutta\/#breadcrumb"},"inLanguage":"fi","potentialAction":[{"@type":"ReadAction","target":["https:\/\/mediaviestinta.fi\/2024\/01\/etatyo-vahensi-toimittajien-stressia-mutta-myos-heikensi-luovuutta\/"]}]},{"@type":"ImageObject","inLanguage":"fi","@id":"https:\/\/mediaviestinta.fi\/2024\/01\/etatyo-vahensi-toimittajien-stressia-mutta-myos-heikensi-luovuutta\/#primaryimage","url":"https:\/\/mediaviestinta.fi\/mevi2020\/wp-content\/uploads\/2024\/01\/man-1866784_1280.jpg","contentUrl":"https:\/\/mediaviestinta.fi\/mevi2020\/wp-content\/uploads\/2024\/01\/man-1866784_1280.jpg","width":1280,"height":853,"caption":"Kuvituskuva, jossa mies istuu tietokoneen \u00e4\u00e4ress\u00e4 selin kameraan."},{"@type":"BreadcrumbList","@id":"https:\/\/mediaviestinta.fi\/2024\/01\/etatyo-vahensi-toimittajien-stressia-mutta-myos-heikensi-luovuutta\/#breadcrumb","itemListElement":[{"@type":"ListItem","position":1,"name":"Home","item":"https:\/\/mediaviestinta.fi\/"},{"@type":"ListItem","position":2,"name":"Et\u00e4ty\u00f6 v\u00e4hensi toimittajien stressi\u00e4, mutta my\u00f6s heikensi luovuutta"}]},{"@type":"WebSite","@id":"https:\/\/mediaviestinta.fi\/#website","url":"https:\/\/mediaviestinta.fi\/","name":"Mevi","description":"Media- ja viestint\u00e4tieteellinen seura Mevi","publisher":{"@id":"https:\/\/mediaviestinta.fi\/#organization"},"potentialAction":[{"@type":"SearchAction","target":{"@type":"EntryPoint","urlTemplate":"https:\/\/mediaviestinta.fi\/?s={search_term_string}"},"query-input":{"@type":"PropertyValueSpecification","valueRequired":true,"valueName":"search_term_string"}}],"inLanguage":"fi"},{"@type":"Organization","@id":"https:\/\/mediaviestinta.fi\/#organization","name":"Media- ja viestint\u00e4tieteellinen seura Mevi","url":"https:\/\/mediaviestinta.fi\/","logo":{"@type":"ImageObject","inLanguage":"fi","@id":"https:\/\/mediaviestinta.fi\/#\/schema\/logo\/image\/","url":"https:\/\/mediaviestinta.fi\/mevi2020\/wp-content\/uploads\/2020\/03\/mevi-logo-RGB-Transparent.png","contentUrl":"https:\/\/mediaviestinta.fi\/mevi2020\/wp-content\/uploads\/2020\/03\/mevi-logo-RGB-Transparent.png","width":910,"height":464,"caption":"Media- ja viestint\u00e4tieteellinen seura Mevi"},"image":{"@id":"https:\/\/mediaviestinta.fi\/#\/schema\/logo\/image\/"},"sameAs":["https:\/\/www.facebook.com\/MediaViestinta\/","https:\/\/x.com\/mediaviestinta"]},{"@type":"Person","@id":"https:\/\/mediaviestinta.fi\/#\/schema\/person\/b2da34ab24cfcd17dbdd6c7cfb173257","name":"Mevi","image":{"@type":"ImageObject","inLanguage":"fi","@id":"https:\/\/secure.gravatar.com\/avatar\/3305b76d1667dc119a18808ed03d6a1fc2dfa8b6a1cddecb8c4d27ef14ec32ca?s=96&d=mm&r=g","url":"https:\/\/secure.gravatar.com\/avatar\/3305b76d1667dc119a18808ed03d6a1fc2dfa8b6a1cddecb8c4d27ef14ec32ca?s=96&d=mm&r=g","contentUrl":"https:\/\/secure.gravatar.com\/avatar\/3305b76d1667dc119a18808ed03d6a1fc2dfa8b6a1cddecb8c4d27ef14ec32ca?s=96&d=mm&r=g","caption":"Mevi"},"url":"https:\/\/mediaviestinta.fi\/mevi2020\/author\/mediavie\/"}]}},"_links":{"self":[{"href":"https:\/\/mediaviestinta.fi\/mevi2020\/wp-json\/wp\/v2\/posts\/4975","targetHints":{"allow":["GET"]}}],"collection":[{"href":"https:\/\/mediaviestinta.fi\/mevi2020\/wp-json\/wp\/v2\/posts"}],"about":[{"href":"https:\/\/mediaviestinta.fi\/mevi2020\/wp-json\/wp\/v2\/types\/post"}],"author":[{"embeddable":true,"href":"https:\/\/mediaviestinta.fi\/mevi2020\/wp-json\/wp\/v2\/users\/3"}],"replies":[{"embeddable":true,"href":"https:\/\/mediaviestinta.fi\/mevi2020\/wp-json\/wp\/v2\/comments?post=4975"}],"version-history":[{"count":2,"href":"https:\/\/mediaviestinta.fi\/mevi2020\/wp-json\/wp\/v2\/posts\/4975\/revisions"}],"predecessor-version":[{"id":4986,"href":"https:\/\/mediaviestinta.fi\/mevi2020\/wp-json\/wp\/v2\/posts\/4975\/revisions\/4986"}],"wp:featuredmedia":[{"embeddable":true,"href":"https:\/\/mediaviestinta.fi\/mevi2020\/wp-json\/wp\/v2\/media\/4987"}],"wp:attachment":[{"href":"https:\/\/mediaviestinta.fi\/mevi2020\/wp-json\/wp\/v2\/media?parent=4975"}],"wp:term":[{"taxonomy":"category","embeddable":true,"href":"https:\/\/mediaviestinta.fi\/mevi2020\/wp-json\/wp\/v2\/categories?post=4975"},{"taxonomy":"post_tag","embeddable":true,"href":"https:\/\/mediaviestinta.fi\/mevi2020\/wp-json\/wp\/v2\/tags?post=4975"}],"curies":[{"name":"wp","href":"https:\/\/api.w.org\/{rel}","templated":true}]}}