{"id":4992,"date":"2024-01-11T08:53:22","date_gmt":"2024-01-11T06:53:22","guid":{"rendered":"https:\/\/mediaviestinta.fi\/?p=4992"},"modified":"2024-01-11T09:29:43","modified_gmt":"2024-01-11T07:29:43","slug":"numeroiden-totuuteen-katkeytyy-ideologisia-valintoja","status":"publish","type":"post","link":"https:\/\/mediaviestinta.fi\/mevi2020\/2024\/01\/numeroiden-totuuteen-katkeytyy-ideologisia-valintoja\/","title":{"rendered":"Numeroiden totuuteen k\u00e4tkeytyy ideologisia valintoja"},"content":{"rendered":"\n<p><strong>Numeroiden tuottamisessa ja k\u00e4yt\u00f6ss\u00e4 eli kvantifioinnissa on diskursiivista voimaa &#8211; miten se vaikuttaa suomalaisessa journalismissa? Hanna Yl\u00f6stalo, Henri Koskinen, Mikko Poutanen ja Taru Lepist\u00f6 tutkivat <em>Helsingin Sanomissa<\/em> julkaistuja, numerotietoon nojaavia juttuja seitsem\u00e4n vuoden ajalta. Aineistossa lukuihin vedottiin usein neutraaleina, kiistattomina tosiasioina, mik\u00e4 peitti ne ideologiset valinnat jotka liittyv\u00e4t esimerkiksi mittareiden ja mitattavien asioiden valintaan. Kirjoittajien mukaan hyv\u00e4 numerolukutaito kuitenkin mahdollistaa my\u00f6s numeroin ilmaistuje v\u00e4itteiden kyseenalaistamisen. Tutkimuksesta kertova artikkeli <a href=\"https:\/\/doi.org\/10.23983\/mv.127788\">Ennakointia ja seurantaa: Kvantifioidun tiedon k\u00e4ytt\u00f6 ja katveet politiikkaa koskevassa journalismissa<\/a> on julkaistu\u00a0<em>Media &amp; viestint\u00e4<\/em>\u00a0-lehdess\u00e4 <a href=\"https:\/\/journal.fi\/mediaviestinta\/issue\/view\/10813\">4\/2023<\/a>.<\/strong><\/p>\n\n\n\n<p><strong>Mihin laajempaan ilmi\u00f6\u00f6n ja keskusteluun artikkelinne liittyy?<\/strong><\/p>\n\n\n\n<p>Meit\u00e4 kiinnostaa numeroin ilmaistun tiedon keskeisyys nyky-yhteiskunnissa. Erilaiset mittaamisen ja laskemisen k\u00e4yt\u00e4nn\u00f6t suuntaavat niin poliittisia p\u00e4\u00e4t\u00f6ksi\u00e4 kuin vaikkapa yksil\u00f6iden urheilusuorituksia. Numeroin ilmaistu tieto on niin suosittua osin siksi, ett\u00e4 se antaa vaikutelman varmuudesta, tarkkuudesta ja ennen kaikkea arvovapaudesta: numeroiden ajatellaan neutraalisti kuvailevan maailmaa sellaisena kuin se on.<\/p>\n\n\n\n<p>Todellisuudessa kaiken tiedon tuottamista ohjaavat erilaiset teoreettiset ja empiiriset tutkimusperinteet: numeroiden tuottaminen ja tulkinta ovat sidoksissa oletuksiin siit\u00e4, miten todellisuus ymm\u00e4rret\u00e4\u00e4n, mit\u00e4 tulisi laskea ja miten. Ilmi\u00f6t\u00e4 on teoretisoitu niin kutsutussa kvantifioinnin sosiologiassa, johon my\u00f6s oma tarkastelumme pohjaa. Siin\u00e4 numeroiden ajatellaan paitsi kuvaavan, my\u00f6s tuottavan sosiaalista todellisuutta, siis tietynlaisia k\u00e4sityksi\u00e4 maailmasta, ihmisist\u00e4 sek\u00e4 siit\u00e4, mik\u00e4 on toivottavaa tai torjuttavaa.<\/p>\n\n\n\n<p><strong>Mik\u00e4 on antinne t\u00e4h\u00e4n keskusteluun?<\/strong><\/p>\n\n\n\n<p>Tutkimme numeroilla ilmaistua tietoa politiikkaa koskevassa journalismissa Suomessa. Numerot ovat keskeinen osa poliittista keskustelua: esimerkiksi julkisen talouden kest\u00e4vyysvaje tai numeeriset arviot politiikkatoimien ty\u00f6llisyysvaikutuksista ovat keskeisi\u00e4 \u2013 ja kiistanalaisia \u2013 politiikan numeroita. Valitsimme kohteeksemme kaksi kesken\u00e4\u00e4n erilaista politiikka-aluetta, ty\u00f6llisyyspolitiikan ja perhepolitiikan, johon sis\u00e4llytimme tarkasteluajankohtana keskeisen syntyvyyskeskustelun.  Tutkimuksemme tuottaa tietoa siit\u00e4, millaista numeroin ilmaistua tietoa ty\u00f6llisyys- ja perhepolitiikan journalismissa k\u00e4ytet\u00e4\u00e4n ja millaista k\u00e4sityst\u00e4 todellisuudesta niill\u00e4 tuotetaan. Tarkastelemme my\u00f6s kamppailuja, joita numeroin ilmaistusta tiedosta k\u00e4yd\u00e4\u00e4n.<\/p>\n\n\n\n<p><strong>Mik\u00e4 on artikkelinne keskeinen argumentti?<\/strong><\/p>\n\n\n\n<p>Politiikassa numeroin ilmaistu tieto ei vain neutraalisti kuvaa maailmaa, vaan on sidoksissa erilaisiin poliittisiin ja ideologisiin p\u00e4\u00e4m\u00e4\u00e4riin. Esimerkiksi l\u00e4hes mink\u00e4 tahansa politiikkatoimen \u2013 kuten perhevapaauudistuksen \u2013 arviointi ensi sijassa sen taloudellisten tai ty\u00f6llisyysvaikutusten n\u00e4k\u00f6kulmasta vahvistaa taloudellistunutta maailmankuvaa. Siin\u00e4 taloutta koskevat arvot, p\u00e4\u00e4m\u00e4\u00e4r\u00e4t ja mittarit ulotetaan kaikille el\u00e4m\u00e4nalueille. N\u00e4iden numeroiden kyseenalaistamaton toistaminen journalismissa kuin huomaamatta vakiinnuttaa niihin sis\u00e4ltyvi\u00e4 poliittisia p\u00e4\u00e4m\u00e4\u00e4ri\u00e4. Siksi kyky asettaa numerot niiden laajempaan kulttuuris-historialliseen kontekstiin on journalismissa t\u00e4rke\u00e4.<\/p>\n\n\n\n<p><strong>Mit\u00e4 haluatte artikkelillanne sanoa?<\/strong><\/p>\n\n\n\n<p>Journalismin n\u00e4k\u00f6kulmasta on t\u00e4rke\u00e4\u00e4 ottaa huomioon paitsi numeroiden valta tuottaa ja vakiinnuttaa k\u00e4sityksi\u00e4 todellisuudesta, my\u00f6s niiden vuorovaikutus journalismin omien tiedollisten k\u00e4yt\u00e4nt\u00f6jen kanssa. Journalismia ohjaavat esimerkiksi objektiivisuuden, puolueettomuuden ja totuudenmukaisuuden tavoitteet, joista my\u00f6s k\u00e4yd\u00e4\u00e4n kriittist\u00e4 keskustelua journalismin sis\u00e4ll\u00e4. Neutraalina pidetty numeerinen asiantuntijatieto voi olla petollista juuri siksi, ett\u00e4 analyysimme mukaan se h\u00e4m\u00e4rt\u00e4\u00e4 poliittisiin kysymyksiin kuuluvan ideologisen monitulkintaisuuden ja luo mielikuvan objektiivisuudesta.<\/p>\n\n\n\n<p>Politiikkaa koskeva journalismi p\u00e4\u00e4tyy usein toistamaan vaikutusvaltaisten poliittisten instituutioiden, kuten valtiovarainministeri\u00f6n kehystyksi\u00e4 politiikasta. N\u00e4in journalismi voi vahvistaa kvantifioinnin valtaa, jossa mittaamisen kohteena olevista asioista \u2013 tai mittareista itsess\u00e4\u00e4n \u2013 tulee itsest\u00e4\u00e4n selv\u00e4sti arvokkaita tavoitteita. Samalla se vahvistaa niiden toimijoiden valtaa, joilla on resursseja tuottaa politiikassa ensisijaisena pidetty\u00e4 tietoa.<\/p>\n\n\n\n<p><strong>Kenen kannattaa lukea artikkelinne?<\/strong><\/p>\n\n\n\n<p>Kaikkien journalismin tiedollisista k\u00e4yt\u00e4nn\u00f6ist\u00e4 kiinnostuneiden tutkijoiden. Uskomme, ett\u00e4 artikkelilla voisi olla annettavaa my\u00f6s toimittajille ja poliitikoille. Numeroiden valta ei ole sidoksissa vain niiden tuottajien tai k\u00e4ytt\u00e4jien tietoisiin vaikuttamispyrkimyksiin, vaan se rakentuu osana tiedon tuottamisen, k\u00e4ytt\u00e4misen ja levitt\u00e4misen rutiininomaisia k\u00e4yt\u00e4nt\u00f6j\u00e4. Tietoisuus numeerisen tiedon luonteesta auttaa k\u00e4ytt\u00e4m\u00e4\u00e4n lukuja harkitummin.<\/p>\n\n\n\n<p><strong>Mik\u00e4 sai teid\u00e4t tarttumaan t\u00e4h\u00e4n aiheeseen?<\/strong><\/p>\n\n\n\n<p>Ty\u00f6skentelimme artikkelin kirjoittamisen aikaan Helsingin Sanomain S\u00e4\u00e4ti\u00f6n rahoittamassa tutkimushankkeessa <a href=\"https:\/\/www.hssaatio.fi\/apurahat\/numeroiden-voima-tiedon-kvantifiointi-hallinnan-muotona-politiikassa-ja-politiikan-uutisoinnissa\/\">Numeroiden voima: Tiedon kvantifiointi hallinnan muotona politiikassa ja politiikan uutisoinnissa<\/a>. Olimme kaikki tahoillamme jo ennen tutkimushanketta olleet kiinnostuneita tiedon, politiikan ja journalismin suhteista, vaikkakin hieman eri n\u00e4k\u00f6kulmista. Halusimme yhdess\u00e4 kokeilla, mit\u00e4 annettavaa sosiologeilla ja politiikantutkijoilla voisi olla journalismintutkimukseen. Opimme itse samalla paljon journalismin tiedollisista k\u00e4yt\u00e4nn\u00f6ist\u00e4.<\/p>\n","protected":false},"excerpt":{"rendered":"<p>Numeroiden tuottamisessa ja k\u00e4yt\u00f6ss\u00e4 eli kvantifioinnissa on diskursiivista voimaa &#8211; miten se vaikuttaa suomalaisessa journalismissa? Hanna Yl\u00f6stalo, Henri Koskinen, Mikko Poutanen ja Taru Lepist\u00f6 tutkivat Helsingin Sanomissa julkaistuja,&hellip;<\/p>\n","protected":false},"author":3,"featured_media":4997,"comment_status":"open","ping_status":"closed","sticky":false,"template":"","format":"standard","meta":{"_monsterinsights_skip_tracking":false,"_monsterinsights_sitenote_active":false,"_monsterinsights_sitenote_note":"","_monsterinsights_sitenote_category":0,"footnotes":""},"categories":[1],"tags":[],"class_list":["post-4992","post","type-post","status-publish","format-standard","has-post-thumbnail","hentry","category-yleinen"],"yoast_head":"<!-- This site is optimized with the Yoast SEO plugin v27.5 - https:\/\/yoast.com\/product\/yoast-seo-wordpress\/ -->\n<title>Numeroiden totuuteen k\u00e4tkeytyy ideologisia valintoja &#8211; Mevi<\/title>\n<meta name=\"robots\" content=\"index, follow, max-snippet:-1, max-image-preview:large, max-video-preview:-1\" \/>\n<link rel=\"canonical\" href=\"https:\/\/mediaviestinta.fi\/mevi2020\/2024\/01\/numeroiden-totuuteen-katkeytyy-ideologisia-valintoja\/\" \/>\n<meta property=\"og:locale\" content=\"fi_FI\" \/>\n<meta property=\"og:type\" content=\"article\" \/>\n<meta property=\"og:title\" content=\"Numeroiden totuuteen k\u00e4tkeytyy ideologisia valintoja &#8211; Mevi\" \/>\n<meta property=\"og:description\" content=\"Numeroiden tuottamisessa ja k\u00e4yt\u00f6ss\u00e4 eli kvantifioinnissa on diskursiivista voimaa &#8211; miten se vaikuttaa suomalaisessa journalismissa? Hanna Yl\u00f6stalo, Henri Koskinen, Mikko Poutanen ja Taru Lepist\u00f6 tutkivat Helsingin Sanomissa julkaistuja,&hellip;\" \/>\n<meta property=\"og:url\" content=\"https:\/\/mediaviestinta.fi\/mevi2020\/2024\/01\/numeroiden-totuuteen-katkeytyy-ideologisia-valintoja\/\" \/>\n<meta property=\"og:site_name\" content=\"Mevi\" \/>\n<meta property=\"article:publisher\" content=\"https:\/\/www.facebook.com\/MediaViestinta\/\" \/>\n<meta property=\"article:published_time\" content=\"2024-01-11T06:53:22+00:00\" \/>\n<meta property=\"article:modified_time\" content=\"2024-01-11T07:29:43+00:00\" \/>\n<meta property=\"og:image\" content=\"https:\/\/mediaviestinta.fi\/mevi2020\/wp-content\/uploads\/2024\/01\/hand-counter-6069404_1280.jpg\" \/>\n\t<meta property=\"og:image:width\" content=\"1280\" \/>\n\t<meta property=\"og:image:height\" content=\"853\" \/>\n\t<meta property=\"og:image:type\" content=\"image\/jpeg\" \/>\n<meta name=\"author\" content=\"Mevi\" \/>\n<meta name=\"twitter:card\" content=\"summary_large_image\" \/>\n<meta name=\"twitter:creator\" content=\"@mediaviestinta\" \/>\n<meta name=\"twitter:site\" content=\"@mediaviestinta\" \/>\n<meta name=\"twitter:label1\" content=\"Kirjoittanut\" \/>\n\t<meta name=\"twitter:data1\" content=\"Mevi\" \/>\n\t<meta name=\"twitter:label2\" content=\"Arvioitu lukuaika\" \/>\n\t<meta name=\"twitter:data2\" content=\"4 minuuttia\" \/>\n<script type=\"application\/ld+json\" class=\"yoast-schema-graph\">{\"@context\":\"https:\\\/\\\/schema.org\",\"@graph\":[{\"@type\":\"Article\",\"@id\":\"https:\\\/\\\/mediaviestinta.fi\\\/mevi2020\\\/2024\\\/01\\\/numeroiden-totuuteen-katkeytyy-ideologisia-valintoja\\\/#article\",\"isPartOf\":{\"@id\":\"https:\\\/\\\/mediaviestinta.fi\\\/mevi2020\\\/2024\\\/01\\\/numeroiden-totuuteen-katkeytyy-ideologisia-valintoja\\\/\"},\"author\":{\"name\":\"Mevi\",\"@id\":\"https:\\\/\\\/mediaviestinta.fi\\\/#\\\/schema\\\/person\\\/b2da34ab24cfcd17dbdd6c7cfb173257\"},\"headline\":\"Numeroiden totuuteen k\u00e4tkeytyy ideologisia valintoja\",\"datePublished\":\"2024-01-11T06:53:22+00:00\",\"dateModified\":\"2024-01-11T07:29:43+00:00\",\"mainEntityOfPage\":{\"@id\":\"https:\\\/\\\/mediaviestinta.fi\\\/mevi2020\\\/2024\\\/01\\\/numeroiden-totuuteen-katkeytyy-ideologisia-valintoja\\\/\"},\"wordCount\":670,\"commentCount\":0,\"publisher\":{\"@id\":\"https:\\\/\\\/mediaviestinta.fi\\\/#organization\"},\"image\":{\"@id\":\"https:\\\/\\\/mediaviestinta.fi\\\/mevi2020\\\/2024\\\/01\\\/numeroiden-totuuteen-katkeytyy-ideologisia-valintoja\\\/#primaryimage\"},\"thumbnailUrl\":\"https:\\\/\\\/mediaviestinta.fi\\\/mevi2020\\\/wp-content\\\/uploads\\\/2024\\\/01\\\/hand-counter-6069404_1280.jpg\",\"inLanguage\":\"fi\",\"potentialAction\":[{\"@type\":\"CommentAction\",\"name\":\"Comment\",\"target\":[\"https:\\\/\\\/mediaviestinta.fi\\\/mevi2020\\\/2024\\\/01\\\/numeroiden-totuuteen-katkeytyy-ideologisia-valintoja\\\/#respond\"]}]},{\"@type\":\"WebPage\",\"@id\":\"https:\\\/\\\/mediaviestinta.fi\\\/mevi2020\\\/2024\\\/01\\\/numeroiden-totuuteen-katkeytyy-ideologisia-valintoja\\\/\",\"url\":\"https:\\\/\\\/mediaviestinta.fi\\\/mevi2020\\\/2024\\\/01\\\/numeroiden-totuuteen-katkeytyy-ideologisia-valintoja\\\/\",\"name\":\"Numeroiden totuuteen k\u00e4tkeytyy ideologisia valintoja &#8211; Mevi\",\"isPartOf\":{\"@id\":\"https:\\\/\\\/mediaviestinta.fi\\\/#website\"},\"primaryImageOfPage\":{\"@id\":\"https:\\\/\\\/mediaviestinta.fi\\\/mevi2020\\\/2024\\\/01\\\/numeroiden-totuuteen-katkeytyy-ideologisia-valintoja\\\/#primaryimage\"},\"image\":{\"@id\":\"https:\\\/\\\/mediaviestinta.fi\\\/mevi2020\\\/2024\\\/01\\\/numeroiden-totuuteen-katkeytyy-ideologisia-valintoja\\\/#primaryimage\"},\"thumbnailUrl\":\"https:\\\/\\\/mediaviestinta.fi\\\/mevi2020\\\/wp-content\\\/uploads\\\/2024\\\/01\\\/hand-counter-6069404_1280.jpg\",\"datePublished\":\"2024-01-11T06:53:22+00:00\",\"dateModified\":\"2024-01-11T07:29:43+00:00\",\"breadcrumb\":{\"@id\":\"https:\\\/\\\/mediaviestinta.fi\\\/mevi2020\\\/2024\\\/01\\\/numeroiden-totuuteen-katkeytyy-ideologisia-valintoja\\\/#breadcrumb\"},\"inLanguage\":\"fi\",\"potentialAction\":[{\"@type\":\"ReadAction\",\"target\":[\"https:\\\/\\\/mediaviestinta.fi\\\/mevi2020\\\/2024\\\/01\\\/numeroiden-totuuteen-katkeytyy-ideologisia-valintoja\\\/\"]}]},{\"@type\":\"ImageObject\",\"inLanguage\":\"fi\",\"@id\":\"https:\\\/\\\/mediaviestinta.fi\\\/mevi2020\\\/2024\\\/01\\\/numeroiden-totuuteen-katkeytyy-ideologisia-valintoja\\\/#primaryimage\",\"url\":\"https:\\\/\\\/mediaviestinta.fi\\\/mevi2020\\\/wp-content\\\/uploads\\\/2024\\\/01\\\/hand-counter-6069404_1280.jpg\",\"contentUrl\":\"https:\\\/\\\/mediaviestinta.fi\\\/mevi2020\\\/wp-content\\\/uploads\\\/2024\\\/01\\\/hand-counter-6069404_1280.jpg\",\"width\":1280,\"height\":853,\"caption\":\"Kuvituskuva, l\u00e4hikuva k\u00e4dest\u00e4 joka pitelee mekaanista laskuria.\"},{\"@type\":\"BreadcrumbList\",\"@id\":\"https:\\\/\\\/mediaviestinta.fi\\\/mevi2020\\\/2024\\\/01\\\/numeroiden-totuuteen-katkeytyy-ideologisia-valintoja\\\/#breadcrumb\",\"itemListElement\":[{\"@type\":\"ListItem\",\"position\":1,\"name\":\"Home\",\"item\":\"https:\\\/\\\/mediaviestinta.fi\\\/\"},{\"@type\":\"ListItem\",\"position\":2,\"name\":\"Numeroiden totuuteen k\u00e4tkeytyy ideologisia valintoja\"}]},{\"@type\":\"WebSite\",\"@id\":\"https:\\\/\\\/mediaviestinta.fi\\\/#website\",\"url\":\"https:\\\/\\\/mediaviestinta.fi\\\/\",\"name\":\"Mevi\",\"description\":\"Media- ja viestint\u00e4tieteellinen seura Mevi\",\"publisher\":{\"@id\":\"https:\\\/\\\/mediaviestinta.fi\\\/#organization\"},\"potentialAction\":[{\"@type\":\"SearchAction\",\"target\":{\"@type\":\"EntryPoint\",\"urlTemplate\":\"https:\\\/\\\/mediaviestinta.fi\\\/?s={search_term_string}\"},\"query-input\":{\"@type\":\"PropertyValueSpecification\",\"valueRequired\":true,\"valueName\":\"search_term_string\"}}],\"inLanguage\":\"fi\"},{\"@type\":\"Organization\",\"@id\":\"https:\\\/\\\/mediaviestinta.fi\\\/#organization\",\"name\":\"Media- ja viestint\u00e4tieteellinen seura Mevi\",\"url\":\"https:\\\/\\\/mediaviestinta.fi\\\/\",\"logo\":{\"@type\":\"ImageObject\",\"inLanguage\":\"fi\",\"@id\":\"https:\\\/\\\/mediaviestinta.fi\\\/#\\\/schema\\\/logo\\\/image\\\/\",\"url\":\"https:\\\/\\\/mediaviestinta.fi\\\/mevi2020\\\/wp-content\\\/uploads\\\/2020\\\/03\\\/mevi-logo-RGB-Transparent.png\",\"contentUrl\":\"https:\\\/\\\/mediaviestinta.fi\\\/mevi2020\\\/wp-content\\\/uploads\\\/2020\\\/03\\\/mevi-logo-RGB-Transparent.png\",\"width\":910,\"height\":464,\"caption\":\"Media- ja viestint\u00e4tieteellinen seura Mevi\"},\"image\":{\"@id\":\"https:\\\/\\\/mediaviestinta.fi\\\/#\\\/schema\\\/logo\\\/image\\\/\"},\"sameAs\":[\"https:\\\/\\\/www.facebook.com\\\/MediaViestinta\\\/\",\"https:\\\/\\\/x.com\\\/mediaviestinta\"]},{\"@type\":\"Person\",\"@id\":\"https:\\\/\\\/mediaviestinta.fi\\\/#\\\/schema\\\/person\\\/b2da34ab24cfcd17dbdd6c7cfb173257\",\"name\":\"Mevi\",\"image\":{\"@type\":\"ImageObject\",\"inLanguage\":\"fi\",\"@id\":\"https:\\\/\\\/secure.gravatar.com\\\/avatar\\\/3305b76d1667dc119a18808ed03d6a1fc2dfa8b6a1cddecb8c4d27ef14ec32ca?s=96&d=mm&r=g\",\"url\":\"https:\\\/\\\/secure.gravatar.com\\\/avatar\\\/3305b76d1667dc119a18808ed03d6a1fc2dfa8b6a1cddecb8c4d27ef14ec32ca?s=96&d=mm&r=g\",\"contentUrl\":\"https:\\\/\\\/secure.gravatar.com\\\/avatar\\\/3305b76d1667dc119a18808ed03d6a1fc2dfa8b6a1cddecb8c4d27ef14ec32ca?s=96&d=mm&r=g\",\"caption\":\"Mevi\"},\"url\":\"https:\\\/\\\/mediaviestinta.fi\\\/mevi2020\\\/author\\\/mediavie\\\/\"}]}<\/script>\n<!-- \/ Yoast SEO plugin. -->","yoast_head_json":{"title":"Numeroiden totuuteen k\u00e4tkeytyy ideologisia valintoja &#8211; Mevi","robots":{"index":"index","follow":"follow","max-snippet":"max-snippet:-1","max-image-preview":"max-image-preview:large","max-video-preview":"max-video-preview:-1"},"canonical":"https:\/\/mediaviestinta.fi\/mevi2020\/2024\/01\/numeroiden-totuuteen-katkeytyy-ideologisia-valintoja\/","og_locale":"fi_FI","og_type":"article","og_title":"Numeroiden totuuteen k\u00e4tkeytyy ideologisia valintoja &#8211; Mevi","og_description":"Numeroiden tuottamisessa ja k\u00e4yt\u00f6ss\u00e4 eli kvantifioinnissa on diskursiivista voimaa &#8211; miten se vaikuttaa suomalaisessa journalismissa? Hanna Yl\u00f6stalo, Henri Koskinen, Mikko Poutanen ja Taru Lepist\u00f6 tutkivat Helsingin Sanomissa julkaistuja,&hellip;","og_url":"https:\/\/mediaviestinta.fi\/mevi2020\/2024\/01\/numeroiden-totuuteen-katkeytyy-ideologisia-valintoja\/","og_site_name":"Mevi","article_publisher":"https:\/\/www.facebook.com\/MediaViestinta\/","article_published_time":"2024-01-11T06:53:22+00:00","article_modified_time":"2024-01-11T07:29:43+00:00","og_image":[{"width":1280,"height":853,"url":"https:\/\/mediaviestinta.fi\/mevi2020\/wp-content\/uploads\/2024\/01\/hand-counter-6069404_1280.jpg","type":"image\/jpeg"}],"author":"Mevi","twitter_card":"summary_large_image","twitter_creator":"@mediaviestinta","twitter_site":"@mediaviestinta","twitter_misc":{"Kirjoittanut":"Mevi","Arvioitu lukuaika":"4 minuuttia"},"schema":{"@context":"https:\/\/schema.org","@graph":[{"@type":"Article","@id":"https:\/\/mediaviestinta.fi\/mevi2020\/2024\/01\/numeroiden-totuuteen-katkeytyy-ideologisia-valintoja\/#article","isPartOf":{"@id":"https:\/\/mediaviestinta.fi\/mevi2020\/2024\/01\/numeroiden-totuuteen-katkeytyy-ideologisia-valintoja\/"},"author":{"name":"Mevi","@id":"https:\/\/mediaviestinta.fi\/#\/schema\/person\/b2da34ab24cfcd17dbdd6c7cfb173257"},"headline":"Numeroiden totuuteen k\u00e4tkeytyy ideologisia valintoja","datePublished":"2024-01-11T06:53:22+00:00","dateModified":"2024-01-11T07:29:43+00:00","mainEntityOfPage":{"@id":"https:\/\/mediaviestinta.fi\/mevi2020\/2024\/01\/numeroiden-totuuteen-katkeytyy-ideologisia-valintoja\/"},"wordCount":670,"commentCount":0,"publisher":{"@id":"https:\/\/mediaviestinta.fi\/#organization"},"image":{"@id":"https:\/\/mediaviestinta.fi\/mevi2020\/2024\/01\/numeroiden-totuuteen-katkeytyy-ideologisia-valintoja\/#primaryimage"},"thumbnailUrl":"https:\/\/mediaviestinta.fi\/mevi2020\/wp-content\/uploads\/2024\/01\/hand-counter-6069404_1280.jpg","inLanguage":"fi","potentialAction":[{"@type":"CommentAction","name":"Comment","target":["https:\/\/mediaviestinta.fi\/mevi2020\/2024\/01\/numeroiden-totuuteen-katkeytyy-ideologisia-valintoja\/#respond"]}]},{"@type":"WebPage","@id":"https:\/\/mediaviestinta.fi\/mevi2020\/2024\/01\/numeroiden-totuuteen-katkeytyy-ideologisia-valintoja\/","url":"https:\/\/mediaviestinta.fi\/mevi2020\/2024\/01\/numeroiden-totuuteen-katkeytyy-ideologisia-valintoja\/","name":"Numeroiden totuuteen k\u00e4tkeytyy ideologisia valintoja &#8211; Mevi","isPartOf":{"@id":"https:\/\/mediaviestinta.fi\/#website"},"primaryImageOfPage":{"@id":"https:\/\/mediaviestinta.fi\/mevi2020\/2024\/01\/numeroiden-totuuteen-katkeytyy-ideologisia-valintoja\/#primaryimage"},"image":{"@id":"https:\/\/mediaviestinta.fi\/mevi2020\/2024\/01\/numeroiden-totuuteen-katkeytyy-ideologisia-valintoja\/#primaryimage"},"thumbnailUrl":"https:\/\/mediaviestinta.fi\/mevi2020\/wp-content\/uploads\/2024\/01\/hand-counter-6069404_1280.jpg","datePublished":"2024-01-11T06:53:22+00:00","dateModified":"2024-01-11T07:29:43+00:00","breadcrumb":{"@id":"https:\/\/mediaviestinta.fi\/mevi2020\/2024\/01\/numeroiden-totuuteen-katkeytyy-ideologisia-valintoja\/#breadcrumb"},"inLanguage":"fi","potentialAction":[{"@type":"ReadAction","target":["https:\/\/mediaviestinta.fi\/mevi2020\/2024\/01\/numeroiden-totuuteen-katkeytyy-ideologisia-valintoja\/"]}]},{"@type":"ImageObject","inLanguage":"fi","@id":"https:\/\/mediaviestinta.fi\/mevi2020\/2024\/01\/numeroiden-totuuteen-katkeytyy-ideologisia-valintoja\/#primaryimage","url":"https:\/\/mediaviestinta.fi\/mevi2020\/wp-content\/uploads\/2024\/01\/hand-counter-6069404_1280.jpg","contentUrl":"https:\/\/mediaviestinta.fi\/mevi2020\/wp-content\/uploads\/2024\/01\/hand-counter-6069404_1280.jpg","width":1280,"height":853,"caption":"Kuvituskuva, l\u00e4hikuva k\u00e4dest\u00e4 joka pitelee mekaanista laskuria."},{"@type":"BreadcrumbList","@id":"https:\/\/mediaviestinta.fi\/mevi2020\/2024\/01\/numeroiden-totuuteen-katkeytyy-ideologisia-valintoja\/#breadcrumb","itemListElement":[{"@type":"ListItem","position":1,"name":"Home","item":"https:\/\/mediaviestinta.fi\/"},{"@type":"ListItem","position":2,"name":"Numeroiden totuuteen k\u00e4tkeytyy ideologisia valintoja"}]},{"@type":"WebSite","@id":"https:\/\/mediaviestinta.fi\/#website","url":"https:\/\/mediaviestinta.fi\/","name":"Mevi","description":"Media- ja viestint\u00e4tieteellinen seura Mevi","publisher":{"@id":"https:\/\/mediaviestinta.fi\/#organization"},"potentialAction":[{"@type":"SearchAction","target":{"@type":"EntryPoint","urlTemplate":"https:\/\/mediaviestinta.fi\/?s={search_term_string}"},"query-input":{"@type":"PropertyValueSpecification","valueRequired":true,"valueName":"search_term_string"}}],"inLanguage":"fi"},{"@type":"Organization","@id":"https:\/\/mediaviestinta.fi\/#organization","name":"Media- ja viestint\u00e4tieteellinen seura Mevi","url":"https:\/\/mediaviestinta.fi\/","logo":{"@type":"ImageObject","inLanguage":"fi","@id":"https:\/\/mediaviestinta.fi\/#\/schema\/logo\/image\/","url":"https:\/\/mediaviestinta.fi\/mevi2020\/wp-content\/uploads\/2020\/03\/mevi-logo-RGB-Transparent.png","contentUrl":"https:\/\/mediaviestinta.fi\/mevi2020\/wp-content\/uploads\/2020\/03\/mevi-logo-RGB-Transparent.png","width":910,"height":464,"caption":"Media- ja viestint\u00e4tieteellinen seura Mevi"},"image":{"@id":"https:\/\/mediaviestinta.fi\/#\/schema\/logo\/image\/"},"sameAs":["https:\/\/www.facebook.com\/MediaViestinta\/","https:\/\/x.com\/mediaviestinta"]},{"@type":"Person","@id":"https:\/\/mediaviestinta.fi\/#\/schema\/person\/b2da34ab24cfcd17dbdd6c7cfb173257","name":"Mevi","image":{"@type":"ImageObject","inLanguage":"fi","@id":"https:\/\/secure.gravatar.com\/avatar\/3305b76d1667dc119a18808ed03d6a1fc2dfa8b6a1cddecb8c4d27ef14ec32ca?s=96&d=mm&r=g","url":"https:\/\/secure.gravatar.com\/avatar\/3305b76d1667dc119a18808ed03d6a1fc2dfa8b6a1cddecb8c4d27ef14ec32ca?s=96&d=mm&r=g","contentUrl":"https:\/\/secure.gravatar.com\/avatar\/3305b76d1667dc119a18808ed03d6a1fc2dfa8b6a1cddecb8c4d27ef14ec32ca?s=96&d=mm&r=g","caption":"Mevi"},"url":"https:\/\/mediaviestinta.fi\/mevi2020\/author\/mediavie\/"}]}},"_links":{"self":[{"href":"https:\/\/mediaviestinta.fi\/mevi2020\/wp-json\/wp\/v2\/posts\/4992","targetHints":{"allow":["GET"]}}],"collection":[{"href":"https:\/\/mediaviestinta.fi\/mevi2020\/wp-json\/wp\/v2\/posts"}],"about":[{"href":"https:\/\/mediaviestinta.fi\/mevi2020\/wp-json\/wp\/v2\/types\/post"}],"author":[{"embeddable":true,"href":"https:\/\/mediaviestinta.fi\/mevi2020\/wp-json\/wp\/v2\/users\/3"}],"replies":[{"embeddable":true,"href":"https:\/\/mediaviestinta.fi\/mevi2020\/wp-json\/wp\/v2\/comments?post=4992"}],"version-history":[{"count":11,"href":"https:\/\/mediaviestinta.fi\/mevi2020\/wp-json\/wp\/v2\/posts\/4992\/revisions"}],"predecessor-version":[{"id":5015,"href":"https:\/\/mediaviestinta.fi\/mevi2020\/wp-json\/wp\/v2\/posts\/4992\/revisions\/5015"}],"wp:featuredmedia":[{"embeddable":true,"href":"https:\/\/mediaviestinta.fi\/mevi2020\/wp-json\/wp\/v2\/media\/4997"}],"wp:attachment":[{"href":"https:\/\/mediaviestinta.fi\/mevi2020\/wp-json\/wp\/v2\/media?parent=4992"}],"wp:term":[{"taxonomy":"category","embeddable":true,"href":"https:\/\/mediaviestinta.fi\/mevi2020\/wp-json\/wp\/v2\/categories?post=4992"},{"taxonomy":"post_tag","embeddable":true,"href":"https:\/\/mediaviestinta.fi\/mevi2020\/wp-json\/wp\/v2\/tags?post=4992"}],"curies":[{"name":"wp","href":"https:\/\/api.w.org\/{rel}","templated":true}]}}