{"id":5004,"date":"2024-01-17T12:22:36","date_gmt":"2024-01-17T10:22:36","guid":{"rendered":"https:\/\/mediaviestinta.fi\/?p=5004"},"modified":"2024-01-17T12:22:37","modified_gmt":"2024-01-17T10:22:37","slug":"elama-digimaailman-sivussa-vaatii-kekseliaisyytta","status":"publish","type":"post","link":"https:\/\/mediaviestinta.fi\/mevi2020\/2024\/01\/elama-digimaailman-sivussa-vaatii-kekseliaisyytta\/","title":{"rendered":"El\u00e4m\u00e4 digimaailman sivussa vaatii kekseli\u00e4isyytt\u00e4"},"content":{"rendered":"\n<p><strong>Kaikki suomalaiset eiv\u00e4t pysty tai halua k\u00e4ytt\u00e4\u00e4 digitaalisia palveluita, ja verkosta irti el\u00e4v\u00e4 voi tuntea olonsa syrj\u00e4\u00e4n ty\u00f6nnetyksi. Kuinka interneti\u00e4 v\u00e4h\u00e4n k\u00e4ytt\u00e4v\u00e4t silti s\u00e4ilytt\u00e4v\u00e4t kokemuksen toimijuudestaan? Vilma Lehtinen tutki arkeaan ilman interneti\u00e4 el\u00e4vien, ik\u00e4\u00e4ntyvien kaupunkilaisten arkikokemuksia haastattelujen ja p\u00e4iv\u00e4kirjamerkint\u00f6jen kautta. Tutkimuksen perusteella arki ilman interneti\u00e4 vaatii kekseli\u00e4isyytt\u00e4 ja sinnikkyytt\u00e4. Se saattaa toisaalta olla ristiriidassa sen kanssa, millaisena ihminen itse\u00e4\u00e4n pit\u00e4\u00e4: esimerkiksi turhautuminen voi johtaa ep\u00e4tyypilliseen kiukustumiseen. Artikkeli <a href=\"https:\/\/doi.org\/10.23983\/mv.121571\">Toimijuuden kokemukset ik\u00e4\u00e4ntyvien kaupunkilaisten arjessa ilman interneti\u00e4<\/a> on julkaistu\u00a0<em>Media &amp; viestint\u00e4<\/em>\u00a0-lehdess\u00e4 <a href=\"https:\/\/journal.fi\/mediaviestinta\/issue\/view\/10813\">4\/2023<\/a>.<\/strong><\/p>\n\n\n\n<p><strong>Millaisen tutkimusperinteen jatkoksi tutkimuksesi sijoittuu?<\/strong><\/p>\n\n\n\n<p>Viimeaikaisissa tutkimuksissa on huomattu, ett\u00e4 ik\u00e4\u00e4ntyville ihmisille ilman interneti\u00e4 el\u00e4minen on itse asiassa kirjo erilaisia arjen k\u00e4yt\u00e4nt\u00f6j\u00e4, kuten tapoja k\u00e4ytt\u00e4\u00e4 digitaalisia palveluita yhdess\u00e4 muiden kanssa. Arkeaan ilman interneti\u00e4 el\u00e4v\u00e4t ik\u00e4\u00e4ntyv\u00e4t ihmiset ovat n\u00e4iden tutkimusten mukaan aktiivisia toimijoita, eiv\u00e4t esimerkiksi vain erilaisten, arjen digitalisaatiota tukevien (poliittisten) toimien kohteita.<br><br>Tutkimukseni huomioi t\u00e4m\u00e4n k\u00e4yt\u00e4nt\u00f6jen monipuolisuuden sek\u00e4 ik\u00e4\u00e4ntyvien ihmisten toimijuuden. Se tarkentaa kuvaa siit\u00e4, millaista arki ilman interneti\u00e4 on pitk\u00e4lle digitalisoidussa suomalaisessa yhteiskunnassa. Ihmiset pyrkiv\u00e4t s\u00e4ilytt\u00e4m\u00e4\u00e4n kokemuksensa toimijuudesta eli siit\u00e4, ett\u00e4 pystyv\u00e4t arjessa toimimaan valitsemillaan tavoilla. Arjen digitalisoituminen haastaa totutut toiminnan tavat, jolloin yksil\u00f6 pyrkii l\u00f6yt\u00e4m\u00e4\u00e4n uusia keinoja toimijuuden kokemuksen yll\u00e4pit\u00e4miseen.<\/p>\n\n\n\n<p><strong>Mit\u00e4 uusia n\u00e4k\u00f6kulmia tutkimuksesi tarjoaa t\u00e4h\u00e4n aiheeseen?<\/strong><\/p>\n\n\n\n<p>Artikkeli tunnistaa toimijuuden tunteen yll\u00e4pit\u00e4miseen t\u00e4ht\u00e4\u00e4vi\u00e4 keinoja arkeaan ilman interneti\u00e4 el\u00e4vien, ik\u00e4\u00e4ntyvien kaupunkilaisten kertomuksista jokap\u00e4iv\u00e4isest\u00e4 el\u00e4m\u00e4st\u00e4\u00e4n. Heid\u00e4n arkensa sis\u00e4lt\u00e4\u00e4 esimerkiksi ep\u00e4varmuuden siet\u00e4mist\u00e4 sek\u00e4 monimuotoista yhteisty\u00f6t\u00e4 interneti\u00e4 k\u00e4ytt\u00e4vien ja k\u00e4ytt\u00e4m\u00e4tt\u00f6mien kesken.<\/p>\n\n\n\n<p>Samalla kun arki vaatii kekseli\u00e4isyytt\u00e4 ja sinnikkyytt\u00e4, saattaa se olla ristiriidassa sen kanssa, millaisena ihminen itse\u00e4\u00e4n pit\u00e4\u00e4. N\u00e4in voi k\u00e4yd\u00e4 esimerkiksi silloin, jos tulee kohdelluksi yhteiskunnasta syrj\u00e4ytettyn\u00e4.<\/p>\n\n\n\n<p><strong>Kenelle artikkelisi on suunnattu?<\/strong><\/p>\n\n\n\n<p>Digitaalisia palveluita kehitt\u00e4ville artikkeli tarjoaa niiden n\u00e4k\u00f6kulman, jotka eiv\u00e4t ajattele digitaalisten palveluiden olevan osa arkeaan. Se n\u00e4ytt\u00e4\u00e4 millaisin tavoin he arkeaan j\u00e4rjest\u00e4v\u00e4t ja kokevat. Lis\u00e4ksi tutkijat, jotka pyrkiv\u00e4t ymm\u00e4rt\u00e4m\u00e4\u00e4n \u201cnetti- tai somepaastoajia\u201d voivat n\u00e4hd\u00e4 artikkelista niiden n\u00e4k\u00f6kulman, joille paasto ei ole v\u00e4liaikainen valinta.<\/p>\n\n\n\n<p><strong>Mik\u00e4 sai sinut tarttumaan aiheeseen?<\/strong><\/p>\n\n\n\n<p>Tutkin aiemmin ik\u00e4\u00e4ntyvien ihmisten arkea dataistuneessa yhteiskunnassa, ja muutama tutkimukseen osallistuja k\u00e4ytti hyvin v\u00e4h\u00e4n tai ei ollenkaan digitaalisia palveluja. Sen sijaan he toimivat arjessaan tavoilla, jotka kuulostivat omasta n\u00e4k\u00f6kulmastani (eli arkeaan varhaisteini-ik\u00e4isest\u00e4 asti internetin kanssa el\u00e4neest\u00e4) kekseli\u00e4ilt\u00e4 ja inspiroivilta. Toisaalta ne kuulostivat usein hyvinkin ep\u00e4reiluilta yhteiskunnallisen yhdenvertaisuuden kannalta. Samalla ne muistuttivat viimeaikaisista kiinnostavista tutkimuksista, jotka k\u00e4sitteliv\u00e4t muuten arjessaan digitaalisia palveluja k\u00e4ytt\u00e4vien ihmisten yrityksi\u00e4 irtautua niist\u00e4 edes v\u00e4liaikaisesti. T\u00e4m\u00e4 sai jatkamaan tutkimusta etsim\u00e4ll\u00e4 osallistujiksi enemm\u00e4n ik\u00e4\u00e4ntyvi\u00e4 ihmisi\u00e4, jotka kokivat el\u00e4v\u00e4ns\u00e4 arkeaan ilman interneti\u00e4 ja syventym\u00e4\u00e4n heid\u00e4n kokemuksiinsa.<\/p>\n\n\n\n<p><strong>Mik\u00e4 on tutkimuksesi keskeinen sanoma?<\/strong><\/p>\n\n\n\n<p>P\u00e4\u00e4dyn tutkimuksen pohjalta samaan johtop\u00e4\u00e4t\u00f6kseen kuin monet ik\u00e4\u00e4ntyvien ihmisten internetin k\u00e4ytt\u00f6\u00e4 tutkivat viimeisen 30 vuoden aikana: yhteiskunta tulisi digitalisoida niin, ett\u00e4 osallisuus voisi toteutua my\u00f6s ilman digitaalisten teknologioiden k\u00e4ytt\u00f6\u00e4.<\/p>\n","protected":false},"excerpt":{"rendered":"<p>Kaikki suomalaiset eiv\u00e4t pysty tai halua k\u00e4ytt\u00e4\u00e4 digitaalisia palveluita, ja verkosta irti el\u00e4v\u00e4 voi tuntea olonsa syrj\u00e4\u00e4n ty\u00f6nnetyksi. Kuinka interneti\u00e4 v\u00e4h\u00e4n k\u00e4ytt\u00e4v\u00e4t silti s\u00e4ilytt\u00e4v\u00e4t kokemuksen toimijuudestaan? Vilma Lehtinen&hellip;<\/p>\n","protected":false},"author":3,"featured_media":5013,"comment_status":"open","ping_status":"closed","sticky":false,"template":"","format":"standard","meta":{"_monsterinsights_skip_tracking":false,"_monsterinsights_sitenote_active":false,"_monsterinsights_sitenote_note":"","_monsterinsights_sitenote_category":0,"footnotes":""},"categories":[1],"tags":[],"class_list":["post-5004","post","type-post","status-publish","format-standard","has-post-thumbnail","hentry","category-yleinen"],"yoast_head":"<!-- This site is optimized with the Yoast SEO plugin v27.5 - https:\/\/yoast.com\/product\/yoast-seo-wordpress\/ -->\n<title>El\u00e4m\u00e4 digimaailman sivussa vaatii kekseli\u00e4isyytt\u00e4 &#8211; Mevi<\/title>\n<meta name=\"robots\" content=\"index, follow, max-snippet:-1, max-image-preview:large, max-video-preview:-1\" \/>\n<link rel=\"canonical\" href=\"https:\/\/mediaviestinta.fi\/mevi2020\/2024\/01\/elama-digimaailman-sivussa-vaatii-kekseliaisyytta\/\" \/>\n<meta property=\"og:locale\" content=\"fi_FI\" \/>\n<meta property=\"og:type\" content=\"article\" \/>\n<meta property=\"og:title\" content=\"El\u00e4m\u00e4 digimaailman sivussa vaatii kekseli\u00e4isyytt\u00e4 &#8211; Mevi\" \/>\n<meta property=\"og:description\" content=\"Kaikki suomalaiset eiv\u00e4t pysty tai halua k\u00e4ytt\u00e4\u00e4 digitaalisia palveluita, ja verkosta irti el\u00e4v\u00e4 voi tuntea olonsa syrj\u00e4\u00e4n ty\u00f6nnetyksi. Kuinka interneti\u00e4 v\u00e4h\u00e4n k\u00e4ytt\u00e4v\u00e4t silti s\u00e4ilytt\u00e4v\u00e4t kokemuksen toimijuudestaan? Vilma Lehtinen&hellip;\" \/>\n<meta property=\"og:url\" content=\"https:\/\/mediaviestinta.fi\/mevi2020\/2024\/01\/elama-digimaailman-sivussa-vaatii-kekseliaisyytta\/\" \/>\n<meta property=\"og:site_name\" content=\"Mevi\" \/>\n<meta property=\"article:publisher\" content=\"https:\/\/www.facebook.com\/MediaViestinta\/\" \/>\n<meta property=\"article:published_time\" content=\"2024-01-17T10:22:36+00:00\" \/>\n<meta property=\"article:modified_time\" content=\"2024-01-17T10:22:37+00:00\" \/>\n<meta property=\"og:image\" content=\"https:\/\/mediaviestinta.fi\/mevi2020\/wp-content\/uploads\/2024\/01\/people-3188291_1280.jpg\" \/>\n\t<meta property=\"og:image:width\" content=\"1280\" \/>\n\t<meta property=\"og:image:height\" content=\"853\" \/>\n\t<meta property=\"og:image:type\" content=\"image\/jpeg\" \/>\n<meta name=\"author\" content=\"Mevi\" \/>\n<meta name=\"twitter:card\" content=\"summary_large_image\" \/>\n<meta name=\"twitter:creator\" content=\"@mediaviestinta\" \/>\n<meta name=\"twitter:site\" content=\"@mediaviestinta\" \/>\n<meta name=\"twitter:label1\" content=\"Kirjoittanut\" \/>\n\t<meta name=\"twitter:data1\" content=\"Mevi\" \/>\n\t<meta name=\"twitter:label2\" content=\"Arvioitu lukuaika\" \/>\n\t<meta name=\"twitter:data2\" content=\"1 minuutti\" \/>\n<script type=\"application\/ld+json\" class=\"yoast-schema-graph\">{\"@context\":\"https:\\\/\\\/schema.org\",\"@graph\":[{\"@type\":\"Article\",\"@id\":\"https:\\\/\\\/mediaviestinta.fi\\\/mevi2020\\\/2024\\\/01\\\/elama-digimaailman-sivussa-vaatii-kekseliaisyytta\\\/#article\",\"isPartOf\":{\"@id\":\"https:\\\/\\\/mediaviestinta.fi\\\/mevi2020\\\/2024\\\/01\\\/elama-digimaailman-sivussa-vaatii-kekseliaisyytta\\\/\"},\"author\":{\"name\":\"Mevi\",\"@id\":\"https:\\\/\\\/mediaviestinta.fi\\\/#\\\/schema\\\/person\\\/b2da34ab24cfcd17dbdd6c7cfb173257\"},\"headline\":\"El\u00e4m\u00e4 digimaailman sivussa vaatii kekseli\u00e4isyytt\u00e4\",\"datePublished\":\"2024-01-17T10:22:36+00:00\",\"dateModified\":\"2024-01-17T10:22:37+00:00\",\"mainEntityOfPage\":{\"@id\":\"https:\\\/\\\/mediaviestinta.fi\\\/mevi2020\\\/2024\\\/01\\\/elama-digimaailman-sivussa-vaatii-kekseliaisyytta\\\/\"},\"wordCount\":553,\"commentCount\":0,\"publisher\":{\"@id\":\"https:\\\/\\\/mediaviestinta.fi\\\/#organization\"},\"image\":{\"@id\":\"https:\\\/\\\/mediaviestinta.fi\\\/mevi2020\\\/2024\\\/01\\\/elama-digimaailman-sivussa-vaatii-kekseliaisyytta\\\/#primaryimage\"},\"thumbnailUrl\":\"https:\\\/\\\/mediaviestinta.fi\\\/mevi2020\\\/wp-content\\\/uploads\\\/2024\\\/01\\\/people-3188291_1280.jpg\",\"inLanguage\":\"fi\",\"potentialAction\":[{\"@type\":\"CommentAction\",\"name\":\"Comment\",\"target\":[\"https:\\\/\\\/mediaviestinta.fi\\\/mevi2020\\\/2024\\\/01\\\/elama-digimaailman-sivussa-vaatii-kekseliaisyytta\\\/#respond\"]}]},{\"@type\":\"WebPage\",\"@id\":\"https:\\\/\\\/mediaviestinta.fi\\\/mevi2020\\\/2024\\\/01\\\/elama-digimaailman-sivussa-vaatii-kekseliaisyytta\\\/\",\"url\":\"https:\\\/\\\/mediaviestinta.fi\\\/mevi2020\\\/2024\\\/01\\\/elama-digimaailman-sivussa-vaatii-kekseliaisyytta\\\/\",\"name\":\"El\u00e4m\u00e4 digimaailman sivussa vaatii kekseli\u00e4isyytt\u00e4 &#8211; Mevi\",\"isPartOf\":{\"@id\":\"https:\\\/\\\/mediaviestinta.fi\\\/#website\"},\"primaryImageOfPage\":{\"@id\":\"https:\\\/\\\/mediaviestinta.fi\\\/mevi2020\\\/2024\\\/01\\\/elama-digimaailman-sivussa-vaatii-kekseliaisyytta\\\/#primaryimage\"},\"image\":{\"@id\":\"https:\\\/\\\/mediaviestinta.fi\\\/mevi2020\\\/2024\\\/01\\\/elama-digimaailman-sivussa-vaatii-kekseliaisyytta\\\/#primaryimage\"},\"thumbnailUrl\":\"https:\\\/\\\/mediaviestinta.fi\\\/mevi2020\\\/wp-content\\\/uploads\\\/2024\\\/01\\\/people-3188291_1280.jpg\",\"datePublished\":\"2024-01-17T10:22:36+00:00\",\"dateModified\":\"2024-01-17T10:22:37+00:00\",\"breadcrumb\":{\"@id\":\"https:\\\/\\\/mediaviestinta.fi\\\/mevi2020\\\/2024\\\/01\\\/elama-digimaailman-sivussa-vaatii-kekseliaisyytta\\\/#breadcrumb\"},\"inLanguage\":\"fi\",\"potentialAction\":[{\"@type\":\"ReadAction\",\"target\":[\"https:\\\/\\\/mediaviestinta.fi\\\/mevi2020\\\/2024\\\/01\\\/elama-digimaailman-sivussa-vaatii-kekseliaisyytta\\\/\"]}]},{\"@type\":\"ImageObject\",\"inLanguage\":\"fi\",\"@id\":\"https:\\\/\\\/mediaviestinta.fi\\\/mevi2020\\\/2024\\\/01\\\/elama-digimaailman-sivussa-vaatii-kekseliaisyytta\\\/#primaryimage\",\"url\":\"https:\\\/\\\/mediaviestinta.fi\\\/mevi2020\\\/wp-content\\\/uploads\\\/2024\\\/01\\\/people-3188291_1280.jpg\",\"contentUrl\":\"https:\\\/\\\/mediaviestinta.fi\\\/mevi2020\\\/wp-content\\\/uploads\\\/2024\\\/01\\\/people-3188291_1280.jpg\",\"width\":1280,\"height\":853,\"caption\":\"Kuvituskuva vanhan ihmisen k\u00e4sist\u00e4, jotka pitelev\u00e4t yksinkertaista matkapuhelinta.\"},{\"@type\":\"BreadcrumbList\",\"@id\":\"https:\\\/\\\/mediaviestinta.fi\\\/mevi2020\\\/2024\\\/01\\\/elama-digimaailman-sivussa-vaatii-kekseliaisyytta\\\/#breadcrumb\",\"itemListElement\":[{\"@type\":\"ListItem\",\"position\":1,\"name\":\"Home\",\"item\":\"https:\\\/\\\/mediaviestinta.fi\\\/\"},{\"@type\":\"ListItem\",\"position\":2,\"name\":\"El\u00e4m\u00e4 digimaailman sivussa vaatii kekseli\u00e4isyytt\u00e4\"}]},{\"@type\":\"WebSite\",\"@id\":\"https:\\\/\\\/mediaviestinta.fi\\\/#website\",\"url\":\"https:\\\/\\\/mediaviestinta.fi\\\/\",\"name\":\"Mevi\",\"description\":\"Media- ja viestint\u00e4tieteellinen seura Mevi\",\"publisher\":{\"@id\":\"https:\\\/\\\/mediaviestinta.fi\\\/#organization\"},\"potentialAction\":[{\"@type\":\"SearchAction\",\"target\":{\"@type\":\"EntryPoint\",\"urlTemplate\":\"https:\\\/\\\/mediaviestinta.fi\\\/?s={search_term_string}\"},\"query-input\":{\"@type\":\"PropertyValueSpecification\",\"valueRequired\":true,\"valueName\":\"search_term_string\"}}],\"inLanguage\":\"fi\"},{\"@type\":\"Organization\",\"@id\":\"https:\\\/\\\/mediaviestinta.fi\\\/#organization\",\"name\":\"Media- ja viestint\u00e4tieteellinen seura Mevi\",\"url\":\"https:\\\/\\\/mediaviestinta.fi\\\/\",\"logo\":{\"@type\":\"ImageObject\",\"inLanguage\":\"fi\",\"@id\":\"https:\\\/\\\/mediaviestinta.fi\\\/#\\\/schema\\\/logo\\\/image\\\/\",\"url\":\"https:\\\/\\\/mediaviestinta.fi\\\/mevi2020\\\/wp-content\\\/uploads\\\/2020\\\/03\\\/mevi-logo-RGB-Transparent.png\",\"contentUrl\":\"https:\\\/\\\/mediaviestinta.fi\\\/mevi2020\\\/wp-content\\\/uploads\\\/2020\\\/03\\\/mevi-logo-RGB-Transparent.png\",\"width\":910,\"height\":464,\"caption\":\"Media- ja viestint\u00e4tieteellinen seura Mevi\"},\"image\":{\"@id\":\"https:\\\/\\\/mediaviestinta.fi\\\/#\\\/schema\\\/logo\\\/image\\\/\"},\"sameAs\":[\"https:\\\/\\\/www.facebook.com\\\/MediaViestinta\\\/\",\"https:\\\/\\\/x.com\\\/mediaviestinta\"]},{\"@type\":\"Person\",\"@id\":\"https:\\\/\\\/mediaviestinta.fi\\\/#\\\/schema\\\/person\\\/b2da34ab24cfcd17dbdd6c7cfb173257\",\"name\":\"Mevi\",\"image\":{\"@type\":\"ImageObject\",\"inLanguage\":\"fi\",\"@id\":\"https:\\\/\\\/secure.gravatar.com\\\/avatar\\\/3305b76d1667dc119a18808ed03d6a1fc2dfa8b6a1cddecb8c4d27ef14ec32ca?s=96&d=mm&r=g\",\"url\":\"https:\\\/\\\/secure.gravatar.com\\\/avatar\\\/3305b76d1667dc119a18808ed03d6a1fc2dfa8b6a1cddecb8c4d27ef14ec32ca?s=96&d=mm&r=g\",\"contentUrl\":\"https:\\\/\\\/secure.gravatar.com\\\/avatar\\\/3305b76d1667dc119a18808ed03d6a1fc2dfa8b6a1cddecb8c4d27ef14ec32ca?s=96&d=mm&r=g\",\"caption\":\"Mevi\"},\"url\":\"https:\\\/\\\/mediaviestinta.fi\\\/mevi2020\\\/author\\\/mediavie\\\/\"}]}<\/script>\n<!-- \/ Yoast SEO plugin. -->","yoast_head_json":{"title":"El\u00e4m\u00e4 digimaailman sivussa vaatii kekseli\u00e4isyytt\u00e4 &#8211; Mevi","robots":{"index":"index","follow":"follow","max-snippet":"max-snippet:-1","max-image-preview":"max-image-preview:large","max-video-preview":"max-video-preview:-1"},"canonical":"https:\/\/mediaviestinta.fi\/mevi2020\/2024\/01\/elama-digimaailman-sivussa-vaatii-kekseliaisyytta\/","og_locale":"fi_FI","og_type":"article","og_title":"El\u00e4m\u00e4 digimaailman sivussa vaatii kekseli\u00e4isyytt\u00e4 &#8211; Mevi","og_description":"Kaikki suomalaiset eiv\u00e4t pysty tai halua k\u00e4ytt\u00e4\u00e4 digitaalisia palveluita, ja verkosta irti el\u00e4v\u00e4 voi tuntea olonsa syrj\u00e4\u00e4n ty\u00f6nnetyksi. Kuinka interneti\u00e4 v\u00e4h\u00e4n k\u00e4ytt\u00e4v\u00e4t silti s\u00e4ilytt\u00e4v\u00e4t kokemuksen toimijuudestaan? Vilma Lehtinen&hellip;","og_url":"https:\/\/mediaviestinta.fi\/mevi2020\/2024\/01\/elama-digimaailman-sivussa-vaatii-kekseliaisyytta\/","og_site_name":"Mevi","article_publisher":"https:\/\/www.facebook.com\/MediaViestinta\/","article_published_time":"2024-01-17T10:22:36+00:00","article_modified_time":"2024-01-17T10:22:37+00:00","og_image":[{"width":1280,"height":853,"url":"https:\/\/mediaviestinta.fi\/mevi2020\/wp-content\/uploads\/2024\/01\/people-3188291_1280.jpg","type":"image\/jpeg"}],"author":"Mevi","twitter_card":"summary_large_image","twitter_creator":"@mediaviestinta","twitter_site":"@mediaviestinta","twitter_misc":{"Kirjoittanut":"Mevi","Arvioitu lukuaika":"1 minuutti"},"schema":{"@context":"https:\/\/schema.org","@graph":[{"@type":"Article","@id":"https:\/\/mediaviestinta.fi\/mevi2020\/2024\/01\/elama-digimaailman-sivussa-vaatii-kekseliaisyytta\/#article","isPartOf":{"@id":"https:\/\/mediaviestinta.fi\/mevi2020\/2024\/01\/elama-digimaailman-sivussa-vaatii-kekseliaisyytta\/"},"author":{"name":"Mevi","@id":"https:\/\/mediaviestinta.fi\/#\/schema\/person\/b2da34ab24cfcd17dbdd6c7cfb173257"},"headline":"El\u00e4m\u00e4 digimaailman sivussa vaatii kekseli\u00e4isyytt\u00e4","datePublished":"2024-01-17T10:22:36+00:00","dateModified":"2024-01-17T10:22:37+00:00","mainEntityOfPage":{"@id":"https:\/\/mediaviestinta.fi\/mevi2020\/2024\/01\/elama-digimaailman-sivussa-vaatii-kekseliaisyytta\/"},"wordCount":553,"commentCount":0,"publisher":{"@id":"https:\/\/mediaviestinta.fi\/#organization"},"image":{"@id":"https:\/\/mediaviestinta.fi\/mevi2020\/2024\/01\/elama-digimaailman-sivussa-vaatii-kekseliaisyytta\/#primaryimage"},"thumbnailUrl":"https:\/\/mediaviestinta.fi\/mevi2020\/wp-content\/uploads\/2024\/01\/people-3188291_1280.jpg","inLanguage":"fi","potentialAction":[{"@type":"CommentAction","name":"Comment","target":["https:\/\/mediaviestinta.fi\/mevi2020\/2024\/01\/elama-digimaailman-sivussa-vaatii-kekseliaisyytta\/#respond"]}]},{"@type":"WebPage","@id":"https:\/\/mediaviestinta.fi\/mevi2020\/2024\/01\/elama-digimaailman-sivussa-vaatii-kekseliaisyytta\/","url":"https:\/\/mediaviestinta.fi\/mevi2020\/2024\/01\/elama-digimaailman-sivussa-vaatii-kekseliaisyytta\/","name":"El\u00e4m\u00e4 digimaailman sivussa vaatii kekseli\u00e4isyytt\u00e4 &#8211; Mevi","isPartOf":{"@id":"https:\/\/mediaviestinta.fi\/#website"},"primaryImageOfPage":{"@id":"https:\/\/mediaviestinta.fi\/mevi2020\/2024\/01\/elama-digimaailman-sivussa-vaatii-kekseliaisyytta\/#primaryimage"},"image":{"@id":"https:\/\/mediaviestinta.fi\/mevi2020\/2024\/01\/elama-digimaailman-sivussa-vaatii-kekseliaisyytta\/#primaryimage"},"thumbnailUrl":"https:\/\/mediaviestinta.fi\/mevi2020\/wp-content\/uploads\/2024\/01\/people-3188291_1280.jpg","datePublished":"2024-01-17T10:22:36+00:00","dateModified":"2024-01-17T10:22:37+00:00","breadcrumb":{"@id":"https:\/\/mediaviestinta.fi\/mevi2020\/2024\/01\/elama-digimaailman-sivussa-vaatii-kekseliaisyytta\/#breadcrumb"},"inLanguage":"fi","potentialAction":[{"@type":"ReadAction","target":["https:\/\/mediaviestinta.fi\/mevi2020\/2024\/01\/elama-digimaailman-sivussa-vaatii-kekseliaisyytta\/"]}]},{"@type":"ImageObject","inLanguage":"fi","@id":"https:\/\/mediaviestinta.fi\/mevi2020\/2024\/01\/elama-digimaailman-sivussa-vaatii-kekseliaisyytta\/#primaryimage","url":"https:\/\/mediaviestinta.fi\/mevi2020\/wp-content\/uploads\/2024\/01\/people-3188291_1280.jpg","contentUrl":"https:\/\/mediaviestinta.fi\/mevi2020\/wp-content\/uploads\/2024\/01\/people-3188291_1280.jpg","width":1280,"height":853,"caption":"Kuvituskuva vanhan ihmisen k\u00e4sist\u00e4, jotka pitelev\u00e4t yksinkertaista matkapuhelinta."},{"@type":"BreadcrumbList","@id":"https:\/\/mediaviestinta.fi\/mevi2020\/2024\/01\/elama-digimaailman-sivussa-vaatii-kekseliaisyytta\/#breadcrumb","itemListElement":[{"@type":"ListItem","position":1,"name":"Home","item":"https:\/\/mediaviestinta.fi\/"},{"@type":"ListItem","position":2,"name":"El\u00e4m\u00e4 digimaailman sivussa vaatii kekseli\u00e4isyytt\u00e4"}]},{"@type":"WebSite","@id":"https:\/\/mediaviestinta.fi\/#website","url":"https:\/\/mediaviestinta.fi\/","name":"Mevi","description":"Media- ja viestint\u00e4tieteellinen seura Mevi","publisher":{"@id":"https:\/\/mediaviestinta.fi\/#organization"},"potentialAction":[{"@type":"SearchAction","target":{"@type":"EntryPoint","urlTemplate":"https:\/\/mediaviestinta.fi\/?s={search_term_string}"},"query-input":{"@type":"PropertyValueSpecification","valueRequired":true,"valueName":"search_term_string"}}],"inLanguage":"fi"},{"@type":"Organization","@id":"https:\/\/mediaviestinta.fi\/#organization","name":"Media- ja viestint\u00e4tieteellinen seura Mevi","url":"https:\/\/mediaviestinta.fi\/","logo":{"@type":"ImageObject","inLanguage":"fi","@id":"https:\/\/mediaviestinta.fi\/#\/schema\/logo\/image\/","url":"https:\/\/mediaviestinta.fi\/mevi2020\/wp-content\/uploads\/2020\/03\/mevi-logo-RGB-Transparent.png","contentUrl":"https:\/\/mediaviestinta.fi\/mevi2020\/wp-content\/uploads\/2020\/03\/mevi-logo-RGB-Transparent.png","width":910,"height":464,"caption":"Media- ja viestint\u00e4tieteellinen seura Mevi"},"image":{"@id":"https:\/\/mediaviestinta.fi\/#\/schema\/logo\/image\/"},"sameAs":["https:\/\/www.facebook.com\/MediaViestinta\/","https:\/\/x.com\/mediaviestinta"]},{"@type":"Person","@id":"https:\/\/mediaviestinta.fi\/#\/schema\/person\/b2da34ab24cfcd17dbdd6c7cfb173257","name":"Mevi","image":{"@type":"ImageObject","inLanguage":"fi","@id":"https:\/\/secure.gravatar.com\/avatar\/3305b76d1667dc119a18808ed03d6a1fc2dfa8b6a1cddecb8c4d27ef14ec32ca?s=96&d=mm&r=g","url":"https:\/\/secure.gravatar.com\/avatar\/3305b76d1667dc119a18808ed03d6a1fc2dfa8b6a1cddecb8c4d27ef14ec32ca?s=96&d=mm&r=g","contentUrl":"https:\/\/secure.gravatar.com\/avatar\/3305b76d1667dc119a18808ed03d6a1fc2dfa8b6a1cddecb8c4d27ef14ec32ca?s=96&d=mm&r=g","caption":"Mevi"},"url":"https:\/\/mediaviestinta.fi\/mevi2020\/author\/mediavie\/"}]}},"_links":{"self":[{"href":"https:\/\/mediaviestinta.fi\/mevi2020\/wp-json\/wp\/v2\/posts\/5004","targetHints":{"allow":["GET"]}}],"collection":[{"href":"https:\/\/mediaviestinta.fi\/mevi2020\/wp-json\/wp\/v2\/posts"}],"about":[{"href":"https:\/\/mediaviestinta.fi\/mevi2020\/wp-json\/wp\/v2\/types\/post"}],"author":[{"embeddable":true,"href":"https:\/\/mediaviestinta.fi\/mevi2020\/wp-json\/wp\/v2\/users\/3"}],"replies":[{"embeddable":true,"href":"https:\/\/mediaviestinta.fi\/mevi2020\/wp-json\/wp\/v2\/comments?post=5004"}],"version-history":[{"count":6,"href":"https:\/\/mediaviestinta.fi\/mevi2020\/wp-json\/wp\/v2\/posts\/5004\/revisions"}],"predecessor-version":[{"id":5016,"href":"https:\/\/mediaviestinta.fi\/mevi2020\/wp-json\/wp\/v2\/posts\/5004\/revisions\/5016"}],"wp:featuredmedia":[{"embeddable":true,"href":"https:\/\/mediaviestinta.fi\/mevi2020\/wp-json\/wp\/v2\/media\/5013"}],"wp:attachment":[{"href":"https:\/\/mediaviestinta.fi\/mevi2020\/wp-json\/wp\/v2\/media?parent=5004"}],"wp:term":[{"taxonomy":"category","embeddable":true,"href":"https:\/\/mediaviestinta.fi\/mevi2020\/wp-json\/wp\/v2\/categories?post=5004"},{"taxonomy":"post_tag","embeddable":true,"href":"https:\/\/mediaviestinta.fi\/mevi2020\/wp-json\/wp\/v2\/tags?post=5004"}],"curies":[{"name":"wp","href":"https:\/\/api.w.org\/{rel}","templated":true}]}}