{"id":5008,"date":"2024-01-10T09:53:32","date_gmt":"2024-01-10T07:53:32","guid":{"rendered":"https:\/\/mediaviestinta.fi\/?p=5008"},"modified":"2024-01-10T09:53:33","modified_gmt":"2024-01-10T07:53:33","slug":"avoin-tyopaikka-osa-aikaiselle-projektitutkijalle","status":"publish","type":"post","link":"https:\/\/mediaviestinta.fi\/mevi2020\/2024\/01\/avoin-tyopaikka-osa-aikaiselle-projektitutkijalle\/","title":{"rendered":"Avoin ty\u00f6paikka osa-aikaiselle projektitutkijalle"},"content":{"rendered":"\n<p><strong>Haetaan projektitutkijaa: Journalisteille teht\u00e4vien kyselytutkimusten toimintamallien kartoitus Pohjoismaissa<\/strong><\/p>\n\n\n\n<p>Media- ja viestint\u00e4tieteellinen seura Mevi ry hakee henkil\u00f6\u00e4 laatimaan selvityksen journalisteille teht\u00e4vist\u00e4 kyselytutkimuksista. Ty\u00f6 ajoittuu vuodelle 2024. Haku p\u00e4\u00e4ttyy 31.1.2024.<\/p>\n\n\n\n<p>Selvityksen tavoitteena on tuottaa kattava tilannekuva journalisteille teht\u00e4vien kyselyiden j\u00e4rjest\u00e4misest\u00e4 Pohjoismaissa sek\u00e4 tarjota toimintaehdotus jatkoa ajatellen Suomessa. Suomessa on havaittu tarve kehitt\u00e4\u00e4 uusi malli, jolla kyselyit\u00e4 voitaisiin jatkossa toteuttaa nykyist\u00e4 tehokkaammin ja varmemmin. Hankkeeseen valittavan tutkijan ty\u00f6n\u00e4 on tehd\u00e4 benchmarking-selvitys, kirjoittaa siit\u00e4 raportti ja osallistua loppuseminaarin j\u00e4rjestelyihin. Selvityksess\u00e4 tutkitaan Suomen verrokkimaita ja selvitet\u00e4\u00e4n,<\/p>\n\n\n\n<ol class=\"wp-block-list\">\n<li>kuinka kansallisen tason journalistikyselyt on niiss\u00e4 j\u00e4rjestetty,<\/li>\n\n\n\n<li>miten niiden edustavuus on varmistettu ja<\/li>\n\n\n\n<li>millaisia resursseja kyselyiden j\u00e4rjest\u00e4minen vaatii.<\/li>\n<\/ol>\n\n\n\n<p>Alustavien tarkastelujen perusteella esimerkkimaiksi ovat valikoituneet Ruotsi ja Norja. Tarkastelua voidaan tarpeen vaatiessa laajentaa kattamaan my\u00f6s muita maita. Selvitysty\u00f6n tuloksena syntyy raportti, jossa tehd\u00e4\u00e4n kartoituksen lis\u00e4ksi toimintaehdotus siit\u00e4, kuinka journalisteja koskevat kyselytutkimukset Suomessa voitaisiin jatkossa hoitaa. Raportti julkistetaan projektin loppuseminaarissa vuonna 2024.&nbsp;<\/p>\n\n\n\n<p>Selvitys tehd\u00e4\u00e4n suomeksi. Ty\u00f6ss\u00e4 tarvitaan my\u00f6s englannin kielen taitoa, ja ruotsin sek\u00e4 muiden pohjoismaisten kielten taito on eduksi. Teht\u00e4v\u00e4\u00e4n valittavalta henkil\u00f6lt\u00e4 odotamme soveltuvan alan maisterintutkintoa ja hyvi\u00e4 valmiuksia tutkimusty\u00f6h\u00f6n. Katsomme eduksi kokemuksen kyselytutkimuksen tekemisest\u00e4 ja\/tai ymm\u00e4rryksen m\u00e4\u00e4r\u00e4llisist\u00e4 menetelmist\u00e4. Teht\u00e4v\u00e4\u00e4n valittavan projektitutkijan tukena ty\u00f6ss\u00e4 on ohjausryhm\u00e4, johon kuuluu journalisteja koskeviin kyselytutkimuksiin perehtyneit\u00e4 tutkijoita korkeakouluista eri puolilta Suomea.<\/p>\n\n\n\n<p>Projektitutkijan osa-aikainen ty\u00f6skentely ajoittuu alustavasti aikav\u00e4lille 1.3.-31.8.2024 (6 kk). Palkka vastaa 50-prosenttista kuukausittaista ty\u00f6aikaa ja on 1415 euroa kuukaudessa. Mevi ry korvaa erikseen sovitusti matkakulut haastatteluiden toteuttamiseksi kotimaassa ja loppuseminaariin liittyen.<\/p>\n\n\n\n<p>Vapaamuotoiset hakemukset cv:ineen tulee l\u00e4hett\u00e4\u00e4 31.1. menness\u00e4 s\u00e4hk\u00f6postitse osoitteeseen <a href=\"mailto:sihteeri@mediaviestinta.fi\">sihteeri@mediaviestinta.fi<\/a>. Hakemuksesta tulee k\u00e4yd\u00e4 ilmi, milloin hakija on valmis aloittamaan ty\u00f6t. Hakijat kutsutaan tarvittaessa haastatteluun.<\/p>\n\n\n\n<p>Mevi ry:n hallitus valitsee projektitutkijan.<\/p>\n\n\n\n<p>T\u00e4m\u00e4n selvitysty\u00f6n Mevi ry toteuttaa Media-alan tutkimuss\u00e4\u00e4ti\u00f6n tuella. Media- ja viestint\u00e4tieteellinen seura Mevi ry edist\u00e4\u00e4 median ja viestinn\u00e4n tutkimusta ja tekee sit\u00e4 tunnetuksi tiedeyhteis\u00f6ss\u00e4 ja sen ulkopuolella. Mevi julkaisee Media &amp; viestint\u00e4 -lehte\u00e4 ja j\u00e4rjest\u00e4\u00e4 Median ja viestinn\u00e4n tutkimuksen p\u00e4ivi\u00e4. Katso lis\u00e4\u00e4: <a href=\"https:\/\/mediaviestinta.fi\/\">Media- ja viestint\u00e4tieteellinen seura Mevi \u2013 Mevi (mediaviestinta.fi)<\/a><\/p>\n\n\n\n<p><strong>Selvitysty\u00f6n taustaa<\/strong><\/p>\n\n\n\n<p>Yhteiskunnan muutokset, medioituminen ja journalismin murros ovat lis\u00e4nneet tutkijoiden kiinnostusta laajamittaisiin journalistien keskuudessa teht\u00e4viin kyselytutkimuksiin. Lis\u00e4ksi erilaiset kaupalliset tahot tekev\u00e4t enenev\u00e4ss\u00e4 m\u00e4\u00e4rin journalisteja koskevia selvityksi\u00e4\u00e4n. Vaikka laajeneva huomio journalismia kohtaan on eritt\u00e4in tervetullutta, kehityksess\u00e4 on tutkimuksen n\u00e4k\u00f6kulmasta selke\u00e4 varjopuoli, joka liittyy kyselytutkimuksiin ja niiden toteutukseen.<\/p>\n\n\n\n<p>Suomessa tutkijoiden oli pitk\u00e4\u00e4n mahdollista ker\u00e4t\u00e4 varsin helposti edustavia kansallisia otoksia journalisteista ja tehd\u00e4 niiden pohjalta laadukasta tutkimusta. Ty\u00f6t\u00e4 ovat kuitenkin 2010-luvulta l\u00e4htien alkaneet hankaloittaa muun muassa vihapuheen kasvusta seurannut journalistien yhteystietojen poisto verkosta ja GDPR-s\u00e4\u00e4d\u00f6sten my\u00f6t\u00e4 tiukentuneet vaatimukset erilaisten henkil\u00f6tietoja sis\u00e4lt\u00e4vien rekisterien yll\u00e4pidosta. Kansallisesti edustaviin otoksiin pyrkiv\u00e4t tutkijat ovatkin joutuneet k\u00e4yt\u00e4nn\u00f6ss\u00e4 turvautumaan aineistonkeruussaan Journalistiliiton apuun. T\u00e4m\u00e4 on ollut monella tapaa j\u00e4rkev\u00e4 ratkaisu. Journalistiliittoon kuuluu arvioiden mukaan n. 90 % maan ty\u00f6suhteisista journalisteista, ja liitolla on hyv\u00e4 ja ajantasainen j\u00e4senrekisteri. Liiton j\u00e4senm\u00e4\u00e4r\u00e4 on kuitenkin ollut laskussa, joten senk\u00e4\u00e4n kautta ei en\u00e4\u00e4 luotettavasti tavoiteta kaikkia toimittajaryhmi\u00e4. Lis\u00e4ksi liiton mahdollisuudet auttaa lis\u00e4\u00e4ntyvien kyselytutkimusten v\u00e4litt\u00e4misess\u00e4 j\u00e4senille ovat heikentyneet. Kun tavoitellun otannan onnistuminen on aiempaa ep\u00e4varmempaa, kokonaiskuva suomalaisen journalistikunnan koostumuksesta ja koosta h\u00e4m\u00e4rtyy ja alan yleisen kehityksen seuraaminen vaikeutuu.&nbsp;<\/p>\n\n\n\n<p>Onkin tarpeen kehitt\u00e4\u00e4 uutta mallia, jolla niin tutkimusta kuin alaa hy\u00f6dytt\u00e4vi\u00e4 kyselyit\u00e4 voitaisiin jatkossa toteuttaa nykyist\u00e4 tehokkaammin ja varmemmin. T\u00e4m\u00e4n benchmarking-selvityksen tavoitteena on tuottaa riitt\u00e4v\u00e4 tieto Suomen oloihin mahdollisimman hyvin sopivan mallin kehitt\u00e4miseen. K\u00e4yt\u00e4nn\u00f6n toteutusta ryhdyt\u00e4\u00e4n miettim\u00e4\u00e4n teht\u00e4v\u00e4n raportin pohjalta eri toimijoiden kesken. Jos tutkimusalan yhteisty\u00f6lle l\u00f6ytyy malli, se hy\u00f6dytt\u00e4\u00e4 my\u00f6s media-alaa, koska kyselyit\u00e4 teht\u00e4isiin jatkossa koordinoidummin.&nbsp;<\/p>\n","protected":false},"excerpt":{"rendered":"<p>Haetaan projektitutkijaa: Journalisteille teht\u00e4vien kyselytutkimusten toimintamallien kartoitus Pohjoismaissa Media- ja viestint\u00e4tieteellinen seura Mevi ry hakee henkil\u00f6\u00e4 laatimaan selvityksen journalisteille teht\u00e4vist\u00e4 kyselytutkimuksista. Ty\u00f6 ajoittuu vuodelle 2024. Haku p\u00e4\u00e4ttyy 31.1.2024.&hellip;<\/p>\n","protected":false},"author":3,"featured_media":5010,"comment_status":"open","ping_status":"closed","sticky":false,"template":"","format":"standard","meta":{"_monsterinsights_skip_tracking":false,"_monsterinsights_sitenote_active":false,"_monsterinsights_sitenote_note":"","_monsterinsights_sitenote_category":0,"footnotes":""},"categories":[1],"tags":[],"class_list":["post-5008","post","type-post","status-publish","format-standard","has-post-thumbnail","hentry","category-yleinen"],"yoast_head":"<!-- This site is optimized with the Yoast SEO plugin v27.5 - https:\/\/yoast.com\/product\/yoast-seo-wordpress\/ -->\n<title>Avoin ty\u00f6paikka osa-aikaiselle projektitutkijalle &#8211; Mevi<\/title>\n<meta name=\"robots\" content=\"index, follow, max-snippet:-1, max-image-preview:large, max-video-preview:-1\" \/>\n<link rel=\"canonical\" href=\"https:\/\/mediaviestinta.fi\/mevi2020\/2024\/01\/avoin-tyopaikka-osa-aikaiselle-projektitutkijalle\/\" \/>\n<meta property=\"og:locale\" content=\"fi_FI\" \/>\n<meta property=\"og:type\" content=\"article\" \/>\n<meta property=\"og:title\" content=\"Avoin ty\u00f6paikka osa-aikaiselle projektitutkijalle &#8211; Mevi\" \/>\n<meta property=\"og:description\" content=\"Haetaan projektitutkijaa: Journalisteille teht\u00e4vien kyselytutkimusten toimintamallien kartoitus Pohjoismaissa Media- ja viestint\u00e4tieteellinen seura Mevi ry hakee henkil\u00f6\u00e4 laatimaan selvityksen journalisteille teht\u00e4vist\u00e4 kyselytutkimuksista. Ty\u00f6 ajoittuu vuodelle 2024. Haku p\u00e4\u00e4ttyy 31.1.2024.&hellip;\" \/>\n<meta property=\"og:url\" content=\"https:\/\/mediaviestinta.fi\/mevi2020\/2024\/01\/avoin-tyopaikka-osa-aikaiselle-projektitutkijalle\/\" \/>\n<meta property=\"og:site_name\" content=\"Mevi\" \/>\n<meta property=\"article:publisher\" content=\"https:\/\/www.facebook.com\/MediaViestinta\/\" \/>\n<meta property=\"article:published_time\" content=\"2024-01-10T07:53:32+00:00\" \/>\n<meta property=\"article:modified_time\" content=\"2024-01-10T07:53:33+00:00\" \/>\n<meta property=\"og:image\" content=\"https:\/\/mediaviestinta.fi\/mevi2020\/wp-content\/uploads\/2024\/01\/laptop-2559795_1280.jpg\" \/>\n\t<meta property=\"og:image:width\" content=\"1280\" \/>\n\t<meta property=\"og:image:height\" content=\"853\" \/>\n\t<meta property=\"og:image:type\" content=\"image\/jpeg\" \/>\n<meta name=\"author\" content=\"Mevi\" \/>\n<meta name=\"twitter:card\" content=\"summary_large_image\" \/>\n<meta name=\"twitter:creator\" content=\"@mediaviestinta\" \/>\n<meta name=\"twitter:site\" content=\"@mediaviestinta\" \/>\n<meta name=\"twitter:label1\" content=\"Kirjoittanut\" \/>\n\t<meta name=\"twitter:data1\" content=\"Mevi\" \/>\n\t<meta name=\"twitter:label2\" content=\"Arvioitu lukuaika\" \/>\n\t<meta name=\"twitter:data2\" content=\"4 minuuttia\" \/>\n<script type=\"application\/ld+json\" class=\"yoast-schema-graph\">{\"@context\":\"https:\\\/\\\/schema.org\",\"@graph\":[{\"@type\":\"Article\",\"@id\":\"https:\\\/\\\/mediaviestinta.fi\\\/mevi2020\\\/2024\\\/01\\\/avoin-tyopaikka-osa-aikaiselle-projektitutkijalle\\\/#article\",\"isPartOf\":{\"@id\":\"https:\\\/\\\/mediaviestinta.fi\\\/mevi2020\\\/2024\\\/01\\\/avoin-tyopaikka-osa-aikaiselle-projektitutkijalle\\\/\"},\"author\":{\"name\":\"Mevi\",\"@id\":\"https:\\\/\\\/mediaviestinta.fi\\\/#\\\/schema\\\/person\\\/b2da34ab24cfcd17dbdd6c7cfb173257\"},\"headline\":\"Avoin ty\u00f6paikka osa-aikaiselle projektitutkijalle\",\"datePublished\":\"2024-01-10T07:53:32+00:00\",\"dateModified\":\"2024-01-10T07:53:33+00:00\",\"mainEntityOfPage\":{\"@id\":\"https:\\\/\\\/mediaviestinta.fi\\\/mevi2020\\\/2024\\\/01\\\/avoin-tyopaikka-osa-aikaiselle-projektitutkijalle\\\/\"},\"wordCount\":651,\"commentCount\":0,\"publisher\":{\"@id\":\"https:\\\/\\\/mediaviestinta.fi\\\/#organization\"},\"image\":{\"@id\":\"https:\\\/\\\/mediaviestinta.fi\\\/mevi2020\\\/2024\\\/01\\\/avoin-tyopaikka-osa-aikaiselle-projektitutkijalle\\\/#primaryimage\"},\"thumbnailUrl\":\"https:\\\/\\\/mediaviestinta.fi\\\/mevi2020\\\/wp-content\\\/uploads\\\/2024\\\/01\\\/laptop-2559795_1280.jpg\",\"inLanguage\":\"fi\",\"potentialAction\":[{\"@type\":\"CommentAction\",\"name\":\"Comment\",\"target\":[\"https:\\\/\\\/mediaviestinta.fi\\\/mevi2020\\\/2024\\\/01\\\/avoin-tyopaikka-osa-aikaiselle-projektitutkijalle\\\/#respond\"]}]},{\"@type\":\"WebPage\",\"@id\":\"https:\\\/\\\/mediaviestinta.fi\\\/mevi2020\\\/2024\\\/01\\\/avoin-tyopaikka-osa-aikaiselle-projektitutkijalle\\\/\",\"url\":\"https:\\\/\\\/mediaviestinta.fi\\\/mevi2020\\\/2024\\\/01\\\/avoin-tyopaikka-osa-aikaiselle-projektitutkijalle\\\/\",\"name\":\"Avoin ty\u00f6paikka osa-aikaiselle projektitutkijalle &#8211; Mevi\",\"isPartOf\":{\"@id\":\"https:\\\/\\\/mediaviestinta.fi\\\/#website\"},\"primaryImageOfPage\":{\"@id\":\"https:\\\/\\\/mediaviestinta.fi\\\/mevi2020\\\/2024\\\/01\\\/avoin-tyopaikka-osa-aikaiselle-projektitutkijalle\\\/#primaryimage\"},\"image\":{\"@id\":\"https:\\\/\\\/mediaviestinta.fi\\\/mevi2020\\\/2024\\\/01\\\/avoin-tyopaikka-osa-aikaiselle-projektitutkijalle\\\/#primaryimage\"},\"thumbnailUrl\":\"https:\\\/\\\/mediaviestinta.fi\\\/mevi2020\\\/wp-content\\\/uploads\\\/2024\\\/01\\\/laptop-2559795_1280.jpg\",\"datePublished\":\"2024-01-10T07:53:32+00:00\",\"dateModified\":\"2024-01-10T07:53:33+00:00\",\"breadcrumb\":{\"@id\":\"https:\\\/\\\/mediaviestinta.fi\\\/mevi2020\\\/2024\\\/01\\\/avoin-tyopaikka-osa-aikaiselle-projektitutkijalle\\\/#breadcrumb\"},\"inLanguage\":\"fi\",\"potentialAction\":[{\"@type\":\"ReadAction\",\"target\":[\"https:\\\/\\\/mediaviestinta.fi\\\/mevi2020\\\/2024\\\/01\\\/avoin-tyopaikka-osa-aikaiselle-projektitutkijalle\\\/\"]}]},{\"@type\":\"ImageObject\",\"inLanguage\":\"fi\",\"@id\":\"https:\\\/\\\/mediaviestinta.fi\\\/mevi2020\\\/2024\\\/01\\\/avoin-tyopaikka-osa-aikaiselle-projektitutkijalle\\\/#primaryimage\",\"url\":\"https:\\\/\\\/mediaviestinta.fi\\\/mevi2020\\\/wp-content\\\/uploads\\\/2024\\\/01\\\/laptop-2559795_1280.jpg\",\"contentUrl\":\"https:\\\/\\\/mediaviestinta.fi\\\/mevi2020\\\/wp-content\\\/uploads\\\/2024\\\/01\\\/laptop-2559795_1280.jpg\",\"width\":1280,\"height\":853,\"caption\":\"Kuvituskuva henkil\u00f6st\u00e4, joka katsoo kannettavan tietokoneen n\u00e4ytt\u00f6\u00e4 ja tekee kyn\u00e4ll\u00e4 muistiinpanoja paperille.\"},{\"@type\":\"BreadcrumbList\",\"@id\":\"https:\\\/\\\/mediaviestinta.fi\\\/mevi2020\\\/2024\\\/01\\\/avoin-tyopaikka-osa-aikaiselle-projektitutkijalle\\\/#breadcrumb\",\"itemListElement\":[{\"@type\":\"ListItem\",\"position\":1,\"name\":\"Home\",\"item\":\"https:\\\/\\\/mediaviestinta.fi\\\/\"},{\"@type\":\"ListItem\",\"position\":2,\"name\":\"Avoin ty\u00f6paikka osa-aikaiselle projektitutkijalle\"}]},{\"@type\":\"WebSite\",\"@id\":\"https:\\\/\\\/mediaviestinta.fi\\\/#website\",\"url\":\"https:\\\/\\\/mediaviestinta.fi\\\/\",\"name\":\"Mevi\",\"description\":\"Media- ja viestint\u00e4tieteellinen seura Mevi\",\"publisher\":{\"@id\":\"https:\\\/\\\/mediaviestinta.fi\\\/#organization\"},\"potentialAction\":[{\"@type\":\"SearchAction\",\"target\":{\"@type\":\"EntryPoint\",\"urlTemplate\":\"https:\\\/\\\/mediaviestinta.fi\\\/?s={search_term_string}\"},\"query-input\":{\"@type\":\"PropertyValueSpecification\",\"valueRequired\":true,\"valueName\":\"search_term_string\"}}],\"inLanguage\":\"fi\"},{\"@type\":\"Organization\",\"@id\":\"https:\\\/\\\/mediaviestinta.fi\\\/#organization\",\"name\":\"Media- ja viestint\u00e4tieteellinen seura Mevi\",\"url\":\"https:\\\/\\\/mediaviestinta.fi\\\/\",\"logo\":{\"@type\":\"ImageObject\",\"inLanguage\":\"fi\",\"@id\":\"https:\\\/\\\/mediaviestinta.fi\\\/#\\\/schema\\\/logo\\\/image\\\/\",\"url\":\"https:\\\/\\\/mediaviestinta.fi\\\/mevi2020\\\/wp-content\\\/uploads\\\/2020\\\/03\\\/mevi-logo-RGB-Transparent.png\",\"contentUrl\":\"https:\\\/\\\/mediaviestinta.fi\\\/mevi2020\\\/wp-content\\\/uploads\\\/2020\\\/03\\\/mevi-logo-RGB-Transparent.png\",\"width\":910,\"height\":464,\"caption\":\"Media- ja viestint\u00e4tieteellinen seura Mevi\"},\"image\":{\"@id\":\"https:\\\/\\\/mediaviestinta.fi\\\/#\\\/schema\\\/logo\\\/image\\\/\"},\"sameAs\":[\"https:\\\/\\\/www.facebook.com\\\/MediaViestinta\\\/\",\"https:\\\/\\\/x.com\\\/mediaviestinta\"]},{\"@type\":\"Person\",\"@id\":\"https:\\\/\\\/mediaviestinta.fi\\\/#\\\/schema\\\/person\\\/b2da34ab24cfcd17dbdd6c7cfb173257\",\"name\":\"Mevi\",\"image\":{\"@type\":\"ImageObject\",\"inLanguage\":\"fi\",\"@id\":\"https:\\\/\\\/secure.gravatar.com\\\/avatar\\\/3305b76d1667dc119a18808ed03d6a1fc2dfa8b6a1cddecb8c4d27ef14ec32ca?s=96&d=mm&r=g\",\"url\":\"https:\\\/\\\/secure.gravatar.com\\\/avatar\\\/3305b76d1667dc119a18808ed03d6a1fc2dfa8b6a1cddecb8c4d27ef14ec32ca?s=96&d=mm&r=g\",\"contentUrl\":\"https:\\\/\\\/secure.gravatar.com\\\/avatar\\\/3305b76d1667dc119a18808ed03d6a1fc2dfa8b6a1cddecb8c4d27ef14ec32ca?s=96&d=mm&r=g\",\"caption\":\"Mevi\"},\"url\":\"https:\\\/\\\/mediaviestinta.fi\\\/mevi2020\\\/author\\\/mediavie\\\/\"}]}<\/script>\n<!-- \/ Yoast SEO plugin. -->","yoast_head_json":{"title":"Avoin ty\u00f6paikka osa-aikaiselle projektitutkijalle &#8211; Mevi","robots":{"index":"index","follow":"follow","max-snippet":"max-snippet:-1","max-image-preview":"max-image-preview:large","max-video-preview":"max-video-preview:-1"},"canonical":"https:\/\/mediaviestinta.fi\/mevi2020\/2024\/01\/avoin-tyopaikka-osa-aikaiselle-projektitutkijalle\/","og_locale":"fi_FI","og_type":"article","og_title":"Avoin ty\u00f6paikka osa-aikaiselle projektitutkijalle &#8211; Mevi","og_description":"Haetaan projektitutkijaa: Journalisteille teht\u00e4vien kyselytutkimusten toimintamallien kartoitus Pohjoismaissa Media- ja viestint\u00e4tieteellinen seura Mevi ry hakee henkil\u00f6\u00e4 laatimaan selvityksen journalisteille teht\u00e4vist\u00e4 kyselytutkimuksista. Ty\u00f6 ajoittuu vuodelle 2024. Haku p\u00e4\u00e4ttyy 31.1.2024.&hellip;","og_url":"https:\/\/mediaviestinta.fi\/mevi2020\/2024\/01\/avoin-tyopaikka-osa-aikaiselle-projektitutkijalle\/","og_site_name":"Mevi","article_publisher":"https:\/\/www.facebook.com\/MediaViestinta\/","article_published_time":"2024-01-10T07:53:32+00:00","article_modified_time":"2024-01-10T07:53:33+00:00","og_image":[{"width":1280,"height":853,"url":"https:\/\/mediaviestinta.fi\/mevi2020\/wp-content\/uploads\/2024\/01\/laptop-2559795_1280.jpg","type":"image\/jpeg"}],"author":"Mevi","twitter_card":"summary_large_image","twitter_creator":"@mediaviestinta","twitter_site":"@mediaviestinta","twitter_misc":{"Kirjoittanut":"Mevi","Arvioitu lukuaika":"4 minuuttia"},"schema":{"@context":"https:\/\/schema.org","@graph":[{"@type":"Article","@id":"https:\/\/mediaviestinta.fi\/mevi2020\/2024\/01\/avoin-tyopaikka-osa-aikaiselle-projektitutkijalle\/#article","isPartOf":{"@id":"https:\/\/mediaviestinta.fi\/mevi2020\/2024\/01\/avoin-tyopaikka-osa-aikaiselle-projektitutkijalle\/"},"author":{"name":"Mevi","@id":"https:\/\/mediaviestinta.fi\/#\/schema\/person\/b2da34ab24cfcd17dbdd6c7cfb173257"},"headline":"Avoin ty\u00f6paikka osa-aikaiselle projektitutkijalle","datePublished":"2024-01-10T07:53:32+00:00","dateModified":"2024-01-10T07:53:33+00:00","mainEntityOfPage":{"@id":"https:\/\/mediaviestinta.fi\/mevi2020\/2024\/01\/avoin-tyopaikka-osa-aikaiselle-projektitutkijalle\/"},"wordCount":651,"commentCount":0,"publisher":{"@id":"https:\/\/mediaviestinta.fi\/#organization"},"image":{"@id":"https:\/\/mediaviestinta.fi\/mevi2020\/2024\/01\/avoin-tyopaikka-osa-aikaiselle-projektitutkijalle\/#primaryimage"},"thumbnailUrl":"https:\/\/mediaviestinta.fi\/mevi2020\/wp-content\/uploads\/2024\/01\/laptop-2559795_1280.jpg","inLanguage":"fi","potentialAction":[{"@type":"CommentAction","name":"Comment","target":["https:\/\/mediaviestinta.fi\/mevi2020\/2024\/01\/avoin-tyopaikka-osa-aikaiselle-projektitutkijalle\/#respond"]}]},{"@type":"WebPage","@id":"https:\/\/mediaviestinta.fi\/mevi2020\/2024\/01\/avoin-tyopaikka-osa-aikaiselle-projektitutkijalle\/","url":"https:\/\/mediaviestinta.fi\/mevi2020\/2024\/01\/avoin-tyopaikka-osa-aikaiselle-projektitutkijalle\/","name":"Avoin ty\u00f6paikka osa-aikaiselle projektitutkijalle &#8211; Mevi","isPartOf":{"@id":"https:\/\/mediaviestinta.fi\/#website"},"primaryImageOfPage":{"@id":"https:\/\/mediaviestinta.fi\/mevi2020\/2024\/01\/avoin-tyopaikka-osa-aikaiselle-projektitutkijalle\/#primaryimage"},"image":{"@id":"https:\/\/mediaviestinta.fi\/mevi2020\/2024\/01\/avoin-tyopaikka-osa-aikaiselle-projektitutkijalle\/#primaryimage"},"thumbnailUrl":"https:\/\/mediaviestinta.fi\/mevi2020\/wp-content\/uploads\/2024\/01\/laptop-2559795_1280.jpg","datePublished":"2024-01-10T07:53:32+00:00","dateModified":"2024-01-10T07:53:33+00:00","breadcrumb":{"@id":"https:\/\/mediaviestinta.fi\/mevi2020\/2024\/01\/avoin-tyopaikka-osa-aikaiselle-projektitutkijalle\/#breadcrumb"},"inLanguage":"fi","potentialAction":[{"@type":"ReadAction","target":["https:\/\/mediaviestinta.fi\/mevi2020\/2024\/01\/avoin-tyopaikka-osa-aikaiselle-projektitutkijalle\/"]}]},{"@type":"ImageObject","inLanguage":"fi","@id":"https:\/\/mediaviestinta.fi\/mevi2020\/2024\/01\/avoin-tyopaikka-osa-aikaiselle-projektitutkijalle\/#primaryimage","url":"https:\/\/mediaviestinta.fi\/mevi2020\/wp-content\/uploads\/2024\/01\/laptop-2559795_1280.jpg","contentUrl":"https:\/\/mediaviestinta.fi\/mevi2020\/wp-content\/uploads\/2024\/01\/laptop-2559795_1280.jpg","width":1280,"height":853,"caption":"Kuvituskuva henkil\u00f6st\u00e4, joka katsoo kannettavan tietokoneen n\u00e4ytt\u00f6\u00e4 ja tekee kyn\u00e4ll\u00e4 muistiinpanoja paperille."},{"@type":"BreadcrumbList","@id":"https:\/\/mediaviestinta.fi\/mevi2020\/2024\/01\/avoin-tyopaikka-osa-aikaiselle-projektitutkijalle\/#breadcrumb","itemListElement":[{"@type":"ListItem","position":1,"name":"Home","item":"https:\/\/mediaviestinta.fi\/"},{"@type":"ListItem","position":2,"name":"Avoin ty\u00f6paikka osa-aikaiselle projektitutkijalle"}]},{"@type":"WebSite","@id":"https:\/\/mediaviestinta.fi\/#website","url":"https:\/\/mediaviestinta.fi\/","name":"Mevi","description":"Media- ja viestint\u00e4tieteellinen seura Mevi","publisher":{"@id":"https:\/\/mediaviestinta.fi\/#organization"},"potentialAction":[{"@type":"SearchAction","target":{"@type":"EntryPoint","urlTemplate":"https:\/\/mediaviestinta.fi\/?s={search_term_string}"},"query-input":{"@type":"PropertyValueSpecification","valueRequired":true,"valueName":"search_term_string"}}],"inLanguage":"fi"},{"@type":"Organization","@id":"https:\/\/mediaviestinta.fi\/#organization","name":"Media- ja viestint\u00e4tieteellinen seura Mevi","url":"https:\/\/mediaviestinta.fi\/","logo":{"@type":"ImageObject","inLanguage":"fi","@id":"https:\/\/mediaviestinta.fi\/#\/schema\/logo\/image\/","url":"https:\/\/mediaviestinta.fi\/mevi2020\/wp-content\/uploads\/2020\/03\/mevi-logo-RGB-Transparent.png","contentUrl":"https:\/\/mediaviestinta.fi\/mevi2020\/wp-content\/uploads\/2020\/03\/mevi-logo-RGB-Transparent.png","width":910,"height":464,"caption":"Media- ja viestint\u00e4tieteellinen seura Mevi"},"image":{"@id":"https:\/\/mediaviestinta.fi\/#\/schema\/logo\/image\/"},"sameAs":["https:\/\/www.facebook.com\/MediaViestinta\/","https:\/\/x.com\/mediaviestinta"]},{"@type":"Person","@id":"https:\/\/mediaviestinta.fi\/#\/schema\/person\/b2da34ab24cfcd17dbdd6c7cfb173257","name":"Mevi","image":{"@type":"ImageObject","inLanguage":"fi","@id":"https:\/\/secure.gravatar.com\/avatar\/3305b76d1667dc119a18808ed03d6a1fc2dfa8b6a1cddecb8c4d27ef14ec32ca?s=96&d=mm&r=g","url":"https:\/\/secure.gravatar.com\/avatar\/3305b76d1667dc119a18808ed03d6a1fc2dfa8b6a1cddecb8c4d27ef14ec32ca?s=96&d=mm&r=g","contentUrl":"https:\/\/secure.gravatar.com\/avatar\/3305b76d1667dc119a18808ed03d6a1fc2dfa8b6a1cddecb8c4d27ef14ec32ca?s=96&d=mm&r=g","caption":"Mevi"},"url":"https:\/\/mediaviestinta.fi\/mevi2020\/author\/mediavie\/"}]}},"_links":{"self":[{"href":"https:\/\/mediaviestinta.fi\/mevi2020\/wp-json\/wp\/v2\/posts\/5008","targetHints":{"allow":["GET"]}}],"collection":[{"href":"https:\/\/mediaviestinta.fi\/mevi2020\/wp-json\/wp\/v2\/posts"}],"about":[{"href":"https:\/\/mediaviestinta.fi\/mevi2020\/wp-json\/wp\/v2\/types\/post"}],"author":[{"embeddable":true,"href":"https:\/\/mediaviestinta.fi\/mevi2020\/wp-json\/wp\/v2\/users\/3"}],"replies":[{"embeddable":true,"href":"https:\/\/mediaviestinta.fi\/mevi2020\/wp-json\/wp\/v2\/comments?post=5008"}],"version-history":[{"count":1,"href":"https:\/\/mediaviestinta.fi\/mevi2020\/wp-json\/wp\/v2\/posts\/5008\/revisions"}],"predecessor-version":[{"id":5009,"href":"https:\/\/mediaviestinta.fi\/mevi2020\/wp-json\/wp\/v2\/posts\/5008\/revisions\/5009"}],"wp:featuredmedia":[{"embeddable":true,"href":"https:\/\/mediaviestinta.fi\/mevi2020\/wp-json\/wp\/v2\/media\/5010"}],"wp:attachment":[{"href":"https:\/\/mediaviestinta.fi\/mevi2020\/wp-json\/wp\/v2\/media?parent=5008"}],"wp:term":[{"taxonomy":"category","embeddable":true,"href":"https:\/\/mediaviestinta.fi\/mevi2020\/wp-json\/wp\/v2\/categories?post=5008"},{"taxonomy":"post_tag","embeddable":true,"href":"https:\/\/mediaviestinta.fi\/mevi2020\/wp-json\/wp\/v2\/tags?post=5008"}],"curies":[{"name":"wp","href":"https:\/\/api.w.org\/{rel}","templated":true}]}}