{"id":5018,"date":"2024-01-25T10:53:12","date_gmt":"2024-01-25T08:53:12","guid":{"rendered":"https:\/\/mediaviestinta.fi\/?p=5018"},"modified":"2024-01-25T10:53:13","modified_gmt":"2024-01-25T08:53:13","slug":"mevi-ry-myontaa-stipendeja-ansiokkaille-opinnaytteille","status":"publish","type":"post","link":"https:\/\/mediaviestinta.fi\/mevi2020\/2024\/01\/mevi-ry-myontaa-stipendeja-ansiokkaille-opinnaytteille\/","title":{"rendered":"Mevi ry my\u00f6nt\u00e4\u00e4 stipendej\u00e4 ansiokkaille opinn\u00e4ytteille"},"content":{"rendered":"\n<p>Mevi ry my\u00f6nt\u00e4\u00e4 1\u20133 kappaletta 300 euron arvoisia tutkielmastipendej\u00e4 ansiokkaiden maisterintutkielmien ja ylempien ammattikorkeakoulututkielmien tekij\u00f6ille. Stipendi on suunnattu Mevi ry:n yhteis\u00f6j\u00e4senten opiskelijoille.&nbsp;<\/p>\n\n\n\n<p>Stipendill\u00e4 yhdistys haluaa rohkaista tekem\u00e4\u00e4n median ja viestinn\u00e4n tutkimuksen alaa edist\u00e4v\u00e4\u00e4, keskustelua her\u00e4tt\u00e4v\u00e4\u00e4 ja kiinnostavaa tutkimusta sek\u00e4 nostaa esiin opinn\u00e4ytet\u00f6it\u00e4 ja niiden tekij\u00f6it\u00e4. Valinnan tutkielmastipendien saajista tekee Mevi ry:n hallitus.<\/p>\n\n\n\n<p><strong>Tutkielmastipendin jakoperusteet:<\/strong><\/p>\n\n\n\n<ul class=\"wp-block-list\">\n<li>Ty\u00f6 edist\u00e4\u00e4 ajankohtaista media- ja viestint\u00e4tieteellist\u00e4 keskustelua.<\/li>\n\n\n\n<li>Ty\u00f6 on oivaltava ja tieteellisesti, ammatillisesti tai yhteiskunnallisesti merkitt\u00e4v\u00e4.<\/li>\n\n\n\n<li>Tekstist\u00e4 n\u00e4kyy syv\u00e4llinen ymm\u00e4rrys, huolellisuus ja tekij\u00e4n paneutuminen aiheeseen ja n\u00e4k\u00f6kulmaan. Tutkielma on hallittu, ehj\u00e4 ja taitavasti rajattu kokonaisuus.<\/li>\n\n\n\n<li>Ty\u00f6 on hyv\u00e4ksytty suomalaisessa korkeakoulussa ylemm\u00e4n korkeakoulututkinnon opinn\u00e4ytteeksi 1.1.\u201331.12.2023 v\u00e4lisen\u00e4 aikana.<\/li>\n\n\n\n<li>Ty\u00f6 on kirjoitettu suomeksi, ruotsiksi tai englanniksi.<\/li>\n\n\n\n<li>Ty\u00f6 on hyv\u00e4ksytty v\u00e4hint\u00e4\u00e4n arvolauseella 4 (tai vastaava).<\/li>\n<\/ul>\n\n\n\n<p><strong>N\u00e4in haet stipendi\u00e4:<\/strong><\/p>\n\n\n\n<ul class=\"wp-block-list\">\n<li>Vuoden 2024 tutkielmastipendin hakuaika p\u00e4\u00e4ttyy <strong>su 18.2.2024.<\/strong><\/li>\n\n\n\n<li>Tutkielmastipendi\u00e4 haetaan s\u00e4hk\u00f6isell\u00e4 hakulomakkeella.\n<ul class=\"wp-block-list\">\n<li>Lomakkeelle t\u00e4ytet\u00e4\u00e4n tarvittavat yhteystiedot, opinn\u00e4ytety\u00f6n tekij\u00e4- ja tunnistetiedot ja lis\u00e4t\u00e4\u00e4n tutkielman tiivistelm\u00e4 sek\u00e4 sanallinen perustelu (enint\u00e4\u00e4n 500 merkki\u00e4) ty\u00f6n sopivuudesta stipendin saajaksi.<\/li>\n\n\n\n<li>Ehdolle asetettu ty\u00f6 toimitetaan joko s\u00e4hk\u00f6isen lomakkeen liitetiedostona tai linkkin\u00e4 ty\u00f6n julkaistuun muotoon verkossa (esim. yliopiston julkaisuj\u00e4rjestelm\u00e4).<\/li>\n<\/ul>\n<\/li>\n\n\n\n<li>Ty\u00f6n voi asettaa ehdolle opinn\u00e4ytety\u00f6n ohjaaja tai oppiaineen vastuuhenkil\u00f6, kuitenkin yksinomaan tekij\u00e4n suostumuksella.<\/li>\n\n\n\n<li>Linkki lomakkeeseen: <a href=\"https:\/\/forms.office.com\/e\/MfCsgKaxcX\" target=\"_blank\" rel=\"noreferrer noopener\">https:\/\/forms.office.com\/e\/MfCsgKaxcX<\/a><\/li>\n<\/ul>\n\n\n\n<p>My\u00f6nnetyt stipendit julkistetaan vuosittain. Stipendien saajia juhlistetaan Median ja viestinn\u00e4n tutkimuksen p\u00e4ivill\u00e4, jotka j\u00e4rjestet\u00e4\u00e4n joka toinen vuosi. Seuraavat Mevi-p\u00e4iv\u00e4t pidet\u00e4\u00e4n Tampereella 12.\u201313.4.2024.&nbsp;<\/p>\n\n\n\n<p>Lis\u00e4tietoja: Veera Ehrl\u00e9n, Mevi ry:n varapuheenjohtaja, veera.ehrlen(at)jyu.fi<\/p>\n","protected":false},"excerpt":{"rendered":"<p>Mevi ry my\u00f6nt\u00e4\u00e4 1\u20133 kappaletta 300 euron arvoisia tutkielmastipendej\u00e4 ansiokkaiden maisterintutkielmien ja ylempien ammattikorkeakoulututkielmien tekij\u00f6ille. Stipendi on suunnattu Mevi ry:n yhteis\u00f6j\u00e4senten opiskelijoille.&nbsp; Stipendill\u00e4 yhdistys haluaa rohkaista tekem\u00e4\u00e4n median&hellip;<\/p>\n","protected":false},"author":3,"featured_media":5019,"comment_status":"open","ping_status":"closed","sticky":false,"template":"","format":"standard","meta":{"_monsterinsights_skip_tracking":false,"_monsterinsights_sitenote_active":false,"_monsterinsights_sitenote_note":"","_monsterinsights_sitenote_category":0,"footnotes":""},"categories":[1],"tags":[],"class_list":["post-5018","post","type-post","status-publish","format-standard","has-post-thumbnail","hentry","category-yleinen"],"yoast_head":"<!-- This site is optimized with the Yoast SEO plugin v27.5 - https:\/\/yoast.com\/product\/yoast-seo-wordpress\/ -->\n<title>Mevi ry my\u00f6nt\u00e4\u00e4 stipendej\u00e4 ansiokkaille opinn\u00e4ytteille &#8211; Mevi<\/title>\n<meta name=\"robots\" content=\"index, follow, max-snippet:-1, max-image-preview:large, max-video-preview:-1\" \/>\n<link rel=\"canonical\" href=\"https:\/\/mediaviestinta.fi\/mevi2020\/2024\/01\/mevi-ry-myontaa-stipendeja-ansiokkaille-opinnaytteille\/\" \/>\n<meta property=\"og:locale\" content=\"fi_FI\" \/>\n<meta property=\"og:type\" content=\"article\" \/>\n<meta property=\"og:title\" content=\"Mevi ry my\u00f6nt\u00e4\u00e4 stipendej\u00e4 ansiokkaille opinn\u00e4ytteille &#8211; Mevi\" \/>\n<meta property=\"og:description\" content=\"Mevi ry my\u00f6nt\u00e4\u00e4 1\u20133 kappaletta 300 euron arvoisia tutkielmastipendej\u00e4 ansiokkaiden maisterintutkielmien ja ylempien ammattikorkeakoulututkielmien tekij\u00f6ille. Stipendi on suunnattu Mevi ry:n yhteis\u00f6j\u00e4senten opiskelijoille.&nbsp; Stipendill\u00e4 yhdistys haluaa rohkaista tekem\u00e4\u00e4n median&hellip;\" \/>\n<meta property=\"og:url\" content=\"https:\/\/mediaviestinta.fi\/mevi2020\/2024\/01\/mevi-ry-myontaa-stipendeja-ansiokkaille-opinnaytteille\/\" \/>\n<meta property=\"og:site_name\" content=\"Mevi\" \/>\n<meta property=\"article:publisher\" content=\"https:\/\/www.facebook.com\/MediaViestinta\/\" \/>\n<meta property=\"article:published_time\" content=\"2024-01-25T08:53:12+00:00\" \/>\n<meta property=\"article:modified_time\" content=\"2024-01-25T08:53:13+00:00\" \/>\n<meta property=\"og:image\" content=\"https:\/\/mediaviestinta.fi\/mevi2020\/wp-content\/uploads\/2024\/01\/ai-generated-8248622_1280.jpg\" \/>\n\t<meta property=\"og:image:width\" content=\"1280\" \/>\n\t<meta property=\"og:image:height\" content=\"960\" \/>\n\t<meta property=\"og:image:type\" content=\"image\/jpeg\" \/>\n<meta name=\"author\" content=\"Mevi\" \/>\n<meta name=\"twitter:card\" content=\"summary_large_image\" \/>\n<meta name=\"twitter:creator\" content=\"@mediaviestinta\" \/>\n<meta name=\"twitter:site\" content=\"@mediaviestinta\" \/>\n<meta name=\"twitter:label1\" content=\"Kirjoittanut\" \/>\n\t<meta name=\"twitter:data1\" content=\"Mevi\" \/>\n\t<meta name=\"twitter:label2\" content=\"Arvioitu lukuaika\" \/>\n\t<meta name=\"twitter:data2\" content=\"2 minuuttia\" \/>\n<script type=\"application\/ld+json\" class=\"yoast-schema-graph\">{\"@context\":\"https:\\\/\\\/schema.org\",\"@graph\":[{\"@type\":\"Article\",\"@id\":\"https:\\\/\\\/mediaviestinta.fi\\\/mevi2020\\\/2024\\\/01\\\/mevi-ry-myontaa-stipendeja-ansiokkaille-opinnaytteille\\\/#article\",\"isPartOf\":{\"@id\":\"https:\\\/\\\/mediaviestinta.fi\\\/mevi2020\\\/2024\\\/01\\\/mevi-ry-myontaa-stipendeja-ansiokkaille-opinnaytteille\\\/\"},\"author\":{\"name\":\"Mevi\",\"@id\":\"https:\\\/\\\/mediaviestinta.fi\\\/#\\\/schema\\\/person\\\/b2da34ab24cfcd17dbdd6c7cfb173257\"},\"headline\":\"Mevi ry my\u00f6nt\u00e4\u00e4 stipendej\u00e4 ansiokkaille opinn\u00e4ytteille\",\"datePublished\":\"2024-01-25T08:53:12+00:00\",\"dateModified\":\"2024-01-25T08:53:13+00:00\",\"mainEntityOfPage\":{\"@id\":\"https:\\\/\\\/mediaviestinta.fi\\\/mevi2020\\\/2024\\\/01\\\/mevi-ry-myontaa-stipendeja-ansiokkaille-opinnaytteille\\\/\"},\"wordCount\":285,\"commentCount\":0,\"publisher\":{\"@id\":\"https:\\\/\\\/mediaviestinta.fi\\\/#organization\"},\"image\":{\"@id\":\"https:\\\/\\\/mediaviestinta.fi\\\/mevi2020\\\/2024\\\/01\\\/mevi-ry-myontaa-stipendeja-ansiokkaille-opinnaytteille\\\/#primaryimage\"},\"thumbnailUrl\":\"https:\\\/\\\/mediaviestinta.fi\\\/mevi2020\\\/wp-content\\\/uploads\\\/2024\\\/01\\\/ai-generated-8248622_1280.jpg\",\"inLanguage\":\"fi\",\"potentialAction\":[{\"@type\":\"CommentAction\",\"name\":\"Comment\",\"target\":[\"https:\\\/\\\/mediaviestinta.fi\\\/mevi2020\\\/2024\\\/01\\\/mevi-ry-myontaa-stipendeja-ansiokkaille-opinnaytteille\\\/#respond\"]}]},{\"@type\":\"WebPage\",\"@id\":\"https:\\\/\\\/mediaviestinta.fi\\\/mevi2020\\\/2024\\\/01\\\/mevi-ry-myontaa-stipendeja-ansiokkaille-opinnaytteille\\\/\",\"url\":\"https:\\\/\\\/mediaviestinta.fi\\\/mevi2020\\\/2024\\\/01\\\/mevi-ry-myontaa-stipendeja-ansiokkaille-opinnaytteille\\\/\",\"name\":\"Mevi ry my\u00f6nt\u00e4\u00e4 stipendej\u00e4 ansiokkaille opinn\u00e4ytteille &#8211; Mevi\",\"isPartOf\":{\"@id\":\"https:\\\/\\\/mediaviestinta.fi\\\/#website\"},\"primaryImageOfPage\":{\"@id\":\"https:\\\/\\\/mediaviestinta.fi\\\/mevi2020\\\/2024\\\/01\\\/mevi-ry-myontaa-stipendeja-ansiokkaille-opinnaytteille\\\/#primaryimage\"},\"image\":{\"@id\":\"https:\\\/\\\/mediaviestinta.fi\\\/mevi2020\\\/2024\\\/01\\\/mevi-ry-myontaa-stipendeja-ansiokkaille-opinnaytteille\\\/#primaryimage\"},\"thumbnailUrl\":\"https:\\\/\\\/mediaviestinta.fi\\\/mevi2020\\\/wp-content\\\/uploads\\\/2024\\\/01\\\/ai-generated-8248622_1280.jpg\",\"datePublished\":\"2024-01-25T08:53:12+00:00\",\"dateModified\":\"2024-01-25T08:53:13+00:00\",\"breadcrumb\":{\"@id\":\"https:\\\/\\\/mediaviestinta.fi\\\/mevi2020\\\/2024\\\/01\\\/mevi-ry-myontaa-stipendeja-ansiokkaille-opinnaytteille\\\/#breadcrumb\"},\"inLanguage\":\"fi\",\"potentialAction\":[{\"@type\":\"ReadAction\",\"target\":[\"https:\\\/\\\/mediaviestinta.fi\\\/mevi2020\\\/2024\\\/01\\\/mevi-ry-myontaa-stipendeja-ansiokkaille-opinnaytteille\\\/\"]}]},{\"@type\":\"ImageObject\",\"inLanguage\":\"fi\",\"@id\":\"https:\\\/\\\/mediaviestinta.fi\\\/mevi2020\\\/2024\\\/01\\\/mevi-ry-myontaa-stipendeja-ansiokkaille-opinnaytteille\\\/#primaryimage\",\"url\":\"https:\\\/\\\/mediaviestinta.fi\\\/mevi2020\\\/wp-content\\\/uploads\\\/2024\\\/01\\\/ai-generated-8248622_1280.jpg\",\"contentUrl\":\"https:\\\/\\\/mediaviestinta.fi\\\/mevi2020\\\/wp-content\\\/uploads\\\/2024\\\/01\\\/ai-generated-8248622_1280.jpg\",\"width\":1280,\"height\":960,\"caption\":\"Kuvituskuva pokaalista.\"},{\"@type\":\"BreadcrumbList\",\"@id\":\"https:\\\/\\\/mediaviestinta.fi\\\/mevi2020\\\/2024\\\/01\\\/mevi-ry-myontaa-stipendeja-ansiokkaille-opinnaytteille\\\/#breadcrumb\",\"itemListElement\":[{\"@type\":\"ListItem\",\"position\":1,\"name\":\"Home\",\"item\":\"https:\\\/\\\/mediaviestinta.fi\\\/\"},{\"@type\":\"ListItem\",\"position\":2,\"name\":\"Mevi ry my\u00f6nt\u00e4\u00e4 stipendej\u00e4 ansiokkaille opinn\u00e4ytteille\"}]},{\"@type\":\"WebSite\",\"@id\":\"https:\\\/\\\/mediaviestinta.fi\\\/#website\",\"url\":\"https:\\\/\\\/mediaviestinta.fi\\\/\",\"name\":\"Mevi\",\"description\":\"Media- ja viestint\u00e4tieteellinen seura Mevi\",\"publisher\":{\"@id\":\"https:\\\/\\\/mediaviestinta.fi\\\/#organization\"},\"potentialAction\":[{\"@type\":\"SearchAction\",\"target\":{\"@type\":\"EntryPoint\",\"urlTemplate\":\"https:\\\/\\\/mediaviestinta.fi\\\/?s={search_term_string}\"},\"query-input\":{\"@type\":\"PropertyValueSpecification\",\"valueRequired\":true,\"valueName\":\"search_term_string\"}}],\"inLanguage\":\"fi\"},{\"@type\":\"Organization\",\"@id\":\"https:\\\/\\\/mediaviestinta.fi\\\/#organization\",\"name\":\"Media- ja viestint\u00e4tieteellinen seura Mevi\",\"url\":\"https:\\\/\\\/mediaviestinta.fi\\\/\",\"logo\":{\"@type\":\"ImageObject\",\"inLanguage\":\"fi\",\"@id\":\"https:\\\/\\\/mediaviestinta.fi\\\/#\\\/schema\\\/logo\\\/image\\\/\",\"url\":\"https:\\\/\\\/mediaviestinta.fi\\\/mevi2020\\\/wp-content\\\/uploads\\\/2020\\\/03\\\/mevi-logo-RGB-Transparent.png\",\"contentUrl\":\"https:\\\/\\\/mediaviestinta.fi\\\/mevi2020\\\/wp-content\\\/uploads\\\/2020\\\/03\\\/mevi-logo-RGB-Transparent.png\",\"width\":910,\"height\":464,\"caption\":\"Media- ja viestint\u00e4tieteellinen seura Mevi\"},\"image\":{\"@id\":\"https:\\\/\\\/mediaviestinta.fi\\\/#\\\/schema\\\/logo\\\/image\\\/\"},\"sameAs\":[\"https:\\\/\\\/www.facebook.com\\\/MediaViestinta\\\/\",\"https:\\\/\\\/x.com\\\/mediaviestinta\"]},{\"@type\":\"Person\",\"@id\":\"https:\\\/\\\/mediaviestinta.fi\\\/#\\\/schema\\\/person\\\/b2da34ab24cfcd17dbdd6c7cfb173257\",\"name\":\"Mevi\",\"image\":{\"@type\":\"ImageObject\",\"inLanguage\":\"fi\",\"@id\":\"https:\\\/\\\/secure.gravatar.com\\\/avatar\\\/3305b76d1667dc119a18808ed03d6a1fc2dfa8b6a1cddecb8c4d27ef14ec32ca?s=96&d=mm&r=g\",\"url\":\"https:\\\/\\\/secure.gravatar.com\\\/avatar\\\/3305b76d1667dc119a18808ed03d6a1fc2dfa8b6a1cddecb8c4d27ef14ec32ca?s=96&d=mm&r=g\",\"contentUrl\":\"https:\\\/\\\/secure.gravatar.com\\\/avatar\\\/3305b76d1667dc119a18808ed03d6a1fc2dfa8b6a1cddecb8c4d27ef14ec32ca?s=96&d=mm&r=g\",\"caption\":\"Mevi\"},\"url\":\"https:\\\/\\\/mediaviestinta.fi\\\/mevi2020\\\/author\\\/mediavie\\\/\"}]}<\/script>\n<!-- \/ Yoast SEO plugin. -->","yoast_head_json":{"title":"Mevi ry my\u00f6nt\u00e4\u00e4 stipendej\u00e4 ansiokkaille opinn\u00e4ytteille &#8211; Mevi","robots":{"index":"index","follow":"follow","max-snippet":"max-snippet:-1","max-image-preview":"max-image-preview:large","max-video-preview":"max-video-preview:-1"},"canonical":"https:\/\/mediaviestinta.fi\/mevi2020\/2024\/01\/mevi-ry-myontaa-stipendeja-ansiokkaille-opinnaytteille\/","og_locale":"fi_FI","og_type":"article","og_title":"Mevi ry my\u00f6nt\u00e4\u00e4 stipendej\u00e4 ansiokkaille opinn\u00e4ytteille &#8211; Mevi","og_description":"Mevi ry my\u00f6nt\u00e4\u00e4 1\u20133 kappaletta 300 euron arvoisia tutkielmastipendej\u00e4 ansiokkaiden maisterintutkielmien ja ylempien ammattikorkeakoulututkielmien tekij\u00f6ille. Stipendi on suunnattu Mevi ry:n yhteis\u00f6j\u00e4senten opiskelijoille.&nbsp; Stipendill\u00e4 yhdistys haluaa rohkaista tekem\u00e4\u00e4n median&hellip;","og_url":"https:\/\/mediaviestinta.fi\/mevi2020\/2024\/01\/mevi-ry-myontaa-stipendeja-ansiokkaille-opinnaytteille\/","og_site_name":"Mevi","article_publisher":"https:\/\/www.facebook.com\/MediaViestinta\/","article_published_time":"2024-01-25T08:53:12+00:00","article_modified_time":"2024-01-25T08:53:13+00:00","og_image":[{"width":1280,"height":960,"url":"https:\/\/mediaviestinta.fi\/mevi2020\/wp-content\/uploads\/2024\/01\/ai-generated-8248622_1280.jpg","type":"image\/jpeg"}],"author":"Mevi","twitter_card":"summary_large_image","twitter_creator":"@mediaviestinta","twitter_site":"@mediaviestinta","twitter_misc":{"Kirjoittanut":"Mevi","Arvioitu lukuaika":"2 minuuttia"},"schema":{"@context":"https:\/\/schema.org","@graph":[{"@type":"Article","@id":"https:\/\/mediaviestinta.fi\/mevi2020\/2024\/01\/mevi-ry-myontaa-stipendeja-ansiokkaille-opinnaytteille\/#article","isPartOf":{"@id":"https:\/\/mediaviestinta.fi\/mevi2020\/2024\/01\/mevi-ry-myontaa-stipendeja-ansiokkaille-opinnaytteille\/"},"author":{"name":"Mevi","@id":"https:\/\/mediaviestinta.fi\/#\/schema\/person\/b2da34ab24cfcd17dbdd6c7cfb173257"},"headline":"Mevi ry my\u00f6nt\u00e4\u00e4 stipendej\u00e4 ansiokkaille opinn\u00e4ytteille","datePublished":"2024-01-25T08:53:12+00:00","dateModified":"2024-01-25T08:53:13+00:00","mainEntityOfPage":{"@id":"https:\/\/mediaviestinta.fi\/mevi2020\/2024\/01\/mevi-ry-myontaa-stipendeja-ansiokkaille-opinnaytteille\/"},"wordCount":285,"commentCount":0,"publisher":{"@id":"https:\/\/mediaviestinta.fi\/#organization"},"image":{"@id":"https:\/\/mediaviestinta.fi\/mevi2020\/2024\/01\/mevi-ry-myontaa-stipendeja-ansiokkaille-opinnaytteille\/#primaryimage"},"thumbnailUrl":"https:\/\/mediaviestinta.fi\/mevi2020\/wp-content\/uploads\/2024\/01\/ai-generated-8248622_1280.jpg","inLanguage":"fi","potentialAction":[{"@type":"CommentAction","name":"Comment","target":["https:\/\/mediaviestinta.fi\/mevi2020\/2024\/01\/mevi-ry-myontaa-stipendeja-ansiokkaille-opinnaytteille\/#respond"]}]},{"@type":"WebPage","@id":"https:\/\/mediaviestinta.fi\/mevi2020\/2024\/01\/mevi-ry-myontaa-stipendeja-ansiokkaille-opinnaytteille\/","url":"https:\/\/mediaviestinta.fi\/mevi2020\/2024\/01\/mevi-ry-myontaa-stipendeja-ansiokkaille-opinnaytteille\/","name":"Mevi ry my\u00f6nt\u00e4\u00e4 stipendej\u00e4 ansiokkaille opinn\u00e4ytteille &#8211; Mevi","isPartOf":{"@id":"https:\/\/mediaviestinta.fi\/#website"},"primaryImageOfPage":{"@id":"https:\/\/mediaviestinta.fi\/mevi2020\/2024\/01\/mevi-ry-myontaa-stipendeja-ansiokkaille-opinnaytteille\/#primaryimage"},"image":{"@id":"https:\/\/mediaviestinta.fi\/mevi2020\/2024\/01\/mevi-ry-myontaa-stipendeja-ansiokkaille-opinnaytteille\/#primaryimage"},"thumbnailUrl":"https:\/\/mediaviestinta.fi\/mevi2020\/wp-content\/uploads\/2024\/01\/ai-generated-8248622_1280.jpg","datePublished":"2024-01-25T08:53:12+00:00","dateModified":"2024-01-25T08:53:13+00:00","breadcrumb":{"@id":"https:\/\/mediaviestinta.fi\/mevi2020\/2024\/01\/mevi-ry-myontaa-stipendeja-ansiokkaille-opinnaytteille\/#breadcrumb"},"inLanguage":"fi","potentialAction":[{"@type":"ReadAction","target":["https:\/\/mediaviestinta.fi\/mevi2020\/2024\/01\/mevi-ry-myontaa-stipendeja-ansiokkaille-opinnaytteille\/"]}]},{"@type":"ImageObject","inLanguage":"fi","@id":"https:\/\/mediaviestinta.fi\/mevi2020\/2024\/01\/mevi-ry-myontaa-stipendeja-ansiokkaille-opinnaytteille\/#primaryimage","url":"https:\/\/mediaviestinta.fi\/mevi2020\/wp-content\/uploads\/2024\/01\/ai-generated-8248622_1280.jpg","contentUrl":"https:\/\/mediaviestinta.fi\/mevi2020\/wp-content\/uploads\/2024\/01\/ai-generated-8248622_1280.jpg","width":1280,"height":960,"caption":"Kuvituskuva pokaalista."},{"@type":"BreadcrumbList","@id":"https:\/\/mediaviestinta.fi\/mevi2020\/2024\/01\/mevi-ry-myontaa-stipendeja-ansiokkaille-opinnaytteille\/#breadcrumb","itemListElement":[{"@type":"ListItem","position":1,"name":"Home","item":"https:\/\/mediaviestinta.fi\/"},{"@type":"ListItem","position":2,"name":"Mevi ry my\u00f6nt\u00e4\u00e4 stipendej\u00e4 ansiokkaille opinn\u00e4ytteille"}]},{"@type":"WebSite","@id":"https:\/\/mediaviestinta.fi\/#website","url":"https:\/\/mediaviestinta.fi\/","name":"Mevi","description":"Media- ja viestint\u00e4tieteellinen seura Mevi","publisher":{"@id":"https:\/\/mediaviestinta.fi\/#organization"},"potentialAction":[{"@type":"SearchAction","target":{"@type":"EntryPoint","urlTemplate":"https:\/\/mediaviestinta.fi\/?s={search_term_string}"},"query-input":{"@type":"PropertyValueSpecification","valueRequired":true,"valueName":"search_term_string"}}],"inLanguage":"fi"},{"@type":"Organization","@id":"https:\/\/mediaviestinta.fi\/#organization","name":"Media- ja viestint\u00e4tieteellinen seura Mevi","url":"https:\/\/mediaviestinta.fi\/","logo":{"@type":"ImageObject","inLanguage":"fi","@id":"https:\/\/mediaviestinta.fi\/#\/schema\/logo\/image\/","url":"https:\/\/mediaviestinta.fi\/mevi2020\/wp-content\/uploads\/2020\/03\/mevi-logo-RGB-Transparent.png","contentUrl":"https:\/\/mediaviestinta.fi\/mevi2020\/wp-content\/uploads\/2020\/03\/mevi-logo-RGB-Transparent.png","width":910,"height":464,"caption":"Media- ja viestint\u00e4tieteellinen seura Mevi"},"image":{"@id":"https:\/\/mediaviestinta.fi\/#\/schema\/logo\/image\/"},"sameAs":["https:\/\/www.facebook.com\/MediaViestinta\/","https:\/\/x.com\/mediaviestinta"]},{"@type":"Person","@id":"https:\/\/mediaviestinta.fi\/#\/schema\/person\/b2da34ab24cfcd17dbdd6c7cfb173257","name":"Mevi","image":{"@type":"ImageObject","inLanguage":"fi","@id":"https:\/\/secure.gravatar.com\/avatar\/3305b76d1667dc119a18808ed03d6a1fc2dfa8b6a1cddecb8c4d27ef14ec32ca?s=96&d=mm&r=g","url":"https:\/\/secure.gravatar.com\/avatar\/3305b76d1667dc119a18808ed03d6a1fc2dfa8b6a1cddecb8c4d27ef14ec32ca?s=96&d=mm&r=g","contentUrl":"https:\/\/secure.gravatar.com\/avatar\/3305b76d1667dc119a18808ed03d6a1fc2dfa8b6a1cddecb8c4d27ef14ec32ca?s=96&d=mm&r=g","caption":"Mevi"},"url":"https:\/\/mediaviestinta.fi\/mevi2020\/author\/mediavie\/"}]}},"_links":{"self":[{"href":"https:\/\/mediaviestinta.fi\/mevi2020\/wp-json\/wp\/v2\/posts\/5018","targetHints":{"allow":["GET"]}}],"collection":[{"href":"https:\/\/mediaviestinta.fi\/mevi2020\/wp-json\/wp\/v2\/posts"}],"about":[{"href":"https:\/\/mediaviestinta.fi\/mevi2020\/wp-json\/wp\/v2\/types\/post"}],"author":[{"embeddable":true,"href":"https:\/\/mediaviestinta.fi\/mevi2020\/wp-json\/wp\/v2\/users\/3"}],"replies":[{"embeddable":true,"href":"https:\/\/mediaviestinta.fi\/mevi2020\/wp-json\/wp\/v2\/comments?post=5018"}],"version-history":[{"count":1,"href":"https:\/\/mediaviestinta.fi\/mevi2020\/wp-json\/wp\/v2\/posts\/5018\/revisions"}],"predecessor-version":[{"id":5020,"href":"https:\/\/mediaviestinta.fi\/mevi2020\/wp-json\/wp\/v2\/posts\/5018\/revisions\/5020"}],"wp:featuredmedia":[{"embeddable":true,"href":"https:\/\/mediaviestinta.fi\/mevi2020\/wp-json\/wp\/v2\/media\/5019"}],"wp:attachment":[{"href":"https:\/\/mediaviestinta.fi\/mevi2020\/wp-json\/wp\/v2\/media?parent=5018"}],"wp:term":[{"taxonomy":"category","embeddable":true,"href":"https:\/\/mediaviestinta.fi\/mevi2020\/wp-json\/wp\/v2\/categories?post=5018"},{"taxonomy":"post_tag","embeddable":true,"href":"https:\/\/mediaviestinta.fi\/mevi2020\/wp-json\/wp\/v2\/tags?post=5018"}],"curies":[{"name":"wp","href":"https:\/\/api.w.org\/{rel}","templated":true}]}}