{"id":5027,"date":"2024-02-21T12:18:14","date_gmt":"2024-02-21T10:18:14","guid":{"rendered":"https:\/\/mediaviestinta.fi\/?p=5027"},"modified":"2024-02-21T12:18:15","modified_gmt":"2024-02-21T10:18:15","slug":"uutismedian-ja-asiantuntijoiden-korona-ajan-yhteistyo-kulki-konsensuksesta-kiistoihin","status":"publish","type":"post","link":"https:\/\/mediaviestinta.fi\/mevi2020\/2024\/02\/uutismedian-ja-asiantuntijoiden-korona-ajan-yhteistyo-kulki-konsensuksesta-kiistoihin\/","title":{"rendered":"Uutismedian ja asiantuntijoiden korona-ajan yhteisty\u00f6 kulki konsensuksesta kiistoihin"},"content":{"rendered":"\n<p><strong>Kun koronapandemia k\u00e4ynnistyi alkuvuodesta 2020, sek\u00e4 toimittajat ett\u00e4 heid\u00e4n haastattelemansa asiantuntijat pyrkiv\u00e4t yksimieliseen ja yksi\u00e4\u00e4niseen viestint\u00e4\u00e4n: kansalaisille haluttiin v\u00e4litt\u00e4\u00e4 selke\u00e4, ehe\u00e4 viesti. Pandemian edetess\u00e4 erimielisyydet kuitenkin nostivat p\u00e4\u00e4t\u00e4\u00e4n, ja uutismedia alkoi palata kriittiselle, alkuvaihetta moni\u00e4\u00e4nisemm\u00e4lle linjalle. Elina Uutela ja Esa V\u00e4liverronen haastattelivat toimittajia ja heid\u00e4n kanssaan tekemisiss\u00e4 olleita asiantuntijoita. Tutkimuksen tuloksia esittelev\u00e4 artikkeli <a href=\"https:\/\/doi.org\/10.23983\/mv.125728\">Konsensuksesta kiistoihin: Asiantuntijoiden ja uutismedian yhteisty\u00f6 koronapandemiassa 2020\u20132021<\/a> on julkaistu\u00a0<em>Media &amp; viestint\u00e4<\/em>\u00a0-lehdess\u00e4 <a href=\"https:\/\/journal.fi\/mediaviestinta\/issue\/view\/10813\">4\/2023<\/a>.<\/strong><\/p>\n\n\n\n<p><strong>Mihin laajempaan ilmi\u00f6\u00f6n ja keskusteluun artikkelinne liittyy?<\/strong><\/p>\n\n\n\n<p>Kun journalismista on tullut faktakeskeisemp\u00e4\u00e4, asiantuntijoiden ja uutismedian yhteisty\u00f6 on vahvistunut jo vuosikymmeni\u00e4. Perinteisesti toimittajien ja asiantuntijoiden v\u00e4lit ovat mutkattomat, vaikka niiss\u00e4 on tiettyj\u00e4 yhteiskunnallisten teht\u00e4vien tuomia j\u00e4nnitteit\u00e4: siin\u00e4 miss\u00e4 tieteelliset asiantuntijat keskittyv\u00e4t tarkkaan ja yksityiskohtaiseen tiedonv\u00e4litykseen, journalistit keskittyv\u00e4t yleis\u00f6jen palvelemiseen ja mielenkiinnon her\u00e4tt\u00e4miseen.<\/p>\n\n\n\n<p>Koronakriisin puhjetessa kev\u00e4\u00e4ll\u00e4 2020 Suomessa alkoi monin tavoin poikkeuksellinen aika. Median, kansalaisten ja viranomaisten huomio oli pitk\u00e4\u00e4n kiinnittynyt yhteen ongelmaan: koronaan. Julkisuudessa suureen rooliin nousivat asiantuntijat, jotka tulkitsivat ja tieteellist\u00e4 tietoa ja tehtyj\u00e4 p\u00e4\u00e4t\u00f6ksi\u00e4 kansalaisille. \u00c4\u00e4neen p\u00e4\u00e4siv\u00e4t niin virologit ja epidemiologit kuin oikeudelliset asiantuntijat ja ekonomistit \u2013 sek\u00e4 tietysti monet, joiden asiantuntemus koronapandemian suhteen j\u00e4i tyng\u00e4ksi. Haastattelimme tutkimuksessamme 18 asiantuntijaa, viranomaista ja toimittajaa saadaksemme k\u00e4sityksen siit\u00e4, miten heid\u00e4n yhteisty\u00f6ns\u00e4 korona-aikana Suomessa toimi.<\/p>\n\n\n\n<p><strong>Mit\u00e4 tutkimuksenne kertoo aiheesta?<\/strong><\/p>\n\n\n\n<p>Uutismedian ja asiantuntijoiden tiivis yhteisty\u00f6 jakautui kahteen vaiheeseen: kriisimoodiin ja julkisiin kiistoihin. Kriisimoodissa maalis-huhtikuussa 2020 uutismedia ja asiantuntijat asemoituivat viestinn\u00e4llisesti viranomaisten puolelle, ja kummatkaan eiv\u00e4t toteuttaneet yhteiskunnallista teht\u00e4v\u00e4\u00e4ns\u00e4 t\u00e4ysim\u00e4\u00e4r\u00e4isesti. Asiantuntijat valikoivat tarkkaan, etteiv\u00e4t kritisoineet julkisuudessa tehtyj\u00e4 linjauksia, ja toimittajat j\u00e4ttiv\u00e4t monia kriittisi\u00e4 kysymyksi\u00e4 kysym\u00e4tt\u00e4. Julkiset kiistat alkoivat, kun toimittajat toivat julkisuuteen asiantuntijoiden erilaisia n\u00e4kemyksi\u00e4. Pinnalle noussut asiantuntijaerimielisyys oli osin aitoa, osin uutismedian rakentamaa ja k\u00e4rjist\u00e4m\u00e4\u00e4: artikkeleista saatiin kiinnostavampia, kun niiss\u00e4 esiteltiin kesken\u00e4\u00e4n (n\u00e4enn\u00e4isesti) vastakkaisia n\u00e4k\u00f6kulmia.<\/p>\n\n\n\n<p><strong>Mit\u00e4 haluatte artikkelillanne sanoa?<\/strong><\/p>\n\n\n\n<p>Uutismedian ja asiantuntijoiden j\u00e4nnitteet voivat aiheuttaa ongelmia. Uutismedian pyrkimys nopeuteen johti asiantuntijoiden mielest\u00e4 toisinaan puutteelliseen taustoitukseen ja aina asiantuntijat eiv\u00e4t tunnistaneet itse\u00e4\u00e4n roolista, joka heille oli uutisnarratiiveissa varattu. Toisaalta j\u00e4nnitteet ovat kansalaisten tiedonsaannin n\u00e4k\u00f6kulmasta my\u00f6s hy\u00f6dyllisi\u00e4, sill\u00e4 tiiviiss\u00e4 yhteisty\u00f6ss\u00e4 ne auttavat sek\u00e4 toimittajia ett\u00e4 asiantuntijoita kehittym\u00e4\u00e4n. Uutismedia pyrkii ihmisten huomion kiinnitt\u00e4miseen ja ymm\u00e4rrett\u00e4v\u00e4\u00e4n tiedonv\u00e4litykseen, kun taas asiantuntijat keskittyv\u00e4t tarkkaan faktojen muotoiluun ja useimmiten kiistojen v\u00e4lttelyyn. N\u00e4in toimijat tasapainottavat toisiaan.<\/p>\n\n\n\n<p><strong>Kenen kannattaa lukea artikkelinne?<\/strong><\/p>\n\n\n\n<p>Suosittelemme artikkelin lukemista jokaiselle journalismista, tiedeviestinn\u00e4st\u00e4 ja julkisista asiantuntijoista kiinnostuneille, sek\u00e4 viranomaisten kriisiviestint\u00e4\u00e4 suunnitteleville.<\/p>\n\n\n\n<p><strong>Mik\u00e4 sai teid\u00e4t tarttumaan t\u00e4h\u00e4n aiheeseen?<\/strong><\/p>\n\n\n\n<p>Artikkelimme on osa Helsingin Sanomain S\u00e4\u00e4ti\u00f6n rahoittamaa <a href=\"https:\/\/www.hssaatio.fi\/loppuraportti-esa-valiverronen\/\">Koronakriisin julkinen dynamiikka<\/a> -tutkimushanketta. Koronapandemia tuskin j\u00e4\u00e4 viimeiseksi n\u00e4kem\u00e4ksemme pandemiaksi. Siksi yhteiskunnan eri instituutioiden \u2013 niin uutismedian, viranomaisten kuin eri alojen asiantuntijoiden \u2013 on oltava perill\u00e4 omasta roolistaan ja vastuistaan kriisitilanteissa.<\/p>\n","protected":false},"excerpt":{"rendered":"<p>Kun koronapandemia k\u00e4ynnistyi alkuvuodesta 2020, sek\u00e4 toimittajat ett\u00e4 heid\u00e4n haastattelemansa asiantuntijat pyrkiv\u00e4t yksimieliseen ja yksi\u00e4\u00e4niseen viestint\u00e4\u00e4n: kansalaisille haluttiin v\u00e4litt\u00e4\u00e4 selke\u00e4, ehe\u00e4 viesti. Pandemian edetess\u00e4 erimielisyydet kuitenkin nostivat p\u00e4\u00e4t\u00e4\u00e4n,&hellip;<\/p>\n","protected":false},"author":3,"featured_media":5031,"comment_status":"open","ping_status":"closed","sticky":false,"template":"","format":"standard","meta":{"_monsterinsights_skip_tracking":false,"_monsterinsights_sitenote_active":false,"_monsterinsights_sitenote_note":"","_monsterinsights_sitenote_category":0,"footnotes":""},"categories":[1],"tags":[],"class_list":["post-5027","post","type-post","status-publish","format-standard","has-post-thumbnail","hentry","category-yleinen"],"yoast_head":"<!-- This site is optimized with the Yoast SEO plugin v27.5 - https:\/\/yoast.com\/product\/yoast-seo-wordpress\/ -->\n<title>Uutismedian ja asiantuntijoiden korona-ajan yhteisty\u00f6 kulki konsensuksesta kiistoihin &#8211; Mevi<\/title>\n<meta name=\"robots\" content=\"index, follow, max-snippet:-1, max-image-preview:large, max-video-preview:-1\" \/>\n<link rel=\"canonical\" href=\"https:\/\/mediaviestinta.fi\/mevi2020\/2024\/02\/uutismedian-ja-asiantuntijoiden-korona-ajan-yhteistyo-kulki-konsensuksesta-kiistoihin\/\" \/>\n<meta property=\"og:locale\" content=\"fi_FI\" \/>\n<meta property=\"og:type\" content=\"article\" \/>\n<meta property=\"og:title\" content=\"Uutismedian ja asiantuntijoiden korona-ajan yhteisty\u00f6 kulki konsensuksesta kiistoihin &#8211; Mevi\" \/>\n<meta property=\"og:description\" content=\"Kun koronapandemia k\u00e4ynnistyi alkuvuodesta 2020, sek\u00e4 toimittajat ett\u00e4 heid\u00e4n haastattelemansa asiantuntijat pyrkiv\u00e4t yksimieliseen ja yksi\u00e4\u00e4niseen viestint\u00e4\u00e4n: kansalaisille haluttiin v\u00e4litt\u00e4\u00e4 selke\u00e4, ehe\u00e4 viesti. Pandemian edetess\u00e4 erimielisyydet kuitenkin nostivat p\u00e4\u00e4t\u00e4\u00e4n,&hellip;\" \/>\n<meta property=\"og:url\" content=\"https:\/\/mediaviestinta.fi\/mevi2020\/2024\/02\/uutismedian-ja-asiantuntijoiden-korona-ajan-yhteistyo-kulki-konsensuksesta-kiistoihin\/\" \/>\n<meta property=\"og:site_name\" content=\"Mevi\" \/>\n<meta property=\"article:publisher\" content=\"https:\/\/www.facebook.com\/MediaViestinta\/\" \/>\n<meta property=\"article:published_time\" content=\"2024-02-21T10:18:14+00:00\" \/>\n<meta property=\"article:modified_time\" content=\"2024-02-21T10:18:15+00:00\" \/>\n<meta property=\"og:image\" content=\"https:\/\/mediaviestinta.fi\/mevi2020\/wp-content\/uploads\/2024\/02\/ai-generated-8334296_1280.jpg\" \/>\n\t<meta property=\"og:image:width\" content=\"1280\" \/>\n\t<meta property=\"og:image:height\" content=\"723\" \/>\n\t<meta property=\"og:image:type\" content=\"image\/jpeg\" \/>\n<meta name=\"author\" content=\"Mevi\" \/>\n<meta name=\"twitter:card\" content=\"summary_large_image\" \/>\n<meta name=\"twitter:creator\" content=\"@mediaviestinta\" \/>\n<meta name=\"twitter:site\" content=\"@mediaviestinta\" \/>\n<meta name=\"twitter:label1\" content=\"Kirjoittanut\" \/>\n\t<meta name=\"twitter:data1\" content=\"Mevi\" \/>\n\t<meta name=\"twitter:label2\" content=\"Arvioitu lukuaika\" \/>\n\t<meta name=\"twitter:data2\" content=\"1 minuutti\" \/>\n<script type=\"application\/ld+json\" class=\"yoast-schema-graph\">{\"@context\":\"https:\\\/\\\/schema.org\",\"@graph\":[{\"@type\":\"Article\",\"@id\":\"https:\\\/\\\/mediaviestinta.fi\\\/mevi2020\\\/2024\\\/02\\\/uutismedian-ja-asiantuntijoiden-korona-ajan-yhteistyo-kulki-konsensuksesta-kiistoihin\\\/#article\",\"isPartOf\":{\"@id\":\"https:\\\/\\\/mediaviestinta.fi\\\/mevi2020\\\/2024\\\/02\\\/uutismedian-ja-asiantuntijoiden-korona-ajan-yhteistyo-kulki-konsensuksesta-kiistoihin\\\/\"},\"author\":{\"name\":\"Mevi\",\"@id\":\"https:\\\/\\\/mediaviestinta.fi\\\/#\\\/schema\\\/person\\\/b2da34ab24cfcd17dbdd6c7cfb173257\"},\"headline\":\"Uutismedian ja asiantuntijoiden korona-ajan yhteisty\u00f6 kulki konsensuksesta kiistoihin\",\"datePublished\":\"2024-02-21T10:18:14+00:00\",\"dateModified\":\"2024-02-21T10:18:15+00:00\",\"mainEntityOfPage\":{\"@id\":\"https:\\\/\\\/mediaviestinta.fi\\\/mevi2020\\\/2024\\\/02\\\/uutismedian-ja-asiantuntijoiden-korona-ajan-yhteistyo-kulki-konsensuksesta-kiistoihin\\\/\"},\"wordCount\":482,\"commentCount\":0,\"publisher\":{\"@id\":\"https:\\\/\\\/mediaviestinta.fi\\\/#organization\"},\"image\":{\"@id\":\"https:\\\/\\\/mediaviestinta.fi\\\/mevi2020\\\/2024\\\/02\\\/uutismedian-ja-asiantuntijoiden-korona-ajan-yhteistyo-kulki-konsensuksesta-kiistoihin\\\/#primaryimage\"},\"thumbnailUrl\":\"https:\\\/\\\/mediaviestinta.fi\\\/mevi2020\\\/wp-content\\\/uploads\\\/2024\\\/02\\\/ai-generated-8334296_1280.jpg\",\"inLanguage\":\"fi\",\"potentialAction\":[{\"@type\":\"CommentAction\",\"name\":\"Comment\",\"target\":[\"https:\\\/\\\/mediaviestinta.fi\\\/mevi2020\\\/2024\\\/02\\\/uutismedian-ja-asiantuntijoiden-korona-ajan-yhteistyo-kulki-konsensuksesta-kiistoihin\\\/#respond\"]}]},{\"@type\":\"WebPage\",\"@id\":\"https:\\\/\\\/mediaviestinta.fi\\\/mevi2020\\\/2024\\\/02\\\/uutismedian-ja-asiantuntijoiden-korona-ajan-yhteistyo-kulki-konsensuksesta-kiistoihin\\\/\",\"url\":\"https:\\\/\\\/mediaviestinta.fi\\\/mevi2020\\\/2024\\\/02\\\/uutismedian-ja-asiantuntijoiden-korona-ajan-yhteistyo-kulki-konsensuksesta-kiistoihin\\\/\",\"name\":\"Uutismedian ja asiantuntijoiden korona-ajan yhteisty\u00f6 kulki konsensuksesta kiistoihin &#8211; Mevi\",\"isPartOf\":{\"@id\":\"https:\\\/\\\/mediaviestinta.fi\\\/#website\"},\"primaryImageOfPage\":{\"@id\":\"https:\\\/\\\/mediaviestinta.fi\\\/mevi2020\\\/2024\\\/02\\\/uutismedian-ja-asiantuntijoiden-korona-ajan-yhteistyo-kulki-konsensuksesta-kiistoihin\\\/#primaryimage\"},\"image\":{\"@id\":\"https:\\\/\\\/mediaviestinta.fi\\\/mevi2020\\\/2024\\\/02\\\/uutismedian-ja-asiantuntijoiden-korona-ajan-yhteistyo-kulki-konsensuksesta-kiistoihin\\\/#primaryimage\"},\"thumbnailUrl\":\"https:\\\/\\\/mediaviestinta.fi\\\/mevi2020\\\/wp-content\\\/uploads\\\/2024\\\/02\\\/ai-generated-8334296_1280.jpg\",\"datePublished\":\"2024-02-21T10:18:14+00:00\",\"dateModified\":\"2024-02-21T10:18:15+00:00\",\"breadcrumb\":{\"@id\":\"https:\\\/\\\/mediaviestinta.fi\\\/mevi2020\\\/2024\\\/02\\\/uutismedian-ja-asiantuntijoiden-korona-ajan-yhteistyo-kulki-konsensuksesta-kiistoihin\\\/#breadcrumb\"},\"inLanguage\":\"fi\",\"potentialAction\":[{\"@type\":\"ReadAction\",\"target\":[\"https:\\\/\\\/mediaviestinta.fi\\\/mevi2020\\\/2024\\\/02\\\/uutismedian-ja-asiantuntijoiden-korona-ajan-yhteistyo-kulki-konsensuksesta-kiistoihin\\\/\"]}]},{\"@type\":\"ImageObject\",\"inLanguage\":\"fi\",\"@id\":\"https:\\\/\\\/mediaviestinta.fi\\\/mevi2020\\\/2024\\\/02\\\/uutismedian-ja-asiantuntijoiden-korona-ajan-yhteistyo-kulki-konsensuksesta-kiistoihin\\\/#primaryimage\",\"url\":\"https:\\\/\\\/mediaviestinta.fi\\\/mevi2020\\\/wp-content\\\/uploads\\\/2024\\\/02\\\/ai-generated-8334296_1280.jpg\",\"contentUrl\":\"https:\\\/\\\/mediaviestinta.fi\\\/mevi2020\\\/wp-content\\\/uploads\\\/2024\\\/02\\\/ai-generated-8334296_1280.jpg\",\"width\":1280,\"height\":723,\"caption\":\"Kuvituskuva, jossa n\u00e4kyy suuri joukko v\u00e4rikk\u00e4it\u00e4 puhekuplia moniv\u00e4risell\u00e4 taustalla.\"},{\"@type\":\"BreadcrumbList\",\"@id\":\"https:\\\/\\\/mediaviestinta.fi\\\/mevi2020\\\/2024\\\/02\\\/uutismedian-ja-asiantuntijoiden-korona-ajan-yhteistyo-kulki-konsensuksesta-kiistoihin\\\/#breadcrumb\",\"itemListElement\":[{\"@type\":\"ListItem\",\"position\":1,\"name\":\"Home\",\"item\":\"https:\\\/\\\/mediaviestinta.fi\\\/\"},{\"@type\":\"ListItem\",\"position\":2,\"name\":\"Uutismedian ja asiantuntijoiden korona-ajan yhteisty\u00f6 kulki konsensuksesta kiistoihin\"}]},{\"@type\":\"WebSite\",\"@id\":\"https:\\\/\\\/mediaviestinta.fi\\\/#website\",\"url\":\"https:\\\/\\\/mediaviestinta.fi\\\/\",\"name\":\"Mevi\",\"description\":\"Media- ja viestint\u00e4tieteellinen seura Mevi\",\"publisher\":{\"@id\":\"https:\\\/\\\/mediaviestinta.fi\\\/#organization\"},\"potentialAction\":[{\"@type\":\"SearchAction\",\"target\":{\"@type\":\"EntryPoint\",\"urlTemplate\":\"https:\\\/\\\/mediaviestinta.fi\\\/?s={search_term_string}\"},\"query-input\":{\"@type\":\"PropertyValueSpecification\",\"valueRequired\":true,\"valueName\":\"search_term_string\"}}],\"inLanguage\":\"fi\"},{\"@type\":\"Organization\",\"@id\":\"https:\\\/\\\/mediaviestinta.fi\\\/#organization\",\"name\":\"Media- ja viestint\u00e4tieteellinen seura Mevi\",\"url\":\"https:\\\/\\\/mediaviestinta.fi\\\/\",\"logo\":{\"@type\":\"ImageObject\",\"inLanguage\":\"fi\",\"@id\":\"https:\\\/\\\/mediaviestinta.fi\\\/#\\\/schema\\\/logo\\\/image\\\/\",\"url\":\"https:\\\/\\\/mediaviestinta.fi\\\/mevi2020\\\/wp-content\\\/uploads\\\/2020\\\/03\\\/mevi-logo-RGB-Transparent.png\",\"contentUrl\":\"https:\\\/\\\/mediaviestinta.fi\\\/mevi2020\\\/wp-content\\\/uploads\\\/2020\\\/03\\\/mevi-logo-RGB-Transparent.png\",\"width\":910,\"height\":464,\"caption\":\"Media- ja viestint\u00e4tieteellinen seura Mevi\"},\"image\":{\"@id\":\"https:\\\/\\\/mediaviestinta.fi\\\/#\\\/schema\\\/logo\\\/image\\\/\"},\"sameAs\":[\"https:\\\/\\\/www.facebook.com\\\/MediaViestinta\\\/\",\"https:\\\/\\\/x.com\\\/mediaviestinta\"]},{\"@type\":\"Person\",\"@id\":\"https:\\\/\\\/mediaviestinta.fi\\\/#\\\/schema\\\/person\\\/b2da34ab24cfcd17dbdd6c7cfb173257\",\"name\":\"Mevi\",\"image\":{\"@type\":\"ImageObject\",\"inLanguage\":\"fi\",\"@id\":\"https:\\\/\\\/secure.gravatar.com\\\/avatar\\\/3305b76d1667dc119a18808ed03d6a1fc2dfa8b6a1cddecb8c4d27ef14ec32ca?s=96&d=mm&r=g\",\"url\":\"https:\\\/\\\/secure.gravatar.com\\\/avatar\\\/3305b76d1667dc119a18808ed03d6a1fc2dfa8b6a1cddecb8c4d27ef14ec32ca?s=96&d=mm&r=g\",\"contentUrl\":\"https:\\\/\\\/secure.gravatar.com\\\/avatar\\\/3305b76d1667dc119a18808ed03d6a1fc2dfa8b6a1cddecb8c4d27ef14ec32ca?s=96&d=mm&r=g\",\"caption\":\"Mevi\"},\"url\":\"https:\\\/\\\/mediaviestinta.fi\\\/mevi2020\\\/author\\\/mediavie\\\/\"}]}<\/script>\n<!-- \/ Yoast SEO plugin. -->","yoast_head_json":{"title":"Uutismedian ja asiantuntijoiden korona-ajan yhteisty\u00f6 kulki konsensuksesta kiistoihin &#8211; Mevi","robots":{"index":"index","follow":"follow","max-snippet":"max-snippet:-1","max-image-preview":"max-image-preview:large","max-video-preview":"max-video-preview:-1"},"canonical":"https:\/\/mediaviestinta.fi\/mevi2020\/2024\/02\/uutismedian-ja-asiantuntijoiden-korona-ajan-yhteistyo-kulki-konsensuksesta-kiistoihin\/","og_locale":"fi_FI","og_type":"article","og_title":"Uutismedian ja asiantuntijoiden korona-ajan yhteisty\u00f6 kulki konsensuksesta kiistoihin &#8211; Mevi","og_description":"Kun koronapandemia k\u00e4ynnistyi alkuvuodesta 2020, sek\u00e4 toimittajat ett\u00e4 heid\u00e4n haastattelemansa asiantuntijat pyrkiv\u00e4t yksimieliseen ja yksi\u00e4\u00e4niseen viestint\u00e4\u00e4n: kansalaisille haluttiin v\u00e4litt\u00e4\u00e4 selke\u00e4, ehe\u00e4 viesti. Pandemian edetess\u00e4 erimielisyydet kuitenkin nostivat p\u00e4\u00e4t\u00e4\u00e4n,&hellip;","og_url":"https:\/\/mediaviestinta.fi\/mevi2020\/2024\/02\/uutismedian-ja-asiantuntijoiden-korona-ajan-yhteistyo-kulki-konsensuksesta-kiistoihin\/","og_site_name":"Mevi","article_publisher":"https:\/\/www.facebook.com\/MediaViestinta\/","article_published_time":"2024-02-21T10:18:14+00:00","article_modified_time":"2024-02-21T10:18:15+00:00","og_image":[{"width":1280,"height":723,"url":"https:\/\/mediaviestinta.fi\/mevi2020\/wp-content\/uploads\/2024\/02\/ai-generated-8334296_1280.jpg","type":"image\/jpeg"}],"author":"Mevi","twitter_card":"summary_large_image","twitter_creator":"@mediaviestinta","twitter_site":"@mediaviestinta","twitter_misc":{"Kirjoittanut":"Mevi","Arvioitu lukuaika":"1 minuutti"},"schema":{"@context":"https:\/\/schema.org","@graph":[{"@type":"Article","@id":"https:\/\/mediaviestinta.fi\/mevi2020\/2024\/02\/uutismedian-ja-asiantuntijoiden-korona-ajan-yhteistyo-kulki-konsensuksesta-kiistoihin\/#article","isPartOf":{"@id":"https:\/\/mediaviestinta.fi\/mevi2020\/2024\/02\/uutismedian-ja-asiantuntijoiden-korona-ajan-yhteistyo-kulki-konsensuksesta-kiistoihin\/"},"author":{"name":"Mevi","@id":"https:\/\/mediaviestinta.fi\/#\/schema\/person\/b2da34ab24cfcd17dbdd6c7cfb173257"},"headline":"Uutismedian ja asiantuntijoiden korona-ajan yhteisty\u00f6 kulki konsensuksesta kiistoihin","datePublished":"2024-02-21T10:18:14+00:00","dateModified":"2024-02-21T10:18:15+00:00","mainEntityOfPage":{"@id":"https:\/\/mediaviestinta.fi\/mevi2020\/2024\/02\/uutismedian-ja-asiantuntijoiden-korona-ajan-yhteistyo-kulki-konsensuksesta-kiistoihin\/"},"wordCount":482,"commentCount":0,"publisher":{"@id":"https:\/\/mediaviestinta.fi\/#organization"},"image":{"@id":"https:\/\/mediaviestinta.fi\/mevi2020\/2024\/02\/uutismedian-ja-asiantuntijoiden-korona-ajan-yhteistyo-kulki-konsensuksesta-kiistoihin\/#primaryimage"},"thumbnailUrl":"https:\/\/mediaviestinta.fi\/mevi2020\/wp-content\/uploads\/2024\/02\/ai-generated-8334296_1280.jpg","inLanguage":"fi","potentialAction":[{"@type":"CommentAction","name":"Comment","target":["https:\/\/mediaviestinta.fi\/mevi2020\/2024\/02\/uutismedian-ja-asiantuntijoiden-korona-ajan-yhteistyo-kulki-konsensuksesta-kiistoihin\/#respond"]}]},{"@type":"WebPage","@id":"https:\/\/mediaviestinta.fi\/mevi2020\/2024\/02\/uutismedian-ja-asiantuntijoiden-korona-ajan-yhteistyo-kulki-konsensuksesta-kiistoihin\/","url":"https:\/\/mediaviestinta.fi\/mevi2020\/2024\/02\/uutismedian-ja-asiantuntijoiden-korona-ajan-yhteistyo-kulki-konsensuksesta-kiistoihin\/","name":"Uutismedian ja asiantuntijoiden korona-ajan yhteisty\u00f6 kulki konsensuksesta kiistoihin &#8211; Mevi","isPartOf":{"@id":"https:\/\/mediaviestinta.fi\/#website"},"primaryImageOfPage":{"@id":"https:\/\/mediaviestinta.fi\/mevi2020\/2024\/02\/uutismedian-ja-asiantuntijoiden-korona-ajan-yhteistyo-kulki-konsensuksesta-kiistoihin\/#primaryimage"},"image":{"@id":"https:\/\/mediaviestinta.fi\/mevi2020\/2024\/02\/uutismedian-ja-asiantuntijoiden-korona-ajan-yhteistyo-kulki-konsensuksesta-kiistoihin\/#primaryimage"},"thumbnailUrl":"https:\/\/mediaviestinta.fi\/mevi2020\/wp-content\/uploads\/2024\/02\/ai-generated-8334296_1280.jpg","datePublished":"2024-02-21T10:18:14+00:00","dateModified":"2024-02-21T10:18:15+00:00","breadcrumb":{"@id":"https:\/\/mediaviestinta.fi\/mevi2020\/2024\/02\/uutismedian-ja-asiantuntijoiden-korona-ajan-yhteistyo-kulki-konsensuksesta-kiistoihin\/#breadcrumb"},"inLanguage":"fi","potentialAction":[{"@type":"ReadAction","target":["https:\/\/mediaviestinta.fi\/mevi2020\/2024\/02\/uutismedian-ja-asiantuntijoiden-korona-ajan-yhteistyo-kulki-konsensuksesta-kiistoihin\/"]}]},{"@type":"ImageObject","inLanguage":"fi","@id":"https:\/\/mediaviestinta.fi\/mevi2020\/2024\/02\/uutismedian-ja-asiantuntijoiden-korona-ajan-yhteistyo-kulki-konsensuksesta-kiistoihin\/#primaryimage","url":"https:\/\/mediaviestinta.fi\/mevi2020\/wp-content\/uploads\/2024\/02\/ai-generated-8334296_1280.jpg","contentUrl":"https:\/\/mediaviestinta.fi\/mevi2020\/wp-content\/uploads\/2024\/02\/ai-generated-8334296_1280.jpg","width":1280,"height":723,"caption":"Kuvituskuva, jossa n\u00e4kyy suuri joukko v\u00e4rikk\u00e4it\u00e4 puhekuplia moniv\u00e4risell\u00e4 taustalla."},{"@type":"BreadcrumbList","@id":"https:\/\/mediaviestinta.fi\/mevi2020\/2024\/02\/uutismedian-ja-asiantuntijoiden-korona-ajan-yhteistyo-kulki-konsensuksesta-kiistoihin\/#breadcrumb","itemListElement":[{"@type":"ListItem","position":1,"name":"Home","item":"https:\/\/mediaviestinta.fi\/"},{"@type":"ListItem","position":2,"name":"Uutismedian ja asiantuntijoiden korona-ajan yhteisty\u00f6 kulki konsensuksesta kiistoihin"}]},{"@type":"WebSite","@id":"https:\/\/mediaviestinta.fi\/#website","url":"https:\/\/mediaviestinta.fi\/","name":"Mevi","description":"Media- ja viestint\u00e4tieteellinen seura Mevi","publisher":{"@id":"https:\/\/mediaviestinta.fi\/#organization"},"potentialAction":[{"@type":"SearchAction","target":{"@type":"EntryPoint","urlTemplate":"https:\/\/mediaviestinta.fi\/?s={search_term_string}"},"query-input":{"@type":"PropertyValueSpecification","valueRequired":true,"valueName":"search_term_string"}}],"inLanguage":"fi"},{"@type":"Organization","@id":"https:\/\/mediaviestinta.fi\/#organization","name":"Media- ja viestint\u00e4tieteellinen seura Mevi","url":"https:\/\/mediaviestinta.fi\/","logo":{"@type":"ImageObject","inLanguage":"fi","@id":"https:\/\/mediaviestinta.fi\/#\/schema\/logo\/image\/","url":"https:\/\/mediaviestinta.fi\/mevi2020\/wp-content\/uploads\/2020\/03\/mevi-logo-RGB-Transparent.png","contentUrl":"https:\/\/mediaviestinta.fi\/mevi2020\/wp-content\/uploads\/2020\/03\/mevi-logo-RGB-Transparent.png","width":910,"height":464,"caption":"Media- ja viestint\u00e4tieteellinen seura Mevi"},"image":{"@id":"https:\/\/mediaviestinta.fi\/#\/schema\/logo\/image\/"},"sameAs":["https:\/\/www.facebook.com\/MediaViestinta\/","https:\/\/x.com\/mediaviestinta"]},{"@type":"Person","@id":"https:\/\/mediaviestinta.fi\/#\/schema\/person\/b2da34ab24cfcd17dbdd6c7cfb173257","name":"Mevi","image":{"@type":"ImageObject","inLanguage":"fi","@id":"https:\/\/secure.gravatar.com\/avatar\/3305b76d1667dc119a18808ed03d6a1fc2dfa8b6a1cddecb8c4d27ef14ec32ca?s=96&d=mm&r=g","url":"https:\/\/secure.gravatar.com\/avatar\/3305b76d1667dc119a18808ed03d6a1fc2dfa8b6a1cddecb8c4d27ef14ec32ca?s=96&d=mm&r=g","contentUrl":"https:\/\/secure.gravatar.com\/avatar\/3305b76d1667dc119a18808ed03d6a1fc2dfa8b6a1cddecb8c4d27ef14ec32ca?s=96&d=mm&r=g","caption":"Mevi"},"url":"https:\/\/mediaviestinta.fi\/mevi2020\/author\/mediavie\/"}]}},"_links":{"self":[{"href":"https:\/\/mediaviestinta.fi\/mevi2020\/wp-json\/wp\/v2\/posts\/5027","targetHints":{"allow":["GET"]}}],"collection":[{"href":"https:\/\/mediaviestinta.fi\/mevi2020\/wp-json\/wp\/v2\/posts"}],"about":[{"href":"https:\/\/mediaviestinta.fi\/mevi2020\/wp-json\/wp\/v2\/types\/post"}],"author":[{"embeddable":true,"href":"https:\/\/mediaviestinta.fi\/mevi2020\/wp-json\/wp\/v2\/users\/3"}],"replies":[{"embeddable":true,"href":"https:\/\/mediaviestinta.fi\/mevi2020\/wp-json\/wp\/v2\/comments?post=5027"}],"version-history":[{"count":5,"href":"https:\/\/mediaviestinta.fi\/mevi2020\/wp-json\/wp\/v2\/posts\/5027\/revisions"}],"predecessor-version":[{"id":5033,"href":"https:\/\/mediaviestinta.fi\/mevi2020\/wp-json\/wp\/v2\/posts\/5027\/revisions\/5033"}],"wp:featuredmedia":[{"embeddable":true,"href":"https:\/\/mediaviestinta.fi\/mevi2020\/wp-json\/wp\/v2\/media\/5031"}],"wp:attachment":[{"href":"https:\/\/mediaviestinta.fi\/mevi2020\/wp-json\/wp\/v2\/media?parent=5027"}],"wp:term":[{"taxonomy":"category","embeddable":true,"href":"https:\/\/mediaviestinta.fi\/mevi2020\/wp-json\/wp\/v2\/categories?post=5027"},{"taxonomy":"post_tag","embeddable":true,"href":"https:\/\/mediaviestinta.fi\/mevi2020\/wp-json\/wp\/v2\/tags?post=5027"}],"curies":[{"name":"wp","href":"https:\/\/api.w.org\/{rel}","templated":true}]}}