{"id":5035,"date":"2024-02-27T15:30:12","date_gmt":"2024-02-27T13:30:12","guid":{"rendered":"https:\/\/mediaviestinta.fi\/?p=5035"},"modified":"2024-02-27T15:30:13","modified_gmt":"2024-02-27T13:30:13","slug":"tervetuloa-mevi-ryn-vuosikokoukseen-11-3","status":"publish","type":"post","link":"https:\/\/mediaviestinta.fi\/mevi2020\/2024\/02\/tervetuloa-mevi-ryn-vuosikokoukseen-11-3\/","title":{"rendered":"Tervetuloa Mevi ry:n vuosikokoukseen 11.3."},"content":{"rendered":"\n<p>Media- ja viestint\u00e4tieteellinen seura Mevi ry:n s\u00e4\u00e4nt\u00f6m\u00e4\u00e4r\u00e4inen vuosikokous j\u00e4rjestet\u00e4\u00e4n maanantaina 11.3.2024 kello 14.15 alkaen. Kokous j\u00e4rjestet\u00e4\u00e4n Helsingin yliopiston valtiotieteellisen tiedekunnan tiedekuntasalissa (sali 1066), osoitteessa Unioninkatu 37. Kokoukseen on mahdollista osallistua my\u00f6s et\u00e4yhteydell\u00e4 Zoomin v\u00e4lityksell\u00e4. Jos haluat osallistua kokoukseen, ilmoittaudu s\u00e4hk\u00f6postilla osoitteeseen sihteeri@mediaviestinta.fi. <\/p>\n\n\n\n<p>Vuosikokouksessa k\u00e4sitell\u00e4\u00e4n seuraavat asiat:<br>\u00b7 valitaan seuran puheenjohtaja toimikaudelle 2024<br>\u00b7 valitaan seuran hallituksen muut j\u00e4senet<br>\u00b7 valitaan kaksi toiminnantarkastajaa ja heille kaksi varahenkil\u00f6\u00e4 seuraavan toimikauden tilej\u00e4 ja hallintoa tarkastamaan<br>\u00b7 vahvistetaan seuran toimintasuunnitelma seuraavalle toimikaudelle<br>\u00b7 vahvistetaan seuran talousarvio seuraavalle toimikaudelle<br>\u00b7 k\u00e4sitell\u00e4\u00e4n hallituksen toiminta- ja tilikertomus edelliselt\u00e4 toimikaudelta<br>\u00b7 p\u00e4\u00e4tet\u00e4\u00e4n tili- ja vastuuvapauden my\u00f6nt\u00e4misest\u00e4<br>\u00b7 k\u00e4sitell\u00e4\u00e4n muut hallituksen tai j\u00e4senten vuosikokoukselle esitt\u00e4m\u00e4t asiat<\/p>\n\n\n\n<p>Vuosikokouksessa puhe- ja \u00e4\u00e4nestysoikeus on vain vuoden 2024 j\u00e4senmaksun maksaneilla j\u00e4senill\u00e4, joten muistathan hoitaa maksuasiasi kuntoon ennen kokousta.<\/p>\n","protected":false},"excerpt":{"rendered":"<p>Media- ja viestint\u00e4tieteellinen seura Mevi ry:n s\u00e4\u00e4nt\u00f6m\u00e4\u00e4r\u00e4inen vuosikokous j\u00e4rjestet\u00e4\u00e4n maanantaina 11.3.2024 kello 14.15 alkaen. Kokous j\u00e4rjestet\u00e4\u00e4n Helsingin yliopiston valtiotieteellisen tiedekunnan tiedekuntasalissa (sali 1066), osoitteessa Unioninkatu 37. Kokoukseen on&hellip;<\/p>\n","protected":false},"author":3,"featured_media":3817,"comment_status":"open","ping_status":"closed","sticky":false,"template":"","format":"standard","meta":{"_monsterinsights_skip_tracking":false,"_monsterinsights_sitenote_active":false,"_monsterinsights_sitenote_note":"","_monsterinsights_sitenote_category":0,"footnotes":""},"categories":[1],"tags":[],"class_list":["post-5035","post","type-post","status-publish","format-standard","has-post-thumbnail","hentry","category-yleinen"],"yoast_head":"<!-- This site is optimized with the Yoast SEO plugin v27.5 - https:\/\/yoast.com\/product\/yoast-seo-wordpress\/ -->\n<title>Tervetuloa Mevi ry:n vuosikokoukseen 11.3. &#8211; Mevi<\/title>\n<meta name=\"robots\" content=\"index, follow, max-snippet:-1, max-image-preview:large, max-video-preview:-1\" \/>\n<link rel=\"canonical\" href=\"https:\/\/mediaviestinta.fi\/mevi2020\/2024\/02\/tervetuloa-mevi-ryn-vuosikokoukseen-11-3\/\" \/>\n<meta property=\"og:locale\" content=\"fi_FI\" \/>\n<meta property=\"og:type\" content=\"article\" \/>\n<meta property=\"og:title\" content=\"Tervetuloa Mevi ry:n vuosikokoukseen 11.3. &#8211; Mevi\" \/>\n<meta property=\"og:description\" content=\"Media- ja viestint\u00e4tieteellinen seura Mevi ry:n s\u00e4\u00e4nt\u00f6m\u00e4\u00e4r\u00e4inen vuosikokous j\u00e4rjestet\u00e4\u00e4n maanantaina 11.3.2024 kello 14.15 alkaen. Kokous j\u00e4rjestet\u00e4\u00e4n Helsingin yliopiston valtiotieteellisen tiedekunnan tiedekuntasalissa (sali 1066), osoitteessa Unioninkatu 37. Kokoukseen on&hellip;\" \/>\n<meta property=\"og:url\" content=\"https:\/\/mediaviestinta.fi\/mevi2020\/2024\/02\/tervetuloa-mevi-ryn-vuosikokoukseen-11-3\/\" \/>\n<meta property=\"og:site_name\" content=\"Mevi\" \/>\n<meta property=\"article:publisher\" content=\"https:\/\/www.facebook.com\/MediaViestinta\/\" \/>\n<meta property=\"article:published_time\" content=\"2024-02-27T13:30:12+00:00\" \/>\n<meta property=\"article:modified_time\" content=\"2024-02-27T13:30:13+00:00\" \/>\n<meta property=\"og:image\" content=\"https:\/\/mediaviestinta.fi\/mevi2020\/wp-content\/uploads\/2020\/04\/mevi-ryhma-fb-e1691673054258.jpg\" \/>\n\t<meta property=\"og:image:width\" content=\"500\" \/>\n\t<meta property=\"og:image:height\" content=\"270\" \/>\n\t<meta property=\"og:image:type\" content=\"image\/jpeg\" \/>\n<meta name=\"author\" content=\"Mevi\" \/>\n<meta name=\"twitter:card\" content=\"summary_large_image\" \/>\n<meta name=\"twitter:creator\" content=\"@mediaviestinta\" \/>\n<meta name=\"twitter:site\" content=\"@mediaviestinta\" \/>\n<meta name=\"twitter:label1\" content=\"Kirjoittanut\" \/>\n\t<meta name=\"twitter:data1\" content=\"Mevi\" \/>\n\t<meta name=\"twitter:label2\" content=\"Arvioitu lukuaika\" \/>\n\t<meta name=\"twitter:data2\" content=\"1 minuutti\" \/>\n<script type=\"application\/ld+json\" class=\"yoast-schema-graph\">{\"@context\":\"https:\\\/\\\/schema.org\",\"@graph\":[{\"@type\":\"Article\",\"@id\":\"https:\\\/\\\/mediaviestinta.fi\\\/mevi2020\\\/2024\\\/02\\\/tervetuloa-mevi-ryn-vuosikokoukseen-11-3\\\/#article\",\"isPartOf\":{\"@id\":\"https:\\\/\\\/mediaviestinta.fi\\\/mevi2020\\\/2024\\\/02\\\/tervetuloa-mevi-ryn-vuosikokoukseen-11-3\\\/\"},\"author\":{\"name\":\"Mevi\",\"@id\":\"https:\\\/\\\/mediaviestinta.fi\\\/#\\\/schema\\\/person\\\/b2da34ab24cfcd17dbdd6c7cfb173257\"},\"headline\":\"Tervetuloa Mevi ry:n vuosikokoukseen 11.3.\",\"datePublished\":\"2024-02-27T13:30:12+00:00\",\"dateModified\":\"2024-02-27T13:30:13+00:00\",\"mainEntityOfPage\":{\"@id\":\"https:\\\/\\\/mediaviestinta.fi\\\/mevi2020\\\/2024\\\/02\\\/tervetuloa-mevi-ryn-vuosikokoukseen-11-3\\\/\"},\"wordCount\":149,\"commentCount\":0,\"publisher\":{\"@id\":\"https:\\\/\\\/mediaviestinta.fi\\\/#organization\"},\"image\":{\"@id\":\"https:\\\/\\\/mediaviestinta.fi\\\/mevi2020\\\/2024\\\/02\\\/tervetuloa-mevi-ryn-vuosikokoukseen-11-3\\\/#primaryimage\"},\"thumbnailUrl\":\"https:\\\/\\\/mediaviestinta.fi\\\/mevi2020\\\/wp-content\\\/uploads\\\/2020\\\/04\\\/mevi-ryhma-fb-e1691673054258.jpg\",\"inLanguage\":\"fi\",\"potentialAction\":[{\"@type\":\"CommentAction\",\"name\":\"Comment\",\"target\":[\"https:\\\/\\\/mediaviestinta.fi\\\/mevi2020\\\/2024\\\/02\\\/tervetuloa-mevi-ryn-vuosikokoukseen-11-3\\\/#respond\"]}]},{\"@type\":\"WebPage\",\"@id\":\"https:\\\/\\\/mediaviestinta.fi\\\/mevi2020\\\/2024\\\/02\\\/tervetuloa-mevi-ryn-vuosikokoukseen-11-3\\\/\",\"url\":\"https:\\\/\\\/mediaviestinta.fi\\\/mevi2020\\\/2024\\\/02\\\/tervetuloa-mevi-ryn-vuosikokoukseen-11-3\\\/\",\"name\":\"Tervetuloa Mevi ry:n vuosikokoukseen 11.3. &#8211; Mevi\",\"isPartOf\":{\"@id\":\"https:\\\/\\\/mediaviestinta.fi\\\/#website\"},\"primaryImageOfPage\":{\"@id\":\"https:\\\/\\\/mediaviestinta.fi\\\/mevi2020\\\/2024\\\/02\\\/tervetuloa-mevi-ryn-vuosikokoukseen-11-3\\\/#primaryimage\"},\"image\":{\"@id\":\"https:\\\/\\\/mediaviestinta.fi\\\/mevi2020\\\/2024\\\/02\\\/tervetuloa-mevi-ryn-vuosikokoukseen-11-3\\\/#primaryimage\"},\"thumbnailUrl\":\"https:\\\/\\\/mediaviestinta.fi\\\/mevi2020\\\/wp-content\\\/uploads\\\/2020\\\/04\\\/mevi-ryhma-fb-e1691673054258.jpg\",\"datePublished\":\"2024-02-27T13:30:12+00:00\",\"dateModified\":\"2024-02-27T13:30:13+00:00\",\"breadcrumb\":{\"@id\":\"https:\\\/\\\/mediaviestinta.fi\\\/mevi2020\\\/2024\\\/02\\\/tervetuloa-mevi-ryn-vuosikokoukseen-11-3\\\/#breadcrumb\"},\"inLanguage\":\"fi\",\"potentialAction\":[{\"@type\":\"ReadAction\",\"target\":[\"https:\\\/\\\/mediaviestinta.fi\\\/mevi2020\\\/2024\\\/02\\\/tervetuloa-mevi-ryn-vuosikokoukseen-11-3\\\/\"]}]},{\"@type\":\"ImageObject\",\"inLanguage\":\"fi\",\"@id\":\"https:\\\/\\\/mediaviestinta.fi\\\/mevi2020\\\/2024\\\/02\\\/tervetuloa-mevi-ryn-vuosikokoukseen-11-3\\\/#primaryimage\",\"url\":\"https:\\\/\\\/mediaviestinta.fi\\\/mevi2020\\\/wp-content\\\/uploads\\\/2020\\\/04\\\/mevi-ryhma-fb-e1691673054258.jpg\",\"contentUrl\":\"https:\\\/\\\/mediaviestinta.fi\\\/mevi2020\\\/wp-content\\\/uploads\\\/2020\\\/04\\\/mevi-ryhma-fb-e1691673054258.jpg\",\"width\":500,\"height\":270,\"caption\":\"Abstrakti kuvituskuva, jossa ovaalin muotoisesta kattoikkunasta hohtaa valoa.\"},{\"@type\":\"BreadcrumbList\",\"@id\":\"https:\\\/\\\/mediaviestinta.fi\\\/mevi2020\\\/2024\\\/02\\\/tervetuloa-mevi-ryn-vuosikokoukseen-11-3\\\/#breadcrumb\",\"itemListElement\":[{\"@type\":\"ListItem\",\"position\":1,\"name\":\"Home\",\"item\":\"https:\\\/\\\/mediaviestinta.fi\\\/\"},{\"@type\":\"ListItem\",\"position\":2,\"name\":\"Tervetuloa Mevi ry:n vuosikokoukseen 11.3.\"}]},{\"@type\":\"WebSite\",\"@id\":\"https:\\\/\\\/mediaviestinta.fi\\\/#website\",\"url\":\"https:\\\/\\\/mediaviestinta.fi\\\/\",\"name\":\"Mevi\",\"description\":\"Media- ja viestint\u00e4tieteellinen seura Mevi\",\"publisher\":{\"@id\":\"https:\\\/\\\/mediaviestinta.fi\\\/#organization\"},\"potentialAction\":[{\"@type\":\"SearchAction\",\"target\":{\"@type\":\"EntryPoint\",\"urlTemplate\":\"https:\\\/\\\/mediaviestinta.fi\\\/?s={search_term_string}\"},\"query-input\":{\"@type\":\"PropertyValueSpecification\",\"valueRequired\":true,\"valueName\":\"search_term_string\"}}],\"inLanguage\":\"fi\"},{\"@type\":\"Organization\",\"@id\":\"https:\\\/\\\/mediaviestinta.fi\\\/#organization\",\"name\":\"Media- ja viestint\u00e4tieteellinen seura Mevi\",\"url\":\"https:\\\/\\\/mediaviestinta.fi\\\/\",\"logo\":{\"@type\":\"ImageObject\",\"inLanguage\":\"fi\",\"@id\":\"https:\\\/\\\/mediaviestinta.fi\\\/#\\\/schema\\\/logo\\\/image\\\/\",\"url\":\"https:\\\/\\\/mediaviestinta.fi\\\/mevi2020\\\/wp-content\\\/uploads\\\/2020\\\/03\\\/mevi-logo-RGB-Transparent.png\",\"contentUrl\":\"https:\\\/\\\/mediaviestinta.fi\\\/mevi2020\\\/wp-content\\\/uploads\\\/2020\\\/03\\\/mevi-logo-RGB-Transparent.png\",\"width\":910,\"height\":464,\"caption\":\"Media- ja viestint\u00e4tieteellinen seura Mevi\"},\"image\":{\"@id\":\"https:\\\/\\\/mediaviestinta.fi\\\/#\\\/schema\\\/logo\\\/image\\\/\"},\"sameAs\":[\"https:\\\/\\\/www.facebook.com\\\/MediaViestinta\\\/\",\"https:\\\/\\\/x.com\\\/mediaviestinta\"]},{\"@type\":\"Person\",\"@id\":\"https:\\\/\\\/mediaviestinta.fi\\\/#\\\/schema\\\/person\\\/b2da34ab24cfcd17dbdd6c7cfb173257\",\"name\":\"Mevi\",\"image\":{\"@type\":\"ImageObject\",\"inLanguage\":\"fi\",\"@id\":\"https:\\\/\\\/secure.gravatar.com\\\/avatar\\\/3305b76d1667dc119a18808ed03d6a1fc2dfa8b6a1cddecb8c4d27ef14ec32ca?s=96&d=mm&r=g\",\"url\":\"https:\\\/\\\/secure.gravatar.com\\\/avatar\\\/3305b76d1667dc119a18808ed03d6a1fc2dfa8b6a1cddecb8c4d27ef14ec32ca?s=96&d=mm&r=g\",\"contentUrl\":\"https:\\\/\\\/secure.gravatar.com\\\/avatar\\\/3305b76d1667dc119a18808ed03d6a1fc2dfa8b6a1cddecb8c4d27ef14ec32ca?s=96&d=mm&r=g\",\"caption\":\"Mevi\"},\"url\":\"https:\\\/\\\/mediaviestinta.fi\\\/mevi2020\\\/author\\\/mediavie\\\/\"}]}<\/script>\n<!-- \/ Yoast SEO plugin. -->","yoast_head_json":{"title":"Tervetuloa Mevi ry:n vuosikokoukseen 11.3. &#8211; Mevi","robots":{"index":"index","follow":"follow","max-snippet":"max-snippet:-1","max-image-preview":"max-image-preview:large","max-video-preview":"max-video-preview:-1"},"canonical":"https:\/\/mediaviestinta.fi\/mevi2020\/2024\/02\/tervetuloa-mevi-ryn-vuosikokoukseen-11-3\/","og_locale":"fi_FI","og_type":"article","og_title":"Tervetuloa Mevi ry:n vuosikokoukseen 11.3. &#8211; Mevi","og_description":"Media- ja viestint\u00e4tieteellinen seura Mevi ry:n s\u00e4\u00e4nt\u00f6m\u00e4\u00e4r\u00e4inen vuosikokous j\u00e4rjestet\u00e4\u00e4n maanantaina 11.3.2024 kello 14.15 alkaen. Kokous j\u00e4rjestet\u00e4\u00e4n Helsingin yliopiston valtiotieteellisen tiedekunnan tiedekuntasalissa (sali 1066), osoitteessa Unioninkatu 37. Kokoukseen on&hellip;","og_url":"https:\/\/mediaviestinta.fi\/mevi2020\/2024\/02\/tervetuloa-mevi-ryn-vuosikokoukseen-11-3\/","og_site_name":"Mevi","article_publisher":"https:\/\/www.facebook.com\/MediaViestinta\/","article_published_time":"2024-02-27T13:30:12+00:00","article_modified_time":"2024-02-27T13:30:13+00:00","og_image":[{"width":500,"height":270,"url":"https:\/\/mediaviestinta.fi\/mevi2020\/wp-content\/uploads\/2020\/04\/mevi-ryhma-fb-e1691673054258.jpg","type":"image\/jpeg"}],"author":"Mevi","twitter_card":"summary_large_image","twitter_creator":"@mediaviestinta","twitter_site":"@mediaviestinta","twitter_misc":{"Kirjoittanut":"Mevi","Arvioitu lukuaika":"1 minuutti"},"schema":{"@context":"https:\/\/schema.org","@graph":[{"@type":"Article","@id":"https:\/\/mediaviestinta.fi\/mevi2020\/2024\/02\/tervetuloa-mevi-ryn-vuosikokoukseen-11-3\/#article","isPartOf":{"@id":"https:\/\/mediaviestinta.fi\/mevi2020\/2024\/02\/tervetuloa-mevi-ryn-vuosikokoukseen-11-3\/"},"author":{"name":"Mevi","@id":"https:\/\/mediaviestinta.fi\/#\/schema\/person\/b2da34ab24cfcd17dbdd6c7cfb173257"},"headline":"Tervetuloa Mevi ry:n vuosikokoukseen 11.3.","datePublished":"2024-02-27T13:30:12+00:00","dateModified":"2024-02-27T13:30:13+00:00","mainEntityOfPage":{"@id":"https:\/\/mediaviestinta.fi\/mevi2020\/2024\/02\/tervetuloa-mevi-ryn-vuosikokoukseen-11-3\/"},"wordCount":149,"commentCount":0,"publisher":{"@id":"https:\/\/mediaviestinta.fi\/#organization"},"image":{"@id":"https:\/\/mediaviestinta.fi\/mevi2020\/2024\/02\/tervetuloa-mevi-ryn-vuosikokoukseen-11-3\/#primaryimage"},"thumbnailUrl":"https:\/\/mediaviestinta.fi\/mevi2020\/wp-content\/uploads\/2020\/04\/mevi-ryhma-fb-e1691673054258.jpg","inLanguage":"fi","potentialAction":[{"@type":"CommentAction","name":"Comment","target":["https:\/\/mediaviestinta.fi\/mevi2020\/2024\/02\/tervetuloa-mevi-ryn-vuosikokoukseen-11-3\/#respond"]}]},{"@type":"WebPage","@id":"https:\/\/mediaviestinta.fi\/mevi2020\/2024\/02\/tervetuloa-mevi-ryn-vuosikokoukseen-11-3\/","url":"https:\/\/mediaviestinta.fi\/mevi2020\/2024\/02\/tervetuloa-mevi-ryn-vuosikokoukseen-11-3\/","name":"Tervetuloa Mevi ry:n vuosikokoukseen 11.3. &#8211; Mevi","isPartOf":{"@id":"https:\/\/mediaviestinta.fi\/#website"},"primaryImageOfPage":{"@id":"https:\/\/mediaviestinta.fi\/mevi2020\/2024\/02\/tervetuloa-mevi-ryn-vuosikokoukseen-11-3\/#primaryimage"},"image":{"@id":"https:\/\/mediaviestinta.fi\/mevi2020\/2024\/02\/tervetuloa-mevi-ryn-vuosikokoukseen-11-3\/#primaryimage"},"thumbnailUrl":"https:\/\/mediaviestinta.fi\/mevi2020\/wp-content\/uploads\/2020\/04\/mevi-ryhma-fb-e1691673054258.jpg","datePublished":"2024-02-27T13:30:12+00:00","dateModified":"2024-02-27T13:30:13+00:00","breadcrumb":{"@id":"https:\/\/mediaviestinta.fi\/mevi2020\/2024\/02\/tervetuloa-mevi-ryn-vuosikokoukseen-11-3\/#breadcrumb"},"inLanguage":"fi","potentialAction":[{"@type":"ReadAction","target":["https:\/\/mediaviestinta.fi\/mevi2020\/2024\/02\/tervetuloa-mevi-ryn-vuosikokoukseen-11-3\/"]}]},{"@type":"ImageObject","inLanguage":"fi","@id":"https:\/\/mediaviestinta.fi\/mevi2020\/2024\/02\/tervetuloa-mevi-ryn-vuosikokoukseen-11-3\/#primaryimage","url":"https:\/\/mediaviestinta.fi\/mevi2020\/wp-content\/uploads\/2020\/04\/mevi-ryhma-fb-e1691673054258.jpg","contentUrl":"https:\/\/mediaviestinta.fi\/mevi2020\/wp-content\/uploads\/2020\/04\/mevi-ryhma-fb-e1691673054258.jpg","width":500,"height":270,"caption":"Abstrakti kuvituskuva, jossa ovaalin muotoisesta kattoikkunasta hohtaa valoa."},{"@type":"BreadcrumbList","@id":"https:\/\/mediaviestinta.fi\/mevi2020\/2024\/02\/tervetuloa-mevi-ryn-vuosikokoukseen-11-3\/#breadcrumb","itemListElement":[{"@type":"ListItem","position":1,"name":"Home","item":"https:\/\/mediaviestinta.fi\/"},{"@type":"ListItem","position":2,"name":"Tervetuloa Mevi ry:n vuosikokoukseen 11.3."}]},{"@type":"WebSite","@id":"https:\/\/mediaviestinta.fi\/#website","url":"https:\/\/mediaviestinta.fi\/","name":"Mevi","description":"Media- ja viestint\u00e4tieteellinen seura Mevi","publisher":{"@id":"https:\/\/mediaviestinta.fi\/#organization"},"potentialAction":[{"@type":"SearchAction","target":{"@type":"EntryPoint","urlTemplate":"https:\/\/mediaviestinta.fi\/?s={search_term_string}"},"query-input":{"@type":"PropertyValueSpecification","valueRequired":true,"valueName":"search_term_string"}}],"inLanguage":"fi"},{"@type":"Organization","@id":"https:\/\/mediaviestinta.fi\/#organization","name":"Media- ja viestint\u00e4tieteellinen seura Mevi","url":"https:\/\/mediaviestinta.fi\/","logo":{"@type":"ImageObject","inLanguage":"fi","@id":"https:\/\/mediaviestinta.fi\/#\/schema\/logo\/image\/","url":"https:\/\/mediaviestinta.fi\/mevi2020\/wp-content\/uploads\/2020\/03\/mevi-logo-RGB-Transparent.png","contentUrl":"https:\/\/mediaviestinta.fi\/mevi2020\/wp-content\/uploads\/2020\/03\/mevi-logo-RGB-Transparent.png","width":910,"height":464,"caption":"Media- ja viestint\u00e4tieteellinen seura Mevi"},"image":{"@id":"https:\/\/mediaviestinta.fi\/#\/schema\/logo\/image\/"},"sameAs":["https:\/\/www.facebook.com\/MediaViestinta\/","https:\/\/x.com\/mediaviestinta"]},{"@type":"Person","@id":"https:\/\/mediaviestinta.fi\/#\/schema\/person\/b2da34ab24cfcd17dbdd6c7cfb173257","name":"Mevi","image":{"@type":"ImageObject","inLanguage":"fi","@id":"https:\/\/secure.gravatar.com\/avatar\/3305b76d1667dc119a18808ed03d6a1fc2dfa8b6a1cddecb8c4d27ef14ec32ca?s=96&d=mm&r=g","url":"https:\/\/secure.gravatar.com\/avatar\/3305b76d1667dc119a18808ed03d6a1fc2dfa8b6a1cddecb8c4d27ef14ec32ca?s=96&d=mm&r=g","contentUrl":"https:\/\/secure.gravatar.com\/avatar\/3305b76d1667dc119a18808ed03d6a1fc2dfa8b6a1cddecb8c4d27ef14ec32ca?s=96&d=mm&r=g","caption":"Mevi"},"url":"https:\/\/mediaviestinta.fi\/mevi2020\/author\/mediavie\/"}]}},"_links":{"self":[{"href":"https:\/\/mediaviestinta.fi\/mevi2020\/wp-json\/wp\/v2\/posts\/5035","targetHints":{"allow":["GET"]}}],"collection":[{"href":"https:\/\/mediaviestinta.fi\/mevi2020\/wp-json\/wp\/v2\/posts"}],"about":[{"href":"https:\/\/mediaviestinta.fi\/mevi2020\/wp-json\/wp\/v2\/types\/post"}],"author":[{"embeddable":true,"href":"https:\/\/mediaviestinta.fi\/mevi2020\/wp-json\/wp\/v2\/users\/3"}],"replies":[{"embeddable":true,"href":"https:\/\/mediaviestinta.fi\/mevi2020\/wp-json\/wp\/v2\/comments?post=5035"}],"version-history":[{"count":1,"href":"https:\/\/mediaviestinta.fi\/mevi2020\/wp-json\/wp\/v2\/posts\/5035\/revisions"}],"predecessor-version":[{"id":5036,"href":"https:\/\/mediaviestinta.fi\/mevi2020\/wp-json\/wp\/v2\/posts\/5035\/revisions\/5036"}],"wp:featuredmedia":[{"embeddable":true,"href":"https:\/\/mediaviestinta.fi\/mevi2020\/wp-json\/wp\/v2\/media\/3817"}],"wp:attachment":[{"href":"https:\/\/mediaviestinta.fi\/mevi2020\/wp-json\/wp\/v2\/media?parent=5035"}],"wp:term":[{"taxonomy":"category","embeddable":true,"href":"https:\/\/mediaviestinta.fi\/mevi2020\/wp-json\/wp\/v2\/categories?post=5035"},{"taxonomy":"post_tag","embeddable":true,"href":"https:\/\/mediaviestinta.fi\/mevi2020\/wp-json\/wp\/v2\/tags?post=5035"}],"curies":[{"name":"wp","href":"https:\/\/api.w.org\/{rel}","templated":true}]}}