{"id":5187,"date":"2024-09-19T12:46:25","date_gmt":"2024-09-19T09:46:25","guid":{"rendered":"https:\/\/mediaviestinta.fi\/?p=5187"},"modified":"2024-09-19T12:46:26","modified_gmt":"2024-09-19T09:46:26","slug":"turvakaytannot-jaavat-usein-tutkivan-toimittajan-oman-aktiivisuuden-varaan","status":"publish","type":"post","link":"https:\/\/mediaviestinta.fi\/mevi2020\/2024\/09\/turvakaytannot-jaavat-usein-tutkivan-toimittajan-oman-aktiivisuuden-varaan\/","title":{"rendered":"Turvak\u00e4yt\u00e4nn\u00f6t j\u00e4\u00e4v\u00e4t usein tutkivan toimittajan oman aktiivisuuden varaan"},"content":{"rendered":"\n<p><strong>Vaikka toimittajat kohtaavat Suomessa harvoin vakavia turvallisuusriskej\u00e4, ovat tutkivat toimittajat huolissaan l\u00e4hdesuojan turvaamisesta ja henkisest\u00e4 jaksamisesta, k\u00e4y ilmi Ilmari Hiltusen artikkelissa. Usein turvak\u00e4yt\u00e4nt\u00f6jen yll\u00e4pito j\u00e4\u00e4 yksil\u00f6iden oman aktiivisuuden varaan, vaikkakin tietoa ja apua jaetaan kollegiaalisesti ammattikunnan sis\u00e4ll\u00e4. Artikkeli <a href=\"https:\/\/journal.fi\/mediaviestinta\/article\/view\/141474\">Riskin\u00e4kemykset ja turvak\u00e4yt\u00e4nn\u00f6t suomalaisten tutkivien toimittajien ty\u00f6ss\u00e4<\/a> on julkaistu Media &amp; viestint\u00e4 -lehden numerossa <a href=\"https:\/\/journal.fi\/mediaviestinta\/issue\/view\/11089\">2\/2024. <\/a><\/strong><\/p>\n\n\n\n<p><strong>Mihin laajempaan ilmi\u00f6\u00f6n ja keskusteluun artikkelisi liittyy? <\/strong><\/p>\n\n\n\n<p>Sek\u00e4 tietoturvakysymykset ett\u00e4 journalisteihin kohdistuvat uhat ovat olleet viime aikoina n\u00e4kyv\u00e4sti esill\u00e4 julkisessa keskustelussa. Tutkimukseni pureutuu molempiin teemoihin journalististen ty\u00f6k\u00e4yt\u00e4nt\u00f6jen n\u00e4k\u00f6kulmasta. Artikkelissani tarkastelen, millaisia haasteita l\u00e4hdesuojan ja tietojen luottamuksellisuuden turvaamiseen sek\u00e4 tutkivien toimittajien omaan turvallisuuteen n\u00e4hd\u00e4\u00e4n liittyv\u00e4n nykyisess\u00e4 viestint\u00e4ymp\u00e4rist\u00f6ss\u00e4. Selvit\u00e4n my\u00f6s, miten journalistit pyrkiv\u00e4t varautumaan n\u00e4ihin riskeihin ja minimoimaan niit\u00e4. K\u00e4sittelem\u00e4ni teemat ovat erityisen akuutteja juuri tutkivassa journalismissa, jota pidet\u00e4\u00e4n yleisesti riskipitoisena journalismin lajina ja jossa hy\u00f6dynnet\u00e4\u00e4n luottamuksellisia l\u00e4hteit\u00e4 ja salattuja aineistoja useammin kuin normaalissa uutisjournalismissa.<\/p>\n\n\n\n<p><strong>Mik\u00e4 on antisi t\u00e4h\u00e4n keskusteluun?<\/strong><\/p>\n\n\n\n<p>Koska suomalaiset tutkivat journalistit kohtaavat vakavia turvallisuusuhkia varsin harvoin, l\u00e4hdesuojan turvaaminen nousi tutkimuksessa keskeisimm\u00e4ksi jaetuksi huoleksi. Toisaalta esimerkiksi h\u00e4irinn\u00e4n tai impulsiivisen v\u00e4kivallan kohteeksi joutuminen n\u00e4hd\u00e4\u00e4n mahdollisina uhkatekij\u00f6in\u00e4, joihin on vaikea tehokkaasti varautua ennalta. My\u00f6s tutkivan ty\u00f6n henkinen kuormitus nousi haastatteluissa n\u00e4kyv\u00e4sti esille. Tutkivan journalismin suhde sek\u00e4 juttujen kohteisiin ett\u00e4 l\u00e4hteisiin on usein j\u00e4nnitteinen, ja konfliktit ovat yleisi\u00e4. T\u00e4m\u00e4 edellytt\u00e4\u00e4 paineensietokyky\u00e4 ja tekee ty\u00f6st\u00e4 henkisesti kuluttavaa, mik\u00e4 voi altistaa uupumukselle.<\/p>\n\n\n\n<p><strong>Mik\u00e4 on artikkelisi keskeinen havainto?<\/strong><\/p>\n\n\n\n<p>Moniin muihin ammattiryhmiin verrattuna tutkivat journalistit nauttivat edelleen varsin laajasta autonomiasta sen suhteen, millaisia tietoturva- ja turvallisuusk\u00e4yt\u00e4nt\u00f6j\u00e4 he ty\u00f6ss\u00e4\u00e4n soveltavat. Tutkimushaastattelujen perusteella vain ani harvalla ty\u00f6nantajalla on yhten\u00e4isi\u00e4 linjauksia tai ohjeistusta esimerkiksi siit\u00e4, millaisten kanavien kautta luottamuksellisten l\u00e4hteiden kanssa tulisi viesti\u00e4 tai millaisia suojaustoimenpiteit\u00e4 arkaluontoisiin tietoihin tulisi soveltaa. T\u00e4st\u00e4 syyst\u00e4 my\u00f6s vastuu turvak\u00e4yt\u00e4nt\u00f6ihin liittyv\u00e4n tietotaidon ja osaamisen yll\u00e4pit\u00e4misest\u00e4 j\u00e4\u00e4 tyypillisesti yksitt\u00e4isten journalistien omalle vastuulle. Systemaattisen ohjeistuksen ja ennalta mietittyjen toimintatapojen sek\u00e4 s\u00e4\u00e4nn\u00f6llisten yll\u00e4pit\u00e4vien koulutusten tarpeellisuutta voisi siis olla syyt\u00e4 vakavasti pohtia kaikissa tutkivaa journalismia harjoittavissa toimituksissa.<\/p>\n\n\n\n<p><strong>Kenen kannattaa lukea artikkelisi? <\/strong><\/p>\n\n\n\n<p>Artikkelista on erityist\u00e4 apua tutkivan journalismin ty\u00f6k\u00e4yt\u00e4nt\u00f6jen ja tukitoimien suunnittelussa. Sit\u00e4 voi siis lukea yleisesityksen\u00e4 siit\u00e4, millaisia asioita kannattaa ottaa huomioon l\u00e4hdesuojan ja journalistien turvallisuuden n\u00e4k\u00f6kulmasta. Erityisesti artikkelin lukemisesta hy\u00f6tyv\u00e4t tutkivat journalistit tai siihen suuntautumisesta kiinnostuneet henkil\u00f6t, tutkivaa journalismia harjoittavat toimitukset sek\u00e4 journalistikoulutuksen j\u00e4rjest\u00e4j\u00e4t, oli kyse sitten ammattiin valmistavasta koulutuksesta tai jo ammatissa ty\u00f6skenteleville annettavasta t\u00e4ydennyskoulutuksesta.<\/p>\n\n\n\n<p><strong>Mik\u00e4 sai sinut tarttumaan t\u00e4h\u00e4n aiheeseen?<\/strong><\/p>\n\n\n\n<p>Tutkimme kollegojeni kanssa aihetta samanaikaisesti kolmessa Euroopan maassa: Suomessa, Virossa ja T\u0161ekiss\u00e4. T\u00e4m\u00e4 mahdollistaa my\u00f6hemm\u00e4t vertailut maiden v\u00e4lill\u00e4. Kimmokkeena tutkimukselle toimi tutkivan journalistin <strong>J\u00e1n Kuciakin<\/strong> ja h\u00e4nen puolisonsa murha vuonna 2018 Slovakiassa, jota siihen asti pidettiin varsin turvallisena maana journalistien n\u00e4k\u00f6kulmasta. T\u0161ekiss\u00e4 ty\u00f6skentelev\u00e4 kollegani <strong>Mar\u00edna Urb\u00e1nikov\u00e1<\/strong> teki tapauksen j\u00e4lkeen tutkimushaastatteluja slovakialaisten tutkivien journalistien parissa ja havaitsi, ett\u00e4 tutkivien journalistien ty\u00f6ss\u00e4\u00e4n soveltamat turvak\u00e4yt\u00e4nn\u00f6t sek\u00e4 n\u00e4iden arviot ty\u00f6n riskeist\u00e4 eroavat merkitt\u00e4v\u00e4sti toisistaan, ja ett\u00e4 aihetta olisi syyt\u00e4 tutkia systemaattisesti. Vertailumaana Suomi on kiinnostava, sill\u00e4 t\u00e4\u00e4ll\u00e4 journalismin vapauden ja toimittajien turvallisuuden on yleisesti ajateltu olevan maailman huippua. On siis kiinnostavaa tarkastella, millaisia riskej\u00e4 journalistit hahmottavat t\u00e4llaisessa ymp\u00e4rist\u00f6ss\u00e4 ja eroaako heid\u00e4n varautumisensa niihin merkitt\u00e4v\u00e4sti vertailumaiden kollegoista.<\/p>\n\n\n\n<p><\/p>\n","protected":false},"excerpt":{"rendered":"<p>Vaikka toimittajat kohtaavat Suomessa harvoin vakavia turvallisuusriskej\u00e4, ovat tutkivat toimittajat huolissaan l\u00e4hdesuojan turvaamisesta ja henkisest\u00e4 jaksamisesta, k\u00e4y ilmi Ilmari Hiltusen artikkelissa. Usein turvak\u00e4yt\u00e4nt\u00f6jen yll\u00e4pito j\u00e4\u00e4 yksil\u00f6iden oman aktiivisuuden&hellip;<\/p>\n","protected":false},"author":3,"featured_media":5188,"comment_status":"open","ping_status":"closed","sticky":false,"template":"","format":"standard","meta":{"_monsterinsights_skip_tracking":false,"_monsterinsights_sitenote_active":false,"_monsterinsights_sitenote_note":"","_monsterinsights_sitenote_category":0,"footnotes":""},"categories":[1],"tags":[],"class_list":["post-5187","post","type-post","status-publish","format-standard","has-post-thumbnail","hentry","category-yleinen"],"yoast_head":"<!-- This site is optimized with the Yoast SEO plugin v27.5 - https:\/\/yoast.com\/product\/yoast-seo-wordpress\/ -->\n<title>Turvak\u00e4yt\u00e4nn\u00f6t j\u00e4\u00e4v\u00e4t usein tutkivan toimittajan oman aktiivisuuden varaan &#8211; Mevi<\/title>\n<meta name=\"robots\" content=\"index, follow, max-snippet:-1, max-image-preview:large, max-video-preview:-1\" \/>\n<link rel=\"canonical\" href=\"https:\/\/mediaviestinta.fi\/mevi2020\/2024\/09\/turvakaytannot-jaavat-usein-tutkivan-toimittajan-oman-aktiivisuuden-varaan\/\" \/>\n<meta property=\"og:locale\" content=\"fi_FI\" \/>\n<meta property=\"og:type\" content=\"article\" \/>\n<meta property=\"og:title\" content=\"Turvak\u00e4yt\u00e4nn\u00f6t j\u00e4\u00e4v\u00e4t usein tutkivan toimittajan oman aktiivisuuden varaan &#8211; Mevi\" \/>\n<meta property=\"og:description\" content=\"Vaikka toimittajat kohtaavat Suomessa harvoin vakavia turvallisuusriskej\u00e4, ovat tutkivat toimittajat huolissaan l\u00e4hdesuojan turvaamisesta ja henkisest\u00e4 jaksamisesta, k\u00e4y ilmi Ilmari Hiltusen artikkelissa. Usein turvak\u00e4yt\u00e4nt\u00f6jen yll\u00e4pito j\u00e4\u00e4 yksil\u00f6iden oman aktiivisuuden&hellip;\" \/>\n<meta property=\"og:url\" content=\"https:\/\/mediaviestinta.fi\/mevi2020\/2024\/09\/turvakaytannot-jaavat-usein-tutkivan-toimittajan-oman-aktiivisuuden-varaan\/\" \/>\n<meta property=\"og:site_name\" content=\"Mevi\" \/>\n<meta property=\"article:publisher\" content=\"https:\/\/www.facebook.com\/MediaViestinta\/\" \/>\n<meta property=\"article:published_time\" content=\"2024-09-19T09:46:25+00:00\" \/>\n<meta property=\"article:modified_time\" content=\"2024-09-19T09:46:26+00:00\" \/>\n<meta property=\"og:image\" content=\"https:\/\/mediaviestinta.fi\/mevi2020\/wp-content\/uploads\/2024\/09\/security-265130_1280.jpg\" \/>\n\t<meta property=\"og:image:width\" content=\"1280\" \/>\n\t<meta property=\"og:image:height\" content=\"853\" \/>\n\t<meta property=\"og:image:type\" content=\"image\/jpeg\" \/>\n<meta name=\"author\" content=\"Mevi\" \/>\n<meta name=\"twitter:card\" content=\"summary_large_image\" \/>\n<meta name=\"twitter:creator\" content=\"@mediaviestinta\" \/>\n<meta name=\"twitter:site\" content=\"@mediaviestinta\" \/>\n<meta name=\"twitter:label1\" content=\"Kirjoittanut\" \/>\n\t<meta name=\"twitter:data1\" content=\"Mevi\" \/>\n\t<meta name=\"twitter:label2\" content=\"Arvioitu lukuaika\" \/>\n\t<meta name=\"twitter:data2\" content=\"4 minuuttia\" \/>\n<script type=\"application\/ld+json\" class=\"yoast-schema-graph\">{\"@context\":\"https:\\\/\\\/schema.org\",\"@graph\":[{\"@type\":\"Article\",\"@id\":\"https:\\\/\\\/mediaviestinta.fi\\\/mevi2020\\\/2024\\\/09\\\/turvakaytannot-jaavat-usein-tutkivan-toimittajan-oman-aktiivisuuden-varaan\\\/#article\",\"isPartOf\":{\"@id\":\"https:\\\/\\\/mediaviestinta.fi\\\/mevi2020\\\/2024\\\/09\\\/turvakaytannot-jaavat-usein-tutkivan-toimittajan-oman-aktiivisuuden-varaan\\\/\"},\"author\":{\"name\":\"Mevi\",\"@id\":\"https:\\\/\\\/mediaviestinta.fi\\\/#\\\/schema\\\/person\\\/b2da34ab24cfcd17dbdd6c7cfb173257\"},\"headline\":\"Turvak\u00e4yt\u00e4nn\u00f6t j\u00e4\u00e4v\u00e4t usein tutkivan toimittajan oman aktiivisuuden varaan\",\"datePublished\":\"2024-09-19T09:46:25+00:00\",\"dateModified\":\"2024-09-19T09:46:26+00:00\",\"mainEntityOfPage\":{\"@id\":\"https:\\\/\\\/mediaviestinta.fi\\\/mevi2020\\\/2024\\\/09\\\/turvakaytannot-jaavat-usein-tutkivan-toimittajan-oman-aktiivisuuden-varaan\\\/\"},\"wordCount\":615,\"commentCount\":0,\"publisher\":{\"@id\":\"https:\\\/\\\/mediaviestinta.fi\\\/#organization\"},\"image\":{\"@id\":\"https:\\\/\\\/mediaviestinta.fi\\\/mevi2020\\\/2024\\\/09\\\/turvakaytannot-jaavat-usein-tutkivan-toimittajan-oman-aktiivisuuden-varaan\\\/#primaryimage\"},\"thumbnailUrl\":\"https:\\\/\\\/mediaviestinta.fi\\\/mevi2020\\\/wp-content\\\/uploads\\\/2024\\\/09\\\/security-265130_1280.jpg\",\"inLanguage\":\"fi\",\"potentialAction\":[{\"@type\":\"CommentAction\",\"name\":\"Comment\",\"target\":[\"https:\\\/\\\/mediaviestinta.fi\\\/mevi2020\\\/2024\\\/09\\\/turvakaytannot-jaavat-usein-tutkivan-toimittajan-oman-aktiivisuuden-varaan\\\/#respond\"]}]},{\"@type\":\"WebPage\",\"@id\":\"https:\\\/\\\/mediaviestinta.fi\\\/mevi2020\\\/2024\\\/09\\\/turvakaytannot-jaavat-usein-tutkivan-toimittajan-oman-aktiivisuuden-varaan\\\/\",\"url\":\"https:\\\/\\\/mediaviestinta.fi\\\/mevi2020\\\/2024\\\/09\\\/turvakaytannot-jaavat-usein-tutkivan-toimittajan-oman-aktiivisuuden-varaan\\\/\",\"name\":\"Turvak\u00e4yt\u00e4nn\u00f6t j\u00e4\u00e4v\u00e4t usein tutkivan toimittajan oman aktiivisuuden varaan &#8211; Mevi\",\"isPartOf\":{\"@id\":\"https:\\\/\\\/mediaviestinta.fi\\\/#website\"},\"primaryImageOfPage\":{\"@id\":\"https:\\\/\\\/mediaviestinta.fi\\\/mevi2020\\\/2024\\\/09\\\/turvakaytannot-jaavat-usein-tutkivan-toimittajan-oman-aktiivisuuden-varaan\\\/#primaryimage\"},\"image\":{\"@id\":\"https:\\\/\\\/mediaviestinta.fi\\\/mevi2020\\\/2024\\\/09\\\/turvakaytannot-jaavat-usein-tutkivan-toimittajan-oman-aktiivisuuden-varaan\\\/#primaryimage\"},\"thumbnailUrl\":\"https:\\\/\\\/mediaviestinta.fi\\\/mevi2020\\\/wp-content\\\/uploads\\\/2024\\\/09\\\/security-265130_1280.jpg\",\"datePublished\":\"2024-09-19T09:46:25+00:00\",\"dateModified\":\"2024-09-19T09:46:26+00:00\",\"breadcrumb\":{\"@id\":\"https:\\\/\\\/mediaviestinta.fi\\\/mevi2020\\\/2024\\\/09\\\/turvakaytannot-jaavat-usein-tutkivan-toimittajan-oman-aktiivisuuden-varaan\\\/#breadcrumb\"},\"inLanguage\":\"fi\",\"potentialAction\":[{\"@type\":\"ReadAction\",\"target\":[\"https:\\\/\\\/mediaviestinta.fi\\\/mevi2020\\\/2024\\\/09\\\/turvakaytannot-jaavat-usein-tutkivan-toimittajan-oman-aktiivisuuden-varaan\\\/\"]}]},{\"@type\":\"ImageObject\",\"inLanguage\":\"fi\",\"@id\":\"https:\\\/\\\/mediaviestinta.fi\\\/mevi2020\\\/2024\\\/09\\\/turvakaytannot-jaavat-usein-tutkivan-toimittajan-oman-aktiivisuuden-varaan\\\/#primaryimage\",\"url\":\"https:\\\/\\\/mediaviestinta.fi\\\/mevi2020\\\/wp-content\\\/uploads\\\/2024\\\/09\\\/security-265130_1280.jpg\",\"contentUrl\":\"https:\\\/\\\/mediaviestinta.fi\\\/mevi2020\\\/wp-content\\\/uploads\\\/2024\\\/09\\\/security-265130_1280.jpg\",\"width\":1280,\"height\":853,\"caption\":\"Pixelcreatures \\\/ Pixabay\"},{\"@type\":\"BreadcrumbList\",\"@id\":\"https:\\\/\\\/mediaviestinta.fi\\\/mevi2020\\\/2024\\\/09\\\/turvakaytannot-jaavat-usein-tutkivan-toimittajan-oman-aktiivisuuden-varaan\\\/#breadcrumb\",\"itemListElement\":[{\"@type\":\"ListItem\",\"position\":1,\"name\":\"Home\",\"item\":\"https:\\\/\\\/mediaviestinta.fi\\\/\"},{\"@type\":\"ListItem\",\"position\":2,\"name\":\"Turvak\u00e4yt\u00e4nn\u00f6t j\u00e4\u00e4v\u00e4t usein tutkivan toimittajan oman aktiivisuuden varaan\"}]},{\"@type\":\"WebSite\",\"@id\":\"https:\\\/\\\/mediaviestinta.fi\\\/#website\",\"url\":\"https:\\\/\\\/mediaviestinta.fi\\\/\",\"name\":\"Mevi\",\"description\":\"Media- ja viestint\u00e4tieteellinen seura Mevi\",\"publisher\":{\"@id\":\"https:\\\/\\\/mediaviestinta.fi\\\/#organization\"},\"potentialAction\":[{\"@type\":\"SearchAction\",\"target\":{\"@type\":\"EntryPoint\",\"urlTemplate\":\"https:\\\/\\\/mediaviestinta.fi\\\/?s={search_term_string}\"},\"query-input\":{\"@type\":\"PropertyValueSpecification\",\"valueRequired\":true,\"valueName\":\"search_term_string\"}}],\"inLanguage\":\"fi\"},{\"@type\":\"Organization\",\"@id\":\"https:\\\/\\\/mediaviestinta.fi\\\/#organization\",\"name\":\"Media- ja viestint\u00e4tieteellinen seura Mevi\",\"url\":\"https:\\\/\\\/mediaviestinta.fi\\\/\",\"logo\":{\"@type\":\"ImageObject\",\"inLanguage\":\"fi\",\"@id\":\"https:\\\/\\\/mediaviestinta.fi\\\/#\\\/schema\\\/logo\\\/image\\\/\",\"url\":\"https:\\\/\\\/mediaviestinta.fi\\\/mevi2020\\\/wp-content\\\/uploads\\\/2020\\\/03\\\/mevi-logo-RGB-Transparent.png\",\"contentUrl\":\"https:\\\/\\\/mediaviestinta.fi\\\/mevi2020\\\/wp-content\\\/uploads\\\/2020\\\/03\\\/mevi-logo-RGB-Transparent.png\",\"width\":910,\"height\":464,\"caption\":\"Media- ja viestint\u00e4tieteellinen seura Mevi\"},\"image\":{\"@id\":\"https:\\\/\\\/mediaviestinta.fi\\\/#\\\/schema\\\/logo\\\/image\\\/\"},\"sameAs\":[\"https:\\\/\\\/www.facebook.com\\\/MediaViestinta\\\/\",\"https:\\\/\\\/x.com\\\/mediaviestinta\"]},{\"@type\":\"Person\",\"@id\":\"https:\\\/\\\/mediaviestinta.fi\\\/#\\\/schema\\\/person\\\/b2da34ab24cfcd17dbdd6c7cfb173257\",\"name\":\"Mevi\",\"image\":{\"@type\":\"ImageObject\",\"inLanguage\":\"fi\",\"@id\":\"https:\\\/\\\/secure.gravatar.com\\\/avatar\\\/3305b76d1667dc119a18808ed03d6a1fc2dfa8b6a1cddecb8c4d27ef14ec32ca?s=96&d=mm&r=g\",\"url\":\"https:\\\/\\\/secure.gravatar.com\\\/avatar\\\/3305b76d1667dc119a18808ed03d6a1fc2dfa8b6a1cddecb8c4d27ef14ec32ca?s=96&d=mm&r=g\",\"contentUrl\":\"https:\\\/\\\/secure.gravatar.com\\\/avatar\\\/3305b76d1667dc119a18808ed03d6a1fc2dfa8b6a1cddecb8c4d27ef14ec32ca?s=96&d=mm&r=g\",\"caption\":\"Mevi\"},\"url\":\"https:\\\/\\\/mediaviestinta.fi\\\/mevi2020\\\/author\\\/mediavie\\\/\"}]}<\/script>\n<!-- \/ Yoast SEO plugin. -->","yoast_head_json":{"title":"Turvak\u00e4yt\u00e4nn\u00f6t j\u00e4\u00e4v\u00e4t usein tutkivan toimittajan oman aktiivisuuden varaan &#8211; Mevi","robots":{"index":"index","follow":"follow","max-snippet":"max-snippet:-1","max-image-preview":"max-image-preview:large","max-video-preview":"max-video-preview:-1"},"canonical":"https:\/\/mediaviestinta.fi\/mevi2020\/2024\/09\/turvakaytannot-jaavat-usein-tutkivan-toimittajan-oman-aktiivisuuden-varaan\/","og_locale":"fi_FI","og_type":"article","og_title":"Turvak\u00e4yt\u00e4nn\u00f6t j\u00e4\u00e4v\u00e4t usein tutkivan toimittajan oman aktiivisuuden varaan &#8211; Mevi","og_description":"Vaikka toimittajat kohtaavat Suomessa harvoin vakavia turvallisuusriskej\u00e4, ovat tutkivat toimittajat huolissaan l\u00e4hdesuojan turvaamisesta ja henkisest\u00e4 jaksamisesta, k\u00e4y ilmi Ilmari Hiltusen artikkelissa. Usein turvak\u00e4yt\u00e4nt\u00f6jen yll\u00e4pito j\u00e4\u00e4 yksil\u00f6iden oman aktiivisuuden&hellip;","og_url":"https:\/\/mediaviestinta.fi\/mevi2020\/2024\/09\/turvakaytannot-jaavat-usein-tutkivan-toimittajan-oman-aktiivisuuden-varaan\/","og_site_name":"Mevi","article_publisher":"https:\/\/www.facebook.com\/MediaViestinta\/","article_published_time":"2024-09-19T09:46:25+00:00","article_modified_time":"2024-09-19T09:46:26+00:00","og_image":[{"width":1280,"height":853,"url":"https:\/\/mediaviestinta.fi\/mevi2020\/wp-content\/uploads\/2024\/09\/security-265130_1280.jpg","type":"image\/jpeg"}],"author":"Mevi","twitter_card":"summary_large_image","twitter_creator":"@mediaviestinta","twitter_site":"@mediaviestinta","twitter_misc":{"Kirjoittanut":"Mevi","Arvioitu lukuaika":"4 minuuttia"},"schema":{"@context":"https:\/\/schema.org","@graph":[{"@type":"Article","@id":"https:\/\/mediaviestinta.fi\/mevi2020\/2024\/09\/turvakaytannot-jaavat-usein-tutkivan-toimittajan-oman-aktiivisuuden-varaan\/#article","isPartOf":{"@id":"https:\/\/mediaviestinta.fi\/mevi2020\/2024\/09\/turvakaytannot-jaavat-usein-tutkivan-toimittajan-oman-aktiivisuuden-varaan\/"},"author":{"name":"Mevi","@id":"https:\/\/mediaviestinta.fi\/#\/schema\/person\/b2da34ab24cfcd17dbdd6c7cfb173257"},"headline":"Turvak\u00e4yt\u00e4nn\u00f6t j\u00e4\u00e4v\u00e4t usein tutkivan toimittajan oman aktiivisuuden varaan","datePublished":"2024-09-19T09:46:25+00:00","dateModified":"2024-09-19T09:46:26+00:00","mainEntityOfPage":{"@id":"https:\/\/mediaviestinta.fi\/mevi2020\/2024\/09\/turvakaytannot-jaavat-usein-tutkivan-toimittajan-oman-aktiivisuuden-varaan\/"},"wordCount":615,"commentCount":0,"publisher":{"@id":"https:\/\/mediaviestinta.fi\/#organization"},"image":{"@id":"https:\/\/mediaviestinta.fi\/mevi2020\/2024\/09\/turvakaytannot-jaavat-usein-tutkivan-toimittajan-oman-aktiivisuuden-varaan\/#primaryimage"},"thumbnailUrl":"https:\/\/mediaviestinta.fi\/mevi2020\/wp-content\/uploads\/2024\/09\/security-265130_1280.jpg","inLanguage":"fi","potentialAction":[{"@type":"CommentAction","name":"Comment","target":["https:\/\/mediaviestinta.fi\/mevi2020\/2024\/09\/turvakaytannot-jaavat-usein-tutkivan-toimittajan-oman-aktiivisuuden-varaan\/#respond"]}]},{"@type":"WebPage","@id":"https:\/\/mediaviestinta.fi\/mevi2020\/2024\/09\/turvakaytannot-jaavat-usein-tutkivan-toimittajan-oman-aktiivisuuden-varaan\/","url":"https:\/\/mediaviestinta.fi\/mevi2020\/2024\/09\/turvakaytannot-jaavat-usein-tutkivan-toimittajan-oman-aktiivisuuden-varaan\/","name":"Turvak\u00e4yt\u00e4nn\u00f6t j\u00e4\u00e4v\u00e4t usein tutkivan toimittajan oman aktiivisuuden varaan &#8211; Mevi","isPartOf":{"@id":"https:\/\/mediaviestinta.fi\/#website"},"primaryImageOfPage":{"@id":"https:\/\/mediaviestinta.fi\/mevi2020\/2024\/09\/turvakaytannot-jaavat-usein-tutkivan-toimittajan-oman-aktiivisuuden-varaan\/#primaryimage"},"image":{"@id":"https:\/\/mediaviestinta.fi\/mevi2020\/2024\/09\/turvakaytannot-jaavat-usein-tutkivan-toimittajan-oman-aktiivisuuden-varaan\/#primaryimage"},"thumbnailUrl":"https:\/\/mediaviestinta.fi\/mevi2020\/wp-content\/uploads\/2024\/09\/security-265130_1280.jpg","datePublished":"2024-09-19T09:46:25+00:00","dateModified":"2024-09-19T09:46:26+00:00","breadcrumb":{"@id":"https:\/\/mediaviestinta.fi\/mevi2020\/2024\/09\/turvakaytannot-jaavat-usein-tutkivan-toimittajan-oman-aktiivisuuden-varaan\/#breadcrumb"},"inLanguage":"fi","potentialAction":[{"@type":"ReadAction","target":["https:\/\/mediaviestinta.fi\/mevi2020\/2024\/09\/turvakaytannot-jaavat-usein-tutkivan-toimittajan-oman-aktiivisuuden-varaan\/"]}]},{"@type":"ImageObject","inLanguage":"fi","@id":"https:\/\/mediaviestinta.fi\/mevi2020\/2024\/09\/turvakaytannot-jaavat-usein-tutkivan-toimittajan-oman-aktiivisuuden-varaan\/#primaryimage","url":"https:\/\/mediaviestinta.fi\/mevi2020\/wp-content\/uploads\/2024\/09\/security-265130_1280.jpg","contentUrl":"https:\/\/mediaviestinta.fi\/mevi2020\/wp-content\/uploads\/2024\/09\/security-265130_1280.jpg","width":1280,"height":853,"caption":"Pixelcreatures \/ Pixabay"},{"@type":"BreadcrumbList","@id":"https:\/\/mediaviestinta.fi\/mevi2020\/2024\/09\/turvakaytannot-jaavat-usein-tutkivan-toimittajan-oman-aktiivisuuden-varaan\/#breadcrumb","itemListElement":[{"@type":"ListItem","position":1,"name":"Home","item":"https:\/\/mediaviestinta.fi\/"},{"@type":"ListItem","position":2,"name":"Turvak\u00e4yt\u00e4nn\u00f6t j\u00e4\u00e4v\u00e4t usein tutkivan toimittajan oman aktiivisuuden varaan"}]},{"@type":"WebSite","@id":"https:\/\/mediaviestinta.fi\/#website","url":"https:\/\/mediaviestinta.fi\/","name":"Mevi","description":"Media- ja viestint\u00e4tieteellinen seura Mevi","publisher":{"@id":"https:\/\/mediaviestinta.fi\/#organization"},"potentialAction":[{"@type":"SearchAction","target":{"@type":"EntryPoint","urlTemplate":"https:\/\/mediaviestinta.fi\/?s={search_term_string}"},"query-input":{"@type":"PropertyValueSpecification","valueRequired":true,"valueName":"search_term_string"}}],"inLanguage":"fi"},{"@type":"Organization","@id":"https:\/\/mediaviestinta.fi\/#organization","name":"Media- ja viestint\u00e4tieteellinen seura Mevi","url":"https:\/\/mediaviestinta.fi\/","logo":{"@type":"ImageObject","inLanguage":"fi","@id":"https:\/\/mediaviestinta.fi\/#\/schema\/logo\/image\/","url":"https:\/\/mediaviestinta.fi\/mevi2020\/wp-content\/uploads\/2020\/03\/mevi-logo-RGB-Transparent.png","contentUrl":"https:\/\/mediaviestinta.fi\/mevi2020\/wp-content\/uploads\/2020\/03\/mevi-logo-RGB-Transparent.png","width":910,"height":464,"caption":"Media- ja viestint\u00e4tieteellinen seura Mevi"},"image":{"@id":"https:\/\/mediaviestinta.fi\/#\/schema\/logo\/image\/"},"sameAs":["https:\/\/www.facebook.com\/MediaViestinta\/","https:\/\/x.com\/mediaviestinta"]},{"@type":"Person","@id":"https:\/\/mediaviestinta.fi\/#\/schema\/person\/b2da34ab24cfcd17dbdd6c7cfb173257","name":"Mevi","image":{"@type":"ImageObject","inLanguage":"fi","@id":"https:\/\/secure.gravatar.com\/avatar\/3305b76d1667dc119a18808ed03d6a1fc2dfa8b6a1cddecb8c4d27ef14ec32ca?s=96&d=mm&r=g","url":"https:\/\/secure.gravatar.com\/avatar\/3305b76d1667dc119a18808ed03d6a1fc2dfa8b6a1cddecb8c4d27ef14ec32ca?s=96&d=mm&r=g","contentUrl":"https:\/\/secure.gravatar.com\/avatar\/3305b76d1667dc119a18808ed03d6a1fc2dfa8b6a1cddecb8c4d27ef14ec32ca?s=96&d=mm&r=g","caption":"Mevi"},"url":"https:\/\/mediaviestinta.fi\/mevi2020\/author\/mediavie\/"}]}},"_links":{"self":[{"href":"https:\/\/mediaviestinta.fi\/mevi2020\/wp-json\/wp\/v2\/posts\/5187","targetHints":{"allow":["GET"]}}],"collection":[{"href":"https:\/\/mediaviestinta.fi\/mevi2020\/wp-json\/wp\/v2\/posts"}],"about":[{"href":"https:\/\/mediaviestinta.fi\/mevi2020\/wp-json\/wp\/v2\/types\/post"}],"author":[{"embeddable":true,"href":"https:\/\/mediaviestinta.fi\/mevi2020\/wp-json\/wp\/v2\/users\/3"}],"replies":[{"embeddable":true,"href":"https:\/\/mediaviestinta.fi\/mevi2020\/wp-json\/wp\/v2\/comments?post=5187"}],"version-history":[{"count":2,"href":"https:\/\/mediaviestinta.fi\/mevi2020\/wp-json\/wp\/v2\/posts\/5187\/revisions"}],"predecessor-version":[{"id":5195,"href":"https:\/\/mediaviestinta.fi\/mevi2020\/wp-json\/wp\/v2\/posts\/5187\/revisions\/5195"}],"wp:featuredmedia":[{"embeddable":true,"href":"https:\/\/mediaviestinta.fi\/mevi2020\/wp-json\/wp\/v2\/media\/5188"}],"wp:attachment":[{"href":"https:\/\/mediaviestinta.fi\/mevi2020\/wp-json\/wp\/v2\/media?parent=5187"}],"wp:term":[{"taxonomy":"category","embeddable":true,"href":"https:\/\/mediaviestinta.fi\/mevi2020\/wp-json\/wp\/v2\/categories?post=5187"},{"taxonomy":"post_tag","embeddable":true,"href":"https:\/\/mediaviestinta.fi\/mevi2020\/wp-json\/wp\/v2\/tags?post=5187"}],"curies":[{"name":"wp","href":"https:\/\/api.w.org\/{rel}","templated":true}]}}