{"id":5212,"date":"2024-12-12T12:18:25","date_gmt":"2024-12-12T10:18:25","guid":{"rendered":"https:\/\/mediaviestinta.fi\/mevi2020\/?p=5212"},"modified":"2025-01-16T15:26:53","modified_gmt":"2025-01-16T13:26:53","slug":"medioiden-kertomat-negatiiviset-mallitarinat-muovaavat-mielikuvia-tietojarjestelmauudistuksista","status":"publish","type":"post","link":"https:\/\/mediaviestinta.fi\/mevi2020\/2024\/12\/medioiden-kertomat-negatiiviset-mallitarinat-muovaavat-mielikuvia-tietojarjestelmauudistuksista\/","title":{"rendered":"Medioiden kertomat negatiiviset mallitarinat muovaavat mielikuvia tietoj\u00e4rjestelm\u00e4uudistuksista"},"content":{"rendered":"\n<p><strong>Kertoessaan julkisista tietoj\u00e4rjestelm\u00e4uudistuksista, mediat hy\u00f6dynt\u00e4v\u00e4t mallitarinoita, jotka voivat toisaalta auttaa ymm\u00e4rt\u00e4m\u00e4\u00e4n monimutkaisia uudistuksia, mutta my\u00f6s kaventaa keskustelua. T\u00e4m\u00e4 k\u00e4y ilmi Juha Raipolan ja Matias Nurmisen tuoreessa artikkelissa, jossa he tarkastelivat Uudenmaan alueella k\u00e4ytt\u00f6\u00f6notettua potilas- ja asiakastietoj\u00e4rjestelm\u00e4 Apottia koskevaa mediakertomusta. Artikkeli <a href=\"https:\/\/journal.fi\/mediaviestinta\/article\/view\/144416\">Tuhoon tuomittu: Apotin kielteinen mediakertomus 2012-2021<\/a> on julkaistu Media &amp; viestint\u00e4 -lehden numerossa <a href=\"https:\/\/journal.fi\/mediaviestinta\/issue\/view\/11232\">3\/2024.<\/a><\/strong><\/p>\n\n\n\n<p><strong>Mihin laajempaan ilmi\u00f6\u00f6n ja keskusteluun artikkelinne liittyy?<\/strong> <\/p>\n\n\n\n<p>Artikkelimme k\u00e4sittelee julkisten IT-hankkeiden ja erityisesti tietoj\u00e4rjestelm\u00e4uudistusten ongelmia ja sit\u00e4, miten niist\u00e4 puhutaan mediassa. Keskustelu liittyy siihen, miten monimutkaiset projektit muuttuvat yleis\u00f6n silmiss\u00e4 yksinkertaisiksi kertomuksiksi, joissa usein painottuvat ennen kaikkea hankkeiden negatiiviset puolet kuten j\u00e4rjestelmien k\u00e4ytett\u00e4vyyden ongelmat, vaaratilanteet, viiv\u00e4stykset ja kustannukset. Haluamme pohtia, mitk\u00e4 lainalaisuudet ohjaavat t\u00e4llaisten kertomusten synty\u00e4 ja miten t\u00e4m\u00e4 vaikuttaa yleis\u00f6n ja p\u00e4\u00e4tt\u00e4jien mielikuviin n\u00e4ist\u00e4 hankkeista.<\/p>\n\n\n\n<p><strong>Mik\u00e4 on antinne t\u00e4h\u00e4n keskusteluun? <\/strong><\/p>\n\n\n\n<p>Tuomme keskusteluun kognitiiviseen kertomusteoriaan perustuvan analyysin siit\u00e4, miten tietoj\u00e4rjestelmiin liittyv\u00e4t kertomukset \u2013 ja erityisesti kielteiset mediakertomukset \u2013 k\u00e4yt\u00e4nn\u00f6ss\u00e4 syntyv\u00e4t ja vahvistuvat. Tarkastelemme liki 800 lehtijutun aineistomme kautta, miten ja miksi mediassa toistuvat kriittiset uutisjutut alkavat ennen pitk\u00e4\u00e4 n\u00e4ytt\u00e4yty\u00e4 yhten\u00e4isen\u00e4 ep\u00e4onnistumisen mediakertomuksena, joka voi muokata yleis\u00f6n ja p\u00e4\u00e4tt\u00e4jien k\u00e4sityksi\u00e4 hankkeen onnistumisesta. Tuomme my\u00f6s esiin, kuinka merkitt\u00e4v\u00e4 rooli kertomuksilla ylip\u00e4\u00e4t\u00e4\u00e4n on monimutkaisten tietoj\u00e4rjestelm\u00e4hankkeiden ymm\u00e4rt\u00e4misess\u00e4, ja kuinka my\u00f6s toimittajat ovat alttiita turvautumaan helposti tarjolla oleviin tarinallisiin kehikoihin t\u00e4llaisten hankkeiden j\u00e4sent\u00e4misess\u00e4.<\/p>\n\n\n\n<p><strong>Mik\u00e4 on artikkelinne keskeinen argumentti?<\/strong><\/p>\n\n\n\n<p>Keskeinen v\u00e4itteemme on, ett\u00e4 julkisten tietoj\u00e4rjestelm\u00e4hankkeiden kielteiset mediakertomukset syntyv\u00e4t osittain median tavasta k\u00e4ytt\u00e4\u00e4 kulttuurisesti helposti tunnistettavia mallitarinoita, kuten &#8221;keinottelijat vastaan p\u00e4\u00e4tt\u00e4j\u00e4t&#8221; ja \u201cpieni ihminen vastaan j\u00e4rjestelm\u00e4\u201d. Mallitarinat asemoivat uudistushankkeen osapuolia esimerkiksi \u201cheikkotahtoisten p\u00e4\u00e4tt\u00e4jien\u201d tai \u201csankarillisten kriitikoiden\u201d moraalisiin rooleihin, mik\u00e4 voi helpottaa abstraktin aiheen ymm\u00e4rt\u00e4mist\u00e4 ja seuraamista, mutta my\u00f6s kaventaa keskustelua ja ohjaa huomiota pois hankkeen toteuttajien tavoitteista. Uutisoinnin toistuvat muodot eiv\u00e4t vaikuta ainoastaan yleis\u00f6n mielikuviin, vaan my\u00f6s esimerkiksi p\u00e4\u00e4tt\u00e4jien luottamukseen hankkeen onnistumisesta. Vaarana on siis itse\u00e4\u00e4n vahvistava kierre, jossa kertomusten kautta syntyv\u00e4t ep\u00e4onnistumisen odotukset alkavat vaikuttaa hankkeen toteutukseen.<\/p>\n\n\n\n<p><strong>Mit\u00e4 haluatte artikkelillanne sanoa?<\/strong><\/p>\n\n\n\n<p>Haluamme korostaa, ett\u00e4 julkisia tietoj\u00e4rjestelm\u00e4hankkeita koskevat kertomukset ovat merkitt\u00e4v\u00e4 tekij\u00e4 hankkeiden julkisuuskuvan ja niiden onnistumisen edellytysten muovaamisessa. Kertomusten kautta vahvistetaan tiettyj\u00e4 n\u00e4k\u00f6kulmia ja luodaan odotuksia. Artikkelimme osoittaa, ett\u00e4 negatiivinen mediakertomus voi hallita keskustelua erityisesti silloin, kun my\u00f6nteisemm\u00e4t kertomukset j\u00e4\u00e4v\u00e4t hajanaisiksi tai puuttuvat kokonaan. Toisaalta nostamme esiin my\u00f6s tietoj\u00e4rjestelmist\u00e4 esitettyjen kertomusten l\u00e4hes v\u00e4ist\u00e4m\u00e4t\u00f6nt\u00e4 painottumista kohti ongelmia, konflikteja ja vaaratilanteita \u2013 hyvin toimivasta j\u00e4rjestelm\u00e4st\u00e4 tai sellaisen toteutuksesta kun ei synny helposti mit\u00e4\u00e4n kerrottavaa.<\/p>\n\n\n\n<p><strong>Kenen kannattaa lukea artikkelinne? <\/strong><\/p>\n\n\n\n<p>Artikkeli tarjoaa hy\u00f6dyllisi\u00e4 n\u00e4k\u00f6kulmia p\u00e4\u00e4tt\u00e4jille, julkisten hankkeiden projektip\u00e4\u00e4llik\u00f6ille, viestint\u00e4asiantuntijoille ja toimittajille. Sit\u00e4 voikin suositella kaikille, jotka ovat kiinnostuneita median ja kertomusten vaikutuksista yhteiskunnallisiin hankkeisiin ja julkisen sektorin p\u00e4\u00e4t\u00f6ksentekoon. Tutkijoita artikkeli saattaa kiinnostaa erityisesti sen metodologian vuoksi \u2013 kirjallisuustieteen ja yhteiskuntatieteiden puolella kehitetty\u00e4 kognitiivista kertomusteoriaa ei ole aiemmin juuri sovellettu uutisjuttujen tarkasteluun.<\/p>\n\n\n\n<p><strong>Mik\u00e4 sai teid\u00e4t tarttumaan t\u00e4h\u00e4n aiheeseen?<\/strong> <\/p>\n\n\n\n<p>Aihe nousi esiin osana &#8221;Tarinat tietotekniikan toteutuksessa&#8221; -tutkimushanketta, joka tarkastelee kriittisesti tarinankerrontaa osana tietoj\u00e4rjestelmien kehitt\u00e4mist\u00e4. Tietoj\u00e4rjestelm\u00e4hankkeisiin liittyv\u00e4 kielteinen mediajulkisuus on tutkimuskent\u00e4ll\u00e4 hyvin tunnettu ilmi\u00f6, mutta aiheesta on niukasti tarkempaa empiiriseen analyysiin perustuvaa tietoa. Tapauskohteenamme oleva Apotin mediakertomus valikoitui analysoitavaksi, koska kyse on erityisen n\u00e4kyv\u00e4st\u00e4, laajasta ja pitk\u00e4kestoisesta julkisesta tietoj\u00e4rjestelm\u00e4hankkeesta, jolla merkitt\u00e4vi\u00e4 yhteiskunnallisia vaikutuksia ja jota on my\u00f6s seurattu mediassa l\u00e4pi hankkeen toteutuksen. Apotin tapaus tarjosikin ainutlaatuisen mahdollisuuden analysoida kertomusten roolia tietoj\u00e4rjestelm\u00e4uutisoinnissa<\/p>\n\n\n\n<p><\/p>\n","protected":false},"excerpt":{"rendered":"<p>Kertoessaan julkisista tietoj\u00e4rjestelm\u00e4uudistuksista, mediat hy\u00f6dynt\u00e4v\u00e4t mallitarinoita, jotka voivat toisaalta auttaa ymm\u00e4rt\u00e4m\u00e4\u00e4n monimutkaisia uudistuksia, mutta my\u00f6s kaventaa keskustelua. T\u00e4m\u00e4 k\u00e4y ilmi Juha Raipolan ja Matias Nurmisen tuoreessa artikkelissa, jossa&hellip;<\/p>\n","protected":false},"author":3,"featured_media":5217,"comment_status":"open","ping_status":"closed","sticky":false,"template":"","format":"standard","meta":{"_monsterinsights_skip_tracking":false,"_monsterinsights_sitenote_active":false,"_monsterinsights_sitenote_note":"","_monsterinsights_sitenote_category":0,"footnotes":""},"categories":[1],"tags":[],"class_list":["post-5212","post","type-post","status-publish","format-standard","has-post-thumbnail","hentry","category-yleinen"],"yoast_head":"<!-- This site is optimized with the Yoast SEO plugin v27.5 - https:\/\/yoast.com\/product\/yoast-seo-wordpress\/ -->\n<title>Medioiden kertomat negatiiviset mallitarinat muovaavat mielikuvia tietoj\u00e4rjestelm\u00e4uudistuksista &#8211; Mevi<\/title>\n<meta name=\"robots\" content=\"index, follow, max-snippet:-1, max-image-preview:large, max-video-preview:-1\" \/>\n<link rel=\"canonical\" href=\"https:\/\/mediaviestinta.fi\/mevi2020\/2024\/12\/medioiden-kertomat-negatiiviset-mallitarinat-muovaavat-mielikuvia-tietojarjestelmauudistuksista\/\" \/>\n<meta property=\"og:locale\" content=\"fi_FI\" \/>\n<meta property=\"og:type\" content=\"article\" \/>\n<meta property=\"og:title\" content=\"Medioiden kertomat negatiiviset mallitarinat muovaavat mielikuvia tietoj\u00e4rjestelm\u00e4uudistuksista &#8211; Mevi\" \/>\n<meta property=\"og:description\" content=\"Kertoessaan julkisista tietoj\u00e4rjestelm\u00e4uudistuksista, mediat hy\u00f6dynt\u00e4v\u00e4t mallitarinoita, jotka voivat toisaalta auttaa ymm\u00e4rt\u00e4m\u00e4\u00e4n monimutkaisia uudistuksia, mutta my\u00f6s kaventaa keskustelua. T\u00e4m\u00e4 k\u00e4y ilmi Juha Raipolan ja Matias Nurmisen tuoreessa artikkelissa, jossa&hellip;\" \/>\n<meta property=\"og:url\" content=\"https:\/\/mediaviestinta.fi\/mevi2020\/2024\/12\/medioiden-kertomat-negatiiviset-mallitarinat-muovaavat-mielikuvia-tietojarjestelmauudistuksista\/\" \/>\n<meta property=\"og:site_name\" content=\"Mevi\" \/>\n<meta property=\"article:publisher\" content=\"https:\/\/www.facebook.com\/MediaViestinta\/\" \/>\n<meta property=\"article:published_time\" content=\"2024-12-12T10:18:25+00:00\" \/>\n<meta property=\"article:modified_time\" content=\"2025-01-16T13:26:53+00:00\" \/>\n<meta property=\"og:image\" content=\"https:\/\/mediaviestinta.fi\/mevi2020\/wp-content\/uploads\/2024\/11\/computer-1149148_1280.jpg\" \/>\n\t<meta property=\"og:image:width\" content=\"1280\" \/>\n\t<meta property=\"og:image:height\" content=\"720\" \/>\n\t<meta property=\"og:image:type\" content=\"image\/jpeg\" \/>\n<meta name=\"author\" content=\"Mevi\" \/>\n<meta name=\"twitter:card\" content=\"summary_large_image\" \/>\n<meta name=\"twitter:creator\" content=\"@mediaviestinta\" \/>\n<meta name=\"twitter:site\" content=\"@mediaviestinta\" \/>\n<meta name=\"twitter:label1\" content=\"Kirjoittanut\" \/>\n\t<meta name=\"twitter:data1\" content=\"Mevi\" \/>\n\t<meta name=\"twitter:label2\" content=\"Arvioitu lukuaika\" \/>\n\t<meta name=\"twitter:data2\" content=\"4 minuuttia\" \/>\n<script type=\"application\/ld+json\" class=\"yoast-schema-graph\">{\"@context\":\"https:\\\/\\\/schema.org\",\"@graph\":[{\"@type\":\"Article\",\"@id\":\"https:\\\/\\\/mediaviestinta.fi\\\/mevi2020\\\/2024\\\/12\\\/medioiden-kertomat-negatiiviset-mallitarinat-muovaavat-mielikuvia-tietojarjestelmauudistuksista\\\/#article\",\"isPartOf\":{\"@id\":\"https:\\\/\\\/mediaviestinta.fi\\\/mevi2020\\\/2024\\\/12\\\/medioiden-kertomat-negatiiviset-mallitarinat-muovaavat-mielikuvia-tietojarjestelmauudistuksista\\\/\"},\"author\":{\"name\":\"Mevi\",\"@id\":\"https:\\\/\\\/mediaviestinta.fi\\\/#\\\/schema\\\/person\\\/b2da34ab24cfcd17dbdd6c7cfb173257\"},\"headline\":\"Medioiden kertomat negatiiviset mallitarinat muovaavat mielikuvia tietoj\u00e4rjestelm\u00e4uudistuksista\",\"datePublished\":\"2024-12-12T10:18:25+00:00\",\"dateModified\":\"2025-01-16T13:26:53+00:00\",\"mainEntityOfPage\":{\"@id\":\"https:\\\/\\\/mediaviestinta.fi\\\/mevi2020\\\/2024\\\/12\\\/medioiden-kertomat-negatiiviset-mallitarinat-muovaavat-mielikuvia-tietojarjestelmauudistuksista\\\/\"},\"wordCount\":631,\"commentCount\":0,\"publisher\":{\"@id\":\"https:\\\/\\\/mediaviestinta.fi\\\/#organization\"},\"image\":{\"@id\":\"https:\\\/\\\/mediaviestinta.fi\\\/mevi2020\\\/2024\\\/12\\\/medioiden-kertomat-negatiiviset-mallitarinat-muovaavat-mielikuvia-tietojarjestelmauudistuksista\\\/#primaryimage\"},\"thumbnailUrl\":\"https:\\\/\\\/mediaviestinta.fi\\\/mevi2020\\\/wp-content\\\/uploads\\\/2024\\\/11\\\/computer-1149148_1280.jpg\",\"inLanguage\":\"fi\",\"potentialAction\":[{\"@type\":\"CommentAction\",\"name\":\"Comment\",\"target\":[\"https:\\\/\\\/mediaviestinta.fi\\\/mevi2020\\\/2024\\\/12\\\/medioiden-kertomat-negatiiviset-mallitarinat-muovaavat-mielikuvia-tietojarjestelmauudistuksista\\\/#respond\"]}]},{\"@type\":\"WebPage\",\"@id\":\"https:\\\/\\\/mediaviestinta.fi\\\/mevi2020\\\/2024\\\/12\\\/medioiden-kertomat-negatiiviset-mallitarinat-muovaavat-mielikuvia-tietojarjestelmauudistuksista\\\/\",\"url\":\"https:\\\/\\\/mediaviestinta.fi\\\/mevi2020\\\/2024\\\/12\\\/medioiden-kertomat-negatiiviset-mallitarinat-muovaavat-mielikuvia-tietojarjestelmauudistuksista\\\/\",\"name\":\"Medioiden kertomat negatiiviset mallitarinat muovaavat mielikuvia tietoj\u00e4rjestelm\u00e4uudistuksista &#8211; Mevi\",\"isPartOf\":{\"@id\":\"https:\\\/\\\/mediaviestinta.fi\\\/#website\"},\"primaryImageOfPage\":{\"@id\":\"https:\\\/\\\/mediaviestinta.fi\\\/mevi2020\\\/2024\\\/12\\\/medioiden-kertomat-negatiiviset-mallitarinat-muovaavat-mielikuvia-tietojarjestelmauudistuksista\\\/#primaryimage\"},\"image\":{\"@id\":\"https:\\\/\\\/mediaviestinta.fi\\\/mevi2020\\\/2024\\\/12\\\/medioiden-kertomat-negatiiviset-mallitarinat-muovaavat-mielikuvia-tietojarjestelmauudistuksista\\\/#primaryimage\"},\"thumbnailUrl\":\"https:\\\/\\\/mediaviestinta.fi\\\/mevi2020\\\/wp-content\\\/uploads\\\/2024\\\/11\\\/computer-1149148_1280.jpg\",\"datePublished\":\"2024-12-12T10:18:25+00:00\",\"dateModified\":\"2025-01-16T13:26:53+00:00\",\"breadcrumb\":{\"@id\":\"https:\\\/\\\/mediaviestinta.fi\\\/mevi2020\\\/2024\\\/12\\\/medioiden-kertomat-negatiiviset-mallitarinat-muovaavat-mielikuvia-tietojarjestelmauudistuksista\\\/#breadcrumb\"},\"inLanguage\":\"fi\",\"potentialAction\":[{\"@type\":\"ReadAction\",\"target\":[\"https:\\\/\\\/mediaviestinta.fi\\\/mevi2020\\\/2024\\\/12\\\/medioiden-kertomat-negatiiviset-mallitarinat-muovaavat-mielikuvia-tietojarjestelmauudistuksista\\\/\"]}]},{\"@type\":\"ImageObject\",\"inLanguage\":\"fi\",\"@id\":\"https:\\\/\\\/mediaviestinta.fi\\\/mevi2020\\\/2024\\\/12\\\/medioiden-kertomat-negatiiviset-mallitarinat-muovaavat-mielikuvia-tietojarjestelmauudistuksista\\\/#primaryimage\",\"url\":\"https:\\\/\\\/mediaviestinta.fi\\\/mevi2020\\\/wp-content\\\/uploads\\\/2024\\\/11\\\/computer-1149148_1280.jpg\",\"contentUrl\":\"https:\\\/\\\/mediaviestinta.fi\\\/mevi2020\\\/wp-content\\\/uploads\\\/2024\\\/11\\\/computer-1149148_1280.jpg\",\"width\":1280,\"height\":720},{\"@type\":\"BreadcrumbList\",\"@id\":\"https:\\\/\\\/mediaviestinta.fi\\\/mevi2020\\\/2024\\\/12\\\/medioiden-kertomat-negatiiviset-mallitarinat-muovaavat-mielikuvia-tietojarjestelmauudistuksista\\\/#breadcrumb\",\"itemListElement\":[{\"@type\":\"ListItem\",\"position\":1,\"name\":\"Home\",\"item\":\"https:\\\/\\\/mediaviestinta.fi\\\/\"},{\"@type\":\"ListItem\",\"position\":2,\"name\":\"Medioiden kertomat negatiiviset mallitarinat muovaavat mielikuvia tietoj\u00e4rjestelm\u00e4uudistuksista\"}]},{\"@type\":\"WebSite\",\"@id\":\"https:\\\/\\\/mediaviestinta.fi\\\/#website\",\"url\":\"https:\\\/\\\/mediaviestinta.fi\\\/\",\"name\":\"Mevi\",\"description\":\"Media- ja viestint\u00e4tieteellinen seura Mevi\",\"publisher\":{\"@id\":\"https:\\\/\\\/mediaviestinta.fi\\\/#organization\"},\"potentialAction\":[{\"@type\":\"SearchAction\",\"target\":{\"@type\":\"EntryPoint\",\"urlTemplate\":\"https:\\\/\\\/mediaviestinta.fi\\\/?s={search_term_string}\"},\"query-input\":{\"@type\":\"PropertyValueSpecification\",\"valueRequired\":true,\"valueName\":\"search_term_string\"}}],\"inLanguage\":\"fi\"},{\"@type\":\"Organization\",\"@id\":\"https:\\\/\\\/mediaviestinta.fi\\\/#organization\",\"name\":\"Media- ja viestint\u00e4tieteellinen seura Mevi\",\"url\":\"https:\\\/\\\/mediaviestinta.fi\\\/\",\"logo\":{\"@type\":\"ImageObject\",\"inLanguage\":\"fi\",\"@id\":\"https:\\\/\\\/mediaviestinta.fi\\\/#\\\/schema\\\/logo\\\/image\\\/\",\"url\":\"https:\\\/\\\/mediaviestinta.fi\\\/mevi2020\\\/wp-content\\\/uploads\\\/2020\\\/03\\\/mevi-logo-RGB-Transparent.png\",\"contentUrl\":\"https:\\\/\\\/mediaviestinta.fi\\\/mevi2020\\\/wp-content\\\/uploads\\\/2020\\\/03\\\/mevi-logo-RGB-Transparent.png\",\"width\":910,\"height\":464,\"caption\":\"Media- ja viestint\u00e4tieteellinen seura Mevi\"},\"image\":{\"@id\":\"https:\\\/\\\/mediaviestinta.fi\\\/#\\\/schema\\\/logo\\\/image\\\/\"},\"sameAs\":[\"https:\\\/\\\/www.facebook.com\\\/MediaViestinta\\\/\",\"https:\\\/\\\/x.com\\\/mediaviestinta\"]},{\"@type\":\"Person\",\"@id\":\"https:\\\/\\\/mediaviestinta.fi\\\/#\\\/schema\\\/person\\\/b2da34ab24cfcd17dbdd6c7cfb173257\",\"name\":\"Mevi\",\"image\":{\"@type\":\"ImageObject\",\"inLanguage\":\"fi\",\"@id\":\"https:\\\/\\\/secure.gravatar.com\\\/avatar\\\/3305b76d1667dc119a18808ed03d6a1fc2dfa8b6a1cddecb8c4d27ef14ec32ca?s=96&d=mm&r=g\",\"url\":\"https:\\\/\\\/secure.gravatar.com\\\/avatar\\\/3305b76d1667dc119a18808ed03d6a1fc2dfa8b6a1cddecb8c4d27ef14ec32ca?s=96&d=mm&r=g\",\"contentUrl\":\"https:\\\/\\\/secure.gravatar.com\\\/avatar\\\/3305b76d1667dc119a18808ed03d6a1fc2dfa8b6a1cddecb8c4d27ef14ec32ca?s=96&d=mm&r=g\",\"caption\":\"Mevi\"},\"url\":\"https:\\\/\\\/mediaviestinta.fi\\\/mevi2020\\\/author\\\/mediavie\\\/\"}]}<\/script>\n<!-- \/ Yoast SEO plugin. -->","yoast_head_json":{"title":"Medioiden kertomat negatiiviset mallitarinat muovaavat mielikuvia tietoj\u00e4rjestelm\u00e4uudistuksista &#8211; Mevi","robots":{"index":"index","follow":"follow","max-snippet":"max-snippet:-1","max-image-preview":"max-image-preview:large","max-video-preview":"max-video-preview:-1"},"canonical":"https:\/\/mediaviestinta.fi\/mevi2020\/2024\/12\/medioiden-kertomat-negatiiviset-mallitarinat-muovaavat-mielikuvia-tietojarjestelmauudistuksista\/","og_locale":"fi_FI","og_type":"article","og_title":"Medioiden kertomat negatiiviset mallitarinat muovaavat mielikuvia tietoj\u00e4rjestelm\u00e4uudistuksista &#8211; Mevi","og_description":"Kertoessaan julkisista tietoj\u00e4rjestelm\u00e4uudistuksista, mediat hy\u00f6dynt\u00e4v\u00e4t mallitarinoita, jotka voivat toisaalta auttaa ymm\u00e4rt\u00e4m\u00e4\u00e4n monimutkaisia uudistuksia, mutta my\u00f6s kaventaa keskustelua. T\u00e4m\u00e4 k\u00e4y ilmi Juha Raipolan ja Matias Nurmisen tuoreessa artikkelissa, jossa&hellip;","og_url":"https:\/\/mediaviestinta.fi\/mevi2020\/2024\/12\/medioiden-kertomat-negatiiviset-mallitarinat-muovaavat-mielikuvia-tietojarjestelmauudistuksista\/","og_site_name":"Mevi","article_publisher":"https:\/\/www.facebook.com\/MediaViestinta\/","article_published_time":"2024-12-12T10:18:25+00:00","article_modified_time":"2025-01-16T13:26:53+00:00","og_image":[{"width":1280,"height":720,"url":"https:\/\/mediaviestinta.fi\/mevi2020\/wp-content\/uploads\/2024\/11\/computer-1149148_1280.jpg","type":"image\/jpeg"}],"author":"Mevi","twitter_card":"summary_large_image","twitter_creator":"@mediaviestinta","twitter_site":"@mediaviestinta","twitter_misc":{"Kirjoittanut":"Mevi","Arvioitu lukuaika":"4 minuuttia"},"schema":{"@context":"https:\/\/schema.org","@graph":[{"@type":"Article","@id":"https:\/\/mediaviestinta.fi\/mevi2020\/2024\/12\/medioiden-kertomat-negatiiviset-mallitarinat-muovaavat-mielikuvia-tietojarjestelmauudistuksista\/#article","isPartOf":{"@id":"https:\/\/mediaviestinta.fi\/mevi2020\/2024\/12\/medioiden-kertomat-negatiiviset-mallitarinat-muovaavat-mielikuvia-tietojarjestelmauudistuksista\/"},"author":{"name":"Mevi","@id":"https:\/\/mediaviestinta.fi\/#\/schema\/person\/b2da34ab24cfcd17dbdd6c7cfb173257"},"headline":"Medioiden kertomat negatiiviset mallitarinat muovaavat mielikuvia tietoj\u00e4rjestelm\u00e4uudistuksista","datePublished":"2024-12-12T10:18:25+00:00","dateModified":"2025-01-16T13:26:53+00:00","mainEntityOfPage":{"@id":"https:\/\/mediaviestinta.fi\/mevi2020\/2024\/12\/medioiden-kertomat-negatiiviset-mallitarinat-muovaavat-mielikuvia-tietojarjestelmauudistuksista\/"},"wordCount":631,"commentCount":0,"publisher":{"@id":"https:\/\/mediaviestinta.fi\/#organization"},"image":{"@id":"https:\/\/mediaviestinta.fi\/mevi2020\/2024\/12\/medioiden-kertomat-negatiiviset-mallitarinat-muovaavat-mielikuvia-tietojarjestelmauudistuksista\/#primaryimage"},"thumbnailUrl":"https:\/\/mediaviestinta.fi\/mevi2020\/wp-content\/uploads\/2024\/11\/computer-1149148_1280.jpg","inLanguage":"fi","potentialAction":[{"@type":"CommentAction","name":"Comment","target":["https:\/\/mediaviestinta.fi\/mevi2020\/2024\/12\/medioiden-kertomat-negatiiviset-mallitarinat-muovaavat-mielikuvia-tietojarjestelmauudistuksista\/#respond"]}]},{"@type":"WebPage","@id":"https:\/\/mediaviestinta.fi\/mevi2020\/2024\/12\/medioiden-kertomat-negatiiviset-mallitarinat-muovaavat-mielikuvia-tietojarjestelmauudistuksista\/","url":"https:\/\/mediaviestinta.fi\/mevi2020\/2024\/12\/medioiden-kertomat-negatiiviset-mallitarinat-muovaavat-mielikuvia-tietojarjestelmauudistuksista\/","name":"Medioiden kertomat negatiiviset mallitarinat muovaavat mielikuvia tietoj\u00e4rjestelm\u00e4uudistuksista &#8211; Mevi","isPartOf":{"@id":"https:\/\/mediaviestinta.fi\/#website"},"primaryImageOfPage":{"@id":"https:\/\/mediaviestinta.fi\/mevi2020\/2024\/12\/medioiden-kertomat-negatiiviset-mallitarinat-muovaavat-mielikuvia-tietojarjestelmauudistuksista\/#primaryimage"},"image":{"@id":"https:\/\/mediaviestinta.fi\/mevi2020\/2024\/12\/medioiden-kertomat-negatiiviset-mallitarinat-muovaavat-mielikuvia-tietojarjestelmauudistuksista\/#primaryimage"},"thumbnailUrl":"https:\/\/mediaviestinta.fi\/mevi2020\/wp-content\/uploads\/2024\/11\/computer-1149148_1280.jpg","datePublished":"2024-12-12T10:18:25+00:00","dateModified":"2025-01-16T13:26:53+00:00","breadcrumb":{"@id":"https:\/\/mediaviestinta.fi\/mevi2020\/2024\/12\/medioiden-kertomat-negatiiviset-mallitarinat-muovaavat-mielikuvia-tietojarjestelmauudistuksista\/#breadcrumb"},"inLanguage":"fi","potentialAction":[{"@type":"ReadAction","target":["https:\/\/mediaviestinta.fi\/mevi2020\/2024\/12\/medioiden-kertomat-negatiiviset-mallitarinat-muovaavat-mielikuvia-tietojarjestelmauudistuksista\/"]}]},{"@type":"ImageObject","inLanguage":"fi","@id":"https:\/\/mediaviestinta.fi\/mevi2020\/2024\/12\/medioiden-kertomat-negatiiviset-mallitarinat-muovaavat-mielikuvia-tietojarjestelmauudistuksista\/#primaryimage","url":"https:\/\/mediaviestinta.fi\/mevi2020\/wp-content\/uploads\/2024\/11\/computer-1149148_1280.jpg","contentUrl":"https:\/\/mediaviestinta.fi\/mevi2020\/wp-content\/uploads\/2024\/11\/computer-1149148_1280.jpg","width":1280,"height":720},{"@type":"BreadcrumbList","@id":"https:\/\/mediaviestinta.fi\/mevi2020\/2024\/12\/medioiden-kertomat-negatiiviset-mallitarinat-muovaavat-mielikuvia-tietojarjestelmauudistuksista\/#breadcrumb","itemListElement":[{"@type":"ListItem","position":1,"name":"Home","item":"https:\/\/mediaviestinta.fi\/"},{"@type":"ListItem","position":2,"name":"Medioiden kertomat negatiiviset mallitarinat muovaavat mielikuvia tietoj\u00e4rjestelm\u00e4uudistuksista"}]},{"@type":"WebSite","@id":"https:\/\/mediaviestinta.fi\/#website","url":"https:\/\/mediaviestinta.fi\/","name":"Mevi","description":"Media- ja viestint\u00e4tieteellinen seura Mevi","publisher":{"@id":"https:\/\/mediaviestinta.fi\/#organization"},"potentialAction":[{"@type":"SearchAction","target":{"@type":"EntryPoint","urlTemplate":"https:\/\/mediaviestinta.fi\/?s={search_term_string}"},"query-input":{"@type":"PropertyValueSpecification","valueRequired":true,"valueName":"search_term_string"}}],"inLanguage":"fi"},{"@type":"Organization","@id":"https:\/\/mediaviestinta.fi\/#organization","name":"Media- ja viestint\u00e4tieteellinen seura Mevi","url":"https:\/\/mediaviestinta.fi\/","logo":{"@type":"ImageObject","inLanguage":"fi","@id":"https:\/\/mediaviestinta.fi\/#\/schema\/logo\/image\/","url":"https:\/\/mediaviestinta.fi\/mevi2020\/wp-content\/uploads\/2020\/03\/mevi-logo-RGB-Transparent.png","contentUrl":"https:\/\/mediaviestinta.fi\/mevi2020\/wp-content\/uploads\/2020\/03\/mevi-logo-RGB-Transparent.png","width":910,"height":464,"caption":"Media- ja viestint\u00e4tieteellinen seura Mevi"},"image":{"@id":"https:\/\/mediaviestinta.fi\/#\/schema\/logo\/image\/"},"sameAs":["https:\/\/www.facebook.com\/MediaViestinta\/","https:\/\/x.com\/mediaviestinta"]},{"@type":"Person","@id":"https:\/\/mediaviestinta.fi\/#\/schema\/person\/b2da34ab24cfcd17dbdd6c7cfb173257","name":"Mevi","image":{"@type":"ImageObject","inLanguage":"fi","@id":"https:\/\/secure.gravatar.com\/avatar\/3305b76d1667dc119a18808ed03d6a1fc2dfa8b6a1cddecb8c4d27ef14ec32ca?s=96&d=mm&r=g","url":"https:\/\/secure.gravatar.com\/avatar\/3305b76d1667dc119a18808ed03d6a1fc2dfa8b6a1cddecb8c4d27ef14ec32ca?s=96&d=mm&r=g","contentUrl":"https:\/\/secure.gravatar.com\/avatar\/3305b76d1667dc119a18808ed03d6a1fc2dfa8b6a1cddecb8c4d27ef14ec32ca?s=96&d=mm&r=g","caption":"Mevi"},"url":"https:\/\/mediaviestinta.fi\/mevi2020\/author\/mediavie\/"}]}},"_links":{"self":[{"href":"https:\/\/mediaviestinta.fi\/mevi2020\/wp-json\/wp\/v2\/posts\/5212","targetHints":{"allow":["GET"]}}],"collection":[{"href":"https:\/\/mediaviestinta.fi\/mevi2020\/wp-json\/wp\/v2\/posts"}],"about":[{"href":"https:\/\/mediaviestinta.fi\/mevi2020\/wp-json\/wp\/v2\/types\/post"}],"author":[{"embeddable":true,"href":"https:\/\/mediaviestinta.fi\/mevi2020\/wp-json\/wp\/v2\/users\/3"}],"replies":[{"embeddable":true,"href":"https:\/\/mediaviestinta.fi\/mevi2020\/wp-json\/wp\/v2\/comments?post=5212"}],"version-history":[{"count":6,"href":"https:\/\/mediaviestinta.fi\/mevi2020\/wp-json\/wp\/v2\/posts\/5212\/revisions"}],"predecessor-version":[{"id":5240,"href":"https:\/\/mediaviestinta.fi\/mevi2020\/wp-json\/wp\/v2\/posts\/5212\/revisions\/5240"}],"wp:featuredmedia":[{"embeddable":true,"href":"https:\/\/mediaviestinta.fi\/mevi2020\/wp-json\/wp\/v2\/media\/5217"}],"wp:attachment":[{"href":"https:\/\/mediaviestinta.fi\/mevi2020\/wp-json\/wp\/v2\/media?parent=5212"}],"wp:term":[{"taxonomy":"category","embeddable":true,"href":"https:\/\/mediaviestinta.fi\/mevi2020\/wp-json\/wp\/v2\/categories?post=5212"},{"taxonomy":"post_tag","embeddable":true,"href":"https:\/\/mediaviestinta.fi\/mevi2020\/wp-json\/wp\/v2\/tags?post=5212"}],"curies":[{"name":"wp","href":"https:\/\/api.w.org\/{rel}","templated":true}]}}