{"id":5232,"date":"2025-02-06T12:44:44","date_gmt":"2025-02-06T10:44:44","guid":{"rendered":"https:\/\/mediaviestinta.fi\/mevi2020\/?p=5232"},"modified":"2025-02-06T12:44:45","modified_gmt":"2025-02-06T10:44:45","slug":"journalismista-vastavalmistuneet-vaikuttavat-keskittyvan-yhteen-alaan-kerrallaan","status":"publish","type":"post","link":"https:\/\/mediaviestinta.fi\/mevi2020\/2025\/02\/journalismista-vastavalmistuneet-vaikuttavat-keskittyvan-yhteen-alaan-kerrallaan\/","title":{"rendered":"Journalismista vastavalmistuneet vaikuttavat keskittyv\u00e4n yhteen alaan kerrallaan"},"content":{"rendered":"\n<p><strong>Uran alkuvaiheessa olevat journalismia opiskelleet vaihtavat harvoin toimittajan t\u00f6ist\u00e4 viestij\u00e4n ammattiin ja p\u00e4invastoin. Vaikka he tunnistavat ammatinvaihdon mahdollisuuden, sit\u00e4 tapahtuu vain harvoin. T\u00e4m\u00e4 k\u00e4y ilmi tutkimuksesta, jossa tarkasteltiin kolmen vuoden ajan Turusta ja Tampereelta valmistuneiden journalismin opiskelijoiden uraorientaatioita ja liikkumista median ammattikentill\u00e4. Esa Reunasen, Laura Ahvan, Kari Koljosen, Milla J\u00e4rvipet\u00e4j\u00e4n ja Samuel Raunion artikkeli <a href=\"https:\/\/journal.fi\/mediaviestinta\/article\/view\/148524\" target=\"_blank\" rel=\"noreferrer noopener\">Journalismia opiskelleiden uraorientaatiot ja liikkuminen median ammattikent\u00e4ll\u00e4<\/a> on julkaistu Media &amp; viestinn\u00e4n numerossa <a href=\"https:\/\/journal.fi\/mediaviestinta\/issue\/view\/11812\">4\/24. <\/a><\/strong><\/p>\n\n\n\n<p><strong>Mihin laajempaan ilmi\u00f6\u00f6n ja keskusteluun artikkelinne liittyy?<\/strong><\/p>\n\n\n\n<p>Artikkelimme kytkeytyy keskusteluun media- ja viestint\u00e4alan ty\u00f6llisyydest\u00e4 sek\u00e4 alan eri ammattien yht\u00e4l\u00e4isyyksist\u00e4 ja eroista. Journalistikoulutuksen saaneet voivat ty\u00f6llisty\u00e4 paitsi toimittajiksi my\u00f6s monenlaisiin viestint\u00e4alan teht\u00e4viin, ja onkin alettu puhua mediaty\u00f6st\u00e4, joka kattaa erilaisia teht\u00e4vi\u00e4 ja ammattikuvia.<\/p>\n\n\n\n<p><strong>Mik\u00e4 on antinne t\u00e4h\u00e4n keskusteluun?<\/strong><\/p>\n\n\n\n<p>Artikkelissa tarkastellaan vastik\u00e4\u00e4n journalistikoulutuksen saaneiden suuntautumista urallaan ja heid\u00e4n sijoittumistaan median ammattikent\u00e4lle. Olemme seuranneet kolmen vuoden ajan Turusta ja Tampereelta valmistuneita journalismin korkeakouluopiskelijoita. Tutkimuksemme osallistujat tunnistivat mahdollisuuden vaihtaa ammatista toiseen, esimerkiksi journalismista viestint\u00e4\u00e4n, mutta tarkastelujakson aikana osallistujat silti tyypillisimmin hakeutuivat vain yhden ammattialan teht\u00e4viin. Vaikka ammatillisia polkuja luonnehti prekaarius, monet eteniv\u00e4t median ammattikent\u00e4ll\u00e4 yll\u00e4tt\u00e4v\u00e4nkin nopeasti kohti sen arvostettua ja vakaata ydint\u00e4.<\/p>\n\n\n\n<p><strong>Mik\u00e4 on artikkelinne keskeinen argumentti?<\/strong><\/p>\n\n\n\n<p>Median ammattikentt\u00e4 on monimuotoinen, ja journalistikoulutus antaa hyv\u00e4t edellytykset ty\u00f6llisty\u00e4 journalismin lis\u00e4ksi muihinkin teht\u00e4viin. Silti alalle tulevien ammatillinen ura n\u00e4ytt\u00e4\u00e4 suuntautuvan joko journalismiin tai muihin media- ja viestint\u00e4alan ammatteihin mutta harvemmin n\u00e4ihin molempiin.<\/p>\n\n\n\n<p><strong>Mit\u00e4 muuta haluatte artikkelillanne sanoa?<\/strong><\/p>\n\n\n\n<p>Osallistujien uraorientaatioissa painottuu ammatillinen kunnianhimo, mutta my\u00f6s ty\u00f6n vapautta sek\u00e4 ty\u00f6n ja vapaa-ajan sopivaa tasapainoa arvostetaan. Uraorientaatio tarkastelujakson alussa ei ainakaan viel\u00e4 kolmessa vuodessa n\u00e4yt\u00e4 juuri ennustavan liikkumista ammattikent\u00e4n arvostushierarkiassa.<\/p>\n\n\n\n<p><strong>Kenen kannattaa lukea artikkelinne?<\/strong><\/p>\n\n\n\n<p>Artikkelimme kertoo siit\u00e4, mill\u00e4 tavalla media- ja viestint\u00e4alalle tulevat ajattelevat ammatillisesta tulevaisuudestaan ja miten he sijoittuvat median ammattikent\u00e4lle. T\u00e4m\u00e4n voi olettaa kiinnostavan media-alan kouluttajia ja alan rekrytointeja tekevi\u00e4. Artikkeli voi olla hy\u00f6dyllinen my\u00f6s media-alan ammattikent\u00e4n ja ammatillisuuden tutkijoille sek\u00e4 journalismia t\u00e4ll\u00e4 hetkell\u00e4 opiskeleville.<\/p>\n\n\n\n<p><strong>Mik\u00e4 sai teid\u00e4t tarttumaan t\u00e4h\u00e4n aiheeseen?<\/strong><\/p>\n\n\n\n<p>Media- ja viestint\u00e4alan nopea muutos on muuttanut my\u00f6s ammattikuvia ja alalle tulevien ty\u00f6llisyysn\u00e4kymi\u00e4. T\u00e4t\u00e4 taustaa vasten syntyi ajatus valmistumassa olevien journalistiopiskelijoiden noin kymmenen vuotta kest\u00e4v\u00e4st\u00e4 seurantatutkimuksesta. T\u00e4llaista ei ole aiemmin tehty ainakaan Suomessa, ja uskomme sen tuottavan ajankohtaista ja p\u00e4ivittyv\u00e4\u00e4 tietoa niin media- ja viestint\u00e4alan koulutuksen kuin tutkimuksenkin tarpeisiin.<\/p>\n\n\n\n<p><\/p>\n","protected":false},"excerpt":{"rendered":"<p>Uran alkuvaiheessa olevat journalismia opiskelleet vaihtavat harvoin toimittajan t\u00f6ist\u00e4 viestij\u00e4n ammattiin ja p\u00e4invastoin. Vaikka he tunnistavat ammatinvaihdon mahdollisuuden, sit\u00e4 tapahtuu vain harvoin. T\u00e4m\u00e4 k\u00e4y ilmi tutkimuksesta, jossa tarkasteltiin&hellip;<\/p>\n","protected":false},"author":3,"featured_media":5235,"comment_status":"open","ping_status":"closed","sticky":false,"template":"","format":"standard","meta":{"_monsterinsights_skip_tracking":false,"_monsterinsights_sitenote_active":false,"_monsterinsights_sitenote_note":"","_monsterinsights_sitenote_category":0,"footnotes":""},"categories":[1],"tags":[],"class_list":["post-5232","post","type-post","status-publish","format-standard","has-post-thumbnail","hentry","category-yleinen"],"yoast_head":"<!-- This site is optimized with the Yoast SEO plugin v27.5 - https:\/\/yoast.com\/product\/yoast-seo-wordpress\/ -->\n<title>Journalismista vastavalmistuneet vaikuttavat keskittyv\u00e4n yhteen alaan kerrallaan &#8211; Mevi<\/title>\n<meta name=\"robots\" content=\"index, follow, max-snippet:-1, max-image-preview:large, max-video-preview:-1\" \/>\n<link rel=\"canonical\" href=\"https:\/\/mediaviestinta.fi\/mevi2020\/2025\/02\/journalismista-vastavalmistuneet-vaikuttavat-keskittyvan-yhteen-alaan-kerrallaan\/\" \/>\n<meta property=\"og:locale\" content=\"fi_FI\" \/>\n<meta property=\"og:type\" content=\"article\" \/>\n<meta property=\"og:title\" content=\"Journalismista vastavalmistuneet vaikuttavat keskittyv\u00e4n yhteen alaan kerrallaan &#8211; Mevi\" \/>\n<meta property=\"og:description\" content=\"Uran alkuvaiheessa olevat journalismia opiskelleet vaihtavat harvoin toimittajan t\u00f6ist\u00e4 viestij\u00e4n ammattiin ja p\u00e4invastoin. Vaikka he tunnistavat ammatinvaihdon mahdollisuuden, sit\u00e4 tapahtuu vain harvoin. T\u00e4m\u00e4 k\u00e4y ilmi tutkimuksesta, jossa tarkasteltiin&hellip;\" \/>\n<meta property=\"og:url\" content=\"https:\/\/mediaviestinta.fi\/mevi2020\/2025\/02\/journalismista-vastavalmistuneet-vaikuttavat-keskittyvan-yhteen-alaan-kerrallaan\/\" \/>\n<meta property=\"og:site_name\" content=\"Mevi\" \/>\n<meta property=\"article:publisher\" content=\"https:\/\/www.facebook.com\/MediaViestinta\/\" \/>\n<meta property=\"article:published_time\" content=\"2025-02-06T10:44:44+00:00\" \/>\n<meta property=\"article:modified_time\" content=\"2025-02-06T10:44:45+00:00\" \/>\n<meta property=\"og:image\" content=\"https:\/\/mediaviestinta.fi\/mevi2020\/wp-content\/uploads\/2025\/01\/tv-6824507_1280.png\" \/>\n\t<meta property=\"og:image:width\" content=\"1280\" \/>\n\t<meta property=\"og:image:height\" content=\"853\" \/>\n\t<meta property=\"og:image:type\" content=\"image\/png\" \/>\n<meta name=\"author\" content=\"Mevi\" \/>\n<meta name=\"twitter:card\" content=\"summary_large_image\" \/>\n<meta name=\"twitter:creator\" content=\"@mediaviestinta\" \/>\n<meta name=\"twitter:site\" content=\"@mediaviestinta\" \/>\n<meta name=\"twitter:label1\" content=\"Kirjoittanut\" \/>\n\t<meta name=\"twitter:data1\" content=\"Mevi\" \/>\n\t<meta name=\"twitter:label2\" content=\"Arvioitu lukuaika\" \/>\n\t<meta name=\"twitter:data2\" content=\"3 minuuttia\" \/>\n<script type=\"application\/ld+json\" class=\"yoast-schema-graph\">{\"@context\":\"https:\\\/\\\/schema.org\",\"@graph\":[{\"@type\":\"Article\",\"@id\":\"https:\\\/\\\/mediaviestinta.fi\\\/mevi2020\\\/2025\\\/02\\\/journalismista-vastavalmistuneet-vaikuttavat-keskittyvan-yhteen-alaan-kerrallaan\\\/#article\",\"isPartOf\":{\"@id\":\"https:\\\/\\\/mediaviestinta.fi\\\/mevi2020\\\/2025\\\/02\\\/journalismista-vastavalmistuneet-vaikuttavat-keskittyvan-yhteen-alaan-kerrallaan\\\/\"},\"author\":{\"name\":\"Mevi\",\"@id\":\"https:\\\/\\\/mediaviestinta.fi\\\/#\\\/schema\\\/person\\\/b2da34ab24cfcd17dbdd6c7cfb173257\"},\"headline\":\"Journalismista vastavalmistuneet vaikuttavat keskittyv\u00e4n yhteen alaan kerrallaan\",\"datePublished\":\"2025-02-06T10:44:44+00:00\",\"dateModified\":\"2025-02-06T10:44:45+00:00\",\"mainEntityOfPage\":{\"@id\":\"https:\\\/\\\/mediaviestinta.fi\\\/mevi2020\\\/2025\\\/02\\\/journalismista-vastavalmistuneet-vaikuttavat-keskittyvan-yhteen-alaan-kerrallaan\\\/\"},\"wordCount\":424,\"commentCount\":0,\"publisher\":{\"@id\":\"https:\\\/\\\/mediaviestinta.fi\\\/#organization\"},\"image\":{\"@id\":\"https:\\\/\\\/mediaviestinta.fi\\\/mevi2020\\\/2025\\\/02\\\/journalismista-vastavalmistuneet-vaikuttavat-keskittyvan-yhteen-alaan-kerrallaan\\\/#primaryimage\"},\"thumbnailUrl\":\"https:\\\/\\\/mediaviestinta.fi\\\/mevi2020\\\/wp-content\\\/uploads\\\/2025\\\/01\\\/tv-6824507_1280.png\",\"inLanguage\":\"fi\",\"potentialAction\":[{\"@type\":\"CommentAction\",\"name\":\"Comment\",\"target\":[\"https:\\\/\\\/mediaviestinta.fi\\\/mevi2020\\\/2025\\\/02\\\/journalismista-vastavalmistuneet-vaikuttavat-keskittyvan-yhteen-alaan-kerrallaan\\\/#respond\"]}]},{\"@type\":\"WebPage\",\"@id\":\"https:\\\/\\\/mediaviestinta.fi\\\/mevi2020\\\/2025\\\/02\\\/journalismista-vastavalmistuneet-vaikuttavat-keskittyvan-yhteen-alaan-kerrallaan\\\/\",\"url\":\"https:\\\/\\\/mediaviestinta.fi\\\/mevi2020\\\/2025\\\/02\\\/journalismista-vastavalmistuneet-vaikuttavat-keskittyvan-yhteen-alaan-kerrallaan\\\/\",\"name\":\"Journalismista vastavalmistuneet vaikuttavat keskittyv\u00e4n yhteen alaan kerrallaan &#8211; Mevi\",\"isPartOf\":{\"@id\":\"https:\\\/\\\/mediaviestinta.fi\\\/#website\"},\"primaryImageOfPage\":{\"@id\":\"https:\\\/\\\/mediaviestinta.fi\\\/mevi2020\\\/2025\\\/02\\\/journalismista-vastavalmistuneet-vaikuttavat-keskittyvan-yhteen-alaan-kerrallaan\\\/#primaryimage\"},\"image\":{\"@id\":\"https:\\\/\\\/mediaviestinta.fi\\\/mevi2020\\\/2025\\\/02\\\/journalismista-vastavalmistuneet-vaikuttavat-keskittyvan-yhteen-alaan-kerrallaan\\\/#primaryimage\"},\"thumbnailUrl\":\"https:\\\/\\\/mediaviestinta.fi\\\/mevi2020\\\/wp-content\\\/uploads\\\/2025\\\/01\\\/tv-6824507_1280.png\",\"datePublished\":\"2025-02-06T10:44:44+00:00\",\"dateModified\":\"2025-02-06T10:44:45+00:00\",\"breadcrumb\":{\"@id\":\"https:\\\/\\\/mediaviestinta.fi\\\/mevi2020\\\/2025\\\/02\\\/journalismista-vastavalmistuneet-vaikuttavat-keskittyvan-yhteen-alaan-kerrallaan\\\/#breadcrumb\"},\"inLanguage\":\"fi\",\"potentialAction\":[{\"@type\":\"ReadAction\",\"target\":[\"https:\\\/\\\/mediaviestinta.fi\\\/mevi2020\\\/2025\\\/02\\\/journalismista-vastavalmistuneet-vaikuttavat-keskittyvan-yhteen-alaan-kerrallaan\\\/\"]}]},{\"@type\":\"ImageObject\",\"inLanguage\":\"fi\",\"@id\":\"https:\\\/\\\/mediaviestinta.fi\\\/mevi2020\\\/2025\\\/02\\\/journalismista-vastavalmistuneet-vaikuttavat-keskittyvan-yhteen-alaan-kerrallaan\\\/#primaryimage\",\"url\":\"https:\\\/\\\/mediaviestinta.fi\\\/mevi2020\\\/wp-content\\\/uploads\\\/2025\\\/01\\\/tv-6824507_1280.png\",\"contentUrl\":\"https:\\\/\\\/mediaviestinta.fi\\\/mevi2020\\\/wp-content\\\/uploads\\\/2025\\\/01\\\/tv-6824507_1280.png\",\"width\":1280,\"height\":853,\"caption\":\"Elf-Moondance \\\/ Pixabay\"},{\"@type\":\"BreadcrumbList\",\"@id\":\"https:\\\/\\\/mediaviestinta.fi\\\/mevi2020\\\/2025\\\/02\\\/journalismista-vastavalmistuneet-vaikuttavat-keskittyvan-yhteen-alaan-kerrallaan\\\/#breadcrumb\",\"itemListElement\":[{\"@type\":\"ListItem\",\"position\":1,\"name\":\"Home\",\"item\":\"https:\\\/\\\/mediaviestinta.fi\\\/\"},{\"@type\":\"ListItem\",\"position\":2,\"name\":\"Journalismista vastavalmistuneet vaikuttavat keskittyv\u00e4n yhteen alaan kerrallaan\"}]},{\"@type\":\"WebSite\",\"@id\":\"https:\\\/\\\/mediaviestinta.fi\\\/#website\",\"url\":\"https:\\\/\\\/mediaviestinta.fi\\\/\",\"name\":\"Mevi\",\"description\":\"Media- ja viestint\u00e4tieteellinen seura Mevi\",\"publisher\":{\"@id\":\"https:\\\/\\\/mediaviestinta.fi\\\/#organization\"},\"potentialAction\":[{\"@type\":\"SearchAction\",\"target\":{\"@type\":\"EntryPoint\",\"urlTemplate\":\"https:\\\/\\\/mediaviestinta.fi\\\/?s={search_term_string}\"},\"query-input\":{\"@type\":\"PropertyValueSpecification\",\"valueRequired\":true,\"valueName\":\"search_term_string\"}}],\"inLanguage\":\"fi\"},{\"@type\":\"Organization\",\"@id\":\"https:\\\/\\\/mediaviestinta.fi\\\/#organization\",\"name\":\"Media- ja viestint\u00e4tieteellinen seura Mevi\",\"url\":\"https:\\\/\\\/mediaviestinta.fi\\\/\",\"logo\":{\"@type\":\"ImageObject\",\"inLanguage\":\"fi\",\"@id\":\"https:\\\/\\\/mediaviestinta.fi\\\/#\\\/schema\\\/logo\\\/image\\\/\",\"url\":\"https:\\\/\\\/mediaviestinta.fi\\\/mevi2020\\\/wp-content\\\/uploads\\\/2020\\\/03\\\/mevi-logo-RGB-Transparent.png\",\"contentUrl\":\"https:\\\/\\\/mediaviestinta.fi\\\/mevi2020\\\/wp-content\\\/uploads\\\/2020\\\/03\\\/mevi-logo-RGB-Transparent.png\",\"width\":910,\"height\":464,\"caption\":\"Media- ja viestint\u00e4tieteellinen seura Mevi\"},\"image\":{\"@id\":\"https:\\\/\\\/mediaviestinta.fi\\\/#\\\/schema\\\/logo\\\/image\\\/\"},\"sameAs\":[\"https:\\\/\\\/www.facebook.com\\\/MediaViestinta\\\/\",\"https:\\\/\\\/x.com\\\/mediaviestinta\"]},{\"@type\":\"Person\",\"@id\":\"https:\\\/\\\/mediaviestinta.fi\\\/#\\\/schema\\\/person\\\/b2da34ab24cfcd17dbdd6c7cfb173257\",\"name\":\"Mevi\",\"image\":{\"@type\":\"ImageObject\",\"inLanguage\":\"fi\",\"@id\":\"https:\\\/\\\/secure.gravatar.com\\\/avatar\\\/3305b76d1667dc119a18808ed03d6a1fc2dfa8b6a1cddecb8c4d27ef14ec32ca?s=96&d=mm&r=g\",\"url\":\"https:\\\/\\\/secure.gravatar.com\\\/avatar\\\/3305b76d1667dc119a18808ed03d6a1fc2dfa8b6a1cddecb8c4d27ef14ec32ca?s=96&d=mm&r=g\",\"contentUrl\":\"https:\\\/\\\/secure.gravatar.com\\\/avatar\\\/3305b76d1667dc119a18808ed03d6a1fc2dfa8b6a1cddecb8c4d27ef14ec32ca?s=96&d=mm&r=g\",\"caption\":\"Mevi\"},\"url\":\"https:\\\/\\\/mediaviestinta.fi\\\/mevi2020\\\/author\\\/mediavie\\\/\"}]}<\/script>\n<!-- \/ Yoast SEO plugin. -->","yoast_head_json":{"title":"Journalismista vastavalmistuneet vaikuttavat keskittyv\u00e4n yhteen alaan kerrallaan &#8211; Mevi","robots":{"index":"index","follow":"follow","max-snippet":"max-snippet:-1","max-image-preview":"max-image-preview:large","max-video-preview":"max-video-preview:-1"},"canonical":"https:\/\/mediaviestinta.fi\/mevi2020\/2025\/02\/journalismista-vastavalmistuneet-vaikuttavat-keskittyvan-yhteen-alaan-kerrallaan\/","og_locale":"fi_FI","og_type":"article","og_title":"Journalismista vastavalmistuneet vaikuttavat keskittyv\u00e4n yhteen alaan kerrallaan &#8211; Mevi","og_description":"Uran alkuvaiheessa olevat journalismia opiskelleet vaihtavat harvoin toimittajan t\u00f6ist\u00e4 viestij\u00e4n ammattiin ja p\u00e4invastoin. Vaikka he tunnistavat ammatinvaihdon mahdollisuuden, sit\u00e4 tapahtuu vain harvoin. T\u00e4m\u00e4 k\u00e4y ilmi tutkimuksesta, jossa tarkasteltiin&hellip;","og_url":"https:\/\/mediaviestinta.fi\/mevi2020\/2025\/02\/journalismista-vastavalmistuneet-vaikuttavat-keskittyvan-yhteen-alaan-kerrallaan\/","og_site_name":"Mevi","article_publisher":"https:\/\/www.facebook.com\/MediaViestinta\/","article_published_time":"2025-02-06T10:44:44+00:00","article_modified_time":"2025-02-06T10:44:45+00:00","og_image":[{"width":1280,"height":853,"url":"https:\/\/mediaviestinta.fi\/mevi2020\/wp-content\/uploads\/2025\/01\/tv-6824507_1280.png","type":"image\/png"}],"author":"Mevi","twitter_card":"summary_large_image","twitter_creator":"@mediaviestinta","twitter_site":"@mediaviestinta","twitter_misc":{"Kirjoittanut":"Mevi","Arvioitu lukuaika":"3 minuuttia"},"schema":{"@context":"https:\/\/schema.org","@graph":[{"@type":"Article","@id":"https:\/\/mediaviestinta.fi\/mevi2020\/2025\/02\/journalismista-vastavalmistuneet-vaikuttavat-keskittyvan-yhteen-alaan-kerrallaan\/#article","isPartOf":{"@id":"https:\/\/mediaviestinta.fi\/mevi2020\/2025\/02\/journalismista-vastavalmistuneet-vaikuttavat-keskittyvan-yhteen-alaan-kerrallaan\/"},"author":{"name":"Mevi","@id":"https:\/\/mediaviestinta.fi\/#\/schema\/person\/b2da34ab24cfcd17dbdd6c7cfb173257"},"headline":"Journalismista vastavalmistuneet vaikuttavat keskittyv\u00e4n yhteen alaan kerrallaan","datePublished":"2025-02-06T10:44:44+00:00","dateModified":"2025-02-06T10:44:45+00:00","mainEntityOfPage":{"@id":"https:\/\/mediaviestinta.fi\/mevi2020\/2025\/02\/journalismista-vastavalmistuneet-vaikuttavat-keskittyvan-yhteen-alaan-kerrallaan\/"},"wordCount":424,"commentCount":0,"publisher":{"@id":"https:\/\/mediaviestinta.fi\/#organization"},"image":{"@id":"https:\/\/mediaviestinta.fi\/mevi2020\/2025\/02\/journalismista-vastavalmistuneet-vaikuttavat-keskittyvan-yhteen-alaan-kerrallaan\/#primaryimage"},"thumbnailUrl":"https:\/\/mediaviestinta.fi\/mevi2020\/wp-content\/uploads\/2025\/01\/tv-6824507_1280.png","inLanguage":"fi","potentialAction":[{"@type":"CommentAction","name":"Comment","target":["https:\/\/mediaviestinta.fi\/mevi2020\/2025\/02\/journalismista-vastavalmistuneet-vaikuttavat-keskittyvan-yhteen-alaan-kerrallaan\/#respond"]}]},{"@type":"WebPage","@id":"https:\/\/mediaviestinta.fi\/mevi2020\/2025\/02\/journalismista-vastavalmistuneet-vaikuttavat-keskittyvan-yhteen-alaan-kerrallaan\/","url":"https:\/\/mediaviestinta.fi\/mevi2020\/2025\/02\/journalismista-vastavalmistuneet-vaikuttavat-keskittyvan-yhteen-alaan-kerrallaan\/","name":"Journalismista vastavalmistuneet vaikuttavat keskittyv\u00e4n yhteen alaan kerrallaan &#8211; Mevi","isPartOf":{"@id":"https:\/\/mediaviestinta.fi\/#website"},"primaryImageOfPage":{"@id":"https:\/\/mediaviestinta.fi\/mevi2020\/2025\/02\/journalismista-vastavalmistuneet-vaikuttavat-keskittyvan-yhteen-alaan-kerrallaan\/#primaryimage"},"image":{"@id":"https:\/\/mediaviestinta.fi\/mevi2020\/2025\/02\/journalismista-vastavalmistuneet-vaikuttavat-keskittyvan-yhteen-alaan-kerrallaan\/#primaryimage"},"thumbnailUrl":"https:\/\/mediaviestinta.fi\/mevi2020\/wp-content\/uploads\/2025\/01\/tv-6824507_1280.png","datePublished":"2025-02-06T10:44:44+00:00","dateModified":"2025-02-06T10:44:45+00:00","breadcrumb":{"@id":"https:\/\/mediaviestinta.fi\/mevi2020\/2025\/02\/journalismista-vastavalmistuneet-vaikuttavat-keskittyvan-yhteen-alaan-kerrallaan\/#breadcrumb"},"inLanguage":"fi","potentialAction":[{"@type":"ReadAction","target":["https:\/\/mediaviestinta.fi\/mevi2020\/2025\/02\/journalismista-vastavalmistuneet-vaikuttavat-keskittyvan-yhteen-alaan-kerrallaan\/"]}]},{"@type":"ImageObject","inLanguage":"fi","@id":"https:\/\/mediaviestinta.fi\/mevi2020\/2025\/02\/journalismista-vastavalmistuneet-vaikuttavat-keskittyvan-yhteen-alaan-kerrallaan\/#primaryimage","url":"https:\/\/mediaviestinta.fi\/mevi2020\/wp-content\/uploads\/2025\/01\/tv-6824507_1280.png","contentUrl":"https:\/\/mediaviestinta.fi\/mevi2020\/wp-content\/uploads\/2025\/01\/tv-6824507_1280.png","width":1280,"height":853,"caption":"Elf-Moondance \/ Pixabay"},{"@type":"BreadcrumbList","@id":"https:\/\/mediaviestinta.fi\/mevi2020\/2025\/02\/journalismista-vastavalmistuneet-vaikuttavat-keskittyvan-yhteen-alaan-kerrallaan\/#breadcrumb","itemListElement":[{"@type":"ListItem","position":1,"name":"Home","item":"https:\/\/mediaviestinta.fi\/"},{"@type":"ListItem","position":2,"name":"Journalismista vastavalmistuneet vaikuttavat keskittyv\u00e4n yhteen alaan kerrallaan"}]},{"@type":"WebSite","@id":"https:\/\/mediaviestinta.fi\/#website","url":"https:\/\/mediaviestinta.fi\/","name":"Mevi","description":"Media- ja viestint\u00e4tieteellinen seura Mevi","publisher":{"@id":"https:\/\/mediaviestinta.fi\/#organization"},"potentialAction":[{"@type":"SearchAction","target":{"@type":"EntryPoint","urlTemplate":"https:\/\/mediaviestinta.fi\/?s={search_term_string}"},"query-input":{"@type":"PropertyValueSpecification","valueRequired":true,"valueName":"search_term_string"}}],"inLanguage":"fi"},{"@type":"Organization","@id":"https:\/\/mediaviestinta.fi\/#organization","name":"Media- ja viestint\u00e4tieteellinen seura Mevi","url":"https:\/\/mediaviestinta.fi\/","logo":{"@type":"ImageObject","inLanguage":"fi","@id":"https:\/\/mediaviestinta.fi\/#\/schema\/logo\/image\/","url":"https:\/\/mediaviestinta.fi\/mevi2020\/wp-content\/uploads\/2020\/03\/mevi-logo-RGB-Transparent.png","contentUrl":"https:\/\/mediaviestinta.fi\/mevi2020\/wp-content\/uploads\/2020\/03\/mevi-logo-RGB-Transparent.png","width":910,"height":464,"caption":"Media- ja viestint\u00e4tieteellinen seura Mevi"},"image":{"@id":"https:\/\/mediaviestinta.fi\/#\/schema\/logo\/image\/"},"sameAs":["https:\/\/www.facebook.com\/MediaViestinta\/","https:\/\/x.com\/mediaviestinta"]},{"@type":"Person","@id":"https:\/\/mediaviestinta.fi\/#\/schema\/person\/b2da34ab24cfcd17dbdd6c7cfb173257","name":"Mevi","image":{"@type":"ImageObject","inLanguage":"fi","@id":"https:\/\/secure.gravatar.com\/avatar\/3305b76d1667dc119a18808ed03d6a1fc2dfa8b6a1cddecb8c4d27ef14ec32ca?s=96&d=mm&r=g","url":"https:\/\/secure.gravatar.com\/avatar\/3305b76d1667dc119a18808ed03d6a1fc2dfa8b6a1cddecb8c4d27ef14ec32ca?s=96&d=mm&r=g","contentUrl":"https:\/\/secure.gravatar.com\/avatar\/3305b76d1667dc119a18808ed03d6a1fc2dfa8b6a1cddecb8c4d27ef14ec32ca?s=96&d=mm&r=g","caption":"Mevi"},"url":"https:\/\/mediaviestinta.fi\/mevi2020\/author\/mediavie\/"}]}},"_links":{"self":[{"href":"https:\/\/mediaviestinta.fi\/mevi2020\/wp-json\/wp\/v2\/posts\/5232","targetHints":{"allow":["GET"]}}],"collection":[{"href":"https:\/\/mediaviestinta.fi\/mevi2020\/wp-json\/wp\/v2\/posts"}],"about":[{"href":"https:\/\/mediaviestinta.fi\/mevi2020\/wp-json\/wp\/v2\/types\/post"}],"author":[{"embeddable":true,"href":"https:\/\/mediaviestinta.fi\/mevi2020\/wp-json\/wp\/v2\/users\/3"}],"replies":[{"embeddable":true,"href":"https:\/\/mediaviestinta.fi\/mevi2020\/wp-json\/wp\/v2\/comments?post=5232"}],"version-history":[{"count":9,"href":"https:\/\/mediaviestinta.fi\/mevi2020\/wp-json\/wp\/v2\/posts\/5232\/revisions"}],"predecessor-version":[{"id":5257,"href":"https:\/\/mediaviestinta.fi\/mevi2020\/wp-json\/wp\/v2\/posts\/5232\/revisions\/5257"}],"wp:featuredmedia":[{"embeddable":true,"href":"https:\/\/mediaviestinta.fi\/mevi2020\/wp-json\/wp\/v2\/media\/5235"}],"wp:attachment":[{"href":"https:\/\/mediaviestinta.fi\/mevi2020\/wp-json\/wp\/v2\/media?parent=5232"}],"wp:term":[{"taxonomy":"category","embeddable":true,"href":"https:\/\/mediaviestinta.fi\/mevi2020\/wp-json\/wp\/v2\/categories?post=5232"},{"taxonomy":"post_tag","embeddable":true,"href":"https:\/\/mediaviestinta.fi\/mevi2020\/wp-json\/wp\/v2\/tags?post=5232"}],"curies":[{"name":"wp","href":"https:\/\/api.w.org\/{rel}","templated":true}]}}