{"id":5251,"date":"2025-02-12T10:06:16","date_gmt":"2025-02-12T08:06:16","guid":{"rendered":"https:\/\/mediaviestinta.fi\/mevi2020\/?p=5251"},"modified":"2025-02-12T10:06:16","modified_gmt":"2025-02-12T08:06:16","slug":"hei-verkko-objekti-naytat-huonovointiselta","status":"publish","type":"post","link":"https:\/\/mediaviestinta.fi\/mevi2020\/2025\/02\/hei-verkko-objekti-naytat-huonovointiselta\/","title":{"rendered":"\u201cHei verkko-objekti, n\u00e4yt\u00e4t huonovointiselta\u2026\u201d"},"content":{"rendered":"\n<p><strong>Media ei koskaan kuole, vaan se sopeutuu, muuntuu ja hakeutuu uusiin k\u00e4ytt\u00f6tarkoituksiin, argumentoivat Elli Vaahensalo ja Lilli Sihvonen. Tutkijat tarkastelivat tuoreessa artikkelissa, miten Vinen ja IRC-Gallerian kaltaiset alustat jatkavat el\u00e4m\u00e4\u00e4ns\u00e4 hiipumisenkin j\u00e4lkeen. Artikkelissa k\u00e4y ilmi, ett\u00e4 viraaliksi luonnehdittu Vine jatkaa verkkokulttuurista el\u00e4m\u00e4\u00e4ns\u00e4 laajasti muisteltuna ja yhteis\u00f6llisesti kaivattuna, kun taas lokaalimman ja marginaalimman IRC-Gallerian s\u00e4ilyminen on selke\u00e4mmin yksitt\u00e4isten k\u00e4ytt\u00e4jien varassa. <a href=\"https:\/\/journal.fi\/mediaviestinta\/article\/view\/146473\">Viraalista marginaaliin: Vinen ja IRC-Gallerian j\u00e4ljet ja kulttuurinen jatkuvuus alustojen hiipumisen ja kuoleman j\u00e4lkeen<\/a> on julkaistu Media &amp; viestinn\u00e4n numerossa <a href=\"https:\/\/journal.fi\/mediaviestinta\/issue\/view\/11812\">4\/24. <\/a><\/strong><\/p>\n\n\n\n<p><strong>Mihin laajempaan ilmi\u00f6\u00f6n ja keskusteluun artikkelinne liittyy?<\/strong><\/p>\n\n\n\n<p>Artikkelimme liittyy siihen, miten paljon tietoa j\u00e4\u00e4 verkkoon ja mill\u00e4 tavoin tieto k\u00e4ytt\u00e4ytyy verkossa; v\u00e4lill\u00e4 asiat unohtuvat pitkiksikin ajoiksi, kunnes jotkut k\u00e4ytt\u00e4j\u00e4t nostavat ne uudelleen pintaan, muokkaavat niit\u00e4 ja luovat niille uutta tarttumapintaa. Toisaalta artikkeli muistuttaa my\u00f6s verkkoilmi\u00f6iden h\u00e4ilyv\u00e4st\u00e4 luonteesta ja katoavaisuudesta \u2013 siit\u00e4, miten paljon painuu lopulta unohduksiin ja millainen sis\u00e4lt\u00f6 korostuu verkossa.<\/p>\n\n\n\n<p><strong>Mik\u00e4 on antinne t\u00e4h\u00e4n keskusteluun?<\/strong><\/p>\n\n\n\n<p>Tarjoamme keskusteluun k\u00e4sitteellisen kehyksen, jota voidaan hy\u00f6dynt\u00e4\u00e4 verkkokulttuurien tutkimuksessa. Kehyksen avulla voi hahmotella verkkokulttuurisen objektin elinkaaren vaiheita ja sit\u00e4, millainen sis\u00e4lt\u00f6 (viraali\/marginaali) siin\u00e4 korostuu. Toisaalta sen avulla voidaan m\u00e4\u00e4ritell\u00e4, edustaako verkko-objekti itsess\u00e4\u00e4n viraalia vai marginaalia.<\/p>\n\n\n\n<p><strong>Mik\u00e4 on artikkelinne keskeinen argumentti?<\/strong><\/p>\n\n\n\n<p>Media ei koskaan kuole, vaan se sopeutuu, muuntuu ja hakeutuu uusiin k\u00e4ytt\u00f6tarkoituksiin. Viraali ja marginaali puolestaan m\u00e4\u00e4ritt\u00e4v\u00e4t vaikkapa sit\u00e4, miten yleisesti tunnettua median uudet yhteydet ovat. Hahmottamalla verkkokulttuuristen ilmi\u00f6iden haavoittuvuutta ja s\u00e4ilyvyytt\u00e4 viraalin ja marginaalin n\u00e4k\u00f6kulmasta voi k\u00e4sitell\u00e4 kriittisesti sit\u00e4, mit\u00e4 ilmi\u00f6it\u00e4 muistellaan, s\u00e4ilytet\u00e4\u00e4n ja toisaalta annetaan painua unholaan.<\/p>\n\n\n\n<p><strong>Mit\u00e4 haluatte artikkelillanne sanoa?<\/strong><\/p>\n\n\n\n<p>Haluamme muistuttaa siit\u00e4, millainen sis\u00e4lt\u00f6 verkossa korostuu. Verkko-objektien kuolema ei ole neutraalia tai yhdenvertaista \u2013 sis\u00e4ll\u00f6n ja alustojen suhteen tehd\u00e4\u00e4n aina valintoja sek\u00e4 arvottamista, jotka vaikuttavat siihen, mit\u00e4 j\u00e4\u00e4 j\u00e4ljelle. My\u00f6s k\u00e4ytt\u00e4j\u00e4m\u00e4\u00e4r\u00e4t ja alustojen elinik\u00e4 vaikuttavat verkon historiakulttuurin muodostumiseen. Artikkeli muistuttaa siit\u00e4, miten my\u00f6s menneet ja \u201ckuolleet\u201d verkko-objektit ovat l\u00e4sn\u00e4 nykyhetkess\u00e4.<\/p>\n\n\n\n<p><strong>Kenen kannattaa lukea artikkelinne?<\/strong><\/p>\n\n\n\n<p>Artikkeli sopii kaikille, jotka tutkivat verkkokulttuureja, sosiaalista mediaa ja\/tai media-arkeologiaa ja ovat kiinnostuneita esimerkiksi Vinesta tai IRC-Galleriasta. Artikkelin avulla voi my\u00f6s muistella omaa verkkokulttuurista menneisyytt\u00e4\u00e4n ja siihen liittyvi\u00e4 kokemuksia median kummittelusta \u2013 miten joku unohduksiin painunut verkko-objekti yht\u00e4kki\u00e4 ilmestyy ruudulle muistuttamaan itsest\u00e4\u00e4n.<\/p>\n\n\n\n<p><strong>Mik\u00e4 sai teid\u00e4t tarttumaan t\u00e4h\u00e4n aiheeseen?<\/strong><\/p>\n\n\n\n<p>Koko tutkimusaihe verkkokulttuurien kuolemanj\u00e4lkeisest\u00e4 el\u00e4m\u00e4st\u00e4 on saanut alkunsa siit\u00e4, ett\u00e4 olemme pohtineet tutkimusyhteisty\u00f6t\u00e4 ja miten voisimme yhdist\u00e4\u00e4 osaamisemme. Elinalla on osaamista verkkokulttuurien kehityksest\u00e4 ja eri verkko-objektien toiminnallisuuksista, Lilli puolestaan on aiemmin opiskellut ja opettanut media-arkeologiaa. Kytk\u00f6s n\u00e4iden teemojen v\u00e4lilt\u00e4 l\u00f6ytyi lopulta aika nopeasti, ja ensimm\u00e4inen yhteisartikkelimme ilmestyi vuonna 2022. Sen j\u00e4lkeen halusimme syvent\u00e4\u00e4 aihetta, tarkastella sit\u00e4 monipuolisemmin sek\u00e4 kiinnitt\u00e4\u00e4 rakentamaamme teoriaa my\u00f6s k\u00e4yt\u00e4nn\u00f6n esimerkkeihin. Siten mukaan tulivat viraalin ja marginaalin k\u00e4sitteet m\u00e4\u00e4ritt\u00e4m\u00e4\u00e4n sit\u00e4, mitk\u00e4 seikat saattavat vaikuttaa verkko-objektien el\u00e4m\u00e4nvaiheisiin ja millainen sis\u00e4lt\u00f6 niiden kuolemanj\u00e4lkeisess\u00e4 el\u00e4m\u00e4ss\u00e4 korostuu.<\/p>\n","protected":false},"excerpt":{"rendered":"<p>Media ei koskaan kuole, vaan se sopeutuu, muuntuu ja hakeutuu uusiin k\u00e4ytt\u00f6tarkoituksiin, argumentoivat Elli Vaahensalo ja Lilli Sihvonen. Tutkijat tarkastelivat tuoreessa artikkelissa, miten Vinen ja IRC-Gallerian kaltaiset alustat&hellip;<\/p>\n","protected":false},"author":3,"featured_media":5254,"comment_status":"open","ping_status":"closed","sticky":false,"template":"","format":"standard","meta":{"_monsterinsights_skip_tracking":false,"_monsterinsights_sitenote_active":false,"_monsterinsights_sitenote_note":"","_monsterinsights_sitenote_category":0,"footnotes":""},"categories":[1],"tags":[],"class_list":["post-5251","post","type-post","status-publish","format-standard","has-post-thumbnail","hentry","category-yleinen"],"yoast_head":"<!-- This site is optimized with the Yoast SEO plugin v27.5 - https:\/\/yoast.com\/product\/yoast-seo-wordpress\/ -->\n<title>\u201cHei verkko-objekti, n\u00e4yt\u00e4t huonovointiselta\u2026\u201d &#8211; Mevi<\/title>\n<meta name=\"robots\" content=\"index, follow, max-snippet:-1, max-image-preview:large, max-video-preview:-1\" \/>\n<link rel=\"canonical\" href=\"https:\/\/mediaviestinta.fi\/mevi2020\/2025\/02\/hei-verkko-objekti-naytat-huonovointiselta\/\" \/>\n<meta property=\"og:locale\" content=\"fi_FI\" \/>\n<meta property=\"og:type\" content=\"article\" \/>\n<meta property=\"og:title\" content=\"\u201cHei verkko-objekti, n\u00e4yt\u00e4t huonovointiselta\u2026\u201d &#8211; Mevi\" \/>\n<meta property=\"og:description\" content=\"Media ei koskaan kuole, vaan se sopeutuu, muuntuu ja hakeutuu uusiin k\u00e4ytt\u00f6tarkoituksiin, argumentoivat Elli Vaahensalo ja Lilli Sihvonen. Tutkijat tarkastelivat tuoreessa artikkelissa, miten Vinen ja IRC-Gallerian kaltaiset alustat&hellip;\" \/>\n<meta property=\"og:url\" content=\"https:\/\/mediaviestinta.fi\/mevi2020\/2025\/02\/hei-verkko-objekti-naytat-huonovointiselta\/\" \/>\n<meta property=\"og:site_name\" content=\"Mevi\" \/>\n<meta property=\"article:publisher\" content=\"https:\/\/www.facebook.com\/MediaViestinta\/\" \/>\n<meta property=\"article:published_time\" content=\"2025-02-12T08:06:16+00:00\" \/>\n<meta property=\"og:image\" content=\"https:\/\/mediaviestinta.fi\/mevi2020\/wp-content\/uploads\/2025\/01\/ai-generated-8724151_1280-1.jpg\" \/>\n\t<meta property=\"og:image:width\" content=\"1280\" \/>\n\t<meta property=\"og:image:height\" content=\"717\" \/>\n\t<meta property=\"og:image:type\" content=\"image\/jpeg\" \/>\n<meta name=\"author\" content=\"Mevi\" \/>\n<meta name=\"twitter:card\" content=\"summary_large_image\" \/>\n<meta name=\"twitter:creator\" content=\"@mediaviestinta\" \/>\n<meta name=\"twitter:site\" content=\"@mediaviestinta\" \/>\n<meta name=\"twitter:label1\" content=\"Kirjoittanut\" \/>\n\t<meta name=\"twitter:data1\" content=\"Mevi\" \/>\n\t<meta name=\"twitter:label2\" content=\"Arvioitu lukuaika\" \/>\n\t<meta name=\"twitter:data2\" content=\"3 minuuttia\" \/>\n<script type=\"application\/ld+json\" class=\"yoast-schema-graph\">{\"@context\":\"https:\\\/\\\/schema.org\",\"@graph\":[{\"@type\":\"Article\",\"@id\":\"https:\\\/\\\/mediaviestinta.fi\\\/mevi2020\\\/2025\\\/02\\\/hei-verkko-objekti-naytat-huonovointiselta\\\/#article\",\"isPartOf\":{\"@id\":\"https:\\\/\\\/mediaviestinta.fi\\\/mevi2020\\\/2025\\\/02\\\/hei-verkko-objekti-naytat-huonovointiselta\\\/\"},\"author\":{\"name\":\"Mevi\",\"@id\":\"https:\\\/\\\/mediaviestinta.fi\\\/#\\\/schema\\\/person\\\/b2da34ab24cfcd17dbdd6c7cfb173257\"},\"headline\":\"\u201cHei verkko-objekti, n\u00e4yt\u00e4t huonovointiselta\u2026\u201d\",\"datePublished\":\"2025-02-12T08:06:16+00:00\",\"mainEntityOfPage\":{\"@id\":\"https:\\\/\\\/mediaviestinta.fi\\\/mevi2020\\\/2025\\\/02\\\/hei-verkko-objekti-naytat-huonovointiselta\\\/\"},\"wordCount\":524,\"commentCount\":0,\"publisher\":{\"@id\":\"https:\\\/\\\/mediaviestinta.fi\\\/#organization\"},\"image\":{\"@id\":\"https:\\\/\\\/mediaviestinta.fi\\\/mevi2020\\\/2025\\\/02\\\/hei-verkko-objekti-naytat-huonovointiselta\\\/#primaryimage\"},\"thumbnailUrl\":\"https:\\\/\\\/mediaviestinta.fi\\\/mevi2020\\\/wp-content\\\/uploads\\\/2025\\\/01\\\/ai-generated-8724151_1280-1.jpg\",\"inLanguage\":\"fi\",\"potentialAction\":[{\"@type\":\"CommentAction\",\"name\":\"Comment\",\"target\":[\"https:\\\/\\\/mediaviestinta.fi\\\/mevi2020\\\/2025\\\/02\\\/hei-verkko-objekti-naytat-huonovointiselta\\\/#respond\"]}]},{\"@type\":\"WebPage\",\"@id\":\"https:\\\/\\\/mediaviestinta.fi\\\/mevi2020\\\/2025\\\/02\\\/hei-verkko-objekti-naytat-huonovointiselta\\\/\",\"url\":\"https:\\\/\\\/mediaviestinta.fi\\\/mevi2020\\\/2025\\\/02\\\/hei-verkko-objekti-naytat-huonovointiselta\\\/\",\"name\":\"\u201cHei verkko-objekti, n\u00e4yt\u00e4t huonovointiselta\u2026\u201d &#8211; Mevi\",\"isPartOf\":{\"@id\":\"https:\\\/\\\/mediaviestinta.fi\\\/#website\"},\"primaryImageOfPage\":{\"@id\":\"https:\\\/\\\/mediaviestinta.fi\\\/mevi2020\\\/2025\\\/02\\\/hei-verkko-objekti-naytat-huonovointiselta\\\/#primaryimage\"},\"image\":{\"@id\":\"https:\\\/\\\/mediaviestinta.fi\\\/mevi2020\\\/2025\\\/02\\\/hei-verkko-objekti-naytat-huonovointiselta\\\/#primaryimage\"},\"thumbnailUrl\":\"https:\\\/\\\/mediaviestinta.fi\\\/mevi2020\\\/wp-content\\\/uploads\\\/2025\\\/01\\\/ai-generated-8724151_1280-1.jpg\",\"datePublished\":\"2025-02-12T08:06:16+00:00\",\"breadcrumb\":{\"@id\":\"https:\\\/\\\/mediaviestinta.fi\\\/mevi2020\\\/2025\\\/02\\\/hei-verkko-objekti-naytat-huonovointiselta\\\/#breadcrumb\"},\"inLanguage\":\"fi\",\"potentialAction\":[{\"@type\":\"ReadAction\",\"target\":[\"https:\\\/\\\/mediaviestinta.fi\\\/mevi2020\\\/2025\\\/02\\\/hei-verkko-objekti-naytat-huonovointiselta\\\/\"]}]},{\"@type\":\"ImageObject\",\"inLanguage\":\"fi\",\"@id\":\"https:\\\/\\\/mediaviestinta.fi\\\/mevi2020\\\/2025\\\/02\\\/hei-verkko-objekti-naytat-huonovointiselta\\\/#primaryimage\",\"url\":\"https:\\\/\\\/mediaviestinta.fi\\\/mevi2020\\\/wp-content\\\/uploads\\\/2025\\\/01\\\/ai-generated-8724151_1280-1.jpg\",\"contentUrl\":\"https:\\\/\\\/mediaviestinta.fi\\\/mevi2020\\\/wp-content\\\/uploads\\\/2025\\\/01\\\/ai-generated-8724151_1280-1.jpg\",\"width\":1280,\"height\":717,\"caption\":\"Deeznutz1 \\\/ Pixabay\"},{\"@type\":\"BreadcrumbList\",\"@id\":\"https:\\\/\\\/mediaviestinta.fi\\\/mevi2020\\\/2025\\\/02\\\/hei-verkko-objekti-naytat-huonovointiselta\\\/#breadcrumb\",\"itemListElement\":[{\"@type\":\"ListItem\",\"position\":1,\"name\":\"Home\",\"item\":\"https:\\\/\\\/mediaviestinta.fi\\\/\"},{\"@type\":\"ListItem\",\"position\":2,\"name\":\"\u201cHei verkko-objekti, n\u00e4yt\u00e4t huonovointiselta\u2026\u201d\"}]},{\"@type\":\"WebSite\",\"@id\":\"https:\\\/\\\/mediaviestinta.fi\\\/#website\",\"url\":\"https:\\\/\\\/mediaviestinta.fi\\\/\",\"name\":\"Mevi\",\"description\":\"Media- ja viestint\u00e4tieteellinen seura Mevi\",\"publisher\":{\"@id\":\"https:\\\/\\\/mediaviestinta.fi\\\/#organization\"},\"potentialAction\":[{\"@type\":\"SearchAction\",\"target\":{\"@type\":\"EntryPoint\",\"urlTemplate\":\"https:\\\/\\\/mediaviestinta.fi\\\/?s={search_term_string}\"},\"query-input\":{\"@type\":\"PropertyValueSpecification\",\"valueRequired\":true,\"valueName\":\"search_term_string\"}}],\"inLanguage\":\"fi\"},{\"@type\":\"Organization\",\"@id\":\"https:\\\/\\\/mediaviestinta.fi\\\/#organization\",\"name\":\"Media- ja viestint\u00e4tieteellinen seura Mevi\",\"url\":\"https:\\\/\\\/mediaviestinta.fi\\\/\",\"logo\":{\"@type\":\"ImageObject\",\"inLanguage\":\"fi\",\"@id\":\"https:\\\/\\\/mediaviestinta.fi\\\/#\\\/schema\\\/logo\\\/image\\\/\",\"url\":\"https:\\\/\\\/mediaviestinta.fi\\\/mevi2020\\\/wp-content\\\/uploads\\\/2020\\\/03\\\/mevi-logo-RGB-Transparent.png\",\"contentUrl\":\"https:\\\/\\\/mediaviestinta.fi\\\/mevi2020\\\/wp-content\\\/uploads\\\/2020\\\/03\\\/mevi-logo-RGB-Transparent.png\",\"width\":910,\"height\":464,\"caption\":\"Media- ja viestint\u00e4tieteellinen seura Mevi\"},\"image\":{\"@id\":\"https:\\\/\\\/mediaviestinta.fi\\\/#\\\/schema\\\/logo\\\/image\\\/\"},\"sameAs\":[\"https:\\\/\\\/www.facebook.com\\\/MediaViestinta\\\/\",\"https:\\\/\\\/x.com\\\/mediaviestinta\"]},{\"@type\":\"Person\",\"@id\":\"https:\\\/\\\/mediaviestinta.fi\\\/#\\\/schema\\\/person\\\/b2da34ab24cfcd17dbdd6c7cfb173257\",\"name\":\"Mevi\",\"image\":{\"@type\":\"ImageObject\",\"inLanguage\":\"fi\",\"@id\":\"https:\\\/\\\/secure.gravatar.com\\\/avatar\\\/3305b76d1667dc119a18808ed03d6a1fc2dfa8b6a1cddecb8c4d27ef14ec32ca?s=96&d=mm&r=g\",\"url\":\"https:\\\/\\\/secure.gravatar.com\\\/avatar\\\/3305b76d1667dc119a18808ed03d6a1fc2dfa8b6a1cddecb8c4d27ef14ec32ca?s=96&d=mm&r=g\",\"contentUrl\":\"https:\\\/\\\/secure.gravatar.com\\\/avatar\\\/3305b76d1667dc119a18808ed03d6a1fc2dfa8b6a1cddecb8c4d27ef14ec32ca?s=96&d=mm&r=g\",\"caption\":\"Mevi\"},\"url\":\"https:\\\/\\\/mediaviestinta.fi\\\/mevi2020\\\/author\\\/mediavie\\\/\"}]}<\/script>\n<!-- \/ Yoast SEO plugin. -->","yoast_head_json":{"title":"\u201cHei verkko-objekti, n\u00e4yt\u00e4t huonovointiselta\u2026\u201d &#8211; Mevi","robots":{"index":"index","follow":"follow","max-snippet":"max-snippet:-1","max-image-preview":"max-image-preview:large","max-video-preview":"max-video-preview:-1"},"canonical":"https:\/\/mediaviestinta.fi\/mevi2020\/2025\/02\/hei-verkko-objekti-naytat-huonovointiselta\/","og_locale":"fi_FI","og_type":"article","og_title":"\u201cHei verkko-objekti, n\u00e4yt\u00e4t huonovointiselta\u2026\u201d &#8211; Mevi","og_description":"Media ei koskaan kuole, vaan se sopeutuu, muuntuu ja hakeutuu uusiin k\u00e4ytt\u00f6tarkoituksiin, argumentoivat Elli Vaahensalo ja Lilli Sihvonen. Tutkijat tarkastelivat tuoreessa artikkelissa, miten Vinen ja IRC-Gallerian kaltaiset alustat&hellip;","og_url":"https:\/\/mediaviestinta.fi\/mevi2020\/2025\/02\/hei-verkko-objekti-naytat-huonovointiselta\/","og_site_name":"Mevi","article_publisher":"https:\/\/www.facebook.com\/MediaViestinta\/","article_published_time":"2025-02-12T08:06:16+00:00","og_image":[{"width":1280,"height":717,"url":"https:\/\/mediaviestinta.fi\/mevi2020\/wp-content\/uploads\/2025\/01\/ai-generated-8724151_1280-1.jpg","type":"image\/jpeg"}],"author":"Mevi","twitter_card":"summary_large_image","twitter_creator":"@mediaviestinta","twitter_site":"@mediaviestinta","twitter_misc":{"Kirjoittanut":"Mevi","Arvioitu lukuaika":"3 minuuttia"},"schema":{"@context":"https:\/\/schema.org","@graph":[{"@type":"Article","@id":"https:\/\/mediaviestinta.fi\/mevi2020\/2025\/02\/hei-verkko-objekti-naytat-huonovointiselta\/#article","isPartOf":{"@id":"https:\/\/mediaviestinta.fi\/mevi2020\/2025\/02\/hei-verkko-objekti-naytat-huonovointiselta\/"},"author":{"name":"Mevi","@id":"https:\/\/mediaviestinta.fi\/#\/schema\/person\/b2da34ab24cfcd17dbdd6c7cfb173257"},"headline":"\u201cHei verkko-objekti, n\u00e4yt\u00e4t huonovointiselta\u2026\u201d","datePublished":"2025-02-12T08:06:16+00:00","mainEntityOfPage":{"@id":"https:\/\/mediaviestinta.fi\/mevi2020\/2025\/02\/hei-verkko-objekti-naytat-huonovointiselta\/"},"wordCount":524,"commentCount":0,"publisher":{"@id":"https:\/\/mediaviestinta.fi\/#organization"},"image":{"@id":"https:\/\/mediaviestinta.fi\/mevi2020\/2025\/02\/hei-verkko-objekti-naytat-huonovointiselta\/#primaryimage"},"thumbnailUrl":"https:\/\/mediaviestinta.fi\/mevi2020\/wp-content\/uploads\/2025\/01\/ai-generated-8724151_1280-1.jpg","inLanguage":"fi","potentialAction":[{"@type":"CommentAction","name":"Comment","target":["https:\/\/mediaviestinta.fi\/mevi2020\/2025\/02\/hei-verkko-objekti-naytat-huonovointiselta\/#respond"]}]},{"@type":"WebPage","@id":"https:\/\/mediaviestinta.fi\/mevi2020\/2025\/02\/hei-verkko-objekti-naytat-huonovointiselta\/","url":"https:\/\/mediaviestinta.fi\/mevi2020\/2025\/02\/hei-verkko-objekti-naytat-huonovointiselta\/","name":"\u201cHei verkko-objekti, n\u00e4yt\u00e4t huonovointiselta\u2026\u201d &#8211; Mevi","isPartOf":{"@id":"https:\/\/mediaviestinta.fi\/#website"},"primaryImageOfPage":{"@id":"https:\/\/mediaviestinta.fi\/mevi2020\/2025\/02\/hei-verkko-objekti-naytat-huonovointiselta\/#primaryimage"},"image":{"@id":"https:\/\/mediaviestinta.fi\/mevi2020\/2025\/02\/hei-verkko-objekti-naytat-huonovointiselta\/#primaryimage"},"thumbnailUrl":"https:\/\/mediaviestinta.fi\/mevi2020\/wp-content\/uploads\/2025\/01\/ai-generated-8724151_1280-1.jpg","datePublished":"2025-02-12T08:06:16+00:00","breadcrumb":{"@id":"https:\/\/mediaviestinta.fi\/mevi2020\/2025\/02\/hei-verkko-objekti-naytat-huonovointiselta\/#breadcrumb"},"inLanguage":"fi","potentialAction":[{"@type":"ReadAction","target":["https:\/\/mediaviestinta.fi\/mevi2020\/2025\/02\/hei-verkko-objekti-naytat-huonovointiselta\/"]}]},{"@type":"ImageObject","inLanguage":"fi","@id":"https:\/\/mediaviestinta.fi\/mevi2020\/2025\/02\/hei-verkko-objekti-naytat-huonovointiselta\/#primaryimage","url":"https:\/\/mediaviestinta.fi\/mevi2020\/wp-content\/uploads\/2025\/01\/ai-generated-8724151_1280-1.jpg","contentUrl":"https:\/\/mediaviestinta.fi\/mevi2020\/wp-content\/uploads\/2025\/01\/ai-generated-8724151_1280-1.jpg","width":1280,"height":717,"caption":"Deeznutz1 \/ Pixabay"},{"@type":"BreadcrumbList","@id":"https:\/\/mediaviestinta.fi\/mevi2020\/2025\/02\/hei-verkko-objekti-naytat-huonovointiselta\/#breadcrumb","itemListElement":[{"@type":"ListItem","position":1,"name":"Home","item":"https:\/\/mediaviestinta.fi\/"},{"@type":"ListItem","position":2,"name":"\u201cHei verkko-objekti, n\u00e4yt\u00e4t huonovointiselta\u2026\u201d"}]},{"@type":"WebSite","@id":"https:\/\/mediaviestinta.fi\/#website","url":"https:\/\/mediaviestinta.fi\/","name":"Mevi","description":"Media- ja viestint\u00e4tieteellinen seura Mevi","publisher":{"@id":"https:\/\/mediaviestinta.fi\/#organization"},"potentialAction":[{"@type":"SearchAction","target":{"@type":"EntryPoint","urlTemplate":"https:\/\/mediaviestinta.fi\/?s={search_term_string}"},"query-input":{"@type":"PropertyValueSpecification","valueRequired":true,"valueName":"search_term_string"}}],"inLanguage":"fi"},{"@type":"Organization","@id":"https:\/\/mediaviestinta.fi\/#organization","name":"Media- ja viestint\u00e4tieteellinen seura Mevi","url":"https:\/\/mediaviestinta.fi\/","logo":{"@type":"ImageObject","inLanguage":"fi","@id":"https:\/\/mediaviestinta.fi\/#\/schema\/logo\/image\/","url":"https:\/\/mediaviestinta.fi\/mevi2020\/wp-content\/uploads\/2020\/03\/mevi-logo-RGB-Transparent.png","contentUrl":"https:\/\/mediaviestinta.fi\/mevi2020\/wp-content\/uploads\/2020\/03\/mevi-logo-RGB-Transparent.png","width":910,"height":464,"caption":"Media- ja viestint\u00e4tieteellinen seura Mevi"},"image":{"@id":"https:\/\/mediaviestinta.fi\/#\/schema\/logo\/image\/"},"sameAs":["https:\/\/www.facebook.com\/MediaViestinta\/","https:\/\/x.com\/mediaviestinta"]},{"@type":"Person","@id":"https:\/\/mediaviestinta.fi\/#\/schema\/person\/b2da34ab24cfcd17dbdd6c7cfb173257","name":"Mevi","image":{"@type":"ImageObject","inLanguage":"fi","@id":"https:\/\/secure.gravatar.com\/avatar\/3305b76d1667dc119a18808ed03d6a1fc2dfa8b6a1cddecb8c4d27ef14ec32ca?s=96&d=mm&r=g","url":"https:\/\/secure.gravatar.com\/avatar\/3305b76d1667dc119a18808ed03d6a1fc2dfa8b6a1cddecb8c4d27ef14ec32ca?s=96&d=mm&r=g","contentUrl":"https:\/\/secure.gravatar.com\/avatar\/3305b76d1667dc119a18808ed03d6a1fc2dfa8b6a1cddecb8c4d27ef14ec32ca?s=96&d=mm&r=g","caption":"Mevi"},"url":"https:\/\/mediaviestinta.fi\/mevi2020\/author\/mediavie\/"}]}},"_links":{"self":[{"href":"https:\/\/mediaviestinta.fi\/mevi2020\/wp-json\/wp\/v2\/posts\/5251","targetHints":{"allow":["GET"]}}],"collection":[{"href":"https:\/\/mediaviestinta.fi\/mevi2020\/wp-json\/wp\/v2\/posts"}],"about":[{"href":"https:\/\/mediaviestinta.fi\/mevi2020\/wp-json\/wp\/v2\/types\/post"}],"author":[{"embeddable":true,"href":"https:\/\/mediaviestinta.fi\/mevi2020\/wp-json\/wp\/v2\/users\/3"}],"replies":[{"embeddable":true,"href":"https:\/\/mediaviestinta.fi\/mevi2020\/wp-json\/wp\/v2\/comments?post=5251"}],"version-history":[{"count":4,"href":"https:\/\/mediaviestinta.fi\/mevi2020\/wp-json\/wp\/v2\/posts\/5251\/revisions"}],"predecessor-version":[{"id":5259,"href":"https:\/\/mediaviestinta.fi\/mevi2020\/wp-json\/wp\/v2\/posts\/5251\/revisions\/5259"}],"wp:featuredmedia":[{"embeddable":true,"href":"https:\/\/mediaviestinta.fi\/mevi2020\/wp-json\/wp\/v2\/media\/5254"}],"wp:attachment":[{"href":"https:\/\/mediaviestinta.fi\/mevi2020\/wp-json\/wp\/v2\/media?parent=5251"}],"wp:term":[{"taxonomy":"category","embeddable":true,"href":"https:\/\/mediaviestinta.fi\/mevi2020\/wp-json\/wp\/v2\/categories?post=5251"},{"taxonomy":"post_tag","embeddable":true,"href":"https:\/\/mediaviestinta.fi\/mevi2020\/wp-json\/wp\/v2\/tags?post=5251"}],"curies":[{"name":"wp","href":"https:\/\/api.w.org\/{rel}","templated":true}]}}