{"id":5260,"date":"2025-02-19T10:12:03","date_gmt":"2025-02-19T08:12:03","guid":{"rendered":"https:\/\/mediaviestinta.fi\/mevi2020\/?p=5260"},"modified":"2025-02-19T10:33:19","modified_gmt":"2025-02-19T08:33:19","slug":"moniaanisyys-tarkoittaa-journalismissa-vahan-kaikkea-mutta-kuitenkin-eniten-aanten-ja-nakokulmien-kirjoa","status":"publish","type":"post","link":"https:\/\/mediaviestinta.fi\/mevi2020\/2025\/02\/moniaanisyys-tarkoittaa-journalismissa-vahan-kaikkea-mutta-kuitenkin-eniten-aanten-ja-nakokulmien-kirjoa\/","title":{"rendered":"Moni\u00e4\u00e4nisyys tarkoittaa journalismissa v\u00e4h\u00e4n kaikkea, mutta kuitenkin eniten \u00e4\u00e4nten ja n\u00e4k\u00f6kulmien kirjoa"},"content":{"rendered":"\n<p><strong>Moni\u00e4\u00e4nisyys on k\u00e4sitteen\u00e4 nimens\u00e4 veroinen: niin monisyinen, ett\u00e4 siit\u00e4 on vaikea saada otetta. Tuore tutkimus paloittelee k\u00e4sitteen osiin kansainv\u00e4lisen median moniarvoisuus- ja monimuotoisuustutkimuksen pohjalta ja kokoaa sen uudelleen suomalaisen tutkimusaineiston perusteella. Tuloksena on, ett\u00e4 suomalaisessa ammattikeskustelussa journalismin moni\u00e4\u00e4nisyys j\u00e4sentyy useimmin mediassa kuultavien \u00e4\u00e4nien ja n\u00e4htyjen n\u00e4k\u00f6kulmien kirjona. K\u00e4siteanalyysin lis\u00e4ksi Matleena Ylikosken ja Laura Ahvan artikkeli tarjoaa v\u00e4lineit\u00e4 moni\u00e4\u00e4nisyyden haasteiden pureskeluun.<\/strong> <strong>Artikkeli <a href=\"https:\/\/journal.fi\/mediaviestinta\/article\/view\/148569\">Journalismin moni\u00e4\u00e4nisyys osana median monimuotoisuuden ilmi\u00f6t\u00e4<\/a><\/strong> <strong>on julkaistu Media &amp; viestinn\u00e4n numerossa <a href=\"https:\/\/journal.fi\/mediaviestinta\/issue\/view\/11812\">4\/24. <\/a><\/strong><\/p>\n\n\n\n<p><strong>Mihin laajempaan ilmi\u00f6\u00f6n ja keskusteluun artikkelinne liittyy?<\/strong><\/p>\n\n\n\n<p>T\u00e4m\u00e4 artikkeli liittyy kysymykseen siit\u00e4, miss\u00e4 m\u00e4\u00e4rin median pit\u00e4isi olla monimuotoisempaa ja mill\u00e4 tavoin. Keskustelua k\u00e4yd\u00e4\u00e4n muun muassa siit\u00e4, kuinka journalismi voi taata, ett\u00e4 mahdollisimman monen ja erilaisen ihmisen \u00e4\u00e4ni kuulu uutisissa, tai mink\u00e4laisia ihmisi\u00e4 toimituksiin olisi hyv\u00e4 palkata. Monet varmasti muistavat kes\u00e4ll\u00e4 k\u00e4ydyn debatin Ylen monimuotoisuuskoulutuksista. Aiheesta on siis tullut my\u00f6s poliittisesti kiistelty teema, vaikka monimuotoisuutta pidet\u00e4\u00e4n liberaalien demokratioiden ja siten my\u00f6s journalismin edellytyksen\u00e4. Tuomme t\u00e4h\u00e4n keskusteluun tutkimukseen perustuvan j\u00e4sentelyn ja empiirisi\u00e4 tuloksia siit\u00e4, kuinka suomalaiset ammattilehdet kirjoittavat asiasta ja kuinka moni\u00e4\u00e4nisyyteen perehtyneet toimittajat itse mielt\u00e4v\u00e4t sen.<\/p>\n\n\n\n<p><strong>Mik\u00e4 on antinne t\u00e4h\u00e4n keskusteluun?<\/strong><\/p>\n\n\n\n<p>Esit\u00e4mme, ett\u00e4 moniarvoisuus (pluralismi) on se periaatteellinen kulmakivi, johon kaikki aihetta sivuava keskustelu perustuu. T\u00e4t\u00e4 periaatetta on aiemmassa empiirisess\u00e4 tutkimuksessa l\u00e4hestytty ja tarkasteltu erityisesti monimuotoisuuden (diversiteetin) k\u00e4sitteen avulla. Aineistomme analyysin perusteella asetamme Suomessa tyypillisesti k\u00e4ytetyn k\u00e4sitteen \u2018moni\u00e4\u00e4nisyys\u2019 median monimuotoisuuden ilmi\u00f6n sis\u00e4\u00e4n ja osoitamme sille perustellun sijainnin. K\u00e4siteanalyysin ja siihen liittyv\u00e4n t\u00e4htimallin lis\u00e4ksi tarjoamme moni\u00e4\u00e4nisyyskysymysten parissa ty\u00f6skenteleville tutkijoille ja toimittajille paljon mietitt\u00e4v\u00e4\u00e4 ja ehk\u00e4 jonkin oivalluksenkin.<\/p>\n\n\n\n<p><img fetchpriority=\"high\" decoding=\"async\" width=\"1000\" height=\"563\" class=\"wp-image-5263\" style=\"width: 1000px;\" src=\"https:\/\/mediaviestinta.fi\/mevi2020\/wp-content\/uploads\/2025\/02\/Median-monimuotoisuus-Kuvitus-Meeri-Hentila.png\" alt=\"T\u00e4htisakaraisessa kuvassa m\u00e4\u00e4ritell\u00e4\u00e4n median monimuotoisuuden eri osa-alueita. \" srcset=\"https:\/\/mediaviestinta.fi\/mevi2020\/wp-content\/uploads\/2025\/02\/Median-monimuotoisuus-Kuvitus-Meeri-Hentila.png 1280w, https:\/\/mediaviestinta.fi\/mevi2020\/wp-content\/uploads\/2025\/02\/Median-monimuotoisuus-Kuvitus-Meeri-Hentila-300x169.png 300w, https:\/\/mediaviestinta.fi\/mevi2020\/wp-content\/uploads\/2025\/02\/Median-monimuotoisuus-Kuvitus-Meeri-Hentila-1024x576.png 1024w, https:\/\/mediaviestinta.fi\/mevi2020\/wp-content\/uploads\/2025\/02\/Median-monimuotoisuus-Kuvitus-Meeri-Hentila-768x432.png 768w, https:\/\/mediaviestinta.fi\/mevi2020\/wp-content\/uploads\/2025\/02\/Median-monimuotoisuus-Kuvitus-Meeri-Hentila-540x304.png 540w, https:\/\/mediaviestinta.fi\/mevi2020\/wp-content\/uploads\/2025\/02\/Median-monimuotoisuus-Kuvitus-Meeri-Hentila-1080x608.png 1080w\" sizes=\"(max-width: 1000px) 100vw, 1000px\" \/><\/p>\n\n\n\n<p>Kuvitus: Meeri Hentil\u00e4<\/p>\n\n\n\n<p><strong>Mik\u00e4 on artikkelinne keskeinen argumentti?<\/strong><\/p>\n\n\n\n<p>K\u00e4ymme artikkelissa tiiviisti l\u00e4pi aiempaa pluralismi- ja diversiteettitutkimusta ja esit\u00e4mme, ett\u00e4 median monimuotoisuus koostuu kuudesta eri ulottuvuudesta: 1) mediarakenteiden, 2) ohjelmatyyppien ja alustojen, 3) toimitusten, 4) l\u00e4hteiden, 5) aiheiden ja n\u00e4k\u00f6kulmien sek\u00e4 6) k\u00e4yt\u00f6n monimuotoisuudesta. Kun tutkimme haastatteluin ja tekstianalyysin avulla sit\u00e4, mit\u00e4 suomalaisessa ammatillisessa ymm\u00e4rryksess\u00e4 monimuotoisuus ja moni\u00e4\u00e4nisyys ovat, saimme selville, ett\u00e4 sill\u00e4 viitataan t\u00e4\u00e4ll\u00e4 etenkin aiheiden, n\u00e4k\u00f6kulmien ja mediassa \u00e4\u00e4neen p\u00e4\u00e4sevien l\u00e4hteiden runsauteen ja monipuolisuuteen. Suomalaisessa keskustelussa korostuu siis journalismin sis\u00e4ll\u00f6llinen ulottuvuus, mihin arjessa k\u00e4ytetty termi moni\u00e4\u00e4nisyys tuntuu luonnollisestikin viittaavan. Toisaalta muutkin median monimuotoisuuden ulottuvuudet olivat aineistossamme l\u00e4sn\u00e4, mik\u00e4 alleviivaa moni\u00e4\u00e4nisyyden prosessimaista ja kompleksista luonnetta: journalismin moni\u00e4\u00e4nisyys on ik\u00e4\u00e4n kuin lopputuote \u2013 monipuolista journalistista sis\u00e4lt\u00f6\u00e4 \u2013 joka k\u00e4rsii heti, jos joku monimuotoisuust\u00e4hden monista ulottuvuuksista ei ole kunnossa.<\/p>\n\n\n\n<p><strong>Mit\u00e4 haluatte artikkelillanne sanoa?<\/strong><\/p>\n\n\n\n<p>Ydinviestimme on, ett\u00e4 journalismin moni\u00e4\u00e4nisyyteen vaikuttavat kokonaisvaltaisesti kaikki median monimuotoisuuden osa-alueet. Moni\u00e4\u00e4nisten sis\u00e4lt\u00f6jen syntyminen on prosessi, jossa toimittajan ja haastateltavien huolellinen vuorovaikutus tuottaa sellaisia n\u00e4k\u00f6kulmia juttuaiheisiin tai yhteiskunnallisiin ilmi\u00f6ihin, ett\u00e4 ne palvelevat sek\u00e4 jokaista yleis\u00f6ryhm\u00e4\u00e4 vuorollaan ett\u00e4 koko yhteiskuntaa yleisesti luomalla yhteist\u00e4 ymm\u00e4rryst\u00e4 maailmasta. Koska yleis\u00f6t ja heid\u00e4n tarpeensa ovat moninaiset, moni\u00e4\u00e4ninen journalismi on my\u00f6s runsasta journalismia: siin\u00e4 kaikkea on paljon, niin aiheita, \u00e4\u00e4ni\u00e4, n\u00e4k\u00f6kulmia, eri l\u00e4hteist\u00e4 saatuja tietoja, s\u00e4vyj\u00e4 kuin toteutustapojakin. Moni\u00e4\u00e4nisyys syntyy lopulta kokonaisuudesta, ei yksitt\u00e4isest\u00e4 jutusta tai toimenpiteest\u00e4.<\/p>\n\n\n\n<p><strong>Kenen kannattaa lukea artikkelinne?<\/strong><\/p>\n\n\n\n<p>Aiemmin monimuotoisuudesta on tutkimuksessa puhuttu muun muassa ketjuna, mutta me ehdotamme, ett\u00e4 kyseess\u00e4 olisi pikemminkin t\u00e4htim\u00e4inen k\u00e4site. Eli median monimuotoisuus koostuu kuudesta eri sakarasta, jotka kaikki yhdistyv\u00e4t toisiinsa mallin keskell\u00e4 ja riste\u00e4v\u00e4t eri tavoin. Artikkeli ja t\u00e4htimallimme auttavat varmasti monia aiheen parissa ty\u00f6skentelevi\u00e4 tutkijoita hahmottamaan kentt\u00e4\u00e4 k\u00e4sitteellisesti. T\u00e4htim\u00e4inen malli auttaa my\u00f6s niit\u00e4 journalismin kent\u00e4ll\u00e4 ty\u00f6skentelevi\u00e4, joita kiinnostaa moni\u00e4\u00e4nisyyden kehitt\u00e4minen. Malli hoksauttaa, ett\u00e4 moni\u00e4\u00e4nisyytt\u00e4 voi l\u00e4hte\u00e4 kehitt\u00e4m\u00e4\u00e4n mist\u00e4 sakarasta k\u00e4sin tahansa, mutta oleellista on ottaa huomioon, ett\u00e4 tehty ty\u00f6 varmasti vaikuttaa my\u00f6s muihin sakaroihin toivotulla tavalla. Moni\u00e4\u00e4ninen journalismi on, kuten sanottua, prosessin lopputuote.<\/p>\n\n\n\n<p><strong>Mik\u00e4 sai teid\u00e4t tarttumaan t\u00e4h\u00e4n aiheeseen?<\/strong><\/p>\n\n\n\n<p>Suomen kieless\u00e4 on t\u00e4m\u00e4 erityinen sana \u201dmoni\u00e4\u00e4nisyys\u201d, joka ei k\u00e4\u00e4nny englannin kieleen mitenk\u00e4\u00e4n yksioikoisesti. Havaintojemme mukaan sit\u00e4 k\u00e4ytet\u00e4\u00e4n toimituksissa, kun puhutaan esimerkiksi journalismin teht\u00e4v\u00e4st\u00e4 yhteiskunnassa, sen puolueettomuudesta tai l\u00e4hteiden tasapainoisuudesta. Olimme aiemmin mukana hankkeessa, jossa kehitettiin ty\u00f6kalua, jonka avulla uutisten moni\u00e4\u00e4nisyytt\u00e4 voisi mitata automaattisesti. Tarvitsimme t\u00e4m\u00e4n kehitysty\u00f6n tueksi selke\u00e4mm\u00e4n ymm\u00e4rryksen siit\u00e4, mit\u00e4 journalismin moni\u00e4\u00e4nisyys ammattikunnan itseymm\u00e4rryksess\u00e4 oikeastaan on, ja siihen tarpeeseen t\u00e4m\u00e4 artikkeli on vastaus. Matleena Ylikoski jatkaa aiheen parissa muissakin v\u00e4it\u00f6skirjaansa liittyviss\u00e4 artikkeleissa.<\/p>\n\n\n\n<p><\/p>\n","protected":false},"excerpt":{"rendered":"<p>Moni\u00e4\u00e4nisyys on k\u00e4sitteen\u00e4 nimens\u00e4 veroinen: niin monisyinen, ett\u00e4 siit\u00e4 on vaikea saada otetta. Tuore tutkimus paloittelee k\u00e4sitteen osiin kansainv\u00e4lisen median moniarvoisuus- ja monimuotoisuustutkimuksen pohjalta ja kokoaa sen uudelleen&hellip;<\/p>\n","protected":false},"author":3,"featured_media":5266,"comment_status":"open","ping_status":"closed","sticky":false,"template":"","format":"standard","meta":{"_monsterinsights_skip_tracking":false,"_monsterinsights_sitenote_active":false,"_monsterinsights_sitenote_note":"","_monsterinsights_sitenote_category":0,"footnotes":""},"categories":[76,1],"tags":[],"class_list":["post-5260","post","type-post","status-publish","format-standard","has-post-thumbnail","hentry","category-ajankohtaista","category-yleinen"],"yoast_head":"<!-- This site is optimized with the Yoast SEO plugin v27.5 - https:\/\/yoast.com\/product\/yoast-seo-wordpress\/ -->\n<title>Moni\u00e4\u00e4nisyys tarkoittaa journalismissa v\u00e4h\u00e4n kaikkea, mutta kuitenkin eniten \u00e4\u00e4nten ja n\u00e4k\u00f6kulmien kirjoa &#8211; Mevi<\/title>\n<meta name=\"robots\" content=\"index, follow, max-snippet:-1, max-image-preview:large, max-video-preview:-1\" \/>\n<link rel=\"canonical\" href=\"https:\/\/mediaviestinta.fi\/mevi2020\/2025\/02\/moniaanisyys-tarkoittaa-journalismissa-vahan-kaikkea-mutta-kuitenkin-eniten-aanten-ja-nakokulmien-kirjoa\/\" \/>\n<meta property=\"og:locale\" content=\"fi_FI\" \/>\n<meta property=\"og:type\" content=\"article\" \/>\n<meta property=\"og:title\" content=\"Moni\u00e4\u00e4nisyys tarkoittaa journalismissa v\u00e4h\u00e4n kaikkea, mutta kuitenkin eniten \u00e4\u00e4nten ja n\u00e4k\u00f6kulmien kirjoa &#8211; Mevi\" \/>\n<meta property=\"og:description\" content=\"Moni\u00e4\u00e4nisyys on k\u00e4sitteen\u00e4 nimens\u00e4 veroinen: niin monisyinen, ett\u00e4 siit\u00e4 on vaikea saada otetta. Tuore tutkimus paloittelee k\u00e4sitteen osiin kansainv\u00e4lisen median moniarvoisuus- ja monimuotoisuustutkimuksen pohjalta ja kokoaa sen uudelleen&hellip;\" \/>\n<meta property=\"og:url\" content=\"https:\/\/mediaviestinta.fi\/mevi2020\/2025\/02\/moniaanisyys-tarkoittaa-journalismissa-vahan-kaikkea-mutta-kuitenkin-eniten-aanten-ja-nakokulmien-kirjoa\/\" \/>\n<meta property=\"og:site_name\" content=\"Mevi\" \/>\n<meta property=\"article:publisher\" content=\"https:\/\/www.facebook.com\/MediaViestinta\/\" \/>\n<meta property=\"article:published_time\" content=\"2025-02-19T08:12:03+00:00\" \/>\n<meta property=\"article:modified_time\" content=\"2025-02-19T08:33:19+00:00\" \/>\n<meta property=\"og:image\" content=\"https:\/\/mediaviestinta.fi\/mevi2020\/wp-content\/uploads\/2025\/02\/elefantti.jpg\" \/>\n\t<meta property=\"og:image:width\" content=\"1280\" \/>\n\t<meta property=\"og:image:height\" content=\"854\" \/>\n\t<meta property=\"og:image:type\" content=\"image\/jpeg\" \/>\n<meta name=\"author\" content=\"Mevi\" \/>\n<meta name=\"twitter:card\" content=\"summary_large_image\" \/>\n<meta name=\"twitter:creator\" content=\"@mediaviestinta\" \/>\n<meta name=\"twitter:site\" content=\"@mediaviestinta\" \/>\n<meta name=\"twitter:label1\" content=\"Kirjoittanut\" \/>\n\t<meta name=\"twitter:data1\" content=\"Mevi\" \/>\n\t<meta name=\"twitter:label2\" content=\"Arvioitu lukuaika\" \/>\n\t<meta name=\"twitter:data2\" content=\"5 minuuttia\" \/>\n<script type=\"application\/ld+json\" class=\"yoast-schema-graph\">{\"@context\":\"https:\\\/\\\/schema.org\",\"@graph\":[{\"@type\":\"Article\",\"@id\":\"https:\\\/\\\/mediaviestinta.fi\\\/mevi2020\\\/2025\\\/02\\\/moniaanisyys-tarkoittaa-journalismissa-vahan-kaikkea-mutta-kuitenkin-eniten-aanten-ja-nakokulmien-kirjoa\\\/#article\",\"isPartOf\":{\"@id\":\"https:\\\/\\\/mediaviestinta.fi\\\/mevi2020\\\/2025\\\/02\\\/moniaanisyys-tarkoittaa-journalismissa-vahan-kaikkea-mutta-kuitenkin-eniten-aanten-ja-nakokulmien-kirjoa\\\/\"},\"author\":{\"name\":\"Mevi\",\"@id\":\"https:\\\/\\\/mediaviestinta.fi\\\/#\\\/schema\\\/person\\\/b2da34ab24cfcd17dbdd6c7cfb173257\"},\"headline\":\"Moni\u00e4\u00e4nisyys tarkoittaa journalismissa v\u00e4h\u00e4n kaikkea, mutta kuitenkin eniten \u00e4\u00e4nten ja n\u00e4k\u00f6kulmien kirjoa\",\"datePublished\":\"2025-02-19T08:12:03+00:00\",\"dateModified\":\"2025-02-19T08:33:19+00:00\",\"mainEntityOfPage\":{\"@id\":\"https:\\\/\\\/mediaviestinta.fi\\\/mevi2020\\\/2025\\\/02\\\/moniaanisyys-tarkoittaa-journalismissa-vahan-kaikkea-mutta-kuitenkin-eniten-aanten-ja-nakokulmien-kirjoa\\\/\"},\"wordCount\":780,\"commentCount\":0,\"publisher\":{\"@id\":\"https:\\\/\\\/mediaviestinta.fi\\\/#organization\"},\"image\":{\"@id\":\"https:\\\/\\\/mediaviestinta.fi\\\/mevi2020\\\/2025\\\/02\\\/moniaanisyys-tarkoittaa-journalismissa-vahan-kaikkea-mutta-kuitenkin-eniten-aanten-ja-nakokulmien-kirjoa\\\/#primaryimage\"},\"thumbnailUrl\":\"https:\\\/\\\/mediaviestinta.fi\\\/mevi2020\\\/wp-content\\\/uploads\\\/2025\\\/02\\\/elefantti.jpg\",\"articleSection\":[\"Ajankohtaista\"],\"inLanguage\":\"fi\",\"potentialAction\":[{\"@type\":\"CommentAction\",\"name\":\"Comment\",\"target\":[\"https:\\\/\\\/mediaviestinta.fi\\\/mevi2020\\\/2025\\\/02\\\/moniaanisyys-tarkoittaa-journalismissa-vahan-kaikkea-mutta-kuitenkin-eniten-aanten-ja-nakokulmien-kirjoa\\\/#respond\"]}]},{\"@type\":\"WebPage\",\"@id\":\"https:\\\/\\\/mediaviestinta.fi\\\/mevi2020\\\/2025\\\/02\\\/moniaanisyys-tarkoittaa-journalismissa-vahan-kaikkea-mutta-kuitenkin-eniten-aanten-ja-nakokulmien-kirjoa\\\/\",\"url\":\"https:\\\/\\\/mediaviestinta.fi\\\/mevi2020\\\/2025\\\/02\\\/moniaanisyys-tarkoittaa-journalismissa-vahan-kaikkea-mutta-kuitenkin-eniten-aanten-ja-nakokulmien-kirjoa\\\/\",\"name\":\"Moni\u00e4\u00e4nisyys tarkoittaa journalismissa v\u00e4h\u00e4n kaikkea, mutta kuitenkin eniten \u00e4\u00e4nten ja n\u00e4k\u00f6kulmien kirjoa &#8211; Mevi\",\"isPartOf\":{\"@id\":\"https:\\\/\\\/mediaviestinta.fi\\\/#website\"},\"primaryImageOfPage\":{\"@id\":\"https:\\\/\\\/mediaviestinta.fi\\\/mevi2020\\\/2025\\\/02\\\/moniaanisyys-tarkoittaa-journalismissa-vahan-kaikkea-mutta-kuitenkin-eniten-aanten-ja-nakokulmien-kirjoa\\\/#primaryimage\"},\"image\":{\"@id\":\"https:\\\/\\\/mediaviestinta.fi\\\/mevi2020\\\/2025\\\/02\\\/moniaanisyys-tarkoittaa-journalismissa-vahan-kaikkea-mutta-kuitenkin-eniten-aanten-ja-nakokulmien-kirjoa\\\/#primaryimage\"},\"thumbnailUrl\":\"https:\\\/\\\/mediaviestinta.fi\\\/mevi2020\\\/wp-content\\\/uploads\\\/2025\\\/02\\\/elefantti.jpg\",\"datePublished\":\"2025-02-19T08:12:03+00:00\",\"dateModified\":\"2025-02-19T08:33:19+00:00\",\"breadcrumb\":{\"@id\":\"https:\\\/\\\/mediaviestinta.fi\\\/mevi2020\\\/2025\\\/02\\\/moniaanisyys-tarkoittaa-journalismissa-vahan-kaikkea-mutta-kuitenkin-eniten-aanten-ja-nakokulmien-kirjoa\\\/#breadcrumb\"},\"inLanguage\":\"fi\",\"potentialAction\":[{\"@type\":\"ReadAction\",\"target\":[\"https:\\\/\\\/mediaviestinta.fi\\\/mevi2020\\\/2025\\\/02\\\/moniaanisyys-tarkoittaa-journalismissa-vahan-kaikkea-mutta-kuitenkin-eniten-aanten-ja-nakokulmien-kirjoa\\\/\"]}]},{\"@type\":\"ImageObject\",\"inLanguage\":\"fi\",\"@id\":\"https:\\\/\\\/mediaviestinta.fi\\\/mevi2020\\\/2025\\\/02\\\/moniaanisyys-tarkoittaa-journalismissa-vahan-kaikkea-mutta-kuitenkin-eniten-aanten-ja-nakokulmien-kirjoa\\\/#primaryimage\",\"url\":\"https:\\\/\\\/mediaviestinta.fi\\\/mevi2020\\\/wp-content\\\/uploads\\\/2025\\\/02\\\/elefantti.jpg\",\"contentUrl\":\"https:\\\/\\\/mediaviestinta.fi\\\/mevi2020\\\/wp-content\\\/uploads\\\/2025\\\/02\\\/elefantti.jpg\",\"width\":1280,\"height\":854,\"caption\":\"Ben-Kerckx \\\/ Pixabay\"},{\"@type\":\"BreadcrumbList\",\"@id\":\"https:\\\/\\\/mediaviestinta.fi\\\/mevi2020\\\/2025\\\/02\\\/moniaanisyys-tarkoittaa-journalismissa-vahan-kaikkea-mutta-kuitenkin-eniten-aanten-ja-nakokulmien-kirjoa\\\/#breadcrumb\",\"itemListElement\":[{\"@type\":\"ListItem\",\"position\":1,\"name\":\"Home\",\"item\":\"https:\\\/\\\/mediaviestinta.fi\\\/\"},{\"@type\":\"ListItem\",\"position\":2,\"name\":\"Moni\u00e4\u00e4nisyys tarkoittaa journalismissa v\u00e4h\u00e4n kaikkea, mutta kuitenkin eniten \u00e4\u00e4nten ja n\u00e4k\u00f6kulmien kirjoa\"}]},{\"@type\":\"WebSite\",\"@id\":\"https:\\\/\\\/mediaviestinta.fi\\\/#website\",\"url\":\"https:\\\/\\\/mediaviestinta.fi\\\/\",\"name\":\"Mevi\",\"description\":\"Media- ja viestint\u00e4tieteellinen seura Mevi\",\"publisher\":{\"@id\":\"https:\\\/\\\/mediaviestinta.fi\\\/#organization\"},\"potentialAction\":[{\"@type\":\"SearchAction\",\"target\":{\"@type\":\"EntryPoint\",\"urlTemplate\":\"https:\\\/\\\/mediaviestinta.fi\\\/?s={search_term_string}\"},\"query-input\":{\"@type\":\"PropertyValueSpecification\",\"valueRequired\":true,\"valueName\":\"search_term_string\"}}],\"inLanguage\":\"fi\"},{\"@type\":\"Organization\",\"@id\":\"https:\\\/\\\/mediaviestinta.fi\\\/#organization\",\"name\":\"Media- ja viestint\u00e4tieteellinen seura Mevi\",\"url\":\"https:\\\/\\\/mediaviestinta.fi\\\/\",\"logo\":{\"@type\":\"ImageObject\",\"inLanguage\":\"fi\",\"@id\":\"https:\\\/\\\/mediaviestinta.fi\\\/#\\\/schema\\\/logo\\\/image\\\/\",\"url\":\"https:\\\/\\\/mediaviestinta.fi\\\/mevi2020\\\/wp-content\\\/uploads\\\/2020\\\/03\\\/mevi-logo-RGB-Transparent.png\",\"contentUrl\":\"https:\\\/\\\/mediaviestinta.fi\\\/mevi2020\\\/wp-content\\\/uploads\\\/2020\\\/03\\\/mevi-logo-RGB-Transparent.png\",\"width\":910,\"height\":464,\"caption\":\"Media- ja viestint\u00e4tieteellinen seura Mevi\"},\"image\":{\"@id\":\"https:\\\/\\\/mediaviestinta.fi\\\/#\\\/schema\\\/logo\\\/image\\\/\"},\"sameAs\":[\"https:\\\/\\\/www.facebook.com\\\/MediaViestinta\\\/\",\"https:\\\/\\\/x.com\\\/mediaviestinta\"]},{\"@type\":\"Person\",\"@id\":\"https:\\\/\\\/mediaviestinta.fi\\\/#\\\/schema\\\/person\\\/b2da34ab24cfcd17dbdd6c7cfb173257\",\"name\":\"Mevi\",\"image\":{\"@type\":\"ImageObject\",\"inLanguage\":\"fi\",\"@id\":\"https:\\\/\\\/secure.gravatar.com\\\/avatar\\\/3305b76d1667dc119a18808ed03d6a1fc2dfa8b6a1cddecb8c4d27ef14ec32ca?s=96&d=mm&r=g\",\"url\":\"https:\\\/\\\/secure.gravatar.com\\\/avatar\\\/3305b76d1667dc119a18808ed03d6a1fc2dfa8b6a1cddecb8c4d27ef14ec32ca?s=96&d=mm&r=g\",\"contentUrl\":\"https:\\\/\\\/secure.gravatar.com\\\/avatar\\\/3305b76d1667dc119a18808ed03d6a1fc2dfa8b6a1cddecb8c4d27ef14ec32ca?s=96&d=mm&r=g\",\"caption\":\"Mevi\"},\"url\":\"https:\\\/\\\/mediaviestinta.fi\\\/mevi2020\\\/author\\\/mediavie\\\/\"}]}<\/script>\n<!-- \/ Yoast SEO plugin. -->","yoast_head_json":{"title":"Moni\u00e4\u00e4nisyys tarkoittaa journalismissa v\u00e4h\u00e4n kaikkea, mutta kuitenkin eniten \u00e4\u00e4nten ja n\u00e4k\u00f6kulmien kirjoa &#8211; Mevi","robots":{"index":"index","follow":"follow","max-snippet":"max-snippet:-1","max-image-preview":"max-image-preview:large","max-video-preview":"max-video-preview:-1"},"canonical":"https:\/\/mediaviestinta.fi\/mevi2020\/2025\/02\/moniaanisyys-tarkoittaa-journalismissa-vahan-kaikkea-mutta-kuitenkin-eniten-aanten-ja-nakokulmien-kirjoa\/","og_locale":"fi_FI","og_type":"article","og_title":"Moni\u00e4\u00e4nisyys tarkoittaa journalismissa v\u00e4h\u00e4n kaikkea, mutta kuitenkin eniten \u00e4\u00e4nten ja n\u00e4k\u00f6kulmien kirjoa &#8211; Mevi","og_description":"Moni\u00e4\u00e4nisyys on k\u00e4sitteen\u00e4 nimens\u00e4 veroinen: niin monisyinen, ett\u00e4 siit\u00e4 on vaikea saada otetta. Tuore tutkimus paloittelee k\u00e4sitteen osiin kansainv\u00e4lisen median moniarvoisuus- ja monimuotoisuustutkimuksen pohjalta ja kokoaa sen uudelleen&hellip;","og_url":"https:\/\/mediaviestinta.fi\/mevi2020\/2025\/02\/moniaanisyys-tarkoittaa-journalismissa-vahan-kaikkea-mutta-kuitenkin-eniten-aanten-ja-nakokulmien-kirjoa\/","og_site_name":"Mevi","article_publisher":"https:\/\/www.facebook.com\/MediaViestinta\/","article_published_time":"2025-02-19T08:12:03+00:00","article_modified_time":"2025-02-19T08:33:19+00:00","og_image":[{"width":1280,"height":854,"url":"https:\/\/mediaviestinta.fi\/mevi2020\/wp-content\/uploads\/2025\/02\/elefantti.jpg","type":"image\/jpeg"}],"author":"Mevi","twitter_card":"summary_large_image","twitter_creator":"@mediaviestinta","twitter_site":"@mediaviestinta","twitter_misc":{"Kirjoittanut":"Mevi","Arvioitu lukuaika":"5 minuuttia"},"schema":{"@context":"https:\/\/schema.org","@graph":[{"@type":"Article","@id":"https:\/\/mediaviestinta.fi\/mevi2020\/2025\/02\/moniaanisyys-tarkoittaa-journalismissa-vahan-kaikkea-mutta-kuitenkin-eniten-aanten-ja-nakokulmien-kirjoa\/#article","isPartOf":{"@id":"https:\/\/mediaviestinta.fi\/mevi2020\/2025\/02\/moniaanisyys-tarkoittaa-journalismissa-vahan-kaikkea-mutta-kuitenkin-eniten-aanten-ja-nakokulmien-kirjoa\/"},"author":{"name":"Mevi","@id":"https:\/\/mediaviestinta.fi\/#\/schema\/person\/b2da34ab24cfcd17dbdd6c7cfb173257"},"headline":"Moni\u00e4\u00e4nisyys tarkoittaa journalismissa v\u00e4h\u00e4n kaikkea, mutta kuitenkin eniten \u00e4\u00e4nten ja n\u00e4k\u00f6kulmien kirjoa","datePublished":"2025-02-19T08:12:03+00:00","dateModified":"2025-02-19T08:33:19+00:00","mainEntityOfPage":{"@id":"https:\/\/mediaviestinta.fi\/mevi2020\/2025\/02\/moniaanisyys-tarkoittaa-journalismissa-vahan-kaikkea-mutta-kuitenkin-eniten-aanten-ja-nakokulmien-kirjoa\/"},"wordCount":780,"commentCount":0,"publisher":{"@id":"https:\/\/mediaviestinta.fi\/#organization"},"image":{"@id":"https:\/\/mediaviestinta.fi\/mevi2020\/2025\/02\/moniaanisyys-tarkoittaa-journalismissa-vahan-kaikkea-mutta-kuitenkin-eniten-aanten-ja-nakokulmien-kirjoa\/#primaryimage"},"thumbnailUrl":"https:\/\/mediaviestinta.fi\/mevi2020\/wp-content\/uploads\/2025\/02\/elefantti.jpg","articleSection":["Ajankohtaista"],"inLanguage":"fi","potentialAction":[{"@type":"CommentAction","name":"Comment","target":["https:\/\/mediaviestinta.fi\/mevi2020\/2025\/02\/moniaanisyys-tarkoittaa-journalismissa-vahan-kaikkea-mutta-kuitenkin-eniten-aanten-ja-nakokulmien-kirjoa\/#respond"]}]},{"@type":"WebPage","@id":"https:\/\/mediaviestinta.fi\/mevi2020\/2025\/02\/moniaanisyys-tarkoittaa-journalismissa-vahan-kaikkea-mutta-kuitenkin-eniten-aanten-ja-nakokulmien-kirjoa\/","url":"https:\/\/mediaviestinta.fi\/mevi2020\/2025\/02\/moniaanisyys-tarkoittaa-journalismissa-vahan-kaikkea-mutta-kuitenkin-eniten-aanten-ja-nakokulmien-kirjoa\/","name":"Moni\u00e4\u00e4nisyys tarkoittaa journalismissa v\u00e4h\u00e4n kaikkea, mutta kuitenkin eniten \u00e4\u00e4nten ja n\u00e4k\u00f6kulmien kirjoa &#8211; Mevi","isPartOf":{"@id":"https:\/\/mediaviestinta.fi\/#website"},"primaryImageOfPage":{"@id":"https:\/\/mediaviestinta.fi\/mevi2020\/2025\/02\/moniaanisyys-tarkoittaa-journalismissa-vahan-kaikkea-mutta-kuitenkin-eniten-aanten-ja-nakokulmien-kirjoa\/#primaryimage"},"image":{"@id":"https:\/\/mediaviestinta.fi\/mevi2020\/2025\/02\/moniaanisyys-tarkoittaa-journalismissa-vahan-kaikkea-mutta-kuitenkin-eniten-aanten-ja-nakokulmien-kirjoa\/#primaryimage"},"thumbnailUrl":"https:\/\/mediaviestinta.fi\/mevi2020\/wp-content\/uploads\/2025\/02\/elefantti.jpg","datePublished":"2025-02-19T08:12:03+00:00","dateModified":"2025-02-19T08:33:19+00:00","breadcrumb":{"@id":"https:\/\/mediaviestinta.fi\/mevi2020\/2025\/02\/moniaanisyys-tarkoittaa-journalismissa-vahan-kaikkea-mutta-kuitenkin-eniten-aanten-ja-nakokulmien-kirjoa\/#breadcrumb"},"inLanguage":"fi","potentialAction":[{"@type":"ReadAction","target":["https:\/\/mediaviestinta.fi\/mevi2020\/2025\/02\/moniaanisyys-tarkoittaa-journalismissa-vahan-kaikkea-mutta-kuitenkin-eniten-aanten-ja-nakokulmien-kirjoa\/"]}]},{"@type":"ImageObject","inLanguage":"fi","@id":"https:\/\/mediaviestinta.fi\/mevi2020\/2025\/02\/moniaanisyys-tarkoittaa-journalismissa-vahan-kaikkea-mutta-kuitenkin-eniten-aanten-ja-nakokulmien-kirjoa\/#primaryimage","url":"https:\/\/mediaviestinta.fi\/mevi2020\/wp-content\/uploads\/2025\/02\/elefantti.jpg","contentUrl":"https:\/\/mediaviestinta.fi\/mevi2020\/wp-content\/uploads\/2025\/02\/elefantti.jpg","width":1280,"height":854,"caption":"Ben-Kerckx \/ Pixabay"},{"@type":"BreadcrumbList","@id":"https:\/\/mediaviestinta.fi\/mevi2020\/2025\/02\/moniaanisyys-tarkoittaa-journalismissa-vahan-kaikkea-mutta-kuitenkin-eniten-aanten-ja-nakokulmien-kirjoa\/#breadcrumb","itemListElement":[{"@type":"ListItem","position":1,"name":"Home","item":"https:\/\/mediaviestinta.fi\/"},{"@type":"ListItem","position":2,"name":"Moni\u00e4\u00e4nisyys tarkoittaa journalismissa v\u00e4h\u00e4n kaikkea, mutta kuitenkin eniten \u00e4\u00e4nten ja n\u00e4k\u00f6kulmien kirjoa"}]},{"@type":"WebSite","@id":"https:\/\/mediaviestinta.fi\/#website","url":"https:\/\/mediaviestinta.fi\/","name":"Mevi","description":"Media- ja viestint\u00e4tieteellinen seura Mevi","publisher":{"@id":"https:\/\/mediaviestinta.fi\/#organization"},"potentialAction":[{"@type":"SearchAction","target":{"@type":"EntryPoint","urlTemplate":"https:\/\/mediaviestinta.fi\/?s={search_term_string}"},"query-input":{"@type":"PropertyValueSpecification","valueRequired":true,"valueName":"search_term_string"}}],"inLanguage":"fi"},{"@type":"Organization","@id":"https:\/\/mediaviestinta.fi\/#organization","name":"Media- ja viestint\u00e4tieteellinen seura Mevi","url":"https:\/\/mediaviestinta.fi\/","logo":{"@type":"ImageObject","inLanguage":"fi","@id":"https:\/\/mediaviestinta.fi\/#\/schema\/logo\/image\/","url":"https:\/\/mediaviestinta.fi\/mevi2020\/wp-content\/uploads\/2020\/03\/mevi-logo-RGB-Transparent.png","contentUrl":"https:\/\/mediaviestinta.fi\/mevi2020\/wp-content\/uploads\/2020\/03\/mevi-logo-RGB-Transparent.png","width":910,"height":464,"caption":"Media- ja viestint\u00e4tieteellinen seura Mevi"},"image":{"@id":"https:\/\/mediaviestinta.fi\/#\/schema\/logo\/image\/"},"sameAs":["https:\/\/www.facebook.com\/MediaViestinta\/","https:\/\/x.com\/mediaviestinta"]},{"@type":"Person","@id":"https:\/\/mediaviestinta.fi\/#\/schema\/person\/b2da34ab24cfcd17dbdd6c7cfb173257","name":"Mevi","image":{"@type":"ImageObject","inLanguage":"fi","@id":"https:\/\/secure.gravatar.com\/avatar\/3305b76d1667dc119a18808ed03d6a1fc2dfa8b6a1cddecb8c4d27ef14ec32ca?s=96&d=mm&r=g","url":"https:\/\/secure.gravatar.com\/avatar\/3305b76d1667dc119a18808ed03d6a1fc2dfa8b6a1cddecb8c4d27ef14ec32ca?s=96&d=mm&r=g","contentUrl":"https:\/\/secure.gravatar.com\/avatar\/3305b76d1667dc119a18808ed03d6a1fc2dfa8b6a1cddecb8c4d27ef14ec32ca?s=96&d=mm&r=g","caption":"Mevi"},"url":"https:\/\/mediaviestinta.fi\/mevi2020\/author\/mediavie\/"}]}},"_links":{"self":[{"href":"https:\/\/mediaviestinta.fi\/mevi2020\/wp-json\/wp\/v2\/posts\/5260","targetHints":{"allow":["GET"]}}],"collection":[{"href":"https:\/\/mediaviestinta.fi\/mevi2020\/wp-json\/wp\/v2\/posts"}],"about":[{"href":"https:\/\/mediaviestinta.fi\/mevi2020\/wp-json\/wp\/v2\/types\/post"}],"author":[{"embeddable":true,"href":"https:\/\/mediaviestinta.fi\/mevi2020\/wp-json\/wp\/v2\/users\/3"}],"replies":[{"embeddable":true,"href":"https:\/\/mediaviestinta.fi\/mevi2020\/wp-json\/wp\/v2\/comments?post=5260"}],"version-history":[{"count":8,"href":"https:\/\/mediaviestinta.fi\/mevi2020\/wp-json\/wp\/v2\/posts\/5260\/revisions"}],"predecessor-version":[{"id":5277,"href":"https:\/\/mediaviestinta.fi\/mevi2020\/wp-json\/wp\/v2\/posts\/5260\/revisions\/5277"}],"wp:featuredmedia":[{"embeddable":true,"href":"https:\/\/mediaviestinta.fi\/mevi2020\/wp-json\/wp\/v2\/media\/5266"}],"wp:attachment":[{"href":"https:\/\/mediaviestinta.fi\/mevi2020\/wp-json\/wp\/v2\/media?parent=5260"}],"wp:term":[{"taxonomy":"category","embeddable":true,"href":"https:\/\/mediaviestinta.fi\/mevi2020\/wp-json\/wp\/v2\/categories?post=5260"},{"taxonomy":"post_tag","embeddable":true,"href":"https:\/\/mediaviestinta.fi\/mevi2020\/wp-json\/wp\/v2\/tags?post=5260"}],"curies":[{"name":"wp","href":"https:\/\/api.w.org\/{rel}","templated":true}]}}