{"id":5307,"date":"2025-05-14T14:15:50","date_gmt":"2025-05-14T11:15:50","guid":{"rendered":"https:\/\/mediaviestinta.fi\/mevi2020\/?p=5307"},"modified":"2025-05-14T14:15:50","modified_gmt":"2025-05-14T11:15:50","slug":"miksi-misinformaatio-ei-ole-ongelma","status":"publish","type":"post","link":"https:\/\/mediaviestinta.fi\/mevi2020\/2025\/05\/miksi-misinformaatio-ei-ole-ongelma\/","title":{"rendered":"Miksi misinformaatio ei ole ongelma?"},"content":{"rendered":"\n<p><strong>Vaikka mis- ja disinformaation uhka niin yksil\u00f6ille kuin yhteiskunnalle on laajasti tunnustettu, onko huoli liioiteltua? Tuomas Heikkil\u00e4 tarkastelee artikkessaan, miten tutkijat ovat problematisoineet harhaanjohtavan viestint\u00e4n ongelmallisuutta. Tutkimuksensa mukaan harhaanjohtajavan viestinn\u00e4n laajuutta ja vakavuutta tunnutaan usein yliarvioitavan, ja ongelman luonnetta ja juurisyit\u00e4 taas h\u00e4m\u00e4rrett\u00e4v\u00e4n. Tuomas Heikkil\u00e4n artikkeli <a href=\"https:\/\/journal.fi\/mediaviestinta\/article\/view\/148332\">Harhaanjohtavan viestinn\u00e4n kiistellyt vaarat<\/a> on julkaistu Media &amp; viestinn\u00e4n numerossa <a href=\"https:\/\/journal.fi\/mediaviestinta\/issue\/view\/11974\">1\/25. <\/a><\/strong><\/p>\n\n\n\n<p><strong>Mihin laajempaan ilmi\u00f6\u00f6n ja keskusteluun artikkelisi liittyy? <\/strong><\/p>\n\n\n\n<p>Erilaisista \u201dinformaatioh\u00e4iri\u00f6k\u00e4sitteist\u00e4\u201d on keskusteltu l\u00e4nsimaissa taukoamatta jo l\u00e4hes vuosikymmenen ajan, eik\u00e4 huolipuhe osoita laantumisen merkkej\u00e4. P\u00e4invastoin. Kansalaisyhteiskunnan ja p\u00e4\u00e4tt\u00e4jien ohella monet mis- ja disinformaation tutkijoista jakavat vakavan huolen tai suorastaan uusintavat uhkakuvia harhaanjohtavan viestinn\u00e4n vaaroista yksil\u00f6ille ja yhteiskunnille. Sit\u00e4 vastoin n\u00e4iden uhkakuvien arvostelijat ovat saaneet huomattavasti v\u00e4hemm\u00e4n n\u00e4kyvyytt\u00e4, ja aiheellinenkin kritiikki on joutunut valitettavan usein tutkimuskent\u00e4n veteraanien hampaisiin.<\/p>\n\n\n\n<p><strong>Mik\u00e4 on antisi t\u00e4h\u00e4n keskusteluun?<\/strong><\/p>\n\n\n\n<p>Analysoin 38 tieteellist\u00e4 puheenvuoroa, jotka problematisoivat harhaanjohtavan viestinn\u00e4n yhteiskunnallista ongelmallisuutta. Tutkimuksen kantava ajatus oli, ett\u00e4 yhteiskunnallisia ongelmia voidaan ymm\u00e4rt\u00e4\u00e4 vain tutkimalla niist\u00e4 k\u00e4yty\u00e4 keskustelua, siis julkisuudessa kilpailevia v\u00e4itteit\u00e4 ja vastav\u00e4itteit\u00e4 jonkin oletetun ongelman luonteesta. Artikkeli on ensimm\u00e4inen systemaattinen yritys ymm\u00e4rt\u00e4\u00e4, miten itsest\u00e4\u00e4n selv\u00e4lt\u00e4 vaikuttavaa \u201dinformaatiokriisi\u201d-diskurssia on kritisoitu, ja voidaanko arvostelusta oppia jotain uutta, joka hy\u00f6dytt\u00e4isi kaikkia aiheen tutkijoita.<\/p>\n\n\n\n<p><strong>Mik\u00e4 on artikkelisi keskeinen argumentti?<\/strong><\/p>\n\n\n\n<p>Harhaanjohtavan viestinn\u00e4n hurjimpiin uhkakuviin on suhtauduttava varauksella. Mis- ja disinformaatiolla on ongelmalliset puolensa, joita on hyv\u00e4 suitsia mahdollisuuksien mukaan. Samalla niiden maalailu ihmiskunnan ja demokratian polttavimmaksi uhaksi ei v\u00e4ltt\u00e4m\u00e4tt\u00e4 ole perusteltua tai hy\u00f6dyllist\u00e4, ja voi pahimmillaan k\u00e4\u00e4nty\u00e4 tarkoitustaan vastaan. Aineiston tutkimukset esitt\u00e4v\u00e4t vakuuttavasti, ett\u00e4 yleisesti hyv\u00e4ksytyiss\u00e4 ongelmanm\u00e4\u00e4rittelyiss\u00e4 on useita vakavia puutteita. Ne vaikuttavat j\u00e4rjest\u00e4\u00e4n yliarvioivan harhaanjohtavan viestinn\u00e4n laajuutta ja vakavuutta, h\u00e4m\u00e4rt\u00e4v\u00e4t ongelman luonnetta ja juurisyit\u00e4 sek\u00e4 vastaavat ep\u00e4ilytt\u00e4v\u00e4n hyvin journalistiselle medialle ja poliittisille p\u00e4\u00e4tt\u00e4jille edullisia kehystyksi\u00e4.<\/p>\n\n\n\n<p><strong>Mit\u00e4 haluat artikkelillasi sanoa?<\/strong><\/p>\n\n\n\n<p>Harhaanjohtavan viestinn\u00e4n tutkimuskentt\u00e4 ovat paraatiesimerkki hiljattain voimistuneesta trendist\u00e4, jossa yhteiskuntatieteilij\u00f6it\u00e4 kutsutaan suurieleisesti ratkaisemaan aikamme polttavia haasteita. Ajatus on monella tapaa erinomainen, mutta tiedeyhteis\u00f6n on my\u00f6s kyett\u00e4v\u00e4 reflektoimaan kriittisesti, millaisille muutosvoimille se omistaa tutkimuksensa. Vaikka kiinnostus sosiaalisen median varjopuolia kohtaan on r\u00e4j\u00e4ht\u00e4nyt viime vuosikymmenell\u00e4, meilt\u00e4 puuttuu mielest\u00e4ni edelleen tarpeelliset v\u00e4lineet ja n\u00e4kemys arvioida, mik\u00e4 tekee digitaalisten informaatioymp\u00e4rist\u00f6n ongelmista ongelmia, ja miten haluaisimme ne ratkaista.<\/p>\n\n\n\n<p>Toivoisin artikkelin her\u00e4ttelev\u00e4n laajempaa keskustelua siit\u00e4, miten tiedeyhteis\u00f6 voisi toteuttaa yhteiskunnallista teht\u00e4v\u00e4\u00e4ns\u00e4 paitsi aktiivisesti my\u00f6s \u00e4lyllisesti rehellisesti. Millaisiin normeihin ja arvoihin ratkaisukeskeisen viestinn\u00e4n tutkimuksen pit\u00e4isi sitoutua? Kenell\u00e4 on oikeus ohjailla sen tutkimusohjelmaa? Onko tutkijoilla riitt\u00e4v\u00e4sti liikkumavaraa korjata kurssiaan uuden todistusaineiston valossa riippumatta rahoittajien ja p\u00e4\u00e4tt\u00e4jien tavoitteista?<\/p>\n\n\n\n<p><strong>Kenen kannattaa lukea artikkelisi?<\/strong><\/p>\n\n\n\n<p>Artikkelin tarkoitus on ravistella yleisesti hyv\u00e4ksyttyj\u00e4 mis- ja disinformaation haitoista, ja on varmasti kiinnostavaa luettavaa kaikille aihepiirist\u00e4 kiinnostuneille. Toivon, ett\u00e4 artikkeli l\u00f6yt\u00e4isi lukijansa my\u00f6s viestint\u00e4politiikan ja s\u00e4\u00e4ntelyn sektorilta, miss\u00e4 p\u00e4\u00e4tet\u00e4\u00e4n aktiivisesti toimista mis- ja disinformaation oletettujen ongelmien lievitt\u00e4miseksi. Esitt\u00e4m\u00e4ni havainnot ja suositukset ovat taas suunnattu erityisesti median ja viestinn\u00e4n tutkijoille ja opiskelijoille. Olisi kiinnostava kuulla, ovatko esimerkiksi informaatioymp\u00e4rist\u00f6n polarisoitumista tai somen ja mielenterveysongelmien v\u00e4list\u00e4 yhteytt\u00e4 tutkineet kollegat t\u00f6rm\u00e4nneet samankaltaiseen huolipuheen k\u00e4rjistymiseen.<\/p>\n\n\n\n<p><strong>Mik\u00e4 sai sinut tarttumaan t\u00e4h\u00e4n aiheeseen?<\/strong><\/p>\n\n\n\n<p>Artikkeli on monien onnekkaiden sattumusten summa. Idea kypsyi ja kehittyi monissa antoisissa keskusteluissa l\u00e4heisten ja tuntemattomampienkin kollegoiden kanssa, mik\u00e4 on er\u00e4s poikkitieteellisen viestinn\u00e4n tutkimuksen suurimmista eduista. Lis\u00e4ksi aihe kiinnosti minua henkil\u00f6kohtaisesti terveysmisinformaatiota k\u00e4sittelev\u00e4n v\u00e4it\u00f6skirjani my\u00f6t\u00e4. Pohdin paljon, mitk\u00e4 ovat hyvi\u00e4 syit\u00e4 puuttua misinformaation levi\u00e4miseen sosiaalisessa mediassa. Millaisia my\u00f6nnytyksi\u00e4 meilt\u00e4 kaikilta on kohtuullista vaatia paikkansapit\u00e4v\u00e4n informaatioymp\u00e4rist\u00f6n turvaamiseksi? Artikkeli kyseenalaistaa joitain totuttuja vastauksia n\u00e4ihin kysymyksiin, ja hahmottelee toivottavasti tapoja l\u00e4hesty\u00e4 niit\u00e4 uudelleen analyyttisesti ja normatiivisesti.<\/p>\n\n\n\n<p><\/p>\n","protected":false},"excerpt":{"rendered":"<p>Vaikka mis- ja disinformaation uhka niin yksil\u00f6ille kuin yhteiskunnalle on laajasti tunnustettu, onko huoli liioiteltua? Tuomas Heikkil\u00e4 tarkastelee artikkessaan, miten tutkijat ovat problematisoineet harhaanjohtavan viestint\u00e4n ongelmallisuutta. Tutkimuksensa mukaan&hellip;<\/p>\n","protected":false},"author":3,"featured_media":5309,"comment_status":"open","ping_status":"closed","sticky":false,"template":"","format":"standard","meta":{"_monsterinsights_skip_tracking":false,"_monsterinsights_sitenote_active":false,"_monsterinsights_sitenote_note":"","_monsterinsights_sitenote_category":0,"footnotes":""},"categories":[1],"tags":[],"class_list":["post-5307","post","type-post","status-publish","format-standard","has-post-thumbnail","hentry","category-yleinen"],"yoast_head":"<!-- This site is optimized with the Yoast SEO plugin v27.5 - https:\/\/yoast.com\/product\/yoast-seo-wordpress\/ -->\n<title>Miksi misinformaatio ei ole ongelma? &#8211; Mevi<\/title>\n<meta name=\"robots\" content=\"index, follow, max-snippet:-1, max-image-preview:large, max-video-preview:-1\" \/>\n<link rel=\"canonical\" href=\"https:\/\/mediaviestinta.fi\/mevi2020\/2025\/05\/miksi-misinformaatio-ei-ole-ongelma\/\" \/>\n<meta property=\"og:locale\" content=\"fi_FI\" \/>\n<meta property=\"og:type\" content=\"article\" \/>\n<meta property=\"og:title\" content=\"Miksi misinformaatio ei ole ongelma? &#8211; Mevi\" \/>\n<meta property=\"og:description\" content=\"Vaikka mis- ja disinformaation uhka niin yksil\u00f6ille kuin yhteiskunnalle on laajasti tunnustettu, onko huoli liioiteltua? Tuomas Heikkil\u00e4 tarkastelee artikkessaan, miten tutkijat ovat problematisoineet harhaanjohtavan viestint\u00e4n ongelmallisuutta. Tutkimuksensa mukaan&hellip;\" \/>\n<meta property=\"og:url\" content=\"https:\/\/mediaviestinta.fi\/mevi2020\/2025\/05\/miksi-misinformaatio-ei-ole-ongelma\/\" \/>\n<meta property=\"og:site_name\" content=\"Mevi\" \/>\n<meta property=\"article:publisher\" content=\"https:\/\/www.facebook.com\/MediaViestinta\/\" \/>\n<meta property=\"article:published_time\" content=\"2025-05-14T11:15:50+00:00\" \/>\n<meta property=\"og:image\" content=\"https:\/\/mediaviestinta.fi\/mevi2020\/wp-content\/uploads\/2025\/05\/matrix-7484070_1280.jpg\" \/>\n\t<meta property=\"og:image:width\" content=\"1280\" \/>\n\t<meta property=\"og:image:height\" content=\"512\" \/>\n\t<meta property=\"og:image:type\" content=\"image\/jpeg\" \/>\n<meta name=\"author\" content=\"Mevi\" \/>\n<meta name=\"twitter:card\" content=\"summary_large_image\" \/>\n<meta name=\"twitter:creator\" content=\"@mediaviestinta\" \/>\n<meta name=\"twitter:site\" content=\"@mediaviestinta\" \/>\n<meta name=\"twitter:label1\" content=\"Kirjoittanut\" \/>\n\t<meta name=\"twitter:data1\" content=\"Mevi\" \/>\n\t<meta name=\"twitter:label2\" content=\"Arvioitu lukuaika\" \/>\n\t<meta name=\"twitter:data2\" content=\"4 minuuttia\" \/>\n<script type=\"application\/ld+json\" class=\"yoast-schema-graph\">{\"@context\":\"https:\\\/\\\/schema.org\",\"@graph\":[{\"@type\":\"Article\",\"@id\":\"https:\\\/\\\/mediaviestinta.fi\\\/mevi2020\\\/2025\\\/05\\\/miksi-misinformaatio-ei-ole-ongelma\\\/#article\",\"isPartOf\":{\"@id\":\"https:\\\/\\\/mediaviestinta.fi\\\/mevi2020\\\/2025\\\/05\\\/miksi-misinformaatio-ei-ole-ongelma\\\/\"},\"author\":{\"name\":\"Mevi\",\"@id\":\"https:\\\/\\\/mediaviestinta.fi\\\/#\\\/schema\\\/person\\\/b2da34ab24cfcd17dbdd6c7cfb173257\"},\"headline\":\"Miksi misinformaatio ei ole ongelma?\",\"datePublished\":\"2025-05-14T11:15:50+00:00\",\"mainEntityOfPage\":{\"@id\":\"https:\\\/\\\/mediaviestinta.fi\\\/mevi2020\\\/2025\\\/05\\\/miksi-misinformaatio-ei-ole-ongelma\\\/\"},\"wordCount\":660,\"commentCount\":0,\"publisher\":{\"@id\":\"https:\\\/\\\/mediaviestinta.fi\\\/#organization\"},\"image\":{\"@id\":\"https:\\\/\\\/mediaviestinta.fi\\\/mevi2020\\\/2025\\\/05\\\/miksi-misinformaatio-ei-ole-ongelma\\\/#primaryimage\"},\"thumbnailUrl\":\"https:\\\/\\\/mediaviestinta.fi\\\/mevi2020\\\/wp-content\\\/uploads\\\/2025\\\/05\\\/matrix-7484070_1280.jpg\",\"inLanguage\":\"fi\",\"potentialAction\":[{\"@type\":\"CommentAction\",\"name\":\"Comment\",\"target\":[\"https:\\\/\\\/mediaviestinta.fi\\\/mevi2020\\\/2025\\\/05\\\/miksi-misinformaatio-ei-ole-ongelma\\\/#respond\"]}]},{\"@type\":\"WebPage\",\"@id\":\"https:\\\/\\\/mediaviestinta.fi\\\/mevi2020\\\/2025\\\/05\\\/miksi-misinformaatio-ei-ole-ongelma\\\/\",\"url\":\"https:\\\/\\\/mediaviestinta.fi\\\/mevi2020\\\/2025\\\/05\\\/miksi-misinformaatio-ei-ole-ongelma\\\/\",\"name\":\"Miksi misinformaatio ei ole ongelma? &#8211; Mevi\",\"isPartOf\":{\"@id\":\"https:\\\/\\\/mediaviestinta.fi\\\/#website\"},\"primaryImageOfPage\":{\"@id\":\"https:\\\/\\\/mediaviestinta.fi\\\/mevi2020\\\/2025\\\/05\\\/miksi-misinformaatio-ei-ole-ongelma\\\/#primaryimage\"},\"image\":{\"@id\":\"https:\\\/\\\/mediaviestinta.fi\\\/mevi2020\\\/2025\\\/05\\\/miksi-misinformaatio-ei-ole-ongelma\\\/#primaryimage\"},\"thumbnailUrl\":\"https:\\\/\\\/mediaviestinta.fi\\\/mevi2020\\\/wp-content\\\/uploads\\\/2025\\\/05\\\/matrix-7484070_1280.jpg\",\"datePublished\":\"2025-05-14T11:15:50+00:00\",\"breadcrumb\":{\"@id\":\"https:\\\/\\\/mediaviestinta.fi\\\/mevi2020\\\/2025\\\/05\\\/miksi-misinformaatio-ei-ole-ongelma\\\/#breadcrumb\"},\"inLanguage\":\"fi\",\"potentialAction\":[{\"@type\":\"ReadAction\",\"target\":[\"https:\\\/\\\/mediaviestinta.fi\\\/mevi2020\\\/2025\\\/05\\\/miksi-misinformaatio-ei-ole-ongelma\\\/\"]}]},{\"@type\":\"ImageObject\",\"inLanguage\":\"fi\",\"@id\":\"https:\\\/\\\/mediaviestinta.fi\\\/mevi2020\\\/2025\\\/05\\\/miksi-misinformaatio-ei-ole-ongelma\\\/#primaryimage\",\"url\":\"https:\\\/\\\/mediaviestinta.fi\\\/mevi2020\\\/wp-content\\\/uploads\\\/2025\\\/05\\\/matrix-7484070_1280.jpg\",\"contentUrl\":\"https:\\\/\\\/mediaviestinta.fi\\\/mevi2020\\\/wp-content\\\/uploads\\\/2025\\\/05\\\/matrix-7484070_1280.jpg\",\"width\":1280,\"height\":512,\"caption\":\"Pixabay \\\/ sananthropis\"},{\"@type\":\"BreadcrumbList\",\"@id\":\"https:\\\/\\\/mediaviestinta.fi\\\/mevi2020\\\/2025\\\/05\\\/miksi-misinformaatio-ei-ole-ongelma\\\/#breadcrumb\",\"itemListElement\":[{\"@type\":\"ListItem\",\"position\":1,\"name\":\"Home\",\"item\":\"https:\\\/\\\/mediaviestinta.fi\\\/\"},{\"@type\":\"ListItem\",\"position\":2,\"name\":\"Miksi misinformaatio ei ole ongelma?\"}]},{\"@type\":\"WebSite\",\"@id\":\"https:\\\/\\\/mediaviestinta.fi\\\/#website\",\"url\":\"https:\\\/\\\/mediaviestinta.fi\\\/\",\"name\":\"Mevi\",\"description\":\"Media- ja viestint\u00e4tieteellinen seura Mevi\",\"publisher\":{\"@id\":\"https:\\\/\\\/mediaviestinta.fi\\\/#organization\"},\"potentialAction\":[{\"@type\":\"SearchAction\",\"target\":{\"@type\":\"EntryPoint\",\"urlTemplate\":\"https:\\\/\\\/mediaviestinta.fi\\\/?s={search_term_string}\"},\"query-input\":{\"@type\":\"PropertyValueSpecification\",\"valueRequired\":true,\"valueName\":\"search_term_string\"}}],\"inLanguage\":\"fi\"},{\"@type\":\"Organization\",\"@id\":\"https:\\\/\\\/mediaviestinta.fi\\\/#organization\",\"name\":\"Media- ja viestint\u00e4tieteellinen seura Mevi\",\"url\":\"https:\\\/\\\/mediaviestinta.fi\\\/\",\"logo\":{\"@type\":\"ImageObject\",\"inLanguage\":\"fi\",\"@id\":\"https:\\\/\\\/mediaviestinta.fi\\\/#\\\/schema\\\/logo\\\/image\\\/\",\"url\":\"https:\\\/\\\/mediaviestinta.fi\\\/mevi2020\\\/wp-content\\\/uploads\\\/2020\\\/03\\\/mevi-logo-RGB-Transparent.png\",\"contentUrl\":\"https:\\\/\\\/mediaviestinta.fi\\\/mevi2020\\\/wp-content\\\/uploads\\\/2020\\\/03\\\/mevi-logo-RGB-Transparent.png\",\"width\":910,\"height\":464,\"caption\":\"Media- ja viestint\u00e4tieteellinen seura Mevi\"},\"image\":{\"@id\":\"https:\\\/\\\/mediaviestinta.fi\\\/#\\\/schema\\\/logo\\\/image\\\/\"},\"sameAs\":[\"https:\\\/\\\/www.facebook.com\\\/MediaViestinta\\\/\",\"https:\\\/\\\/x.com\\\/mediaviestinta\"]},{\"@type\":\"Person\",\"@id\":\"https:\\\/\\\/mediaviestinta.fi\\\/#\\\/schema\\\/person\\\/b2da34ab24cfcd17dbdd6c7cfb173257\",\"name\":\"Mevi\",\"image\":{\"@type\":\"ImageObject\",\"inLanguage\":\"fi\",\"@id\":\"https:\\\/\\\/secure.gravatar.com\\\/avatar\\\/3305b76d1667dc119a18808ed03d6a1fc2dfa8b6a1cddecb8c4d27ef14ec32ca?s=96&d=mm&r=g\",\"url\":\"https:\\\/\\\/secure.gravatar.com\\\/avatar\\\/3305b76d1667dc119a18808ed03d6a1fc2dfa8b6a1cddecb8c4d27ef14ec32ca?s=96&d=mm&r=g\",\"contentUrl\":\"https:\\\/\\\/secure.gravatar.com\\\/avatar\\\/3305b76d1667dc119a18808ed03d6a1fc2dfa8b6a1cddecb8c4d27ef14ec32ca?s=96&d=mm&r=g\",\"caption\":\"Mevi\"},\"url\":\"https:\\\/\\\/mediaviestinta.fi\\\/mevi2020\\\/author\\\/mediavie\\\/\"}]}<\/script>\n<!-- \/ Yoast SEO plugin. -->","yoast_head_json":{"title":"Miksi misinformaatio ei ole ongelma? &#8211; Mevi","robots":{"index":"index","follow":"follow","max-snippet":"max-snippet:-1","max-image-preview":"max-image-preview:large","max-video-preview":"max-video-preview:-1"},"canonical":"https:\/\/mediaviestinta.fi\/mevi2020\/2025\/05\/miksi-misinformaatio-ei-ole-ongelma\/","og_locale":"fi_FI","og_type":"article","og_title":"Miksi misinformaatio ei ole ongelma? &#8211; Mevi","og_description":"Vaikka mis- ja disinformaation uhka niin yksil\u00f6ille kuin yhteiskunnalle on laajasti tunnustettu, onko huoli liioiteltua? Tuomas Heikkil\u00e4 tarkastelee artikkessaan, miten tutkijat ovat problematisoineet harhaanjohtavan viestint\u00e4n ongelmallisuutta. Tutkimuksensa mukaan&hellip;","og_url":"https:\/\/mediaviestinta.fi\/mevi2020\/2025\/05\/miksi-misinformaatio-ei-ole-ongelma\/","og_site_name":"Mevi","article_publisher":"https:\/\/www.facebook.com\/MediaViestinta\/","article_published_time":"2025-05-14T11:15:50+00:00","og_image":[{"width":1280,"height":512,"url":"https:\/\/mediaviestinta.fi\/mevi2020\/wp-content\/uploads\/2025\/05\/matrix-7484070_1280.jpg","type":"image\/jpeg"}],"author":"Mevi","twitter_card":"summary_large_image","twitter_creator":"@mediaviestinta","twitter_site":"@mediaviestinta","twitter_misc":{"Kirjoittanut":"Mevi","Arvioitu lukuaika":"4 minuuttia"},"schema":{"@context":"https:\/\/schema.org","@graph":[{"@type":"Article","@id":"https:\/\/mediaviestinta.fi\/mevi2020\/2025\/05\/miksi-misinformaatio-ei-ole-ongelma\/#article","isPartOf":{"@id":"https:\/\/mediaviestinta.fi\/mevi2020\/2025\/05\/miksi-misinformaatio-ei-ole-ongelma\/"},"author":{"name":"Mevi","@id":"https:\/\/mediaviestinta.fi\/#\/schema\/person\/b2da34ab24cfcd17dbdd6c7cfb173257"},"headline":"Miksi misinformaatio ei ole ongelma?","datePublished":"2025-05-14T11:15:50+00:00","mainEntityOfPage":{"@id":"https:\/\/mediaviestinta.fi\/mevi2020\/2025\/05\/miksi-misinformaatio-ei-ole-ongelma\/"},"wordCount":660,"commentCount":0,"publisher":{"@id":"https:\/\/mediaviestinta.fi\/#organization"},"image":{"@id":"https:\/\/mediaviestinta.fi\/mevi2020\/2025\/05\/miksi-misinformaatio-ei-ole-ongelma\/#primaryimage"},"thumbnailUrl":"https:\/\/mediaviestinta.fi\/mevi2020\/wp-content\/uploads\/2025\/05\/matrix-7484070_1280.jpg","inLanguage":"fi","potentialAction":[{"@type":"CommentAction","name":"Comment","target":["https:\/\/mediaviestinta.fi\/mevi2020\/2025\/05\/miksi-misinformaatio-ei-ole-ongelma\/#respond"]}]},{"@type":"WebPage","@id":"https:\/\/mediaviestinta.fi\/mevi2020\/2025\/05\/miksi-misinformaatio-ei-ole-ongelma\/","url":"https:\/\/mediaviestinta.fi\/mevi2020\/2025\/05\/miksi-misinformaatio-ei-ole-ongelma\/","name":"Miksi misinformaatio ei ole ongelma? &#8211; Mevi","isPartOf":{"@id":"https:\/\/mediaviestinta.fi\/#website"},"primaryImageOfPage":{"@id":"https:\/\/mediaviestinta.fi\/mevi2020\/2025\/05\/miksi-misinformaatio-ei-ole-ongelma\/#primaryimage"},"image":{"@id":"https:\/\/mediaviestinta.fi\/mevi2020\/2025\/05\/miksi-misinformaatio-ei-ole-ongelma\/#primaryimage"},"thumbnailUrl":"https:\/\/mediaviestinta.fi\/mevi2020\/wp-content\/uploads\/2025\/05\/matrix-7484070_1280.jpg","datePublished":"2025-05-14T11:15:50+00:00","breadcrumb":{"@id":"https:\/\/mediaviestinta.fi\/mevi2020\/2025\/05\/miksi-misinformaatio-ei-ole-ongelma\/#breadcrumb"},"inLanguage":"fi","potentialAction":[{"@type":"ReadAction","target":["https:\/\/mediaviestinta.fi\/mevi2020\/2025\/05\/miksi-misinformaatio-ei-ole-ongelma\/"]}]},{"@type":"ImageObject","inLanguage":"fi","@id":"https:\/\/mediaviestinta.fi\/mevi2020\/2025\/05\/miksi-misinformaatio-ei-ole-ongelma\/#primaryimage","url":"https:\/\/mediaviestinta.fi\/mevi2020\/wp-content\/uploads\/2025\/05\/matrix-7484070_1280.jpg","contentUrl":"https:\/\/mediaviestinta.fi\/mevi2020\/wp-content\/uploads\/2025\/05\/matrix-7484070_1280.jpg","width":1280,"height":512,"caption":"Pixabay \/ sananthropis"},{"@type":"BreadcrumbList","@id":"https:\/\/mediaviestinta.fi\/mevi2020\/2025\/05\/miksi-misinformaatio-ei-ole-ongelma\/#breadcrumb","itemListElement":[{"@type":"ListItem","position":1,"name":"Home","item":"https:\/\/mediaviestinta.fi\/"},{"@type":"ListItem","position":2,"name":"Miksi misinformaatio ei ole ongelma?"}]},{"@type":"WebSite","@id":"https:\/\/mediaviestinta.fi\/#website","url":"https:\/\/mediaviestinta.fi\/","name":"Mevi","description":"Media- ja viestint\u00e4tieteellinen seura Mevi","publisher":{"@id":"https:\/\/mediaviestinta.fi\/#organization"},"potentialAction":[{"@type":"SearchAction","target":{"@type":"EntryPoint","urlTemplate":"https:\/\/mediaviestinta.fi\/?s={search_term_string}"},"query-input":{"@type":"PropertyValueSpecification","valueRequired":true,"valueName":"search_term_string"}}],"inLanguage":"fi"},{"@type":"Organization","@id":"https:\/\/mediaviestinta.fi\/#organization","name":"Media- ja viestint\u00e4tieteellinen seura Mevi","url":"https:\/\/mediaviestinta.fi\/","logo":{"@type":"ImageObject","inLanguage":"fi","@id":"https:\/\/mediaviestinta.fi\/#\/schema\/logo\/image\/","url":"https:\/\/mediaviestinta.fi\/mevi2020\/wp-content\/uploads\/2020\/03\/mevi-logo-RGB-Transparent.png","contentUrl":"https:\/\/mediaviestinta.fi\/mevi2020\/wp-content\/uploads\/2020\/03\/mevi-logo-RGB-Transparent.png","width":910,"height":464,"caption":"Media- ja viestint\u00e4tieteellinen seura Mevi"},"image":{"@id":"https:\/\/mediaviestinta.fi\/#\/schema\/logo\/image\/"},"sameAs":["https:\/\/www.facebook.com\/MediaViestinta\/","https:\/\/x.com\/mediaviestinta"]},{"@type":"Person","@id":"https:\/\/mediaviestinta.fi\/#\/schema\/person\/b2da34ab24cfcd17dbdd6c7cfb173257","name":"Mevi","image":{"@type":"ImageObject","inLanguage":"fi","@id":"https:\/\/secure.gravatar.com\/avatar\/3305b76d1667dc119a18808ed03d6a1fc2dfa8b6a1cddecb8c4d27ef14ec32ca?s=96&d=mm&r=g","url":"https:\/\/secure.gravatar.com\/avatar\/3305b76d1667dc119a18808ed03d6a1fc2dfa8b6a1cddecb8c4d27ef14ec32ca?s=96&d=mm&r=g","contentUrl":"https:\/\/secure.gravatar.com\/avatar\/3305b76d1667dc119a18808ed03d6a1fc2dfa8b6a1cddecb8c4d27ef14ec32ca?s=96&d=mm&r=g","caption":"Mevi"},"url":"https:\/\/mediaviestinta.fi\/mevi2020\/author\/mediavie\/"}]}},"_links":{"self":[{"href":"https:\/\/mediaviestinta.fi\/mevi2020\/wp-json\/wp\/v2\/posts\/5307","targetHints":{"allow":["GET"]}}],"collection":[{"href":"https:\/\/mediaviestinta.fi\/mevi2020\/wp-json\/wp\/v2\/posts"}],"about":[{"href":"https:\/\/mediaviestinta.fi\/mevi2020\/wp-json\/wp\/v2\/types\/post"}],"author":[{"embeddable":true,"href":"https:\/\/mediaviestinta.fi\/mevi2020\/wp-json\/wp\/v2\/users\/3"}],"replies":[{"embeddable":true,"href":"https:\/\/mediaviestinta.fi\/mevi2020\/wp-json\/wp\/v2\/comments?post=5307"}],"version-history":[{"count":2,"href":"https:\/\/mediaviestinta.fi\/mevi2020\/wp-json\/wp\/v2\/posts\/5307\/revisions"}],"predecessor-version":[{"id":5319,"href":"https:\/\/mediaviestinta.fi\/mevi2020\/wp-json\/wp\/v2\/posts\/5307\/revisions\/5319"}],"wp:featuredmedia":[{"embeddable":true,"href":"https:\/\/mediaviestinta.fi\/mevi2020\/wp-json\/wp\/v2\/media\/5309"}],"wp:attachment":[{"href":"https:\/\/mediaviestinta.fi\/mevi2020\/wp-json\/wp\/v2\/media?parent=5307"}],"wp:term":[{"taxonomy":"category","embeddable":true,"href":"https:\/\/mediaviestinta.fi\/mevi2020\/wp-json\/wp\/v2\/categories?post=5307"},{"taxonomy":"post_tag","embeddable":true,"href":"https:\/\/mediaviestinta.fi\/mevi2020\/wp-json\/wp\/v2\/tags?post=5307"}],"curies":[{"name":"wp","href":"https:\/\/api.w.org\/{rel}","templated":true}]}}