{"id":5311,"date":"2025-05-20T10:11:13","date_gmt":"2025-05-20T07:11:13","guid":{"rendered":"https:\/\/mediaviestinta.fi\/mevi2020\/?p=5311"},"modified":"2026-03-30T10:05:16","modified_gmt":"2026-03-30T07:05:16","slug":"mita-julkaisitte-mita-on-tyon-alla-mevi-ry-alkaa-kerata-ja-jakaa-tietoja-jaseniston-ajankohtaisista-julkaisuista-ja-tutkimushankkeista","status":"publish","type":"post","link":"https:\/\/mediaviestinta.fi\/mevi2020\/2025\/05\/mita-julkaisitte-mita-on-tyon-alla-mevi-ry-alkaa-kerata-ja-jakaa-tietoja-jaseniston-ajankohtaisista-julkaisuista-ja-tutkimushankkeista\/","title":{"rendered":"Mit\u00e4 julkaisitte, mit\u00e4 on ty\u00f6n alla? Mevi ry alkaa ker\u00e4t\u00e4 ja jakaa tietoja j\u00e4senist\u00f6n ajankohtaisista julkaisuista ja tutkimushankkeista"},"content":{"rendered":"\n<p><strong>Mevi ry:n j\u00e4sen, oletko julkaissut kiinnostavan artikkelin tai kirjan? Tai aloittanut uudessa tutkimushankkeessa? Kerro uutisesi Mevi ry:lle oheisen lomakkeen kautta, ja jaamme tietoa j\u00e4senist\u00f6mme kesken&nbsp;niin nettisivuillamme kuin uutiskirjeess\u00e4mme.<\/strong><\/p>\n\n\n\n<p>Mevi ry:n hallituksessa ja j\u00e4senist\u00f6n kesken on havahduttu siihen, ett\u00e4 emme useinkaan tied\u00e4, mit\u00e4 suomalaiset kollegamme tutkivat tai mink\u00e4laisia tutkimushankkeita muissa korkeakouluissa on k\u00e4ynniss\u00e4. T\u00e4m\u00e4n takia seura on p\u00e4\u00e4tt\u00e4nyt alkaa ker\u00e4t\u00e4 tietoa j\u00e4sentens\u00e4 ajankohtaisista julkaisuista ja tutkimushankkeista oheisten kyselylomakkeiden avulla.<\/p>\n\n\n\n<p>Tiedot julkaistaan Mevi ry:n nettisivuilla Ajankohtaista-osiossa sek\u00e4 seuran nelj\u00e4 kertaa vuodessa ilmestyv\u00e4n uutiskirjeen yhteydess\u00e4.<\/p>\n\n\n\n<p>Huomaathan, ett\u00e4 jakelu on tarkoitettu seuran j\u00e4senille. Jos et ole varma, oletko yhdistyksen j\u00e4sen, voit pyyt\u00e4\u00e4 tarkistamaan j\u00e4senyytesi tilan osoitteesta sihteeri@mediaviestinta.fi.<\/p>\n\n\n\n<p><strong>Kerro tuoreesta julkaisusta<\/strong><a href=\"https:\/\/forms.gle\/i2Yi7UUNJffsjznD6\" target=\"_blank\" rel=\"noreferrer noopener\"><strong> t\u00e4\u00e4ll\u00e4<\/strong>.<\/a><\/p>\n\n\n\n<p><strong>Kerro k\u00e4ynniss\u00e4 olevasta hankkeesta <a href=\"https:\/\/forms.gle\/RK8WGYkCfT2M99GA8\" target=\"_blank\" rel=\"noreferrer noopener\">t\u00e4\u00e4ll\u00e4.<\/a><\/strong><\/p>\n\n\n\n<p>&#8212;&#8212;&#8211;<\/p>\n\n\n\n<p><strong>K\u00e4ynniss\u00e4 olevia tutkimushankkeita<\/strong><\/p>\n\n\n\n<p><strong>Greener Bits: Digitaalisen median ylikulutus ja sen ymp\u00e4rist\u00f6vaikutukset <\/strong><a href=\"https:\/\/researchportal.helsinki.fi\/fi\/projects\/greener-bits-digital-media-overconsumption-and-its-environmental\">https:\/\/researchportal.helsinki.fi\/fi\/projects\/greener-bits-digital-media-overconsumption-and-its-environmental<\/a>&nbsp;<\/p>\n\n\n\n<p>Laaksonen, Salla-Maaria; Dovbysh, Olga; Frig, Meri; Kousa, Ilona; Pulli, Pekka 1\/2025-12\/2028<\/p>\n\n\n\n<p>Helsingin yliopisto<\/p>\n\n\n\n<p>Koneen S\u00e4\u00e4ti\u00f6 <\/p>\n\n\n\n<p>Digitalisaatio esitet\u00e4\u00e4n ymp\u00e4rist\u00f6yst\u00e4v\u00e4llisen\u00e4 kehityksen\u00e4 ja hiilidioksidip\u00e4\u00e4st\u00f6jen v\u00e4hent\u00e4j\u00e4n\u00e4, vaikka sill\u00e4 itsell\u00e4\u00e4n on my\u00f6s merkitt\u00e4v\u00e4 hiilijalanj\u00e4lki &#8212; jopa lentoliikenteen p\u00e4\u00e4st\u00f6j\u00e4 suurempi. Hanke soveltaa kriittist\u00e4, sosioteknist\u00e4 l\u00e4hestymistapaa digitalisaation piilevien ekologisten vaikutusten ymm\u00e4rt\u00e4miseen. K\u00e4sitteellinen l\u00e4ht\u00f6kohta on digitaalisen ylij\u00e4\u00e4m\u00e4n (digital excess) k\u00e4site: digitaalinen maailma esitet\u00e4\u00e4n rajattomuuden ja ylt\u00e4kyll\u00e4isyyden valtakuntana: aineettomana ymp\u00e4rist\u00f6n\u00e4, jossa on loputtomasti tilaa ja kasvun mahdollisuuksia. Digitaalinen ylij\u00e4\u00e4m\u00e4 voi kuitenkin aiheuttaa haittaa ymp\u00e4rist\u00f6lle, yhteiskunnalle tai yksil\u00f6ille. Hankkeessa tutkimme, miten digitaalinen ylim\u00e4\u00e4r\u00e4 j\u00e4sentyy mediakuluttajien arjessa ja palveluiden suunnittelussa ja miten sit\u00e4 hallitaan. Tarkastelemme haastattelu- ja ty\u00f6paja-aineistojen, yritysdokumenttien ja sovellusanalyysin avulla miten ymp\u00e4rist\u00f6vastuu n\u00e4ytt\u00e4ytyy digitaalisen median k\u00e4ytt\u00e4jien ja tuottajien diskursseissa sek\u00e4 mink\u00e4laisia kest\u00e4v\u00e4mpi\u00e4 k\u00e4yt\u00e4nteit\u00e4 ja tulevaisuuksia he kuvittelevat. Tuotamme visualisointeja ja \u00e4\u00e4ni-installaatioita joiden avulla teemme digitaalisten palveluiden ymp\u00e4rist\u00f6vaikutuksia n\u00e4kyv\u00e4ksi.<\/p>\n\n\n\n<p><strong>Polarisaation hiljent\u00e4m\u00e4t. Vastakkainasettelun haasteista median mahdollisuuksiin<\/strong>&nbsp;<a href=\"https:\/\/www.tuni.fi\/fi\/tutkimus\/polarisaation-hiljentamat-vastakkainasettelun-haasteista-median-mahdollisuuksiin\" target=\"_blank\" rel=\"noreferrer noopener\">https:\/\/www.tuni.fi\/fi\/tutkimus\/polarisaation-hiljentamat-vastakkainasettelun-haasteista-median-mahdollisuuksiin<\/a><\/p>\n\n\n\n<p>Maarit M\u00e4kinen<\/p>\n\n\n\n<p>05\/25-04\/28<\/p>\n\n\n\n<p>Tampereen yliopisto. Informaatioteknologian ja viestinn\u00e4n tiedekunta Media-alan tutkimuss\u00e4\u00e4ti\u00f6<\/p>\n\n\n\n<p>Tutkimushanke selvitt\u00e4\u00e4, miksi ihmiset vet\u00e4ytyv\u00e4t yhteiskunnallisista keskusteluista ja mik\u00e4 on median rooli polarisoituneissa keskusteluissa. Tarkoituksena on tuottaa yhteiskunnallisesti vaikuttavaa ja media-alan toimijoita hy\u00f6dytt\u00e4v\u00e4\u00e4 tietoa kansalaisten hiljenemisen syist\u00e4 ja keinoista keskusteluihin osallistumisen lis\u00e4\u00e4miseksi.<\/p>\n\n\n\n<p><strong>Tuoreita julkaisuja<\/strong><\/p>\n\n\n\n<p>Torkkola, Sinikka ja Anna Sendra Toset. 2026. Healthcare and Patient Communication in the Digital Era: A Patienthood and Patient Perspective. New York: Routledge. <a href=\"https:\/\/doi.org\/10.4324\/9781003519607\">https:\/\/doi.org\/10.4324\/9781003519607<\/a><\/p>\n\n\n\n<p>M\u00e4kinen, Maarit ja Mari Pienim\u00e4ki. 2025. &#8221;Inklusiivinen mediakulttuuri kompastuu hankaliin aiheisiin.&#8221; (2025). Kulttuurintutkimus, 42(2). https:\/\/journal.fi\/kulttuurintutkimus\/article\/view\/145792 <\/p>\n\n\n\n<p>Ovaska, Liisa. 2025. \u2018It\u2019s All About Money\u2019 \u2013 News Users\u2019 Folk Theory of Audience Data Utilisation in Journalism. Digital Journalism, 0(0): 1\u201319. <a href=\"https:\/\/doi.org\/10.1080\/21670811.2025.2567342\">https:\/\/doi.org\/10.1080\/21670811.2025.2567342<\/a><\/p>\n\n\n\n<p>Haapanen, L.auri ja Daniel Perrin. 2025. Embracing the unexpected: Exploring the role of serendipity in newswriting. Discourse &amp; communication 19 (1), 25-45. <a href=\"https:\/\/doi.org\/10.1177\/17504813241281709\">https:\/\/doi.org\/10.1177\/17504813241281709<\/a>&nbsp;<\/p>\n\n\n\n<p>Merminod, Gilles ja Lauri Haapanen. 2025. Hidden behind the text: A linguistic ethnographic study of stancetaking in news production. Language &amp; communication 101, 15-27. <a href=\"https:\/\/doi.org\/10.1016\/j.langcom.2024.12.014\">https:\/\/doi.org\/10.1016\/j.langcom.2024.12.014<\/a>&nbsp;<\/p>\n\n\n\n<p>Manninen, Ville. J., ja Lauri Haapanen. 2025. Does ownership matter? Comparing the contents of corporate and independently owned local newspapers. Journalism 0 (0). <a href=\"https:\/\/doi.org\/10.1177\/14648849241312819\">https:\/\/doi.org\/10.1177\/14648849241312819<\/a>&nbsp;<\/p>\n\n\n\n<p>Koskela, Merja, Liisa K\u00e4\u00e4nt\u00e4, Eveliina Salmela ja Henna Syrj\u00e4l\u00e4. 2025. &#8221;\u201cHow Do We Replace Concrete?\u201d Building Sector Professionals Addressing Knowledge Asymmetries about Climate-wise Housing.&#8221; HERMES &#8211; Journal of Language and Communication in Business (65): 63\u201380. <a href=\"https:\/\/doi.org\/10.7146\/hjlcb.vi65.152197\">https:\/\/doi.org\/10.7146\/hjlcb.vi65.152197<\/a>&nbsp;<\/p>\n\n\n\n<p>Salmela, Eveliina, Merja Koskela, Henna Syrj\u00e4l\u00e4 ja Liisa K\u00e4\u00e4nt\u00e4. 2025. &#8221;Guilt and innocence \u2013 Emotional discourses in online discussions on climate change and housing.&#8221; Discourse, Context &amp; Media 65: 100887. <a href=\"https:\/\/doi.org\/10.1016\/j.dcm.2025.100887\">https:\/\/doi.org\/10.1016\/j.dcm.2025.100887<\/a>&nbsp;<\/p>\n\n\n\n<p>Ehrl\u00e9n, Veera ja Mikko Villi. 2025. &#8221;Opting out of analytics: The tacit compliance of journalists in datafied newsrooms.&#8221; Journalism 0(0). <a href=\"https:\/\/doi.org\/10.1177\/14648849251352833\">https:\/\/doi.org\/10.1177\/14648849251352833<\/a><\/p>\n\n\n\n<p>Ehrl\u00e9n, Veera. 2025. \u201dUrheilun h\u00e4irint\u00e4tapausten uutisoinnin ty\u00f6prosessit ja toimittajien metajournalistinen diskurssi.\u201d Teoksessa Urheilun murros, toimittanut Jouko Kokkonen, 94\u2013107. Liikuntatieteellisen seuran julkaisuja, 178. <a href=\"https:\/\/urn.fi\/URN:NBN:fi:jyu-202503072435\">https:\/\/urn.fi\/URN:NBN:fi:jyu-202503072435<\/a><\/p>\n\n\n\n<p>Suomalainen, Kari, Nooa Nyk\u00e4nen, Hannele Seeck, Youna Kim ja Ella McPherson. 2025. &#8221;&#8221;Fact-Checking in Journalism: An Epistemological Framework.&#8221;&#8221; Journalism Studies, 1\u201321.<br><a href=\"https:\/\/doi.org\/10.1080\/1461670X.2025.2492729\">https:\/\/doi.org\/10.1080\/1461670X.2025.2492729<\/a><\/p>\n\n\n\n<p>Kallio, Saara-Maija, and Jenni M\u00e4enp\u00e4\u00e4. 2025. \u201cVisuality as an Affordance on Instagram News Production.\u201d Digital Journalism, 1\u201319. <a href=\"https:\/\/doi.org\/10.1080\/21670811.2025.2462558\">https:\/\/doi.org\/10.1080\/21670811.2025.2462558<\/a><\/p>\n\n\n\n<p>Tuomola, Sanna, Jaana Hujanen, Katja Lehtisaari, Juho Ruotsalainen ja Mikko Gr\u00f6nlund. 2025. At the Crossroads of Fear, Confusion and Hope. COVID-19 News as the Motivator of Affective News Usage and Sense-Making Practices. Digital Journalism, 1\u201319. <a href=\"https:\/\/doi.org\/10.1080\/21670811.2025.2514219\">https:\/\/doi.org\/10.1080\/21670811.2025.2514219<\/a><br><\/p>\n\n\n\n<p><\/p>\n","protected":false},"excerpt":{"rendered":"<p>Mevi ry:n j\u00e4sen, oletko julkaissut kiinnostavan artikkelin tai kirjan? Tai aloittanut uudessa tutkimushankkeessa? Kerro uutisesi Mevi ry:lle oheisen lomakkeen kautta, ja jaamme tietoa j\u00e4senist\u00f6mme kesken&nbsp;niin nettisivuillamme kuin uutiskirjeess\u00e4mme.&hellip;<\/p>\n","protected":false},"author":3,"featured_media":3660,"comment_status":"open","ping_status":"closed","sticky":false,"template":"","format":"standard","meta":{"_monsterinsights_skip_tracking":false,"_monsterinsights_sitenote_active":false,"_monsterinsights_sitenote_note":"","_monsterinsights_sitenote_category":0,"footnotes":""},"categories":[76,1],"tags":[],"class_list":["post-5311","post","type-post","status-publish","format-standard","has-post-thumbnail","hentry","category-ajankohtaista","category-yleinen"],"yoast_head":"<!-- This site is optimized with the Yoast SEO plugin v27.5 - https:\/\/yoast.com\/product\/yoast-seo-wordpress\/ -->\n<title>Mit\u00e4 julkaisitte, mit\u00e4 on ty\u00f6n alla? Mevi ry alkaa ker\u00e4t\u00e4 ja jakaa tietoja j\u00e4senist\u00f6n ajankohtaisista julkaisuista ja tutkimushankkeista &#8211; Mevi<\/title>\n<meta name=\"robots\" content=\"index, follow, max-snippet:-1, max-image-preview:large, max-video-preview:-1\" \/>\n<link rel=\"canonical\" href=\"https:\/\/mediaviestinta.fi\/mevi2020\/2025\/05\/mita-julkaisitte-mita-on-tyon-alla-mevi-ry-alkaa-kerata-ja-jakaa-tietoja-jaseniston-ajankohtaisista-julkaisuista-ja-tutkimushankkeista\/\" \/>\n<meta property=\"og:locale\" content=\"fi_FI\" \/>\n<meta property=\"og:type\" content=\"article\" \/>\n<meta property=\"og:title\" content=\"Mit\u00e4 julkaisitte, mit\u00e4 on ty\u00f6n alla? Mevi ry alkaa ker\u00e4t\u00e4 ja jakaa tietoja j\u00e4senist\u00f6n ajankohtaisista julkaisuista ja tutkimushankkeista &#8211; Mevi\" \/>\n<meta property=\"og:description\" content=\"Mevi ry:n j\u00e4sen, oletko julkaissut kiinnostavan artikkelin tai kirjan? Tai aloittanut uudessa tutkimushankkeessa? Kerro uutisesi Mevi ry:lle oheisen lomakkeen kautta, ja jaamme tietoa j\u00e4senist\u00f6mme kesken&nbsp;niin nettisivuillamme kuin uutiskirjeess\u00e4mme.&hellip;\" \/>\n<meta property=\"og:url\" content=\"https:\/\/mediaviestinta.fi\/mevi2020\/2025\/05\/mita-julkaisitte-mita-on-tyon-alla-mevi-ry-alkaa-kerata-ja-jakaa-tietoja-jaseniston-ajankohtaisista-julkaisuista-ja-tutkimushankkeista\/\" \/>\n<meta property=\"og:site_name\" content=\"Mevi\" \/>\n<meta property=\"article:publisher\" content=\"https:\/\/www.facebook.com\/MediaViestinta\/\" \/>\n<meta property=\"article:published_time\" content=\"2025-05-20T07:11:13+00:00\" \/>\n<meta property=\"article:modified_time\" content=\"2026-03-30T07:05:16+00:00\" \/>\n<meta property=\"og:image\" content=\"https:\/\/mediaviestinta.fi\/mevi2020\/wp-content\/uploads\/2020\/04\/mevi-artikkeli-placeholder-kuva-01.jpg\" \/>\n\t<meta property=\"og:image:width\" content=\"700\" \/>\n\t<meta property=\"og:image:height\" content=\"400\" \/>\n\t<meta property=\"og:image:type\" content=\"image\/jpeg\" \/>\n<meta name=\"author\" content=\"Mevi\" \/>\n<meta name=\"twitter:card\" content=\"summary_large_image\" \/>\n<meta name=\"twitter:creator\" content=\"@mediaviestinta\" \/>\n<meta name=\"twitter:site\" content=\"@mediaviestinta\" \/>\n<meta name=\"twitter:label1\" content=\"Kirjoittanut\" \/>\n\t<meta name=\"twitter:data1\" content=\"Mevi\" \/>\n\t<meta name=\"twitter:label2\" content=\"Arvioitu lukuaika\" \/>\n\t<meta name=\"twitter:data2\" content=\"5 minuuttia\" \/>\n<script type=\"application\/ld+json\" class=\"yoast-schema-graph\">{\"@context\":\"https:\\\/\\\/schema.org\",\"@graph\":[{\"@type\":\"Article\",\"@id\":\"https:\\\/\\\/mediaviestinta.fi\\\/mevi2020\\\/2025\\\/05\\\/mita-julkaisitte-mita-on-tyon-alla-mevi-ry-alkaa-kerata-ja-jakaa-tietoja-jaseniston-ajankohtaisista-julkaisuista-ja-tutkimushankkeista\\\/#article\",\"isPartOf\":{\"@id\":\"https:\\\/\\\/mediaviestinta.fi\\\/mevi2020\\\/2025\\\/05\\\/mita-julkaisitte-mita-on-tyon-alla-mevi-ry-alkaa-kerata-ja-jakaa-tietoja-jaseniston-ajankohtaisista-julkaisuista-ja-tutkimushankkeista\\\/\"},\"author\":{\"name\":\"Mevi\",\"@id\":\"https:\\\/\\\/mediaviestinta.fi\\\/#\\\/schema\\\/person\\\/b2da34ab24cfcd17dbdd6c7cfb173257\"},\"headline\":\"Mit\u00e4 julkaisitte, mit\u00e4 on ty\u00f6n alla? Mevi ry alkaa ker\u00e4t\u00e4 ja jakaa tietoja j\u00e4senist\u00f6n ajankohtaisista julkaisuista ja tutkimushankkeista\",\"datePublished\":\"2025-05-20T07:11:13+00:00\",\"dateModified\":\"2026-03-30T07:05:16+00:00\",\"mainEntityOfPage\":{\"@id\":\"https:\\\/\\\/mediaviestinta.fi\\\/mevi2020\\\/2025\\\/05\\\/mita-julkaisitte-mita-on-tyon-alla-mevi-ry-alkaa-kerata-ja-jakaa-tietoja-jaseniston-ajankohtaisista-julkaisuista-ja-tutkimushankkeista\\\/\"},\"wordCount\":785,\"commentCount\":0,\"publisher\":{\"@id\":\"https:\\\/\\\/mediaviestinta.fi\\\/#organization\"},\"image\":{\"@id\":\"https:\\\/\\\/mediaviestinta.fi\\\/mevi2020\\\/2025\\\/05\\\/mita-julkaisitte-mita-on-tyon-alla-mevi-ry-alkaa-kerata-ja-jakaa-tietoja-jaseniston-ajankohtaisista-julkaisuista-ja-tutkimushankkeista\\\/#primaryimage\"},\"thumbnailUrl\":\"https:\\\/\\\/mediaviestinta.fi\\\/mevi2020\\\/wp-content\\\/uploads\\\/2020\\\/04\\\/mevi-artikkeli-placeholder-kuva-01.jpg\",\"articleSection\":[\"Ajankohtaista\"],\"inLanguage\":\"fi\",\"potentialAction\":[{\"@type\":\"CommentAction\",\"name\":\"Comment\",\"target\":[\"https:\\\/\\\/mediaviestinta.fi\\\/mevi2020\\\/2025\\\/05\\\/mita-julkaisitte-mita-on-tyon-alla-mevi-ry-alkaa-kerata-ja-jakaa-tietoja-jaseniston-ajankohtaisista-julkaisuista-ja-tutkimushankkeista\\\/#respond\"]}]},{\"@type\":\"WebPage\",\"@id\":\"https:\\\/\\\/mediaviestinta.fi\\\/mevi2020\\\/2025\\\/05\\\/mita-julkaisitte-mita-on-tyon-alla-mevi-ry-alkaa-kerata-ja-jakaa-tietoja-jaseniston-ajankohtaisista-julkaisuista-ja-tutkimushankkeista\\\/\",\"url\":\"https:\\\/\\\/mediaviestinta.fi\\\/mevi2020\\\/2025\\\/05\\\/mita-julkaisitte-mita-on-tyon-alla-mevi-ry-alkaa-kerata-ja-jakaa-tietoja-jaseniston-ajankohtaisista-julkaisuista-ja-tutkimushankkeista\\\/\",\"name\":\"Mit\u00e4 julkaisitte, mit\u00e4 on ty\u00f6n alla? Mevi ry alkaa ker\u00e4t\u00e4 ja jakaa tietoja j\u00e4senist\u00f6n ajankohtaisista julkaisuista ja tutkimushankkeista &#8211; Mevi\",\"isPartOf\":{\"@id\":\"https:\\\/\\\/mediaviestinta.fi\\\/#website\"},\"primaryImageOfPage\":{\"@id\":\"https:\\\/\\\/mediaviestinta.fi\\\/mevi2020\\\/2025\\\/05\\\/mita-julkaisitte-mita-on-tyon-alla-mevi-ry-alkaa-kerata-ja-jakaa-tietoja-jaseniston-ajankohtaisista-julkaisuista-ja-tutkimushankkeista\\\/#primaryimage\"},\"image\":{\"@id\":\"https:\\\/\\\/mediaviestinta.fi\\\/mevi2020\\\/2025\\\/05\\\/mita-julkaisitte-mita-on-tyon-alla-mevi-ry-alkaa-kerata-ja-jakaa-tietoja-jaseniston-ajankohtaisista-julkaisuista-ja-tutkimushankkeista\\\/#primaryimage\"},\"thumbnailUrl\":\"https:\\\/\\\/mediaviestinta.fi\\\/mevi2020\\\/wp-content\\\/uploads\\\/2020\\\/04\\\/mevi-artikkeli-placeholder-kuva-01.jpg\",\"datePublished\":\"2025-05-20T07:11:13+00:00\",\"dateModified\":\"2026-03-30T07:05:16+00:00\",\"breadcrumb\":{\"@id\":\"https:\\\/\\\/mediaviestinta.fi\\\/mevi2020\\\/2025\\\/05\\\/mita-julkaisitte-mita-on-tyon-alla-mevi-ry-alkaa-kerata-ja-jakaa-tietoja-jaseniston-ajankohtaisista-julkaisuista-ja-tutkimushankkeista\\\/#breadcrumb\"},\"inLanguage\":\"fi\",\"potentialAction\":[{\"@type\":\"ReadAction\",\"target\":[\"https:\\\/\\\/mediaviestinta.fi\\\/mevi2020\\\/2025\\\/05\\\/mita-julkaisitte-mita-on-tyon-alla-mevi-ry-alkaa-kerata-ja-jakaa-tietoja-jaseniston-ajankohtaisista-julkaisuista-ja-tutkimushankkeista\\\/\"]}]},{\"@type\":\"ImageObject\",\"inLanguage\":\"fi\",\"@id\":\"https:\\\/\\\/mediaviestinta.fi\\\/mevi2020\\\/2025\\\/05\\\/mita-julkaisitte-mita-on-tyon-alla-mevi-ry-alkaa-kerata-ja-jakaa-tietoja-jaseniston-ajankohtaisista-julkaisuista-ja-tutkimushankkeista\\\/#primaryimage\",\"url\":\"https:\\\/\\\/mediaviestinta.fi\\\/mevi2020\\\/wp-content\\\/uploads\\\/2020\\\/04\\\/mevi-artikkeli-placeholder-kuva-01.jpg\",\"contentUrl\":\"https:\\\/\\\/mediaviestinta.fi\\\/mevi2020\\\/wp-content\\\/uploads\\\/2020\\\/04\\\/mevi-artikkeli-placeholder-kuva-01.jpg\",\"width\":700,\"height\":400},{\"@type\":\"BreadcrumbList\",\"@id\":\"https:\\\/\\\/mediaviestinta.fi\\\/mevi2020\\\/2025\\\/05\\\/mita-julkaisitte-mita-on-tyon-alla-mevi-ry-alkaa-kerata-ja-jakaa-tietoja-jaseniston-ajankohtaisista-julkaisuista-ja-tutkimushankkeista\\\/#breadcrumb\",\"itemListElement\":[{\"@type\":\"ListItem\",\"position\":1,\"name\":\"Home\",\"item\":\"https:\\\/\\\/mediaviestinta.fi\\\/\"},{\"@type\":\"ListItem\",\"position\":2,\"name\":\"Mit\u00e4 julkaisitte, mit\u00e4 on ty\u00f6n alla? Mevi ry alkaa ker\u00e4t\u00e4 ja jakaa tietoja j\u00e4senist\u00f6n ajankohtaisista julkaisuista ja tutkimushankkeista\"}]},{\"@type\":\"WebSite\",\"@id\":\"https:\\\/\\\/mediaviestinta.fi\\\/#website\",\"url\":\"https:\\\/\\\/mediaviestinta.fi\\\/\",\"name\":\"Mevi\",\"description\":\"Media- ja viestint\u00e4tieteellinen seura Mevi\",\"publisher\":{\"@id\":\"https:\\\/\\\/mediaviestinta.fi\\\/#organization\"},\"potentialAction\":[{\"@type\":\"SearchAction\",\"target\":{\"@type\":\"EntryPoint\",\"urlTemplate\":\"https:\\\/\\\/mediaviestinta.fi\\\/?s={search_term_string}\"},\"query-input\":{\"@type\":\"PropertyValueSpecification\",\"valueRequired\":true,\"valueName\":\"search_term_string\"}}],\"inLanguage\":\"fi\"},{\"@type\":\"Organization\",\"@id\":\"https:\\\/\\\/mediaviestinta.fi\\\/#organization\",\"name\":\"Media- ja viestint\u00e4tieteellinen seura Mevi\",\"url\":\"https:\\\/\\\/mediaviestinta.fi\\\/\",\"logo\":{\"@type\":\"ImageObject\",\"inLanguage\":\"fi\",\"@id\":\"https:\\\/\\\/mediaviestinta.fi\\\/#\\\/schema\\\/logo\\\/image\\\/\",\"url\":\"https:\\\/\\\/mediaviestinta.fi\\\/mevi2020\\\/wp-content\\\/uploads\\\/2020\\\/03\\\/mevi-logo-RGB-Transparent.png\",\"contentUrl\":\"https:\\\/\\\/mediaviestinta.fi\\\/mevi2020\\\/wp-content\\\/uploads\\\/2020\\\/03\\\/mevi-logo-RGB-Transparent.png\",\"width\":910,\"height\":464,\"caption\":\"Media- ja viestint\u00e4tieteellinen seura Mevi\"},\"image\":{\"@id\":\"https:\\\/\\\/mediaviestinta.fi\\\/#\\\/schema\\\/logo\\\/image\\\/\"},\"sameAs\":[\"https:\\\/\\\/www.facebook.com\\\/MediaViestinta\\\/\",\"https:\\\/\\\/x.com\\\/mediaviestinta\"]},{\"@type\":\"Person\",\"@id\":\"https:\\\/\\\/mediaviestinta.fi\\\/#\\\/schema\\\/person\\\/b2da34ab24cfcd17dbdd6c7cfb173257\",\"name\":\"Mevi\",\"image\":{\"@type\":\"ImageObject\",\"inLanguage\":\"fi\",\"@id\":\"https:\\\/\\\/secure.gravatar.com\\\/avatar\\\/3305b76d1667dc119a18808ed03d6a1fc2dfa8b6a1cddecb8c4d27ef14ec32ca?s=96&d=mm&r=g\",\"url\":\"https:\\\/\\\/secure.gravatar.com\\\/avatar\\\/3305b76d1667dc119a18808ed03d6a1fc2dfa8b6a1cddecb8c4d27ef14ec32ca?s=96&d=mm&r=g\",\"contentUrl\":\"https:\\\/\\\/secure.gravatar.com\\\/avatar\\\/3305b76d1667dc119a18808ed03d6a1fc2dfa8b6a1cddecb8c4d27ef14ec32ca?s=96&d=mm&r=g\",\"caption\":\"Mevi\"},\"url\":\"https:\\\/\\\/mediaviestinta.fi\\\/mevi2020\\\/author\\\/mediavie\\\/\"}]}<\/script>\n<!-- \/ Yoast SEO plugin. -->","yoast_head_json":{"title":"Mit\u00e4 julkaisitte, mit\u00e4 on ty\u00f6n alla? Mevi ry alkaa ker\u00e4t\u00e4 ja jakaa tietoja j\u00e4senist\u00f6n ajankohtaisista julkaisuista ja tutkimushankkeista &#8211; Mevi","robots":{"index":"index","follow":"follow","max-snippet":"max-snippet:-1","max-image-preview":"max-image-preview:large","max-video-preview":"max-video-preview:-1"},"canonical":"https:\/\/mediaviestinta.fi\/mevi2020\/2025\/05\/mita-julkaisitte-mita-on-tyon-alla-mevi-ry-alkaa-kerata-ja-jakaa-tietoja-jaseniston-ajankohtaisista-julkaisuista-ja-tutkimushankkeista\/","og_locale":"fi_FI","og_type":"article","og_title":"Mit\u00e4 julkaisitte, mit\u00e4 on ty\u00f6n alla? Mevi ry alkaa ker\u00e4t\u00e4 ja jakaa tietoja j\u00e4senist\u00f6n ajankohtaisista julkaisuista ja tutkimushankkeista &#8211; Mevi","og_description":"Mevi ry:n j\u00e4sen, oletko julkaissut kiinnostavan artikkelin tai kirjan? Tai aloittanut uudessa tutkimushankkeessa? Kerro uutisesi Mevi ry:lle oheisen lomakkeen kautta, ja jaamme tietoa j\u00e4senist\u00f6mme kesken&nbsp;niin nettisivuillamme kuin uutiskirjeess\u00e4mme.&hellip;","og_url":"https:\/\/mediaviestinta.fi\/mevi2020\/2025\/05\/mita-julkaisitte-mita-on-tyon-alla-mevi-ry-alkaa-kerata-ja-jakaa-tietoja-jaseniston-ajankohtaisista-julkaisuista-ja-tutkimushankkeista\/","og_site_name":"Mevi","article_publisher":"https:\/\/www.facebook.com\/MediaViestinta\/","article_published_time":"2025-05-20T07:11:13+00:00","article_modified_time":"2026-03-30T07:05:16+00:00","og_image":[{"width":700,"height":400,"url":"https:\/\/mediaviestinta.fi\/mevi2020\/wp-content\/uploads\/2020\/04\/mevi-artikkeli-placeholder-kuva-01.jpg","type":"image\/jpeg"}],"author":"Mevi","twitter_card":"summary_large_image","twitter_creator":"@mediaviestinta","twitter_site":"@mediaviestinta","twitter_misc":{"Kirjoittanut":"Mevi","Arvioitu lukuaika":"5 minuuttia"},"schema":{"@context":"https:\/\/schema.org","@graph":[{"@type":"Article","@id":"https:\/\/mediaviestinta.fi\/mevi2020\/2025\/05\/mita-julkaisitte-mita-on-tyon-alla-mevi-ry-alkaa-kerata-ja-jakaa-tietoja-jaseniston-ajankohtaisista-julkaisuista-ja-tutkimushankkeista\/#article","isPartOf":{"@id":"https:\/\/mediaviestinta.fi\/mevi2020\/2025\/05\/mita-julkaisitte-mita-on-tyon-alla-mevi-ry-alkaa-kerata-ja-jakaa-tietoja-jaseniston-ajankohtaisista-julkaisuista-ja-tutkimushankkeista\/"},"author":{"name":"Mevi","@id":"https:\/\/mediaviestinta.fi\/#\/schema\/person\/b2da34ab24cfcd17dbdd6c7cfb173257"},"headline":"Mit\u00e4 julkaisitte, mit\u00e4 on ty\u00f6n alla? Mevi ry alkaa ker\u00e4t\u00e4 ja jakaa tietoja j\u00e4senist\u00f6n ajankohtaisista julkaisuista ja tutkimushankkeista","datePublished":"2025-05-20T07:11:13+00:00","dateModified":"2026-03-30T07:05:16+00:00","mainEntityOfPage":{"@id":"https:\/\/mediaviestinta.fi\/mevi2020\/2025\/05\/mita-julkaisitte-mita-on-tyon-alla-mevi-ry-alkaa-kerata-ja-jakaa-tietoja-jaseniston-ajankohtaisista-julkaisuista-ja-tutkimushankkeista\/"},"wordCount":785,"commentCount":0,"publisher":{"@id":"https:\/\/mediaviestinta.fi\/#organization"},"image":{"@id":"https:\/\/mediaviestinta.fi\/mevi2020\/2025\/05\/mita-julkaisitte-mita-on-tyon-alla-mevi-ry-alkaa-kerata-ja-jakaa-tietoja-jaseniston-ajankohtaisista-julkaisuista-ja-tutkimushankkeista\/#primaryimage"},"thumbnailUrl":"https:\/\/mediaviestinta.fi\/mevi2020\/wp-content\/uploads\/2020\/04\/mevi-artikkeli-placeholder-kuva-01.jpg","articleSection":["Ajankohtaista"],"inLanguage":"fi","potentialAction":[{"@type":"CommentAction","name":"Comment","target":["https:\/\/mediaviestinta.fi\/mevi2020\/2025\/05\/mita-julkaisitte-mita-on-tyon-alla-mevi-ry-alkaa-kerata-ja-jakaa-tietoja-jaseniston-ajankohtaisista-julkaisuista-ja-tutkimushankkeista\/#respond"]}]},{"@type":"WebPage","@id":"https:\/\/mediaviestinta.fi\/mevi2020\/2025\/05\/mita-julkaisitte-mita-on-tyon-alla-mevi-ry-alkaa-kerata-ja-jakaa-tietoja-jaseniston-ajankohtaisista-julkaisuista-ja-tutkimushankkeista\/","url":"https:\/\/mediaviestinta.fi\/mevi2020\/2025\/05\/mita-julkaisitte-mita-on-tyon-alla-mevi-ry-alkaa-kerata-ja-jakaa-tietoja-jaseniston-ajankohtaisista-julkaisuista-ja-tutkimushankkeista\/","name":"Mit\u00e4 julkaisitte, mit\u00e4 on ty\u00f6n alla? Mevi ry alkaa ker\u00e4t\u00e4 ja jakaa tietoja j\u00e4senist\u00f6n ajankohtaisista julkaisuista ja tutkimushankkeista &#8211; Mevi","isPartOf":{"@id":"https:\/\/mediaviestinta.fi\/#website"},"primaryImageOfPage":{"@id":"https:\/\/mediaviestinta.fi\/mevi2020\/2025\/05\/mita-julkaisitte-mita-on-tyon-alla-mevi-ry-alkaa-kerata-ja-jakaa-tietoja-jaseniston-ajankohtaisista-julkaisuista-ja-tutkimushankkeista\/#primaryimage"},"image":{"@id":"https:\/\/mediaviestinta.fi\/mevi2020\/2025\/05\/mita-julkaisitte-mita-on-tyon-alla-mevi-ry-alkaa-kerata-ja-jakaa-tietoja-jaseniston-ajankohtaisista-julkaisuista-ja-tutkimushankkeista\/#primaryimage"},"thumbnailUrl":"https:\/\/mediaviestinta.fi\/mevi2020\/wp-content\/uploads\/2020\/04\/mevi-artikkeli-placeholder-kuva-01.jpg","datePublished":"2025-05-20T07:11:13+00:00","dateModified":"2026-03-30T07:05:16+00:00","breadcrumb":{"@id":"https:\/\/mediaviestinta.fi\/mevi2020\/2025\/05\/mita-julkaisitte-mita-on-tyon-alla-mevi-ry-alkaa-kerata-ja-jakaa-tietoja-jaseniston-ajankohtaisista-julkaisuista-ja-tutkimushankkeista\/#breadcrumb"},"inLanguage":"fi","potentialAction":[{"@type":"ReadAction","target":["https:\/\/mediaviestinta.fi\/mevi2020\/2025\/05\/mita-julkaisitte-mita-on-tyon-alla-mevi-ry-alkaa-kerata-ja-jakaa-tietoja-jaseniston-ajankohtaisista-julkaisuista-ja-tutkimushankkeista\/"]}]},{"@type":"ImageObject","inLanguage":"fi","@id":"https:\/\/mediaviestinta.fi\/mevi2020\/2025\/05\/mita-julkaisitte-mita-on-tyon-alla-mevi-ry-alkaa-kerata-ja-jakaa-tietoja-jaseniston-ajankohtaisista-julkaisuista-ja-tutkimushankkeista\/#primaryimage","url":"https:\/\/mediaviestinta.fi\/mevi2020\/wp-content\/uploads\/2020\/04\/mevi-artikkeli-placeholder-kuva-01.jpg","contentUrl":"https:\/\/mediaviestinta.fi\/mevi2020\/wp-content\/uploads\/2020\/04\/mevi-artikkeli-placeholder-kuva-01.jpg","width":700,"height":400},{"@type":"BreadcrumbList","@id":"https:\/\/mediaviestinta.fi\/mevi2020\/2025\/05\/mita-julkaisitte-mita-on-tyon-alla-mevi-ry-alkaa-kerata-ja-jakaa-tietoja-jaseniston-ajankohtaisista-julkaisuista-ja-tutkimushankkeista\/#breadcrumb","itemListElement":[{"@type":"ListItem","position":1,"name":"Home","item":"https:\/\/mediaviestinta.fi\/"},{"@type":"ListItem","position":2,"name":"Mit\u00e4 julkaisitte, mit\u00e4 on ty\u00f6n alla? Mevi ry alkaa ker\u00e4t\u00e4 ja jakaa tietoja j\u00e4senist\u00f6n ajankohtaisista julkaisuista ja tutkimushankkeista"}]},{"@type":"WebSite","@id":"https:\/\/mediaviestinta.fi\/#website","url":"https:\/\/mediaviestinta.fi\/","name":"Mevi","description":"Media- ja viestint\u00e4tieteellinen seura Mevi","publisher":{"@id":"https:\/\/mediaviestinta.fi\/#organization"},"potentialAction":[{"@type":"SearchAction","target":{"@type":"EntryPoint","urlTemplate":"https:\/\/mediaviestinta.fi\/?s={search_term_string}"},"query-input":{"@type":"PropertyValueSpecification","valueRequired":true,"valueName":"search_term_string"}}],"inLanguage":"fi"},{"@type":"Organization","@id":"https:\/\/mediaviestinta.fi\/#organization","name":"Media- ja viestint\u00e4tieteellinen seura Mevi","url":"https:\/\/mediaviestinta.fi\/","logo":{"@type":"ImageObject","inLanguage":"fi","@id":"https:\/\/mediaviestinta.fi\/#\/schema\/logo\/image\/","url":"https:\/\/mediaviestinta.fi\/mevi2020\/wp-content\/uploads\/2020\/03\/mevi-logo-RGB-Transparent.png","contentUrl":"https:\/\/mediaviestinta.fi\/mevi2020\/wp-content\/uploads\/2020\/03\/mevi-logo-RGB-Transparent.png","width":910,"height":464,"caption":"Media- ja viestint\u00e4tieteellinen seura Mevi"},"image":{"@id":"https:\/\/mediaviestinta.fi\/#\/schema\/logo\/image\/"},"sameAs":["https:\/\/www.facebook.com\/MediaViestinta\/","https:\/\/x.com\/mediaviestinta"]},{"@type":"Person","@id":"https:\/\/mediaviestinta.fi\/#\/schema\/person\/b2da34ab24cfcd17dbdd6c7cfb173257","name":"Mevi","image":{"@type":"ImageObject","inLanguage":"fi","@id":"https:\/\/secure.gravatar.com\/avatar\/3305b76d1667dc119a18808ed03d6a1fc2dfa8b6a1cddecb8c4d27ef14ec32ca?s=96&d=mm&r=g","url":"https:\/\/secure.gravatar.com\/avatar\/3305b76d1667dc119a18808ed03d6a1fc2dfa8b6a1cddecb8c4d27ef14ec32ca?s=96&d=mm&r=g","contentUrl":"https:\/\/secure.gravatar.com\/avatar\/3305b76d1667dc119a18808ed03d6a1fc2dfa8b6a1cddecb8c4d27ef14ec32ca?s=96&d=mm&r=g","caption":"Mevi"},"url":"https:\/\/mediaviestinta.fi\/mevi2020\/author\/mediavie\/"}]}},"_links":{"self":[{"href":"https:\/\/mediaviestinta.fi\/mevi2020\/wp-json\/wp\/v2\/posts\/5311","targetHints":{"allow":["GET"]}}],"collection":[{"href":"https:\/\/mediaviestinta.fi\/mevi2020\/wp-json\/wp\/v2\/posts"}],"about":[{"href":"https:\/\/mediaviestinta.fi\/mevi2020\/wp-json\/wp\/v2\/types\/post"}],"author":[{"embeddable":true,"href":"https:\/\/mediaviestinta.fi\/mevi2020\/wp-json\/wp\/v2\/users\/3"}],"replies":[{"embeddable":true,"href":"https:\/\/mediaviestinta.fi\/mevi2020\/wp-json\/wp\/v2\/comments?post=5311"}],"version-history":[{"count":14,"href":"https:\/\/mediaviestinta.fi\/mevi2020\/wp-json\/wp\/v2\/posts\/5311\/revisions"}],"predecessor-version":[{"id":5501,"href":"https:\/\/mediaviestinta.fi\/mevi2020\/wp-json\/wp\/v2\/posts\/5311\/revisions\/5501"}],"wp:featuredmedia":[{"embeddable":true,"href":"https:\/\/mediaviestinta.fi\/mevi2020\/wp-json\/wp\/v2\/media\/3660"}],"wp:attachment":[{"href":"https:\/\/mediaviestinta.fi\/mevi2020\/wp-json\/wp\/v2\/media?parent=5311"}],"wp:term":[{"taxonomy":"category","embeddable":true,"href":"https:\/\/mediaviestinta.fi\/mevi2020\/wp-json\/wp\/v2\/categories?post=5311"},{"taxonomy":"post_tag","embeddable":true,"href":"https:\/\/mediaviestinta.fi\/mevi2020\/wp-json\/wp\/v2\/tags?post=5311"}],"curies":[{"name":"wp","href":"https:\/\/api.w.org\/{rel}","templated":true}]}}