{"id":5320,"date":"2025-05-09T10:22:28","date_gmt":"2025-05-09T07:22:28","guid":{"rendered":"https:\/\/mediaviestinta.fi\/mevi2020\/?p=5320"},"modified":"2025-05-09T10:22:29","modified_gmt":"2025-05-09T07:22:29","slug":"media-viestinnan-teemanumero-tarkastelee-informaatiohairioita-kriittisista-ja-konteksilahtoisista-nakokulmista","status":"publish","type":"post","link":"https:\/\/mediaviestinta.fi\/mevi2020\/2025\/05\/media-viestinnan-teemanumero-tarkastelee-informaatiohairioita-kriittisista-ja-konteksilahtoisista-nakokulmista\/","title":{"rendered":"Media &amp; viestinn\u00e4n teemanumero tarkastelee informaatioh\u00e4iri\u00f6it\u00e4 kriittisist\u00e4 ja konteksil\u00e4ht\u00f6isist\u00e4 n\u00e4k\u00f6kulmista"},"content":{"rendered":"\n<p><strong>Informaatioh\u00e4iri\u00f6t ovat nousseet merkitt\u00e4v\u00e4ksi yhteiskunnalliseksi ja tieteelliseksi kysymykseksi, joka kaipaa kriittist\u00e4 tutkimusotetta uhkakuvien liioittelun v\u00e4ltt\u00e4miseksi. Media &amp; viestinn\u00e4n teemanumero <a href=\"https:\/\/journal.fi\/mediaviestinta\/issue\/view\/11974\">Informaatioh\u00e4iri\u00f6t mediayhteiskunnassa<\/a> tarkastelee ilmi\u00f6t\u00e4 niin digitaalisten alustojen, kansalaisten, sosiaalisen median vaikuttajien, journalismin kuin tieteellisen kirjallisuudenkin kontekstissa. Teemanumeron ovat kutsuneet koolle Minttu Tikka, Henna Paakki ja Salla-Maaria Laaksonen. <\/strong><\/p>\n\n\n\n<p><strong>Miksi kutsuitte teemanumeron koolle?<\/strong><\/p>\n\n\n\n<p>Informaatioh\u00e4iri\u00f6t, jotka k\u00e4sitt\u00e4v\u00e4t mis-, dis- ja malinformaation levitt\u00e4misen digitaalisilla alustoilla, ovat nousseet merkitt\u00e4v\u00e4ksi yhteiskunnalliseksi ja tieteelliseksi kysymykseksi. Ilmi\u00f6 on korostunut viime vuosikymmenen merkitt\u00e4vien tapahtumien, kuten Brexitin, Donald Trumpin presidenttikausien, koronapandemian ja Ven\u00e4j\u00e4n hy\u00f6kk\u00e4yssodan my\u00f6t\u00e4. Informaatioh\u00e4iri\u00f6iden n\u00e4hd\u00e4\u00e4n rapauttavan luottamusta yhteiskunnallisiin instituutioihin kuten mediaan. Vaikka julkista keskustelua ja kansainv\u00e4lisi\u00e4 artikkeleita aiheesta on paljon, suomenkielinen tutkimus informaatioh\u00e4iri\u00f6ist\u00e4 on ollut yh\u00e4 hajanaista. Kutsuimme teemanumeron koolle, koska tarvitsemme tuoretta ja kriittist\u00e4 kotimaista tutkittua tietoa informaatioh\u00e4iri\u00f6iden muuttuvista muodoista ja niiden vaikutuksista.<\/p>\n\n\n\n<p><strong>Miksi informaatioh\u00e4iri\u00f6it\u00e4 on t\u00e4rke\u00e4 tutkia?<\/strong><\/p>\n\n\n\n<p>Informaatioh\u00e4iri\u00f6iden tutkimuksessa pyrit\u00e4\u00e4n ymm\u00e4rt\u00e4m\u00e4\u00e4n digitaalisen mediaymp\u00e4rist\u00f6n monimutkaista suhdetta yhteiskunnallisiin tapahtumiin ja ilmi\u00f6ihin, kuten valeuutisiin, trollaamiseen ja infodemioihin. Informaatioh\u00e4iri\u00f6t syntyv\u00e4t ja levi\u00e4v\u00e4t digitaalisten media-alustojen kautta. Media-alustat tarjoavat erilaisille toimijoille yksitt\u00e4isist\u00e4 henkil\u00f6ist\u00e4 valtioihin mahdollisuuden levitt\u00e4\u00e4 informaatiota, n\u00e4kemyksi\u00e4 ja tarinoita laajalle yleis\u00f6lle. Informaatioh\u00e4iri\u00f6iden taustalla voi olla tahallisia pyrkimyksi\u00e4, kuten valtiollista informaatiovaikuttamista, mutta ne voivat olla my\u00f6s tahattomia seurauksia sosiaalisen toiminnan ja digitaalisten alustojen rakenteiden yhteisvaikutuksesta. Digitaalisten media-alustojen algoritmit suosivat tunteisiin vetoavaa sis\u00e4lt\u00f6\u00e4, mik\u00e4 voi voimistaa harhaanjohtavan informaation levi\u00e4mist\u00e4. T\u00e4m\u00e4 ilmi\u00f6 korostuu erityisesti poliittisessa kontekstissa, jossa virheellinen informaatio levi\u00e4\u00e4 nopeasti ja laajasti. Lis\u00e4ksi generatiivisen teko\u00e4lyn rooli virheellisen informaation tuotannossa on her\u00e4tt\u00e4nyt huolta, joskin tutkimusn\u00e4ytt\u00f6\u00e4 uhkakuvien mukaisista suorista vaikutuksista ei toistaiseksi ole.<\/p>\n\n\n\n<p>Tutkittua tietoa kuitenkin on siit\u00e4, ett\u00e4 informaatioh\u00e4iri\u00f6ill\u00e4 voi olla vakavia haitallisia vaikutuksia demokraattisille prosesseille. Ne voivat esimerkiksi&nbsp; edesauttaa vaalien manipulointia ja heikent\u00e4\u00e4 kansalaisten luottamusta valtiollisia instituutioita kohtaan.&nbsp;<\/p>\n\n\n\n<p><strong>Miksi informaatioh\u00e4iri\u00f6iden tutkimukseen tarvitaan kriittist\u00e4 n\u00e4k\u00f6kulmaa? <\/strong><\/p>\n\n\n\n<p>Informaatioh\u00e4iri\u00f6iden torjuntaan on esitetty useita keinoja, kuten lains\u00e4\u00e4d\u00e4nn\u00f6n ja s\u00e4\u00e4ntelyn kehitt\u00e4mist\u00e4, h\u00e4iri\u00f6iden tehokasta tunnistamista sek\u00e4 yhteiskunnallisen resilienssin rakentamista. Medialukutaidon ja faktantarkistuksen vahvistaminen ovat keskeisi\u00e4 keinoja resilienssin yll\u00e4pit\u00e4misess\u00e4. Suomessakin on toteutettu useita aloitteita, kuten Ylen Uutisluokka, jotka pyrkiv\u00e4t kehitt\u00e4m\u00e4\u00e4n kansalaisten medialukutaitoa ja valmiuksia tunnistaa harhaanjohtavaa sis\u00e4lt\u00f6\u00e4.<\/p>\n\n\n\n<p>Samaan aikaan keskustelu informaatioh\u00e4ri\u00f6ist\u00e4 kaipaa my\u00f6s tarkkaa tutkijan katsetta. Kriittinen n\u00e4k\u00f6kulma informaatioh\u00e4iri\u00f6ihin muistuttaa muun muassa siit\u00e4, ett\u00e4 olisi hyv\u00e4 v\u00e4ltt\u00e4\u00e4 uhkakuvien liioittelua. Tutkijat ovat korostaneet, ett\u00e4 informaatioh\u00e4iri\u00f6iden haitallisuus voi olla hyvin kontekstisidonnaista, ja ett\u00e4 ilmi\u00f6n ymm\u00e4rt\u00e4miseen liittyy paljon v\u00e4\u00e4rink\u00e4sityksi\u00e4 ja arkitotuuksia. Esimerkiksi trollaaminen rinnastetaan usein pahantahtoiseen vaikuttamiseen, mutta sit\u00e4 voidaan tarkastella my\u00f6s osana Internet-kulttuuria tai tapana osallistua yhteiskunnalliseen keskusteluun.&nbsp;<\/p>\n\n\n\n<p><strong>Miksi teemanumeroon kannattaa tutustua?<\/strong><\/p>\n\n\n\n<p>T\u00e4ss\u00e4 teemanumerossa julkaistut artikkelit tarjoavat sek\u00e4 kriittisi\u00e4 ett\u00e4 kontekstil\u00e4ht\u00f6isi\u00e4 n\u00e4k\u00f6kulmia informaatioh\u00e4iri\u00f6ihin, tarkastellen ilmi\u00f6t\u00e4 niin digitaalisten alustojen, kansalaisten, sosiaalisen median vaikuttajien, journalismin kuin tieteellisen kirjallisuudenkin kontekstissa. Artikkeleissa k\u00e4sitell\u00e4\u00e4n muun muassa digitaalisten media-alustojen roolia informaatioh\u00e4iri\u00f6iden voimistamisessa, virheellisen informaation vaikutuksia demokraattisiin prosesseihin sek\u00e4 keinoja torjua ja tunnistaa informaatioh\u00e4iri\u00f6it\u00e4. Tavoitteena on lis\u00e4t\u00e4 ymm\u00e4rryst\u00e4 ilmi\u00f6st\u00e4 ja sen monista puolista sek\u00e4 antaa ev\u00e4it\u00e4 informaatioh\u00e4iri\u00f6iden torjuntaan. Tekstit ovat hy\u00f6dyllisi\u00e4 paitsi tieteelliselle yleis\u00f6lle, my\u00f6s laajemmin apuv\u00e4lineit\u00e4 erilaisille kansalaisyhteiskunnan toimijoille, jotka pyrkiv\u00e4t ymm\u00e4rt\u00e4m\u00e4\u00e4n ja torjumaan informaatioh\u00e4iri\u00f6it\u00e4.<\/p>\n","protected":false},"excerpt":{"rendered":"<p>Informaatioh\u00e4iri\u00f6t ovat nousseet merkitt\u00e4v\u00e4ksi yhteiskunnalliseksi ja tieteelliseksi kysymykseksi, joka kaipaa kriittist\u00e4 tutkimusotetta uhkakuvien liioittelun v\u00e4ltt\u00e4miseksi. Media &amp; viestinn\u00e4n teemanumero Informaatioh\u00e4iri\u00f6t mediayhteiskunnassa tarkastelee ilmi\u00f6t\u00e4 niin digitaalisten alustojen, kansalaisten, sosiaalisen&hellip;<\/p>\n","protected":false},"author":3,"featured_media":4916,"comment_status":"open","ping_status":"closed","sticky":false,"template":"","format":"standard","meta":{"_monsterinsights_skip_tracking":false,"_monsterinsights_sitenote_active":false,"_monsterinsights_sitenote_note":"","_monsterinsights_sitenote_category":0,"footnotes":""},"categories":[1],"tags":[],"class_list":["post-5320","post","type-post","status-publish","format-standard","has-post-thumbnail","hentry","category-yleinen"],"yoast_head":"<!-- This site is optimized with the Yoast SEO plugin v27.5 - https:\/\/yoast.com\/product\/yoast-seo-wordpress\/ -->\n<title>Media &amp; viestinn\u00e4n teemanumero tarkastelee informaatioh\u00e4iri\u00f6it\u00e4 kriittisist\u00e4 ja konteksil\u00e4ht\u00f6isist\u00e4 n\u00e4k\u00f6kulmista &#8211; Mevi<\/title>\n<meta name=\"robots\" content=\"index, follow, max-snippet:-1, max-image-preview:large, max-video-preview:-1\" \/>\n<link rel=\"canonical\" href=\"https:\/\/mediaviestinta.fi\/mevi2020\/2025\/05\/media-viestinnan-teemanumero-tarkastelee-informaatiohairioita-kriittisista-ja-konteksilahtoisista-nakokulmista\/\" \/>\n<meta property=\"og:locale\" content=\"fi_FI\" \/>\n<meta property=\"og:type\" content=\"article\" \/>\n<meta property=\"og:title\" content=\"Media &amp; viestinn\u00e4n teemanumero tarkastelee informaatioh\u00e4iri\u00f6it\u00e4 kriittisist\u00e4 ja konteksil\u00e4ht\u00f6isist\u00e4 n\u00e4k\u00f6kulmista &#8211; Mevi\" \/>\n<meta property=\"og:description\" content=\"Informaatioh\u00e4iri\u00f6t ovat nousseet merkitt\u00e4v\u00e4ksi yhteiskunnalliseksi ja tieteelliseksi kysymykseksi, joka kaipaa kriittist\u00e4 tutkimusotetta uhkakuvien liioittelun v\u00e4ltt\u00e4miseksi. Media &amp; viestinn\u00e4n teemanumero Informaatioh\u00e4iri\u00f6t mediayhteiskunnassa tarkastelee ilmi\u00f6t\u00e4 niin digitaalisten alustojen, kansalaisten, sosiaalisen&hellip;\" \/>\n<meta property=\"og:url\" content=\"https:\/\/mediaviestinta.fi\/mevi2020\/2025\/05\/media-viestinnan-teemanumero-tarkastelee-informaatiohairioita-kriittisista-ja-konteksilahtoisista-nakokulmista\/\" \/>\n<meta property=\"og:site_name\" content=\"Mevi\" \/>\n<meta property=\"article:publisher\" content=\"https:\/\/www.facebook.com\/MediaViestinta\/\" \/>\n<meta property=\"article:published_time\" content=\"2025-05-09T07:22:28+00:00\" \/>\n<meta property=\"article:modified_time\" content=\"2025-05-09T07:22:29+00:00\" \/>\n<meta property=\"og:image\" content=\"https:\/\/mediaviestinta.fi\/mevi2020\/wp-content\/uploads\/2023\/09\/mevi.png\" \/>\n\t<meta property=\"og:image:width\" content=\"1747\" \/>\n\t<meta property=\"og:image:height\" content=\"995\" \/>\n\t<meta property=\"og:image:type\" content=\"image\/png\" \/>\n<meta name=\"author\" content=\"Mevi\" \/>\n<meta name=\"twitter:card\" content=\"summary_large_image\" \/>\n<meta name=\"twitter:creator\" content=\"@mediaviestinta\" \/>\n<meta name=\"twitter:site\" content=\"@mediaviestinta\" \/>\n<meta name=\"twitter:label1\" content=\"Kirjoittanut\" \/>\n\t<meta name=\"twitter:data1\" content=\"Mevi\" \/>\n\t<meta name=\"twitter:label2\" content=\"Arvioitu lukuaika\" \/>\n\t<meta name=\"twitter:data2\" content=\"4 minuuttia\" \/>\n<script type=\"application\/ld+json\" class=\"yoast-schema-graph\">{\"@context\":\"https:\\\/\\\/schema.org\",\"@graph\":[{\"@type\":\"Article\",\"@id\":\"https:\\\/\\\/mediaviestinta.fi\\\/mevi2020\\\/2025\\\/05\\\/media-viestinnan-teemanumero-tarkastelee-informaatiohairioita-kriittisista-ja-konteksilahtoisista-nakokulmista\\\/#article\",\"isPartOf\":{\"@id\":\"https:\\\/\\\/mediaviestinta.fi\\\/mevi2020\\\/2025\\\/05\\\/media-viestinnan-teemanumero-tarkastelee-informaatiohairioita-kriittisista-ja-konteksilahtoisista-nakokulmista\\\/\"},\"author\":{\"name\":\"Mevi\",\"@id\":\"https:\\\/\\\/mediaviestinta.fi\\\/#\\\/schema\\\/person\\\/b2da34ab24cfcd17dbdd6c7cfb173257\"},\"headline\":\"Media &amp; viestinn\u00e4n teemanumero tarkastelee informaatioh\u00e4iri\u00f6it\u00e4 kriittisist\u00e4 ja konteksil\u00e4ht\u00f6isist\u00e4 n\u00e4k\u00f6kulmista\",\"datePublished\":\"2025-05-09T07:22:28+00:00\",\"dateModified\":\"2025-05-09T07:22:29+00:00\",\"mainEntityOfPage\":{\"@id\":\"https:\\\/\\\/mediaviestinta.fi\\\/mevi2020\\\/2025\\\/05\\\/media-viestinnan-teemanumero-tarkastelee-informaatiohairioita-kriittisista-ja-konteksilahtoisista-nakokulmista\\\/\"},\"wordCount\":607,\"commentCount\":0,\"publisher\":{\"@id\":\"https:\\\/\\\/mediaviestinta.fi\\\/#organization\"},\"image\":{\"@id\":\"https:\\\/\\\/mediaviestinta.fi\\\/mevi2020\\\/2025\\\/05\\\/media-viestinnan-teemanumero-tarkastelee-informaatiohairioita-kriittisista-ja-konteksilahtoisista-nakokulmista\\\/#primaryimage\"},\"thumbnailUrl\":\"https:\\\/\\\/mediaviestinta.fi\\\/mevi2020\\\/wp-content\\\/uploads\\\/2023\\\/09\\\/mevi.png\",\"inLanguage\":\"fi\",\"potentialAction\":[{\"@type\":\"CommentAction\",\"name\":\"Comment\",\"target\":[\"https:\\\/\\\/mediaviestinta.fi\\\/mevi2020\\\/2025\\\/05\\\/media-viestinnan-teemanumero-tarkastelee-informaatiohairioita-kriittisista-ja-konteksilahtoisista-nakokulmista\\\/#respond\"]}]},{\"@type\":\"WebPage\",\"@id\":\"https:\\\/\\\/mediaviestinta.fi\\\/mevi2020\\\/2025\\\/05\\\/media-viestinnan-teemanumero-tarkastelee-informaatiohairioita-kriittisista-ja-konteksilahtoisista-nakokulmista\\\/\",\"url\":\"https:\\\/\\\/mediaviestinta.fi\\\/mevi2020\\\/2025\\\/05\\\/media-viestinnan-teemanumero-tarkastelee-informaatiohairioita-kriittisista-ja-konteksilahtoisista-nakokulmista\\\/\",\"name\":\"Media &amp; viestinn\u00e4n teemanumero tarkastelee informaatioh\u00e4iri\u00f6it\u00e4 kriittisist\u00e4 ja konteksil\u00e4ht\u00f6isist\u00e4 n\u00e4k\u00f6kulmista &#8211; Mevi\",\"isPartOf\":{\"@id\":\"https:\\\/\\\/mediaviestinta.fi\\\/#website\"},\"primaryImageOfPage\":{\"@id\":\"https:\\\/\\\/mediaviestinta.fi\\\/mevi2020\\\/2025\\\/05\\\/media-viestinnan-teemanumero-tarkastelee-informaatiohairioita-kriittisista-ja-konteksilahtoisista-nakokulmista\\\/#primaryimage\"},\"image\":{\"@id\":\"https:\\\/\\\/mediaviestinta.fi\\\/mevi2020\\\/2025\\\/05\\\/media-viestinnan-teemanumero-tarkastelee-informaatiohairioita-kriittisista-ja-konteksilahtoisista-nakokulmista\\\/#primaryimage\"},\"thumbnailUrl\":\"https:\\\/\\\/mediaviestinta.fi\\\/mevi2020\\\/wp-content\\\/uploads\\\/2023\\\/09\\\/mevi.png\",\"datePublished\":\"2025-05-09T07:22:28+00:00\",\"dateModified\":\"2025-05-09T07:22:29+00:00\",\"breadcrumb\":{\"@id\":\"https:\\\/\\\/mediaviestinta.fi\\\/mevi2020\\\/2025\\\/05\\\/media-viestinnan-teemanumero-tarkastelee-informaatiohairioita-kriittisista-ja-konteksilahtoisista-nakokulmista\\\/#breadcrumb\"},\"inLanguage\":\"fi\",\"potentialAction\":[{\"@type\":\"ReadAction\",\"target\":[\"https:\\\/\\\/mediaviestinta.fi\\\/mevi2020\\\/2025\\\/05\\\/media-viestinnan-teemanumero-tarkastelee-informaatiohairioita-kriittisista-ja-konteksilahtoisista-nakokulmista\\\/\"]}]},{\"@type\":\"ImageObject\",\"inLanguage\":\"fi\",\"@id\":\"https:\\\/\\\/mediaviestinta.fi\\\/mevi2020\\\/2025\\\/05\\\/media-viestinnan-teemanumero-tarkastelee-informaatiohairioita-kriittisista-ja-konteksilahtoisista-nakokulmista\\\/#primaryimage\",\"url\":\"https:\\\/\\\/mediaviestinta.fi\\\/mevi2020\\\/wp-content\\\/uploads\\\/2023\\\/09\\\/mevi.png\",\"contentUrl\":\"https:\\\/\\\/mediaviestinta.fi\\\/mevi2020\\\/wp-content\\\/uploads\\\/2023\\\/09\\\/mevi.png\",\"width\":1747,\"height\":995,\"caption\":\"Media & viestint\u00e4 -lehden logo.\"},{\"@type\":\"BreadcrumbList\",\"@id\":\"https:\\\/\\\/mediaviestinta.fi\\\/mevi2020\\\/2025\\\/05\\\/media-viestinnan-teemanumero-tarkastelee-informaatiohairioita-kriittisista-ja-konteksilahtoisista-nakokulmista\\\/#breadcrumb\",\"itemListElement\":[{\"@type\":\"ListItem\",\"position\":1,\"name\":\"Home\",\"item\":\"https:\\\/\\\/mediaviestinta.fi\\\/\"},{\"@type\":\"ListItem\",\"position\":2,\"name\":\"Media &amp; viestinn\u00e4n teemanumero tarkastelee informaatioh\u00e4iri\u00f6it\u00e4 kriittisist\u00e4 ja konteksil\u00e4ht\u00f6isist\u00e4 n\u00e4k\u00f6kulmista\"}]},{\"@type\":\"WebSite\",\"@id\":\"https:\\\/\\\/mediaviestinta.fi\\\/#website\",\"url\":\"https:\\\/\\\/mediaviestinta.fi\\\/\",\"name\":\"Mevi\",\"description\":\"Media- ja viestint\u00e4tieteellinen seura Mevi\",\"publisher\":{\"@id\":\"https:\\\/\\\/mediaviestinta.fi\\\/#organization\"},\"potentialAction\":[{\"@type\":\"SearchAction\",\"target\":{\"@type\":\"EntryPoint\",\"urlTemplate\":\"https:\\\/\\\/mediaviestinta.fi\\\/?s={search_term_string}\"},\"query-input\":{\"@type\":\"PropertyValueSpecification\",\"valueRequired\":true,\"valueName\":\"search_term_string\"}}],\"inLanguage\":\"fi\"},{\"@type\":\"Organization\",\"@id\":\"https:\\\/\\\/mediaviestinta.fi\\\/#organization\",\"name\":\"Media- ja viestint\u00e4tieteellinen seura Mevi\",\"url\":\"https:\\\/\\\/mediaviestinta.fi\\\/\",\"logo\":{\"@type\":\"ImageObject\",\"inLanguage\":\"fi\",\"@id\":\"https:\\\/\\\/mediaviestinta.fi\\\/#\\\/schema\\\/logo\\\/image\\\/\",\"url\":\"https:\\\/\\\/mediaviestinta.fi\\\/mevi2020\\\/wp-content\\\/uploads\\\/2020\\\/03\\\/mevi-logo-RGB-Transparent.png\",\"contentUrl\":\"https:\\\/\\\/mediaviestinta.fi\\\/mevi2020\\\/wp-content\\\/uploads\\\/2020\\\/03\\\/mevi-logo-RGB-Transparent.png\",\"width\":910,\"height\":464,\"caption\":\"Media- ja viestint\u00e4tieteellinen seura Mevi\"},\"image\":{\"@id\":\"https:\\\/\\\/mediaviestinta.fi\\\/#\\\/schema\\\/logo\\\/image\\\/\"},\"sameAs\":[\"https:\\\/\\\/www.facebook.com\\\/MediaViestinta\\\/\",\"https:\\\/\\\/x.com\\\/mediaviestinta\"]},{\"@type\":\"Person\",\"@id\":\"https:\\\/\\\/mediaviestinta.fi\\\/#\\\/schema\\\/person\\\/b2da34ab24cfcd17dbdd6c7cfb173257\",\"name\":\"Mevi\",\"image\":{\"@type\":\"ImageObject\",\"inLanguage\":\"fi\",\"@id\":\"https:\\\/\\\/secure.gravatar.com\\\/avatar\\\/3305b76d1667dc119a18808ed03d6a1fc2dfa8b6a1cddecb8c4d27ef14ec32ca?s=96&d=mm&r=g\",\"url\":\"https:\\\/\\\/secure.gravatar.com\\\/avatar\\\/3305b76d1667dc119a18808ed03d6a1fc2dfa8b6a1cddecb8c4d27ef14ec32ca?s=96&d=mm&r=g\",\"contentUrl\":\"https:\\\/\\\/secure.gravatar.com\\\/avatar\\\/3305b76d1667dc119a18808ed03d6a1fc2dfa8b6a1cddecb8c4d27ef14ec32ca?s=96&d=mm&r=g\",\"caption\":\"Mevi\"},\"url\":\"https:\\\/\\\/mediaviestinta.fi\\\/mevi2020\\\/author\\\/mediavie\\\/\"}]}<\/script>\n<!-- \/ Yoast SEO plugin. -->","yoast_head_json":{"title":"Media &amp; viestinn\u00e4n teemanumero tarkastelee informaatioh\u00e4iri\u00f6it\u00e4 kriittisist\u00e4 ja konteksil\u00e4ht\u00f6isist\u00e4 n\u00e4k\u00f6kulmista &#8211; Mevi","robots":{"index":"index","follow":"follow","max-snippet":"max-snippet:-1","max-image-preview":"max-image-preview:large","max-video-preview":"max-video-preview:-1"},"canonical":"https:\/\/mediaviestinta.fi\/mevi2020\/2025\/05\/media-viestinnan-teemanumero-tarkastelee-informaatiohairioita-kriittisista-ja-konteksilahtoisista-nakokulmista\/","og_locale":"fi_FI","og_type":"article","og_title":"Media &amp; viestinn\u00e4n teemanumero tarkastelee informaatioh\u00e4iri\u00f6it\u00e4 kriittisist\u00e4 ja konteksil\u00e4ht\u00f6isist\u00e4 n\u00e4k\u00f6kulmista &#8211; Mevi","og_description":"Informaatioh\u00e4iri\u00f6t ovat nousseet merkitt\u00e4v\u00e4ksi yhteiskunnalliseksi ja tieteelliseksi kysymykseksi, joka kaipaa kriittist\u00e4 tutkimusotetta uhkakuvien liioittelun v\u00e4ltt\u00e4miseksi. Media &amp; viestinn\u00e4n teemanumero Informaatioh\u00e4iri\u00f6t mediayhteiskunnassa tarkastelee ilmi\u00f6t\u00e4 niin digitaalisten alustojen, kansalaisten, sosiaalisen&hellip;","og_url":"https:\/\/mediaviestinta.fi\/mevi2020\/2025\/05\/media-viestinnan-teemanumero-tarkastelee-informaatiohairioita-kriittisista-ja-konteksilahtoisista-nakokulmista\/","og_site_name":"Mevi","article_publisher":"https:\/\/www.facebook.com\/MediaViestinta\/","article_published_time":"2025-05-09T07:22:28+00:00","article_modified_time":"2025-05-09T07:22:29+00:00","og_image":[{"width":1747,"height":995,"url":"https:\/\/mediaviestinta.fi\/mevi2020\/wp-content\/uploads\/2023\/09\/mevi.png","type":"image\/png"}],"author":"Mevi","twitter_card":"summary_large_image","twitter_creator":"@mediaviestinta","twitter_site":"@mediaviestinta","twitter_misc":{"Kirjoittanut":"Mevi","Arvioitu lukuaika":"4 minuuttia"},"schema":{"@context":"https:\/\/schema.org","@graph":[{"@type":"Article","@id":"https:\/\/mediaviestinta.fi\/mevi2020\/2025\/05\/media-viestinnan-teemanumero-tarkastelee-informaatiohairioita-kriittisista-ja-konteksilahtoisista-nakokulmista\/#article","isPartOf":{"@id":"https:\/\/mediaviestinta.fi\/mevi2020\/2025\/05\/media-viestinnan-teemanumero-tarkastelee-informaatiohairioita-kriittisista-ja-konteksilahtoisista-nakokulmista\/"},"author":{"name":"Mevi","@id":"https:\/\/mediaviestinta.fi\/#\/schema\/person\/b2da34ab24cfcd17dbdd6c7cfb173257"},"headline":"Media &amp; viestinn\u00e4n teemanumero tarkastelee informaatioh\u00e4iri\u00f6it\u00e4 kriittisist\u00e4 ja konteksil\u00e4ht\u00f6isist\u00e4 n\u00e4k\u00f6kulmista","datePublished":"2025-05-09T07:22:28+00:00","dateModified":"2025-05-09T07:22:29+00:00","mainEntityOfPage":{"@id":"https:\/\/mediaviestinta.fi\/mevi2020\/2025\/05\/media-viestinnan-teemanumero-tarkastelee-informaatiohairioita-kriittisista-ja-konteksilahtoisista-nakokulmista\/"},"wordCount":607,"commentCount":0,"publisher":{"@id":"https:\/\/mediaviestinta.fi\/#organization"},"image":{"@id":"https:\/\/mediaviestinta.fi\/mevi2020\/2025\/05\/media-viestinnan-teemanumero-tarkastelee-informaatiohairioita-kriittisista-ja-konteksilahtoisista-nakokulmista\/#primaryimage"},"thumbnailUrl":"https:\/\/mediaviestinta.fi\/mevi2020\/wp-content\/uploads\/2023\/09\/mevi.png","inLanguage":"fi","potentialAction":[{"@type":"CommentAction","name":"Comment","target":["https:\/\/mediaviestinta.fi\/mevi2020\/2025\/05\/media-viestinnan-teemanumero-tarkastelee-informaatiohairioita-kriittisista-ja-konteksilahtoisista-nakokulmista\/#respond"]}]},{"@type":"WebPage","@id":"https:\/\/mediaviestinta.fi\/mevi2020\/2025\/05\/media-viestinnan-teemanumero-tarkastelee-informaatiohairioita-kriittisista-ja-konteksilahtoisista-nakokulmista\/","url":"https:\/\/mediaviestinta.fi\/mevi2020\/2025\/05\/media-viestinnan-teemanumero-tarkastelee-informaatiohairioita-kriittisista-ja-konteksilahtoisista-nakokulmista\/","name":"Media &amp; viestinn\u00e4n teemanumero tarkastelee informaatioh\u00e4iri\u00f6it\u00e4 kriittisist\u00e4 ja konteksil\u00e4ht\u00f6isist\u00e4 n\u00e4k\u00f6kulmista &#8211; Mevi","isPartOf":{"@id":"https:\/\/mediaviestinta.fi\/#website"},"primaryImageOfPage":{"@id":"https:\/\/mediaviestinta.fi\/mevi2020\/2025\/05\/media-viestinnan-teemanumero-tarkastelee-informaatiohairioita-kriittisista-ja-konteksilahtoisista-nakokulmista\/#primaryimage"},"image":{"@id":"https:\/\/mediaviestinta.fi\/mevi2020\/2025\/05\/media-viestinnan-teemanumero-tarkastelee-informaatiohairioita-kriittisista-ja-konteksilahtoisista-nakokulmista\/#primaryimage"},"thumbnailUrl":"https:\/\/mediaviestinta.fi\/mevi2020\/wp-content\/uploads\/2023\/09\/mevi.png","datePublished":"2025-05-09T07:22:28+00:00","dateModified":"2025-05-09T07:22:29+00:00","breadcrumb":{"@id":"https:\/\/mediaviestinta.fi\/mevi2020\/2025\/05\/media-viestinnan-teemanumero-tarkastelee-informaatiohairioita-kriittisista-ja-konteksilahtoisista-nakokulmista\/#breadcrumb"},"inLanguage":"fi","potentialAction":[{"@type":"ReadAction","target":["https:\/\/mediaviestinta.fi\/mevi2020\/2025\/05\/media-viestinnan-teemanumero-tarkastelee-informaatiohairioita-kriittisista-ja-konteksilahtoisista-nakokulmista\/"]}]},{"@type":"ImageObject","inLanguage":"fi","@id":"https:\/\/mediaviestinta.fi\/mevi2020\/2025\/05\/media-viestinnan-teemanumero-tarkastelee-informaatiohairioita-kriittisista-ja-konteksilahtoisista-nakokulmista\/#primaryimage","url":"https:\/\/mediaviestinta.fi\/mevi2020\/wp-content\/uploads\/2023\/09\/mevi.png","contentUrl":"https:\/\/mediaviestinta.fi\/mevi2020\/wp-content\/uploads\/2023\/09\/mevi.png","width":1747,"height":995,"caption":"Media & viestint\u00e4 -lehden logo."},{"@type":"BreadcrumbList","@id":"https:\/\/mediaviestinta.fi\/mevi2020\/2025\/05\/media-viestinnan-teemanumero-tarkastelee-informaatiohairioita-kriittisista-ja-konteksilahtoisista-nakokulmista\/#breadcrumb","itemListElement":[{"@type":"ListItem","position":1,"name":"Home","item":"https:\/\/mediaviestinta.fi\/"},{"@type":"ListItem","position":2,"name":"Media &amp; viestinn\u00e4n teemanumero tarkastelee informaatioh\u00e4iri\u00f6it\u00e4 kriittisist\u00e4 ja konteksil\u00e4ht\u00f6isist\u00e4 n\u00e4k\u00f6kulmista"}]},{"@type":"WebSite","@id":"https:\/\/mediaviestinta.fi\/#website","url":"https:\/\/mediaviestinta.fi\/","name":"Mevi","description":"Media- ja viestint\u00e4tieteellinen seura Mevi","publisher":{"@id":"https:\/\/mediaviestinta.fi\/#organization"},"potentialAction":[{"@type":"SearchAction","target":{"@type":"EntryPoint","urlTemplate":"https:\/\/mediaviestinta.fi\/?s={search_term_string}"},"query-input":{"@type":"PropertyValueSpecification","valueRequired":true,"valueName":"search_term_string"}}],"inLanguage":"fi"},{"@type":"Organization","@id":"https:\/\/mediaviestinta.fi\/#organization","name":"Media- ja viestint\u00e4tieteellinen seura Mevi","url":"https:\/\/mediaviestinta.fi\/","logo":{"@type":"ImageObject","inLanguage":"fi","@id":"https:\/\/mediaviestinta.fi\/#\/schema\/logo\/image\/","url":"https:\/\/mediaviestinta.fi\/mevi2020\/wp-content\/uploads\/2020\/03\/mevi-logo-RGB-Transparent.png","contentUrl":"https:\/\/mediaviestinta.fi\/mevi2020\/wp-content\/uploads\/2020\/03\/mevi-logo-RGB-Transparent.png","width":910,"height":464,"caption":"Media- ja viestint\u00e4tieteellinen seura Mevi"},"image":{"@id":"https:\/\/mediaviestinta.fi\/#\/schema\/logo\/image\/"},"sameAs":["https:\/\/www.facebook.com\/MediaViestinta\/","https:\/\/x.com\/mediaviestinta"]},{"@type":"Person","@id":"https:\/\/mediaviestinta.fi\/#\/schema\/person\/b2da34ab24cfcd17dbdd6c7cfb173257","name":"Mevi","image":{"@type":"ImageObject","inLanguage":"fi","@id":"https:\/\/secure.gravatar.com\/avatar\/3305b76d1667dc119a18808ed03d6a1fc2dfa8b6a1cddecb8c4d27ef14ec32ca?s=96&d=mm&r=g","url":"https:\/\/secure.gravatar.com\/avatar\/3305b76d1667dc119a18808ed03d6a1fc2dfa8b6a1cddecb8c4d27ef14ec32ca?s=96&d=mm&r=g","contentUrl":"https:\/\/secure.gravatar.com\/avatar\/3305b76d1667dc119a18808ed03d6a1fc2dfa8b6a1cddecb8c4d27ef14ec32ca?s=96&d=mm&r=g","caption":"Mevi"},"url":"https:\/\/mediaviestinta.fi\/mevi2020\/author\/mediavie\/"}]}},"_links":{"self":[{"href":"https:\/\/mediaviestinta.fi\/mevi2020\/wp-json\/wp\/v2\/posts\/5320","targetHints":{"allow":["GET"]}}],"collection":[{"href":"https:\/\/mediaviestinta.fi\/mevi2020\/wp-json\/wp\/v2\/posts"}],"about":[{"href":"https:\/\/mediaviestinta.fi\/mevi2020\/wp-json\/wp\/v2\/types\/post"}],"author":[{"embeddable":true,"href":"https:\/\/mediaviestinta.fi\/mevi2020\/wp-json\/wp\/v2\/users\/3"}],"replies":[{"embeddable":true,"href":"https:\/\/mediaviestinta.fi\/mevi2020\/wp-json\/wp\/v2\/comments?post=5320"}],"version-history":[{"count":5,"href":"https:\/\/mediaviestinta.fi\/mevi2020\/wp-json\/wp\/v2\/posts\/5320\/revisions"}],"predecessor-version":[{"id":5329,"href":"https:\/\/mediaviestinta.fi\/mevi2020\/wp-json\/wp\/v2\/posts\/5320\/revisions\/5329"}],"wp:featuredmedia":[{"embeddable":true,"href":"https:\/\/mediaviestinta.fi\/mevi2020\/wp-json\/wp\/v2\/media\/4916"}],"wp:attachment":[{"href":"https:\/\/mediaviestinta.fi\/mevi2020\/wp-json\/wp\/v2\/media?parent=5320"}],"wp:term":[{"taxonomy":"category","embeddable":true,"href":"https:\/\/mediaviestinta.fi\/mevi2020\/wp-json\/wp\/v2\/categories?post=5320"},{"taxonomy":"post_tag","embeddable":true,"href":"https:\/\/mediaviestinta.fi\/mevi2020\/wp-json\/wp\/v2\/tags?post=5320"}],"curies":[{"name":"wp","href":"https:\/\/api.w.org\/{rel}","templated":true}]}}