{"id":5331,"date":"2025-05-28T12:01:47","date_gmt":"2025-05-28T09:01:47","guid":{"rendered":"https:\/\/mediaviestinta.fi\/mevi2020\/?p=5331"},"modified":"2025-05-28T12:11:17","modified_gmt":"2025-05-28T09:11:17","slug":"disinformaatiosyytoksilla-voidaan-pyrkia-hiljentamaan-erimieliset","status":"publish","type":"post","link":"https:\/\/mediaviestinta.fi\/mevi2020\/2025\/05\/disinformaatiosyytoksilla-voidaan-pyrkia-hiljentamaan-erimieliset\/","title":{"rendered":"Disinformaatiosyyt\u00f6ksill\u00e4 voidaan pyrki\u00e4 hiljent\u00e4m\u00e4\u00e4n erimieliset"},"content":{"rendered":"\n<p><strong>Disinformaatiosyyt\u00f6ksi\u00e4 voidaan k\u00e4ytt\u00e4\u00e4 julkisessa keskustelussa ly\u00f6m\u00e4aseena erimielisi\u00e4 kohtaan, k\u00e4y ilmi Salla Tuomolan artikkelista. Artikkelissaan Tuomola tarkasteli disinformaation diskurssia niiden kansalaisten n\u00e4k\u00f6kulmasta, joiden luottamus journalismiin ja perinteiseen uutismediaan on rapautunut.  Heit\u00e4 yhdisti paitsi kritiikki valtadiskurssia kohtaan, my\u00f6s huoli julkisen keskustelun ja demokratian tilasta. Artikkeli <a href=\"https:\/\/journal.fi\/mediaviestinta\/article\/view\/148433\">Disinformaation diskurssi julkisessa keskustelussa <\/a>on julkaistu Media &amp; viestinn\u00e4n numerossa <a href=\"https:\/\/journal.fi\/mediaviestinta\/issue\/view\/11974\">1\/25<\/a>. <\/strong><\/p>\n\n\n\n<p><strong>Mihin laajempaan ilmi\u00f6\u00f6n ja keskusteluun artikkelisi liittyy?<\/strong><\/p>\n\n\n\n<p>Artikkeli osallistuu keskusteluun erityisesti digitaalisessa mediaymp\u00e4rist\u00f6ss\u00e4 levi\u00e4vist\u00e4 informaatioh\u00e4iri\u00f6ist\u00e4, joista on viime vuodet oltu huolissaan kansalaisten tiedonhankintaan, poliittiseen p\u00e4\u00e4t\u00f6ksentekoon ja demokratiaan heikent\u00e4v\u00e4sti vaikuttavana uhkana. Mis- ja disinformaatiosta on keskusteltu p\u00e4\u00e4asiassa virheellisen ja harhaanjohtavan informaation genren\u00e4, jolloin keskeist\u00e4 on ollut m\u00e4\u00e4ritt\u00e4\u00e4, onko jokin informaatio totta vai ei. Informaatioh\u00e4iri\u00f6t on liitetty kansalaisten yleisen luottamuksen huononemiseen, ja ne on n\u00e4hty ep\u00e4luottamuksen syntyyn vaikuttavana syyn\u00e4.<\/p>\n\n\n\n<p><strong>Mik\u00e4 on antisi t\u00e4h\u00e4n keskusteluun?<\/strong><\/p>\n\n\n\n<p>Tarkastelen artikkelissani disinformaatiota diskursiivisena tekij\u00e4n\u00e4, jota k\u00e4ytet\u00e4\u00e4n ly\u00f6m\u00e4aseena vastapuolen heikent\u00e4miseksi. Aiemmassa tutkimuksessa disinformaation diskurssi on tunnistettu radikaalioikeiston ja oikeistopopulistien strategisena retoriikan v\u00e4lineen\u00e4 heid\u00e4n luodessaan valtavirtamediaa ja eliittej\u00e4 vastaan hy\u00f6kk\u00e4\u00e4v\u00e4\u00e4 puheenpartta. Artikkelissani annan puheenvuoron kansalaisille, joiden luottamus valtavirtamediaan on heikentynyt tai kokonaan rapautunut. Haastattelemieni 25 kansalaisen mielest\u00e4 disinformaation diskurssi toimii julkisessa keskustelussa vallank\u00e4yt\u00f6n v\u00e4lineen\u00e4 my\u00f6s v\u00e4hemmist\u00f6\u00f6n j\u00e4\u00e4vi\u00e4 n\u00e4kemyksi\u00e4 ja mielipiteit\u00e4 kohtaan. T\u00e4llaisessa vallank\u00e4ytt\u00f6\u00f6n pohjaavassa diskursiivisessa kamppailussa keskeist\u00e4 on, kuka ja mik\u00e4 taho voittaa eli saa p\u00e4\u00e4tt\u00e4\u00e4 informaation oikeellisuudesta. T\u00e4ss\u00e4 kamppailussa tiedon tuottaminen, levitt\u00e4minen ja korjaaminen politisoituvat. &nbsp;<\/p>\n\n\n\n<p><strong>Mik\u00e4 on artikkelisi keskeinen argumentti?<\/strong><\/p>\n\n\n\n<p>Artikkelissa tarkastelemani disinformaation diskurssi voi olla tunnistettavissa yht\u00e4 lailla valtadiskurssissa kuin sit\u00e4 kritisoivissa vastadiskursseissakin. T\u00e4llainen vastapuolen diskursiivinen leimaaminen, poissulkeminen ja toiseuttaminen voivat kaventaa tai v\u00e4\u00e4rist\u00e4\u00e4 julkista keskustelua ja heikent\u00e4\u00e4 demokraattista osallistumista. Disinformaation diskurssi voi my\u00f6s vahvistaa polarisaatiota ja lis\u00e4t\u00e4 ep\u00e4luottamusta. Lis\u00e4ksi disinformaation diskussissa informaatiovaikuttajien levitt\u00e4m\u00e4 virheellinen ja harhaanjohtava informaatio voivat sekoittua niiden kansalaisten \u00e4\u00e4neen, jotka kaipaavat vastauksia valtavirran n\u00e4kemyksist\u00e4 poikkeaviin kysymyksiins\u00e4. Digitaalisena aikana informaation ylitsepursuava m\u00e4\u00e4r\u00e4, nopeus ja julkisuuden muuttunut rakenne tekev\u00e4t diskursiivisesta kamppailusta yhteiskunnan kannalta aiempaan verrattuna erityisen haavoittavaa.<\/p>\n\n\n\n<p><strong>Mit\u00e4 haluat artikkelillasi sanoa?<\/strong><\/p>\n\n\n\n<p>Sanoihin ja diskursseihin sis\u00e4ltyy poikkeuksetta valtaa, ja maailma muotoutuu sen n\u00e4k\u00f6iseksi, joksi sit\u00e4 sanoitamme. Siksi erilaisten puhetapojen tarkasteleminen ja purkaminen on t\u00e4rke\u00e4\u00e4, jotta voimme havainnoida, millaisia vaikutuksia niill\u00e4 voi olla sosiaalisen kanssak\u00e4ymisen, yhteiskunnallisen vaikuttamisen ja demokraattisen osallistumisen kannalta. Nykyisess\u00e4 mediaymp\u00e4rist\u00f6ss\u00e4 keskustelu tunteita her\u00e4tt\u00e4vist\u00e4 aiheista voi leimahtaa herk\u00e4sti. Jotta demokraattista osallistumista voidaan lis\u00e4t\u00e4 ja vahvistaa, tulee taata sellainen julkisen keskustelun tila, johon mahtuu erilaisia s\u00e4vyj\u00e4 ja jossa erimielisyys ei ole riski joutua naurunalaiseksi.<\/p>\n\n\n\n<p>On laiskaa ajattelua liitt\u00e4\u00e4 yhteiskunnallisiin asioihin ja p\u00e4\u00e4t\u00f6ksentekoon suunnattu kritiikki tai valtavirrasta poikkeavat n\u00e4kemykset suoraviivaisesti informaatioh\u00e4iri\u00f6iksi. Digitaalisena aikakautena t\u00e4llainen h\u00e4mment\u00e4minen voi lis\u00e4t\u00e4 sekaannusta virheelliselt\u00e4 tiedolta suojautuvassa yhteiskunnassa.<\/p>\n\n\n\n<p><strong>Kenen kannattaa lukea artikkelisi?<\/strong><\/p>\n\n\n\n<p>Uskoakseni artikkelini antaa ajattelemisen aihetta kaikille julkisesta keskustelusta ja yhteiskunnallisesta osallistumisesta kiinnostuneille kansalaisille. Toivon, ett\u00e4 tekstist\u00e4 syntyy uusia oivalluksia my\u00f6s mis- ja disinformaatiosta sek\u00e4 laajemmin julkisesta keskustelusta ja demokraattisesta osallistumisesta kiinnostuneille tutkijoille, journalisteille ja p\u00e4\u00e4t\u00f6ksentekij\u00f6ille.<\/p>\n\n\n\n<p><strong>Mik\u00e4 sai sinut tarttumaan t\u00e4h\u00e4n aiheeseen?<\/strong><\/p>\n\n\n\n<p>Tarkastelin haastattelututkimuksessani muun muassa syit\u00e4, jotka ovat johtaneet joidenkin kansalaisten ep\u00e4luottamuksen syntyyn. Artikkeli syntyi ik\u00e4\u00e4n kuin t\u00e4m\u00e4n tutkimuksen sivujuonteena, kun huomasin, ett\u00e4 informaatioh\u00e4iri\u00f6ist\u00e4 k\u00e4yt\u00e4v\u00e4 huolipuhe voi itsess\u00e4\u00e4n olla ongelmallista ja polarisaatiota lis\u00e4\u00e4v\u00e4\u00e4. Havaitsin, ett\u00e4 t\u00e4m\u00e4nhetkist\u00e4 julkista keskustelua on tarpeen tarkastella my\u00f6s siit\u00e4 n\u00e4k\u00f6kulmasta, millaisia lieveilmi\u00f6it\u00e4 informaatioh\u00e4iri\u00f6ist\u00e4 k\u00e4ytyyn keskusteluun saattaa liitty\u00e4 ilman, ett\u00e4 niist\u00e4 ollaan tietoisia.<\/p>\n\n\n\n<p><\/p>\n","protected":false},"excerpt":{"rendered":"<p>Disinformaatiosyyt\u00f6ksi\u00e4 voidaan k\u00e4ytt\u00e4\u00e4 julkisessa keskustelussa ly\u00f6m\u00e4aseena erimielisi\u00e4 kohtaan, k\u00e4y ilmi Salla Tuomolan artikkelista. Artikkelissaan Tuomola tarkasteli disinformaation diskurssia niiden kansalaisten n\u00e4k\u00f6kulmasta, joiden luottamus journalismiin ja perinteiseen uutismediaan on&hellip;<\/p>\n","protected":false},"author":3,"featured_media":5334,"comment_status":"open","ping_status":"closed","sticky":false,"template":"","format":"standard","meta":{"_monsterinsights_skip_tracking":false,"_monsterinsights_sitenote_active":false,"_monsterinsights_sitenote_note":"","_monsterinsights_sitenote_category":0,"footnotes":""},"categories":[1],"tags":[],"class_list":["post-5331","post","type-post","status-publish","format-standard","has-post-thumbnail","hentry","category-yleinen"],"yoast_head":"<!-- This site is optimized with the Yoast SEO plugin v27.5 - https:\/\/yoast.com\/product\/yoast-seo-wordpress\/ -->\n<title>Disinformaatiosyyt\u00f6ksill\u00e4 voidaan pyrki\u00e4 hiljent\u00e4m\u00e4\u00e4n erimieliset &#8211; Mevi<\/title>\n<meta name=\"robots\" content=\"index, follow, max-snippet:-1, max-image-preview:large, max-video-preview:-1\" \/>\n<link rel=\"canonical\" href=\"https:\/\/mediaviestinta.fi\/mevi2020\/2025\/05\/disinformaatiosyytoksilla-voidaan-pyrkia-hiljentamaan-erimieliset\/\" \/>\n<meta property=\"og:locale\" content=\"fi_FI\" \/>\n<meta property=\"og:type\" content=\"article\" \/>\n<meta property=\"og:title\" content=\"Disinformaatiosyyt\u00f6ksill\u00e4 voidaan pyrki\u00e4 hiljent\u00e4m\u00e4\u00e4n erimieliset &#8211; Mevi\" \/>\n<meta property=\"og:description\" content=\"Disinformaatiosyyt\u00f6ksi\u00e4 voidaan k\u00e4ytt\u00e4\u00e4 julkisessa keskustelussa ly\u00f6m\u00e4aseena erimielisi\u00e4 kohtaan, k\u00e4y ilmi Salla Tuomolan artikkelista. Artikkelissaan Tuomola tarkasteli disinformaation diskurssia niiden kansalaisten n\u00e4k\u00f6kulmasta, joiden luottamus journalismiin ja perinteiseen uutismediaan on&hellip;\" \/>\n<meta property=\"og:url\" content=\"https:\/\/mediaviestinta.fi\/mevi2020\/2025\/05\/disinformaatiosyytoksilla-voidaan-pyrkia-hiljentamaan-erimieliset\/\" \/>\n<meta property=\"og:site_name\" content=\"Mevi\" \/>\n<meta property=\"article:publisher\" content=\"https:\/\/www.facebook.com\/MediaViestinta\/\" \/>\n<meta property=\"article:published_time\" content=\"2025-05-28T09:01:47+00:00\" \/>\n<meta property=\"article:modified_time\" content=\"2025-05-28T09:11:17+00:00\" \/>\n<meta property=\"og:image\" content=\"https:\/\/mediaviestinta.fi\/mevi2020\/wp-content\/uploads\/2025\/05\/few-707506_1280.jpg\" \/>\n\t<meta property=\"og:image:width\" content=\"1280\" \/>\n\t<meta property=\"og:image:height\" content=\"905\" \/>\n\t<meta property=\"og:image:type\" content=\"image\/jpeg\" \/>\n<meta name=\"author\" content=\"Mevi\" \/>\n<meta name=\"twitter:card\" content=\"summary_large_image\" \/>\n<meta name=\"twitter:creator\" content=\"@mediaviestinta\" \/>\n<meta name=\"twitter:site\" content=\"@mediaviestinta\" \/>\n<meta name=\"twitter:label1\" content=\"Kirjoittanut\" \/>\n\t<meta name=\"twitter:data1\" content=\"Mevi\" \/>\n\t<meta name=\"twitter:label2\" content=\"Arvioitu lukuaika\" \/>\n\t<meta name=\"twitter:data2\" content=\"1 minuutti\" \/>\n<script type=\"application\/ld+json\" class=\"yoast-schema-graph\">{\"@context\":\"https:\\\/\\\/schema.org\",\"@graph\":[{\"@type\":\"Article\",\"@id\":\"https:\\\/\\\/mediaviestinta.fi\\\/mevi2020\\\/2025\\\/05\\\/disinformaatiosyytoksilla-voidaan-pyrkia-hiljentamaan-erimieliset\\\/#article\",\"isPartOf\":{\"@id\":\"https:\\\/\\\/mediaviestinta.fi\\\/mevi2020\\\/2025\\\/05\\\/disinformaatiosyytoksilla-voidaan-pyrkia-hiljentamaan-erimieliset\\\/\"},\"author\":{\"name\":\"Mevi\",\"@id\":\"https:\\\/\\\/mediaviestinta.fi\\\/#\\\/schema\\\/person\\\/b2da34ab24cfcd17dbdd6c7cfb173257\"},\"headline\":\"Disinformaatiosyyt\u00f6ksill\u00e4 voidaan pyrki\u00e4 hiljent\u00e4m\u00e4\u00e4n erimieliset\",\"datePublished\":\"2025-05-28T09:01:47+00:00\",\"dateModified\":\"2025-05-28T09:11:17+00:00\",\"mainEntityOfPage\":{\"@id\":\"https:\\\/\\\/mediaviestinta.fi\\\/mevi2020\\\/2025\\\/05\\\/disinformaatiosyytoksilla-voidaan-pyrkia-hiljentamaan-erimieliset\\\/\"},\"wordCount\":613,\"commentCount\":0,\"publisher\":{\"@id\":\"https:\\\/\\\/mediaviestinta.fi\\\/#organization\"},\"image\":{\"@id\":\"https:\\\/\\\/mediaviestinta.fi\\\/mevi2020\\\/2025\\\/05\\\/disinformaatiosyytoksilla-voidaan-pyrkia-hiljentamaan-erimieliset\\\/#primaryimage\"},\"thumbnailUrl\":\"https:\\\/\\\/mediaviestinta.fi\\\/mevi2020\\\/wp-content\\\/uploads\\\/2025\\\/05\\\/few-707506_1280.jpg\",\"inLanguage\":\"fi\",\"potentialAction\":[{\"@type\":\"CommentAction\",\"name\":\"Comment\",\"target\":[\"https:\\\/\\\/mediaviestinta.fi\\\/mevi2020\\\/2025\\\/05\\\/disinformaatiosyytoksilla-voidaan-pyrkia-hiljentamaan-erimieliset\\\/#respond\"]}]},{\"@type\":\"WebPage\",\"@id\":\"https:\\\/\\\/mediaviestinta.fi\\\/mevi2020\\\/2025\\\/05\\\/disinformaatiosyytoksilla-voidaan-pyrkia-hiljentamaan-erimieliset\\\/\",\"url\":\"https:\\\/\\\/mediaviestinta.fi\\\/mevi2020\\\/2025\\\/05\\\/disinformaatiosyytoksilla-voidaan-pyrkia-hiljentamaan-erimieliset\\\/\",\"name\":\"Disinformaatiosyyt\u00f6ksill\u00e4 voidaan pyrki\u00e4 hiljent\u00e4m\u00e4\u00e4n erimieliset &#8211; Mevi\",\"isPartOf\":{\"@id\":\"https:\\\/\\\/mediaviestinta.fi\\\/#website\"},\"primaryImageOfPage\":{\"@id\":\"https:\\\/\\\/mediaviestinta.fi\\\/mevi2020\\\/2025\\\/05\\\/disinformaatiosyytoksilla-voidaan-pyrkia-hiljentamaan-erimieliset\\\/#primaryimage\"},\"image\":{\"@id\":\"https:\\\/\\\/mediaviestinta.fi\\\/mevi2020\\\/2025\\\/05\\\/disinformaatiosyytoksilla-voidaan-pyrkia-hiljentamaan-erimieliset\\\/#primaryimage\"},\"thumbnailUrl\":\"https:\\\/\\\/mediaviestinta.fi\\\/mevi2020\\\/wp-content\\\/uploads\\\/2025\\\/05\\\/few-707506_1280.jpg\",\"datePublished\":\"2025-05-28T09:01:47+00:00\",\"dateModified\":\"2025-05-28T09:11:17+00:00\",\"breadcrumb\":{\"@id\":\"https:\\\/\\\/mediaviestinta.fi\\\/mevi2020\\\/2025\\\/05\\\/disinformaatiosyytoksilla-voidaan-pyrkia-hiljentamaan-erimieliset\\\/#breadcrumb\"},\"inLanguage\":\"fi\",\"potentialAction\":[{\"@type\":\"ReadAction\",\"target\":[\"https:\\\/\\\/mediaviestinta.fi\\\/mevi2020\\\/2025\\\/05\\\/disinformaatiosyytoksilla-voidaan-pyrkia-hiljentamaan-erimieliset\\\/\"]}]},{\"@type\":\"ImageObject\",\"inLanguage\":\"fi\",\"@id\":\"https:\\\/\\\/mediaviestinta.fi\\\/mevi2020\\\/2025\\\/05\\\/disinformaatiosyytoksilla-voidaan-pyrkia-hiljentamaan-erimieliset\\\/#primaryimage\",\"url\":\"https:\\\/\\\/mediaviestinta.fi\\\/mevi2020\\\/wp-content\\\/uploads\\\/2025\\\/05\\\/few-707506_1280.jpg\",\"contentUrl\":\"https:\\\/\\\/mediaviestinta.fi\\\/mevi2020\\\/wp-content\\\/uploads\\\/2025\\\/05\\\/few-707506_1280.jpg\",\"width\":1280,\"height\":905,\"caption\":\"Geralt \\\/ Pixabay\"},{\"@type\":\"BreadcrumbList\",\"@id\":\"https:\\\/\\\/mediaviestinta.fi\\\/mevi2020\\\/2025\\\/05\\\/disinformaatiosyytoksilla-voidaan-pyrkia-hiljentamaan-erimieliset\\\/#breadcrumb\",\"itemListElement\":[{\"@type\":\"ListItem\",\"position\":1,\"name\":\"Home\",\"item\":\"https:\\\/\\\/mediaviestinta.fi\\\/\"},{\"@type\":\"ListItem\",\"position\":2,\"name\":\"Disinformaatiosyyt\u00f6ksill\u00e4 voidaan pyrki\u00e4 hiljent\u00e4m\u00e4\u00e4n erimieliset\"}]},{\"@type\":\"WebSite\",\"@id\":\"https:\\\/\\\/mediaviestinta.fi\\\/#website\",\"url\":\"https:\\\/\\\/mediaviestinta.fi\\\/\",\"name\":\"Mevi\",\"description\":\"Media- ja viestint\u00e4tieteellinen seura Mevi\",\"publisher\":{\"@id\":\"https:\\\/\\\/mediaviestinta.fi\\\/#organization\"},\"potentialAction\":[{\"@type\":\"SearchAction\",\"target\":{\"@type\":\"EntryPoint\",\"urlTemplate\":\"https:\\\/\\\/mediaviestinta.fi\\\/?s={search_term_string}\"},\"query-input\":{\"@type\":\"PropertyValueSpecification\",\"valueRequired\":true,\"valueName\":\"search_term_string\"}}],\"inLanguage\":\"fi\"},{\"@type\":\"Organization\",\"@id\":\"https:\\\/\\\/mediaviestinta.fi\\\/#organization\",\"name\":\"Media- ja viestint\u00e4tieteellinen seura Mevi\",\"url\":\"https:\\\/\\\/mediaviestinta.fi\\\/\",\"logo\":{\"@type\":\"ImageObject\",\"inLanguage\":\"fi\",\"@id\":\"https:\\\/\\\/mediaviestinta.fi\\\/#\\\/schema\\\/logo\\\/image\\\/\",\"url\":\"https:\\\/\\\/mediaviestinta.fi\\\/mevi2020\\\/wp-content\\\/uploads\\\/2020\\\/03\\\/mevi-logo-RGB-Transparent.png\",\"contentUrl\":\"https:\\\/\\\/mediaviestinta.fi\\\/mevi2020\\\/wp-content\\\/uploads\\\/2020\\\/03\\\/mevi-logo-RGB-Transparent.png\",\"width\":910,\"height\":464,\"caption\":\"Media- ja viestint\u00e4tieteellinen seura Mevi\"},\"image\":{\"@id\":\"https:\\\/\\\/mediaviestinta.fi\\\/#\\\/schema\\\/logo\\\/image\\\/\"},\"sameAs\":[\"https:\\\/\\\/www.facebook.com\\\/MediaViestinta\\\/\",\"https:\\\/\\\/x.com\\\/mediaviestinta\"]},{\"@type\":\"Person\",\"@id\":\"https:\\\/\\\/mediaviestinta.fi\\\/#\\\/schema\\\/person\\\/b2da34ab24cfcd17dbdd6c7cfb173257\",\"name\":\"Mevi\",\"image\":{\"@type\":\"ImageObject\",\"inLanguage\":\"fi\",\"@id\":\"https:\\\/\\\/secure.gravatar.com\\\/avatar\\\/3305b76d1667dc119a18808ed03d6a1fc2dfa8b6a1cddecb8c4d27ef14ec32ca?s=96&d=mm&r=g\",\"url\":\"https:\\\/\\\/secure.gravatar.com\\\/avatar\\\/3305b76d1667dc119a18808ed03d6a1fc2dfa8b6a1cddecb8c4d27ef14ec32ca?s=96&d=mm&r=g\",\"contentUrl\":\"https:\\\/\\\/secure.gravatar.com\\\/avatar\\\/3305b76d1667dc119a18808ed03d6a1fc2dfa8b6a1cddecb8c4d27ef14ec32ca?s=96&d=mm&r=g\",\"caption\":\"Mevi\"},\"url\":\"https:\\\/\\\/mediaviestinta.fi\\\/mevi2020\\\/author\\\/mediavie\\\/\"}]}<\/script>\n<!-- \/ Yoast SEO plugin. -->","yoast_head_json":{"title":"Disinformaatiosyyt\u00f6ksill\u00e4 voidaan pyrki\u00e4 hiljent\u00e4m\u00e4\u00e4n erimieliset &#8211; Mevi","robots":{"index":"index","follow":"follow","max-snippet":"max-snippet:-1","max-image-preview":"max-image-preview:large","max-video-preview":"max-video-preview:-1"},"canonical":"https:\/\/mediaviestinta.fi\/mevi2020\/2025\/05\/disinformaatiosyytoksilla-voidaan-pyrkia-hiljentamaan-erimieliset\/","og_locale":"fi_FI","og_type":"article","og_title":"Disinformaatiosyyt\u00f6ksill\u00e4 voidaan pyrki\u00e4 hiljent\u00e4m\u00e4\u00e4n erimieliset &#8211; Mevi","og_description":"Disinformaatiosyyt\u00f6ksi\u00e4 voidaan k\u00e4ytt\u00e4\u00e4 julkisessa keskustelussa ly\u00f6m\u00e4aseena erimielisi\u00e4 kohtaan, k\u00e4y ilmi Salla Tuomolan artikkelista. Artikkelissaan Tuomola tarkasteli disinformaation diskurssia niiden kansalaisten n\u00e4k\u00f6kulmasta, joiden luottamus journalismiin ja perinteiseen uutismediaan on&hellip;","og_url":"https:\/\/mediaviestinta.fi\/mevi2020\/2025\/05\/disinformaatiosyytoksilla-voidaan-pyrkia-hiljentamaan-erimieliset\/","og_site_name":"Mevi","article_publisher":"https:\/\/www.facebook.com\/MediaViestinta\/","article_published_time":"2025-05-28T09:01:47+00:00","article_modified_time":"2025-05-28T09:11:17+00:00","og_image":[{"width":1280,"height":905,"url":"https:\/\/mediaviestinta.fi\/mevi2020\/wp-content\/uploads\/2025\/05\/few-707506_1280.jpg","type":"image\/jpeg"}],"author":"Mevi","twitter_card":"summary_large_image","twitter_creator":"@mediaviestinta","twitter_site":"@mediaviestinta","twitter_misc":{"Kirjoittanut":"Mevi","Arvioitu lukuaika":"1 minuutti"},"schema":{"@context":"https:\/\/schema.org","@graph":[{"@type":"Article","@id":"https:\/\/mediaviestinta.fi\/mevi2020\/2025\/05\/disinformaatiosyytoksilla-voidaan-pyrkia-hiljentamaan-erimieliset\/#article","isPartOf":{"@id":"https:\/\/mediaviestinta.fi\/mevi2020\/2025\/05\/disinformaatiosyytoksilla-voidaan-pyrkia-hiljentamaan-erimieliset\/"},"author":{"name":"Mevi","@id":"https:\/\/mediaviestinta.fi\/#\/schema\/person\/b2da34ab24cfcd17dbdd6c7cfb173257"},"headline":"Disinformaatiosyyt\u00f6ksill\u00e4 voidaan pyrki\u00e4 hiljent\u00e4m\u00e4\u00e4n erimieliset","datePublished":"2025-05-28T09:01:47+00:00","dateModified":"2025-05-28T09:11:17+00:00","mainEntityOfPage":{"@id":"https:\/\/mediaviestinta.fi\/mevi2020\/2025\/05\/disinformaatiosyytoksilla-voidaan-pyrkia-hiljentamaan-erimieliset\/"},"wordCount":613,"commentCount":0,"publisher":{"@id":"https:\/\/mediaviestinta.fi\/#organization"},"image":{"@id":"https:\/\/mediaviestinta.fi\/mevi2020\/2025\/05\/disinformaatiosyytoksilla-voidaan-pyrkia-hiljentamaan-erimieliset\/#primaryimage"},"thumbnailUrl":"https:\/\/mediaviestinta.fi\/mevi2020\/wp-content\/uploads\/2025\/05\/few-707506_1280.jpg","inLanguage":"fi","potentialAction":[{"@type":"CommentAction","name":"Comment","target":["https:\/\/mediaviestinta.fi\/mevi2020\/2025\/05\/disinformaatiosyytoksilla-voidaan-pyrkia-hiljentamaan-erimieliset\/#respond"]}]},{"@type":"WebPage","@id":"https:\/\/mediaviestinta.fi\/mevi2020\/2025\/05\/disinformaatiosyytoksilla-voidaan-pyrkia-hiljentamaan-erimieliset\/","url":"https:\/\/mediaviestinta.fi\/mevi2020\/2025\/05\/disinformaatiosyytoksilla-voidaan-pyrkia-hiljentamaan-erimieliset\/","name":"Disinformaatiosyyt\u00f6ksill\u00e4 voidaan pyrki\u00e4 hiljent\u00e4m\u00e4\u00e4n erimieliset &#8211; Mevi","isPartOf":{"@id":"https:\/\/mediaviestinta.fi\/#website"},"primaryImageOfPage":{"@id":"https:\/\/mediaviestinta.fi\/mevi2020\/2025\/05\/disinformaatiosyytoksilla-voidaan-pyrkia-hiljentamaan-erimieliset\/#primaryimage"},"image":{"@id":"https:\/\/mediaviestinta.fi\/mevi2020\/2025\/05\/disinformaatiosyytoksilla-voidaan-pyrkia-hiljentamaan-erimieliset\/#primaryimage"},"thumbnailUrl":"https:\/\/mediaviestinta.fi\/mevi2020\/wp-content\/uploads\/2025\/05\/few-707506_1280.jpg","datePublished":"2025-05-28T09:01:47+00:00","dateModified":"2025-05-28T09:11:17+00:00","breadcrumb":{"@id":"https:\/\/mediaviestinta.fi\/mevi2020\/2025\/05\/disinformaatiosyytoksilla-voidaan-pyrkia-hiljentamaan-erimieliset\/#breadcrumb"},"inLanguage":"fi","potentialAction":[{"@type":"ReadAction","target":["https:\/\/mediaviestinta.fi\/mevi2020\/2025\/05\/disinformaatiosyytoksilla-voidaan-pyrkia-hiljentamaan-erimieliset\/"]}]},{"@type":"ImageObject","inLanguage":"fi","@id":"https:\/\/mediaviestinta.fi\/mevi2020\/2025\/05\/disinformaatiosyytoksilla-voidaan-pyrkia-hiljentamaan-erimieliset\/#primaryimage","url":"https:\/\/mediaviestinta.fi\/mevi2020\/wp-content\/uploads\/2025\/05\/few-707506_1280.jpg","contentUrl":"https:\/\/mediaviestinta.fi\/mevi2020\/wp-content\/uploads\/2025\/05\/few-707506_1280.jpg","width":1280,"height":905,"caption":"Geralt \/ Pixabay"},{"@type":"BreadcrumbList","@id":"https:\/\/mediaviestinta.fi\/mevi2020\/2025\/05\/disinformaatiosyytoksilla-voidaan-pyrkia-hiljentamaan-erimieliset\/#breadcrumb","itemListElement":[{"@type":"ListItem","position":1,"name":"Home","item":"https:\/\/mediaviestinta.fi\/"},{"@type":"ListItem","position":2,"name":"Disinformaatiosyyt\u00f6ksill\u00e4 voidaan pyrki\u00e4 hiljent\u00e4m\u00e4\u00e4n erimieliset"}]},{"@type":"WebSite","@id":"https:\/\/mediaviestinta.fi\/#website","url":"https:\/\/mediaviestinta.fi\/","name":"Mevi","description":"Media- ja viestint\u00e4tieteellinen seura Mevi","publisher":{"@id":"https:\/\/mediaviestinta.fi\/#organization"},"potentialAction":[{"@type":"SearchAction","target":{"@type":"EntryPoint","urlTemplate":"https:\/\/mediaviestinta.fi\/?s={search_term_string}"},"query-input":{"@type":"PropertyValueSpecification","valueRequired":true,"valueName":"search_term_string"}}],"inLanguage":"fi"},{"@type":"Organization","@id":"https:\/\/mediaviestinta.fi\/#organization","name":"Media- ja viestint\u00e4tieteellinen seura Mevi","url":"https:\/\/mediaviestinta.fi\/","logo":{"@type":"ImageObject","inLanguage":"fi","@id":"https:\/\/mediaviestinta.fi\/#\/schema\/logo\/image\/","url":"https:\/\/mediaviestinta.fi\/mevi2020\/wp-content\/uploads\/2020\/03\/mevi-logo-RGB-Transparent.png","contentUrl":"https:\/\/mediaviestinta.fi\/mevi2020\/wp-content\/uploads\/2020\/03\/mevi-logo-RGB-Transparent.png","width":910,"height":464,"caption":"Media- ja viestint\u00e4tieteellinen seura Mevi"},"image":{"@id":"https:\/\/mediaviestinta.fi\/#\/schema\/logo\/image\/"},"sameAs":["https:\/\/www.facebook.com\/MediaViestinta\/","https:\/\/x.com\/mediaviestinta"]},{"@type":"Person","@id":"https:\/\/mediaviestinta.fi\/#\/schema\/person\/b2da34ab24cfcd17dbdd6c7cfb173257","name":"Mevi","image":{"@type":"ImageObject","inLanguage":"fi","@id":"https:\/\/secure.gravatar.com\/avatar\/3305b76d1667dc119a18808ed03d6a1fc2dfa8b6a1cddecb8c4d27ef14ec32ca?s=96&d=mm&r=g","url":"https:\/\/secure.gravatar.com\/avatar\/3305b76d1667dc119a18808ed03d6a1fc2dfa8b6a1cddecb8c4d27ef14ec32ca?s=96&d=mm&r=g","contentUrl":"https:\/\/secure.gravatar.com\/avatar\/3305b76d1667dc119a18808ed03d6a1fc2dfa8b6a1cddecb8c4d27ef14ec32ca?s=96&d=mm&r=g","caption":"Mevi"},"url":"https:\/\/mediaviestinta.fi\/mevi2020\/author\/mediavie\/"}]}},"_links":{"self":[{"href":"https:\/\/mediaviestinta.fi\/mevi2020\/wp-json\/wp\/v2\/posts\/5331","targetHints":{"allow":["GET"]}}],"collection":[{"href":"https:\/\/mediaviestinta.fi\/mevi2020\/wp-json\/wp\/v2\/posts"}],"about":[{"href":"https:\/\/mediaviestinta.fi\/mevi2020\/wp-json\/wp\/v2\/types\/post"}],"author":[{"embeddable":true,"href":"https:\/\/mediaviestinta.fi\/mevi2020\/wp-json\/wp\/v2\/users\/3"}],"replies":[{"embeddable":true,"href":"https:\/\/mediaviestinta.fi\/mevi2020\/wp-json\/wp\/v2\/comments?post=5331"}],"version-history":[{"count":4,"href":"https:\/\/mediaviestinta.fi\/mevi2020\/wp-json\/wp\/v2\/posts\/5331\/revisions"}],"predecessor-version":[{"id":5341,"href":"https:\/\/mediaviestinta.fi\/mevi2020\/wp-json\/wp\/v2\/posts\/5331\/revisions\/5341"}],"wp:featuredmedia":[{"embeddable":true,"href":"https:\/\/mediaviestinta.fi\/mevi2020\/wp-json\/wp\/v2\/media\/5334"}],"wp:attachment":[{"href":"https:\/\/mediaviestinta.fi\/mevi2020\/wp-json\/wp\/v2\/media?parent=5331"}],"wp:term":[{"taxonomy":"category","embeddable":true,"href":"https:\/\/mediaviestinta.fi\/mevi2020\/wp-json\/wp\/v2\/categories?post=5331"},{"taxonomy":"post_tag","embeddable":true,"href":"https:\/\/mediaviestinta.fi\/mevi2020\/wp-json\/wp\/v2\/tags?post=5331"}],"curies":[{"name":"wp","href":"https:\/\/api.w.org\/{rel}","templated":true}]}}