{"id":5370,"date":"2025-09-17T11:02:54","date_gmt":"2025-09-17T08:02:54","guid":{"rendered":"https:\/\/mediaviestinta.fi\/mevi2020\/?p=5370"},"modified":"2025-09-17T11:02:55","modified_gmt":"2025-09-17T08:02:55","slug":"paallekkaiset-sisallot-herattavat-pohtimaan-milloin-lehti-menettaa-itsenaisyytensa-ja-omintakeisuutensa","status":"publish","type":"post","link":"https:\/\/mediaviestinta.fi\/mevi2020\/2025\/09\/paallekkaiset-sisallot-herattavat-pohtimaan-milloin-lehti-menettaa-itsenaisyytensa-ja-omintakeisuutensa\/","title":{"rendered":"P\u00e4\u00e4llekk\u00e4iset sis\u00e4ll\u00f6t her\u00e4tt\u00e4v\u00e4t pohtimaan, milloin lehti menett\u00e4\u00e4 itsen\u00e4isyytens\u00e4 ja omintakeisuutensa"},"content":{"rendered":"\n<p><strong>Kaakon viestinn\u00e4n p\u00e4iv\u00e4lehtien sis\u00e4ll\u00f6ist\u00e4 jopa 40 prosenttia on p\u00e4\u00e4llekk\u00e4ist\u00e4, k\u00e4y ilmi Voitto Ruohosen ja Heikki Hellmanin artikkelista. Tutkijat koodasivat manuaalisesti p\u00e4\u00e4llekk\u00e4isten sis\u00e4lt\u00f6jen l\u00e4hteit\u00e4, lajityyppej\u00e4 ja maantiedett\u00e4. Selvisi, ett\u00e4 STT ja konsernitoimitus vastasivat lehtien valtakunnallisista sis\u00e4ll\u00f6ist\u00e4 ja ulkomaanuutisista, ja vain paikallissis\u00e4ll\u00f6t erottivat lehdet toisistaan. Artikkeli <a href=\"https:\/\/journal.fi\/mediaviestinta\/article\/view\/148417\">Keskittyminen ja konsernisis\u00e4ll\u00f6t: Sis\u00e4lt\u00f6jen p\u00e4\u00e4llekk\u00e4isyys Kaakon Viestinn\u00e4n p\u00e4iv\u00e4lehdiss\u00e4<\/a> on julkaistu Media &amp; viestinn\u00e4n numerossa <a href=\"https:\/\/journal.fi\/mediaviestinta\/issue\/view\/12397\">2\/25<\/a>. <\/strong><\/p>\n\n\n\n<p><strong>Mik\u00e4 sai teid\u00e4t tarttumaan t\u00e4h\u00e4n aiheeseen?<\/strong><\/p>\n\n\n\n<p>Yksinkertaisesti aiheeseen sai tarttumaan havaintomme, ett\u00e4 sis\u00e4lt\u00f6jen p\u00e4\u00e4llekk\u00e4isyys n\u00e4ytt\u00e4isi viimeisten vuosien ja vuosikymmenen aikana lis\u00e4\u00e4ntyneen sanomalehdiss\u00e4, mutta ilmi\u00f6n m\u00e4\u00e4r\u00e4st\u00e4 ja sis\u00e4ll\u00f6st\u00e4 kuitenkin on toistaiseksi ollut saatavilla varsin niukasti konkreettista tutkimustietoa. Sen tiesimme, ett\u00e4 sanomalehtien lukijoiden keskuudessa sis\u00e4lt\u00f6jen yhdenmukaistuminen on jo pitk\u00e4\u00e4n pantu merkille, mist\u00e4 toinen kirjoittajista (Ruohonen) on saanut ty\u00f6ss\u00e4 ollessaan kuulla usein.<\/p>\n\n\n\n<p>Tutkimuksemme l\u00e4hti liikkeelle siten kuin tutkimukseen kuuluu: paikkaamaan ilmi\u00f6\u00f6n liittynytt\u00e4 tiedon puutetta. Katsoimme, ett\u00e4 sit\u00e4 voidaan korjata ottamalla tarkasteluun riitt\u00e4v\u00e4n laaja n\u00e4yte samaan ketjuun kuuluvista kesken\u00e4\u00e4n vertailukelpoisista sanomalehdist\u00e4, m\u00e4\u00e4rittelem\u00e4ll\u00e4 konkreettiset p\u00e4\u00e4llekk\u00e4isyytt\u00e4 kuvaavat mittarit sek\u00e4 tekem\u00e4ll\u00e4 tarpeelliset mittaukset. Valintamme kohdistumista Kaakon Viestinn\u00e4n lehtiin perusteli niiden pitk\u00e4aikainen yhteinen historia.<\/p>\n\n\n\n<p><strong>Mihin laajempaan ilmi\u00f6\u00f6n ja keskusteluun artikkelinne liittyy?<\/strong><\/p>\n\n\n\n<p>Median omistuksen jatkuva keskittyminen ja sen vaikutukset median sis\u00e4lt\u00f6ihin ovat polttava aihe eurooppalaisessa mediapolitiikassa ja tutkimuskent\u00e4ll\u00e4. Kansainv\u00e4linen kirjallisuus aiheen tiimoilla karttuu nopeasti, ja Suomessakin on paraikaa k\u00e4ynniss\u00e4 kaksi Koneen s\u00e4\u00e4ti\u00f6n rahoittamaa laajahkoa hanketta, joista toista johtaa Katja Lehtisaari Tampereella ja toista Lauri Haapanen Jyv\u00e4skyl\u00e4ss\u00e4.<\/p>\n\n\n\n<p>Kiinnostaviksi keskittymisen vaikutusten tutkimuksen tekee se, ett\u00e4 saadut tulokset ovat osin ristiriitaisia. Se johtuu siit\u00e4, ett\u00e4 median eri toimialat, eri maiden mediamarkkinat ja mediayhti\u00f6iden strategiat voivat vaihdella. Tulokset ovat aina riippuvaisia siit\u00e4, mit\u00e4 t\u00e4sm\u00e4lleen ottaen kysyt\u00e4\u00e4n. Yksi tutkimusten havaitsema kiistaton vaikutus on uutisten lis\u00e4\u00e4ntynyt p\u00e4\u00e4llekk\u00e4isyys samaan konserniin kuuluvissa medioissa. Uutisten monipuolisuuden ulottuvuuksia kuvaavalla Jonathan Hendrickxin, Pieter Ballonin ja Heritiana Ranaivosonin mallilla liitimme tutkimuksemme aihepiirist\u00e4 k\u00e4ynniss\u00e4 olevaan laajempaan tieteelliseen keskusteluun. Muun muassa Belgiassa, Norjassa ja Sveitsiss\u00e4 tehty aiempi tutkimus toimi t\u00e4ss\u00e4 innoittajana. Samankaltaisten tutkimusasetelmien toistaminen eri maissa ja eri mediataloissa on hy\u00f6dyllist\u00e4, koska se auttaa ymm\u00e4rt\u00e4m\u00e4\u00e4n vaikutusmekanismien ja yritysten omien strategisten valintojen merkityst\u00e4.<\/p>\n\n\n\n<p><strong>Mik\u00e4 on antinne t\u00e4h\u00e4n keskusteluun?<\/strong><\/p>\n\n\n\n<p>Varmasti t\u00e4rkein anti on, ett\u00e4 tarkastelemme juuri Suomen sanomalehdist\u00f6n tilannetta. Muiden maiden tulosten perusteella tehdyt johtop\u00e4\u00e4t\u00f6kset eiv\u00e4t sellaisenaan p\u00e4de meill\u00e4. Millaisia j\u00e4lki\u00e4 keskittyminen j\u00e4tt\u00e4\u00e4 lehtien sis\u00e4lt\u00f6ihin on viime k\u00e4dess\u00e4 empiirinen kysymys, joka selvi\u00e4\u00e4 vain tutkimalla kutakin tapausta erikseen. Manuaalisen koodauksen ansiosta pystyimme analysoimaan p\u00e4\u00e4llekk\u00e4isen sis\u00e4ll\u00f6n l\u00e4hteit\u00e4, lajityyppej\u00e4 ja maantiedett\u00e4. Me n\u00e4yt\u00e4mme, ett\u00e4 jopa yli 40 prosenttia tutkittujen lehtien (Etel\u00e4-Saimaa, Kouvolan Sanomat, Kymen Sanomat ja L\u00e4nsi-Savo) sis\u00e4ll\u00f6st\u00e4 on p\u00e4\u00e4llekk\u00e4ist\u00e4, mit\u00e4 on pidett\u00e4v\u00e4 huomattavan suurena osuutena. Kun valtakunnalliset sis\u00e4ll\u00f6t ja ulkomaanuutiset on ulkoistettu konsernitoimituksille ja STT:lle, vain paikallissis\u00e4ll\u00f6t erottavat lehdet toisistaan.<\/p>\n\n\n\n<p>Havainto her\u00e4tt\u00e4\u00e4 kysymyksen siit\u00e4, milloin lehti menett\u00e4\u00e4 itsen\u00e4isyytens\u00e4 ja omintakeisen luonteensa. Her\u00e4ttelemme miettim\u00e4\u00e4n, mik\u00e4 maakuntalehden asema on suomalaisten uutisseurannassa. Miten ne voisivat vahvistaa omaa ilmett\u00e4\u00e4n?<\/p>\n\n\n\n<p><strong>Mik\u00e4 on artikkelinne keskeinen argumentti?<\/strong><\/p>\n\n\n\n<p>Omistuksen keskittyminen j\u00e4tt\u00e4\u00e4 aina j\u00e4lkens\u00e4 sis\u00e4lt\u00f6\u00f6n. Vakavin seuraus on se, ett\u00e4 sis\u00e4lt\u00f6jen yhdenmukaistuminen v\u00e4hent\u00e4\u00e4 median k\u00e4ytt\u00e4mien l\u00e4hteiden, k\u00e4sittelemien aiheiden ja sen v\u00e4litt\u00e4mien mielipiteiden moninaisuutta. Uutisten p\u00e4\u00e4llekk\u00e4isyys rajoittaa n\u00e4in yleis\u00f6n mahdollisuuksia saada monipuolista tietoa yhteiskunnan kannalta t\u00e4rkeist\u00e4 asioista ja osallistua niist\u00e4 k\u00e4yt\u00e4v\u00e4\u00e4n keskusteluun ja p\u00e4\u00e4t\u00f6ksentekoon.<\/p>\n\n\n\n<p>Toki on niin, ett\u00e4 lehtien sis\u00e4lt\u00f6yhteisty\u00f6 saattaa olla taloudellisen pakon sanelemaa. Ilman STT:n juttuja lehdill\u00e4 ei olisi varaa julkaista ulkomaanjournalismia, ilman Uutissuomalaisen tuottamia isoja juttuja monen lehden sis\u00e4lt\u00f6 n\u00e4ytt\u00e4isi valjummalta.<\/p>\n\n\n\n<p><strong>Mit\u00e4 haluatte artikkelillanne sanoa?<\/strong><\/p>\n\n\n\n<p>Vastaus on p\u00e4\u00e4osin kerrottu edell\u00e4. Siihen lis\u00e4isimme, ett\u00e4 maakunnallinen ja alueellinen sanomalehdist\u00f6 ja journalismi ovat todenn\u00e4k\u00f6isesti historiansa suurimpiin kuuluvassa murroskohdassa, ja niiden tulevaisuuden n\u00e4kym\u00e4t ovat v\u00e4hint\u00e4\u00e4nkin sumuiset. Jakelun kallistuminen uhkaa printtilehtien julkaisemista, mutta toisaalta lehtitalojen tulonmuodostus on edelleen 75-prosenttisesti printin varassa. Digitaalinen ilmoitusmarkkina kasvaa kohisten, mutta kasvu sataa ylikansallisten j\u00e4ttien laariin. Sanomalehden lukemisessa on vahvoja viitteit\u00e4 ik\u00e4- ja sukupolvistumisesta, kun nuoremmissa ik\u00e4luokissa uutisia seurataan some- ja muista ilmaiskanavista.<\/p>\n\n\n\n<p>Haluamme nostaa esiin kysymyksen, ovatko maakunta- ja aluelehdet en\u00e4\u00e4 tulevaisuudessa alueidensa puolestapuhujia ja \u00e4\u00e4nenkannattajia, jos niiden sis\u00e4ll\u00f6ss\u00e4 maakunnallinen ja alueellinen uutisointi ja kommentointi on vajoamassa marginaalisiksi reunamerkinn\u00f6iksi ja alaviitteiksi. Olisiko niiden sen sijaan j\u00e4rkev\u00e4\u00e4 luopua tavoittelemasta kaikenkattavan p\u00e4iv\u00e4lehden ideaa ja palata sen sijaan alkujuurille, oman alueen uutis- ja ilmoitusv\u00e4lineeksi? Kun resurssit tuntuvat koko ajan kutistuvan ja kun yleis\u00f6 hakee valtakunnalliset uutisensa p\u00e4\u00e4osin muualta, pit\u00e4isik\u00f6 maakuntalehtien luopua yleisest\u00e4 uutistarjonnasta ja keskitty\u00e4 vain paikallisuutisiin?<\/p>\n\n\n\n<p><strong>Kenen kannattaa lukea artikkelinne?<\/strong><\/p>\n\n\n\n<p>Tietenkin jokaisen, joka on kiinnostanut maakunnallisesta ja alueellisesta sanomalehdist\u00f6st\u00e4, sen nykytilasta ja erityisesti sis\u00e4ll\u00f6st\u00e4 sek\u00e4 kehityssuunnista. Lehtitalojen sikariportaissa mietit\u00e4\u00e4n koko ajan p\u00e4\u00e4 kohisten, mit\u00e4 tulevaisuus tuo tullessaan ja millaisia strategioita laaditaan vuoden, kolmen tai viiden vuoden p\u00e4\u00e4h\u00e4n. Kymmenen vuoden p\u00e4\u00e4h\u00e4n ulottuvaa visiointia kukaan ei t\u00e4ll\u00e4 alalla vakavissaan yrit\u00e4 esitt\u00e4\u00e4. Erityisesti toivomme, ett\u00e4 artikkelimme kuluisi toimitusten rivij\u00e4senten k\u00e4siss\u00e4, auttaisi tarkastelemaan kriittisesti oman toimituksen k\u00e4yt\u00e4nt\u00f6j\u00e4 ja hahmottamaan palavereissa mahdollisia uusia ajatuksia ja toimintatapoja. Sanomalehden rivilukija saattaisi artikkelimme perusteella ymm\u00e4rt\u00e4\u00e4, miksi sama juttu toistuu useimmissa maakunta- ja aluelehdiss\u00e4 Iisalmesta Hyvink\u00e4\u00e4lle ja Joensuusta H\u00e4meenlinnaan, ja t\u00e4ss\u00e4 voisivat rivitoimittajat olla sanansaattajina, kyll\u00e4 artikkelistamme ainakin yhden kolumnin tarpeet saisi.<\/p>\n","protected":false},"excerpt":{"rendered":"<p>Kaakon viestinn\u00e4n p\u00e4iv\u00e4lehtien sis\u00e4ll\u00f6ist\u00e4 jopa 40 prosenttia on p\u00e4\u00e4llekk\u00e4ist\u00e4, k\u00e4y ilmi Voitto Ruohosen ja Heikki Hellmanin artikkelista. Tutkijat koodasivat manuaalisesti p\u00e4\u00e4llekk\u00e4isten sis\u00e4lt\u00f6jen l\u00e4hteit\u00e4, lajityyppej\u00e4 ja maantiedett\u00e4. Selvisi, ett\u00e4&hellip;<\/p>\n","protected":false},"author":3,"featured_media":5371,"comment_status":"open","ping_status":"closed","sticky":false,"template":"","format":"standard","meta":{"_monsterinsights_skip_tracking":false,"_monsterinsights_sitenote_active":false,"_monsterinsights_sitenote_note":"","_monsterinsights_sitenote_category":0,"footnotes":""},"categories":[1],"tags":[],"class_list":["post-5370","post","type-post","status-publish","format-standard","has-post-thumbnail","hentry","category-yleinen"],"yoast_head":"<!-- This site is optimized with the Yoast SEO plugin v27.5 - https:\/\/yoast.com\/product\/yoast-seo-wordpress\/ -->\n<title>P\u00e4\u00e4llekk\u00e4iset sis\u00e4ll\u00f6t her\u00e4tt\u00e4v\u00e4t pohtimaan, milloin lehti menett\u00e4\u00e4 itsen\u00e4isyytens\u00e4 ja omintakeisuutensa &#8211; Mevi<\/title>\n<meta name=\"robots\" content=\"index, follow, max-snippet:-1, max-image-preview:large, max-video-preview:-1\" \/>\n<link rel=\"canonical\" href=\"https:\/\/mediaviestinta.fi\/mevi2020\/2025\/09\/paallekkaiset-sisallot-herattavat-pohtimaan-milloin-lehti-menettaa-itsenaisyytensa-ja-omintakeisuutensa\/\" \/>\n<meta property=\"og:locale\" content=\"fi_FI\" \/>\n<meta property=\"og:type\" content=\"article\" \/>\n<meta property=\"og:title\" content=\"P\u00e4\u00e4llekk\u00e4iset sis\u00e4ll\u00f6t her\u00e4tt\u00e4v\u00e4t pohtimaan, milloin lehti menett\u00e4\u00e4 itsen\u00e4isyytens\u00e4 ja omintakeisuutensa &#8211; Mevi\" \/>\n<meta property=\"og:description\" content=\"Kaakon viestinn\u00e4n p\u00e4iv\u00e4lehtien sis\u00e4ll\u00f6ist\u00e4 jopa 40 prosenttia on p\u00e4\u00e4llekk\u00e4ist\u00e4, k\u00e4y ilmi Voitto Ruohosen ja Heikki Hellmanin artikkelista. Tutkijat koodasivat manuaalisesti p\u00e4\u00e4llekk\u00e4isten sis\u00e4lt\u00f6jen l\u00e4hteit\u00e4, lajityyppej\u00e4 ja maantiedett\u00e4. Selvisi, ett\u00e4&hellip;\" \/>\n<meta property=\"og:url\" content=\"https:\/\/mediaviestinta.fi\/mevi2020\/2025\/09\/paallekkaiset-sisallot-herattavat-pohtimaan-milloin-lehti-menettaa-itsenaisyytensa-ja-omintakeisuutensa\/\" \/>\n<meta property=\"og:site_name\" content=\"Mevi\" \/>\n<meta property=\"article:publisher\" content=\"https:\/\/www.facebook.com\/MediaViestinta\/\" \/>\n<meta property=\"article:published_time\" content=\"2025-09-17T08:02:54+00:00\" \/>\n<meta property=\"article:modified_time\" content=\"2025-09-17T08:02:55+00:00\" \/>\n<meta property=\"og:image\" content=\"https:\/\/mediaviestinta.fi\/mevi2020\/wp-content\/uploads\/2025\/09\/AlydevilAI-Pixabay-e1756990492260.jpg\" \/>\n\t<meta property=\"og:image:width\" content=\"1280\" \/>\n\t<meta property=\"og:image:height\" content=\"720\" \/>\n\t<meta property=\"og:image:type\" content=\"image\/jpeg\" \/>\n<meta name=\"author\" content=\"Mevi\" \/>\n<meta name=\"twitter:card\" content=\"summary_large_image\" \/>\n<meta name=\"twitter:creator\" content=\"@mediaviestinta\" \/>\n<meta name=\"twitter:site\" content=\"@mediaviestinta\" \/>\n<meta name=\"twitter:label1\" content=\"Kirjoittanut\" \/>\n\t<meta name=\"twitter:data1\" content=\"Mevi\" \/>\n\t<meta name=\"twitter:label2\" content=\"Arvioitu lukuaika\" \/>\n\t<meta name=\"twitter:data2\" content=\"5 minuuttia\" \/>\n<script type=\"application\/ld+json\" class=\"yoast-schema-graph\">{\"@context\":\"https:\\\/\\\/schema.org\",\"@graph\":[{\"@type\":\"Article\",\"@id\":\"https:\\\/\\\/mediaviestinta.fi\\\/mevi2020\\\/2025\\\/09\\\/paallekkaiset-sisallot-herattavat-pohtimaan-milloin-lehti-menettaa-itsenaisyytensa-ja-omintakeisuutensa\\\/#article\",\"isPartOf\":{\"@id\":\"https:\\\/\\\/mediaviestinta.fi\\\/mevi2020\\\/2025\\\/09\\\/paallekkaiset-sisallot-herattavat-pohtimaan-milloin-lehti-menettaa-itsenaisyytensa-ja-omintakeisuutensa\\\/\"},\"author\":{\"name\":\"Mevi\",\"@id\":\"https:\\\/\\\/mediaviestinta.fi\\\/#\\\/schema\\\/person\\\/b2da34ab24cfcd17dbdd6c7cfb173257\"},\"headline\":\"P\u00e4\u00e4llekk\u00e4iset sis\u00e4ll\u00f6t her\u00e4tt\u00e4v\u00e4t pohtimaan, milloin lehti menett\u00e4\u00e4 itsen\u00e4isyytens\u00e4 ja omintakeisuutensa\",\"datePublished\":\"2025-09-17T08:02:54+00:00\",\"dateModified\":\"2025-09-17T08:02:55+00:00\",\"mainEntityOfPage\":{\"@id\":\"https:\\\/\\\/mediaviestinta.fi\\\/mevi2020\\\/2025\\\/09\\\/paallekkaiset-sisallot-herattavat-pohtimaan-milloin-lehti-menettaa-itsenaisyytensa-ja-omintakeisuutensa\\\/\"},\"wordCount\":968,\"commentCount\":0,\"publisher\":{\"@id\":\"https:\\\/\\\/mediaviestinta.fi\\\/#organization\"},\"image\":{\"@id\":\"https:\\\/\\\/mediaviestinta.fi\\\/mevi2020\\\/2025\\\/09\\\/paallekkaiset-sisallot-herattavat-pohtimaan-milloin-lehti-menettaa-itsenaisyytensa-ja-omintakeisuutensa\\\/#primaryimage\"},\"thumbnailUrl\":\"https:\\\/\\\/mediaviestinta.fi\\\/mevi2020\\\/wp-content\\\/uploads\\\/2025\\\/09\\\/AlydevilAI-Pixabay-e1756990492260.jpg\",\"inLanguage\":\"fi\",\"potentialAction\":[{\"@type\":\"CommentAction\",\"name\":\"Comment\",\"target\":[\"https:\\\/\\\/mediaviestinta.fi\\\/mevi2020\\\/2025\\\/09\\\/paallekkaiset-sisallot-herattavat-pohtimaan-milloin-lehti-menettaa-itsenaisyytensa-ja-omintakeisuutensa\\\/#respond\"]}]},{\"@type\":\"WebPage\",\"@id\":\"https:\\\/\\\/mediaviestinta.fi\\\/mevi2020\\\/2025\\\/09\\\/paallekkaiset-sisallot-herattavat-pohtimaan-milloin-lehti-menettaa-itsenaisyytensa-ja-omintakeisuutensa\\\/\",\"url\":\"https:\\\/\\\/mediaviestinta.fi\\\/mevi2020\\\/2025\\\/09\\\/paallekkaiset-sisallot-herattavat-pohtimaan-milloin-lehti-menettaa-itsenaisyytensa-ja-omintakeisuutensa\\\/\",\"name\":\"P\u00e4\u00e4llekk\u00e4iset sis\u00e4ll\u00f6t her\u00e4tt\u00e4v\u00e4t pohtimaan, milloin lehti menett\u00e4\u00e4 itsen\u00e4isyytens\u00e4 ja omintakeisuutensa &#8211; Mevi\",\"isPartOf\":{\"@id\":\"https:\\\/\\\/mediaviestinta.fi\\\/#website\"},\"primaryImageOfPage\":{\"@id\":\"https:\\\/\\\/mediaviestinta.fi\\\/mevi2020\\\/2025\\\/09\\\/paallekkaiset-sisallot-herattavat-pohtimaan-milloin-lehti-menettaa-itsenaisyytensa-ja-omintakeisuutensa\\\/#primaryimage\"},\"image\":{\"@id\":\"https:\\\/\\\/mediaviestinta.fi\\\/mevi2020\\\/2025\\\/09\\\/paallekkaiset-sisallot-herattavat-pohtimaan-milloin-lehti-menettaa-itsenaisyytensa-ja-omintakeisuutensa\\\/#primaryimage\"},\"thumbnailUrl\":\"https:\\\/\\\/mediaviestinta.fi\\\/mevi2020\\\/wp-content\\\/uploads\\\/2025\\\/09\\\/AlydevilAI-Pixabay-e1756990492260.jpg\",\"datePublished\":\"2025-09-17T08:02:54+00:00\",\"dateModified\":\"2025-09-17T08:02:55+00:00\",\"breadcrumb\":{\"@id\":\"https:\\\/\\\/mediaviestinta.fi\\\/mevi2020\\\/2025\\\/09\\\/paallekkaiset-sisallot-herattavat-pohtimaan-milloin-lehti-menettaa-itsenaisyytensa-ja-omintakeisuutensa\\\/#breadcrumb\"},\"inLanguage\":\"fi\",\"potentialAction\":[{\"@type\":\"ReadAction\",\"target\":[\"https:\\\/\\\/mediaviestinta.fi\\\/mevi2020\\\/2025\\\/09\\\/paallekkaiset-sisallot-herattavat-pohtimaan-milloin-lehti-menettaa-itsenaisyytensa-ja-omintakeisuutensa\\\/\"]}]},{\"@type\":\"ImageObject\",\"inLanguage\":\"fi\",\"@id\":\"https:\\\/\\\/mediaviestinta.fi\\\/mevi2020\\\/2025\\\/09\\\/paallekkaiset-sisallot-herattavat-pohtimaan-milloin-lehti-menettaa-itsenaisyytensa-ja-omintakeisuutensa\\\/#primaryimage\",\"url\":\"https:\\\/\\\/mediaviestinta.fi\\\/mevi2020\\\/wp-content\\\/uploads\\\/2025\\\/09\\\/AlydevilAI-Pixabay-e1756990492260.jpg\",\"contentUrl\":\"https:\\\/\\\/mediaviestinta.fi\\\/mevi2020\\\/wp-content\\\/uploads\\\/2025\\\/09\\\/AlydevilAI-Pixabay-e1756990492260.jpg\",\"width\":1280,\"height\":720,\"caption\":\"Alydevil AI \\\/ Pixabay\"},{\"@type\":\"BreadcrumbList\",\"@id\":\"https:\\\/\\\/mediaviestinta.fi\\\/mevi2020\\\/2025\\\/09\\\/paallekkaiset-sisallot-herattavat-pohtimaan-milloin-lehti-menettaa-itsenaisyytensa-ja-omintakeisuutensa\\\/#breadcrumb\",\"itemListElement\":[{\"@type\":\"ListItem\",\"position\":1,\"name\":\"Home\",\"item\":\"https:\\\/\\\/mediaviestinta.fi\\\/\"},{\"@type\":\"ListItem\",\"position\":2,\"name\":\"P\u00e4\u00e4llekk\u00e4iset sis\u00e4ll\u00f6t her\u00e4tt\u00e4v\u00e4t pohtimaan, milloin lehti menett\u00e4\u00e4 itsen\u00e4isyytens\u00e4 ja omintakeisuutensa\"}]},{\"@type\":\"WebSite\",\"@id\":\"https:\\\/\\\/mediaviestinta.fi\\\/#website\",\"url\":\"https:\\\/\\\/mediaviestinta.fi\\\/\",\"name\":\"Mevi\",\"description\":\"Media- ja viestint\u00e4tieteellinen seura Mevi\",\"publisher\":{\"@id\":\"https:\\\/\\\/mediaviestinta.fi\\\/#organization\"},\"potentialAction\":[{\"@type\":\"SearchAction\",\"target\":{\"@type\":\"EntryPoint\",\"urlTemplate\":\"https:\\\/\\\/mediaviestinta.fi\\\/?s={search_term_string}\"},\"query-input\":{\"@type\":\"PropertyValueSpecification\",\"valueRequired\":true,\"valueName\":\"search_term_string\"}}],\"inLanguage\":\"fi\"},{\"@type\":\"Organization\",\"@id\":\"https:\\\/\\\/mediaviestinta.fi\\\/#organization\",\"name\":\"Media- ja viestint\u00e4tieteellinen seura Mevi\",\"url\":\"https:\\\/\\\/mediaviestinta.fi\\\/\",\"logo\":{\"@type\":\"ImageObject\",\"inLanguage\":\"fi\",\"@id\":\"https:\\\/\\\/mediaviestinta.fi\\\/#\\\/schema\\\/logo\\\/image\\\/\",\"url\":\"https:\\\/\\\/mediaviestinta.fi\\\/mevi2020\\\/wp-content\\\/uploads\\\/2020\\\/03\\\/mevi-logo-RGB-Transparent.png\",\"contentUrl\":\"https:\\\/\\\/mediaviestinta.fi\\\/mevi2020\\\/wp-content\\\/uploads\\\/2020\\\/03\\\/mevi-logo-RGB-Transparent.png\",\"width\":910,\"height\":464,\"caption\":\"Media- ja viestint\u00e4tieteellinen seura Mevi\"},\"image\":{\"@id\":\"https:\\\/\\\/mediaviestinta.fi\\\/#\\\/schema\\\/logo\\\/image\\\/\"},\"sameAs\":[\"https:\\\/\\\/www.facebook.com\\\/MediaViestinta\\\/\",\"https:\\\/\\\/x.com\\\/mediaviestinta\"]},{\"@type\":\"Person\",\"@id\":\"https:\\\/\\\/mediaviestinta.fi\\\/#\\\/schema\\\/person\\\/b2da34ab24cfcd17dbdd6c7cfb173257\",\"name\":\"Mevi\",\"image\":{\"@type\":\"ImageObject\",\"inLanguage\":\"fi\",\"@id\":\"https:\\\/\\\/secure.gravatar.com\\\/avatar\\\/3305b76d1667dc119a18808ed03d6a1fc2dfa8b6a1cddecb8c4d27ef14ec32ca?s=96&d=mm&r=g\",\"url\":\"https:\\\/\\\/secure.gravatar.com\\\/avatar\\\/3305b76d1667dc119a18808ed03d6a1fc2dfa8b6a1cddecb8c4d27ef14ec32ca?s=96&d=mm&r=g\",\"contentUrl\":\"https:\\\/\\\/secure.gravatar.com\\\/avatar\\\/3305b76d1667dc119a18808ed03d6a1fc2dfa8b6a1cddecb8c4d27ef14ec32ca?s=96&d=mm&r=g\",\"caption\":\"Mevi\"},\"url\":\"https:\\\/\\\/mediaviestinta.fi\\\/mevi2020\\\/author\\\/mediavie\\\/\"}]}<\/script>\n<!-- \/ Yoast SEO plugin. -->","yoast_head_json":{"title":"P\u00e4\u00e4llekk\u00e4iset sis\u00e4ll\u00f6t her\u00e4tt\u00e4v\u00e4t pohtimaan, milloin lehti menett\u00e4\u00e4 itsen\u00e4isyytens\u00e4 ja omintakeisuutensa &#8211; Mevi","robots":{"index":"index","follow":"follow","max-snippet":"max-snippet:-1","max-image-preview":"max-image-preview:large","max-video-preview":"max-video-preview:-1"},"canonical":"https:\/\/mediaviestinta.fi\/mevi2020\/2025\/09\/paallekkaiset-sisallot-herattavat-pohtimaan-milloin-lehti-menettaa-itsenaisyytensa-ja-omintakeisuutensa\/","og_locale":"fi_FI","og_type":"article","og_title":"P\u00e4\u00e4llekk\u00e4iset sis\u00e4ll\u00f6t her\u00e4tt\u00e4v\u00e4t pohtimaan, milloin lehti menett\u00e4\u00e4 itsen\u00e4isyytens\u00e4 ja omintakeisuutensa &#8211; Mevi","og_description":"Kaakon viestinn\u00e4n p\u00e4iv\u00e4lehtien sis\u00e4ll\u00f6ist\u00e4 jopa 40 prosenttia on p\u00e4\u00e4llekk\u00e4ist\u00e4, k\u00e4y ilmi Voitto Ruohosen ja Heikki Hellmanin artikkelista. Tutkijat koodasivat manuaalisesti p\u00e4\u00e4llekk\u00e4isten sis\u00e4lt\u00f6jen l\u00e4hteit\u00e4, lajityyppej\u00e4 ja maantiedett\u00e4. Selvisi, ett\u00e4&hellip;","og_url":"https:\/\/mediaviestinta.fi\/mevi2020\/2025\/09\/paallekkaiset-sisallot-herattavat-pohtimaan-milloin-lehti-menettaa-itsenaisyytensa-ja-omintakeisuutensa\/","og_site_name":"Mevi","article_publisher":"https:\/\/www.facebook.com\/MediaViestinta\/","article_published_time":"2025-09-17T08:02:54+00:00","article_modified_time":"2025-09-17T08:02:55+00:00","og_image":[{"width":1280,"height":720,"url":"https:\/\/mediaviestinta.fi\/mevi2020\/wp-content\/uploads\/2025\/09\/AlydevilAI-Pixabay-e1756990492260.jpg","type":"image\/jpeg"}],"author":"Mevi","twitter_card":"summary_large_image","twitter_creator":"@mediaviestinta","twitter_site":"@mediaviestinta","twitter_misc":{"Kirjoittanut":"Mevi","Arvioitu lukuaika":"5 minuuttia"},"schema":{"@context":"https:\/\/schema.org","@graph":[{"@type":"Article","@id":"https:\/\/mediaviestinta.fi\/mevi2020\/2025\/09\/paallekkaiset-sisallot-herattavat-pohtimaan-milloin-lehti-menettaa-itsenaisyytensa-ja-omintakeisuutensa\/#article","isPartOf":{"@id":"https:\/\/mediaviestinta.fi\/mevi2020\/2025\/09\/paallekkaiset-sisallot-herattavat-pohtimaan-milloin-lehti-menettaa-itsenaisyytensa-ja-omintakeisuutensa\/"},"author":{"name":"Mevi","@id":"https:\/\/mediaviestinta.fi\/#\/schema\/person\/b2da34ab24cfcd17dbdd6c7cfb173257"},"headline":"P\u00e4\u00e4llekk\u00e4iset sis\u00e4ll\u00f6t her\u00e4tt\u00e4v\u00e4t pohtimaan, milloin lehti menett\u00e4\u00e4 itsen\u00e4isyytens\u00e4 ja omintakeisuutensa","datePublished":"2025-09-17T08:02:54+00:00","dateModified":"2025-09-17T08:02:55+00:00","mainEntityOfPage":{"@id":"https:\/\/mediaviestinta.fi\/mevi2020\/2025\/09\/paallekkaiset-sisallot-herattavat-pohtimaan-milloin-lehti-menettaa-itsenaisyytensa-ja-omintakeisuutensa\/"},"wordCount":968,"commentCount":0,"publisher":{"@id":"https:\/\/mediaviestinta.fi\/#organization"},"image":{"@id":"https:\/\/mediaviestinta.fi\/mevi2020\/2025\/09\/paallekkaiset-sisallot-herattavat-pohtimaan-milloin-lehti-menettaa-itsenaisyytensa-ja-omintakeisuutensa\/#primaryimage"},"thumbnailUrl":"https:\/\/mediaviestinta.fi\/mevi2020\/wp-content\/uploads\/2025\/09\/AlydevilAI-Pixabay-e1756990492260.jpg","inLanguage":"fi","potentialAction":[{"@type":"CommentAction","name":"Comment","target":["https:\/\/mediaviestinta.fi\/mevi2020\/2025\/09\/paallekkaiset-sisallot-herattavat-pohtimaan-milloin-lehti-menettaa-itsenaisyytensa-ja-omintakeisuutensa\/#respond"]}]},{"@type":"WebPage","@id":"https:\/\/mediaviestinta.fi\/mevi2020\/2025\/09\/paallekkaiset-sisallot-herattavat-pohtimaan-milloin-lehti-menettaa-itsenaisyytensa-ja-omintakeisuutensa\/","url":"https:\/\/mediaviestinta.fi\/mevi2020\/2025\/09\/paallekkaiset-sisallot-herattavat-pohtimaan-milloin-lehti-menettaa-itsenaisyytensa-ja-omintakeisuutensa\/","name":"P\u00e4\u00e4llekk\u00e4iset sis\u00e4ll\u00f6t her\u00e4tt\u00e4v\u00e4t pohtimaan, milloin lehti menett\u00e4\u00e4 itsen\u00e4isyytens\u00e4 ja omintakeisuutensa &#8211; Mevi","isPartOf":{"@id":"https:\/\/mediaviestinta.fi\/#website"},"primaryImageOfPage":{"@id":"https:\/\/mediaviestinta.fi\/mevi2020\/2025\/09\/paallekkaiset-sisallot-herattavat-pohtimaan-milloin-lehti-menettaa-itsenaisyytensa-ja-omintakeisuutensa\/#primaryimage"},"image":{"@id":"https:\/\/mediaviestinta.fi\/mevi2020\/2025\/09\/paallekkaiset-sisallot-herattavat-pohtimaan-milloin-lehti-menettaa-itsenaisyytensa-ja-omintakeisuutensa\/#primaryimage"},"thumbnailUrl":"https:\/\/mediaviestinta.fi\/mevi2020\/wp-content\/uploads\/2025\/09\/AlydevilAI-Pixabay-e1756990492260.jpg","datePublished":"2025-09-17T08:02:54+00:00","dateModified":"2025-09-17T08:02:55+00:00","breadcrumb":{"@id":"https:\/\/mediaviestinta.fi\/mevi2020\/2025\/09\/paallekkaiset-sisallot-herattavat-pohtimaan-milloin-lehti-menettaa-itsenaisyytensa-ja-omintakeisuutensa\/#breadcrumb"},"inLanguage":"fi","potentialAction":[{"@type":"ReadAction","target":["https:\/\/mediaviestinta.fi\/mevi2020\/2025\/09\/paallekkaiset-sisallot-herattavat-pohtimaan-milloin-lehti-menettaa-itsenaisyytensa-ja-omintakeisuutensa\/"]}]},{"@type":"ImageObject","inLanguage":"fi","@id":"https:\/\/mediaviestinta.fi\/mevi2020\/2025\/09\/paallekkaiset-sisallot-herattavat-pohtimaan-milloin-lehti-menettaa-itsenaisyytensa-ja-omintakeisuutensa\/#primaryimage","url":"https:\/\/mediaviestinta.fi\/mevi2020\/wp-content\/uploads\/2025\/09\/AlydevilAI-Pixabay-e1756990492260.jpg","contentUrl":"https:\/\/mediaviestinta.fi\/mevi2020\/wp-content\/uploads\/2025\/09\/AlydevilAI-Pixabay-e1756990492260.jpg","width":1280,"height":720,"caption":"Alydevil AI \/ Pixabay"},{"@type":"BreadcrumbList","@id":"https:\/\/mediaviestinta.fi\/mevi2020\/2025\/09\/paallekkaiset-sisallot-herattavat-pohtimaan-milloin-lehti-menettaa-itsenaisyytensa-ja-omintakeisuutensa\/#breadcrumb","itemListElement":[{"@type":"ListItem","position":1,"name":"Home","item":"https:\/\/mediaviestinta.fi\/"},{"@type":"ListItem","position":2,"name":"P\u00e4\u00e4llekk\u00e4iset sis\u00e4ll\u00f6t her\u00e4tt\u00e4v\u00e4t pohtimaan, milloin lehti menett\u00e4\u00e4 itsen\u00e4isyytens\u00e4 ja omintakeisuutensa"}]},{"@type":"WebSite","@id":"https:\/\/mediaviestinta.fi\/#website","url":"https:\/\/mediaviestinta.fi\/","name":"Mevi","description":"Media- ja viestint\u00e4tieteellinen seura Mevi","publisher":{"@id":"https:\/\/mediaviestinta.fi\/#organization"},"potentialAction":[{"@type":"SearchAction","target":{"@type":"EntryPoint","urlTemplate":"https:\/\/mediaviestinta.fi\/?s={search_term_string}"},"query-input":{"@type":"PropertyValueSpecification","valueRequired":true,"valueName":"search_term_string"}}],"inLanguage":"fi"},{"@type":"Organization","@id":"https:\/\/mediaviestinta.fi\/#organization","name":"Media- ja viestint\u00e4tieteellinen seura Mevi","url":"https:\/\/mediaviestinta.fi\/","logo":{"@type":"ImageObject","inLanguage":"fi","@id":"https:\/\/mediaviestinta.fi\/#\/schema\/logo\/image\/","url":"https:\/\/mediaviestinta.fi\/mevi2020\/wp-content\/uploads\/2020\/03\/mevi-logo-RGB-Transparent.png","contentUrl":"https:\/\/mediaviestinta.fi\/mevi2020\/wp-content\/uploads\/2020\/03\/mevi-logo-RGB-Transparent.png","width":910,"height":464,"caption":"Media- ja viestint\u00e4tieteellinen seura Mevi"},"image":{"@id":"https:\/\/mediaviestinta.fi\/#\/schema\/logo\/image\/"},"sameAs":["https:\/\/www.facebook.com\/MediaViestinta\/","https:\/\/x.com\/mediaviestinta"]},{"@type":"Person","@id":"https:\/\/mediaviestinta.fi\/#\/schema\/person\/b2da34ab24cfcd17dbdd6c7cfb173257","name":"Mevi","image":{"@type":"ImageObject","inLanguage":"fi","@id":"https:\/\/secure.gravatar.com\/avatar\/3305b76d1667dc119a18808ed03d6a1fc2dfa8b6a1cddecb8c4d27ef14ec32ca?s=96&d=mm&r=g","url":"https:\/\/secure.gravatar.com\/avatar\/3305b76d1667dc119a18808ed03d6a1fc2dfa8b6a1cddecb8c4d27ef14ec32ca?s=96&d=mm&r=g","contentUrl":"https:\/\/secure.gravatar.com\/avatar\/3305b76d1667dc119a18808ed03d6a1fc2dfa8b6a1cddecb8c4d27ef14ec32ca?s=96&d=mm&r=g","caption":"Mevi"},"url":"https:\/\/mediaviestinta.fi\/mevi2020\/author\/mediavie\/"}]}},"_links":{"self":[{"href":"https:\/\/mediaviestinta.fi\/mevi2020\/wp-json\/wp\/v2\/posts\/5370","targetHints":{"allow":["GET"]}}],"collection":[{"href":"https:\/\/mediaviestinta.fi\/mevi2020\/wp-json\/wp\/v2\/posts"}],"about":[{"href":"https:\/\/mediaviestinta.fi\/mevi2020\/wp-json\/wp\/v2\/types\/post"}],"author":[{"embeddable":true,"href":"https:\/\/mediaviestinta.fi\/mevi2020\/wp-json\/wp\/v2\/users\/3"}],"replies":[{"embeddable":true,"href":"https:\/\/mediaviestinta.fi\/mevi2020\/wp-json\/wp\/v2\/comments?post=5370"}],"version-history":[{"count":4,"href":"https:\/\/mediaviestinta.fi\/mevi2020\/wp-json\/wp\/v2\/posts\/5370\/revisions"}],"predecessor-version":[{"id":5384,"href":"https:\/\/mediaviestinta.fi\/mevi2020\/wp-json\/wp\/v2\/posts\/5370\/revisions\/5384"}],"wp:featuredmedia":[{"embeddable":true,"href":"https:\/\/mediaviestinta.fi\/mevi2020\/wp-json\/wp\/v2\/media\/5371"}],"wp:attachment":[{"href":"https:\/\/mediaviestinta.fi\/mevi2020\/wp-json\/wp\/v2\/media?parent=5370"}],"wp:term":[{"taxonomy":"category","embeddable":true,"href":"https:\/\/mediaviestinta.fi\/mevi2020\/wp-json\/wp\/v2\/categories?post=5370"},{"taxonomy":"post_tag","embeddable":true,"href":"https:\/\/mediaviestinta.fi\/mevi2020\/wp-json\/wp\/v2\/tags?post=5370"}],"curies":[{"name":"wp","href":"https:\/\/api.w.org\/{rel}","templated":true}]}}