{"id":5385,"date":"2025-09-30T07:24:36","date_gmt":"2025-09-30T04:24:36","guid":{"rendered":"https:\/\/mediaviestinta.fi\/mevi2020\/?p=5385"},"modified":"2025-09-30T07:24:37","modified_gmt":"2025-09-30T04:24:37","slug":"paikallislehtien-politiikan-mielipidekirjoitukset-tarkastelevat-yha-useammin-valtakunnan-politiikkaa","status":"publish","type":"post","link":"https:\/\/mediaviestinta.fi\/mevi2020\/2025\/09\/paikallislehtien-politiikan-mielipidekirjoitukset-tarkastelevat-yha-useammin-valtakunnan-politiikkaa\/","title":{"rendered":"Paikallislehtien politiikan mielipidekirjoitukset tarkastelevat yh\u00e4 useammin valtakunnan politiikkaa"},"content":{"rendered":"\n<p><strong>Paikallis- ja aluelehtien omien kannanottojen m\u00e4\u00e4r\u00e4 on v\u00e4hentynyt, ja mielipidekirjoitusten puheenaiheet ovat siirtyneet eneneviss\u00e4 m\u00e4\u00e4rin k\u00e4sittelem\u00e4\u00e4n valtakunnan aiheita paikallisten aiheiden sijasta. Tarkastellessaan 12 lehden vuosina 2013 ja 2023 julkaistuja politiikka-aiheisia mielipidekirjoituksia, Niina Huuhtanen huomasi paikallisuuden n\u00e4ivettyneen poliittisissa mielipidekirjoituksissa. Artikkeli <a href=\"https:\/\/journal.fi\/mediaviestinta\/article\/view\/157422\">N\u00e4ivettyv\u00e4tk\u00f6 sis\u00e4ll\u00f6t?<\/a> on julkaistu Media &amp; viestinn\u00e4n numerossa <a href=\"https:\/\/journal.fi\/mediaviestinta\/issue\/view\/12397\">2\/25. <\/a><\/strong><\/p>\n\n\n\n<p><strong>Mihin laajempaan ilmi\u00f6\u00f6n ja keskusteluun artikkelisi liittyy?<\/strong><\/p>\n\n\n\n<p>Artikkelini aihe liittyy olennaisesti Suomessakin huomiota her\u00e4tt\u00e4neeseen kehitykseen, jossa median omistus keskittyy voimakkaasti. Artikkelin tavoitteena oli tarkastella paikallisjournalismin sis\u00e4lt\u00f6j\u00e4 ja erityisesti toimituksen omia politiikan mielipidekirjoituksia kuten p\u00e4\u00e4kirjoituksia ja kolumneja ja niiden kehityst\u00e4 vuosina 2013 ja 2023. Suomessa on tehty varsinkin 2010-luvulla merkitt\u00e4vi\u00e4 omistajanvaihdoksia, mink\u00e4 seurauksena Keskisuomalainen on ottanut liki monopoliaseman ja hallitsee mediamarkkinoita per\u00e4ti kahdeksassa Suomen 19 maakunnasta. Keskittymisen ohella my\u00f6s politiikan journalismin tekij\u00e4t, toimittajat ja heid\u00e4n k\u00e4sityksens\u00e4 politiikan journalismista ovat muuttuneet kuten my\u00f6s koko toimintaymp\u00e4rist\u00f6, jossa journalismia tehd\u00e4\u00e4n. Analytiikka on uinut osaksi arkea mediataloissa ja sosiaalisen median vaikutusvallan lis\u00e4\u00e4ntyminen on tuonut oman mausteensa kehitykseen. Artikkelini avaa ensimm\u00e4ist\u00e4 kertaa sit\u00e4, miss\u00e4 jamassa politiikan journalismi on \u2013 mielipidekirjoitusten osalta \u2013 paikallismedioissa, jotka muodostavat Suomen sanomalehdist\u00f6n kivijalan.<\/p>\n\n\n\n<p><strong>Mik\u00e4 on antisi t\u00e4h\u00e4n keskusteluun?<\/strong><\/p>\n\n\n\n<p>Paikallisjournalismin tutkimus ei ole her\u00e4tt\u00e4nyt Suomessa tutkijoissa kovin suurta intohimoa, joten artikkeli tarjoaa uutta tietoa politiikan journalismin tilasta paikallismedioissa. Halusin keskitty\u00e4 artikkelissa toimituksien omiin politiikan mielipidekirjoituksiin, koska niill\u00e4 on merkitt\u00e4v\u00e4 rooli keskustelun ohjaajina julkisuudessa. Niiden avulla voidaan ottaa vapaammin esimerkiksi kantaa asioihin, syvent\u00e4\u00e4 p\u00e4ivitt\u00e4ist\u00e4 uutisointia sek\u00e4 viritt\u00e4\u00e4 keskustelua. Tulosten perusteella oli h\u00e4tk\u00e4hdytt\u00e4v\u00e4\u00e4 huomata, miten paljon toimituksien omien kannanottojen m\u00e4\u00e4r\u00e4 on kymmeness\u00e4 vuodessa v\u00e4hentynyt. Lis\u00e4ksi mielipidekirjoitusten puheenaiheet ovat siirtyneet eneneviss\u00e4 m\u00e4\u00e4rin k\u00e4sittelem\u00e4\u00e4n valtakunnan aiheita paikallisten aiheiden sijaan. Kehityst\u00e4 voi pit\u00e4\u00e4 huolestuttavana.<\/p>\n\n\n\n<p><strong>Mik\u00e4 on artikkelisi keskeinen argumentti?<\/strong><\/p>\n\n\n\n<p>Paikallisuus on n\u00e4ivettynyt tutkimuksessa tarkastelluissa 12 paikallis- ja aluelehdess\u00e4. T\u00e4m\u00e4 tarkoittaa sit\u00e4, ett\u00e4 paikallisista aiheista kirjoitetaan lehdiss\u00e4 aiempaa v\u00e4hemm\u00e4n. T\u00e4t\u00e4 voi pit\u00e4\u00e4 uhkana demokratian toteutumiselle. Jos paikalliset mediat keskitt\u00e4v\u00e4t huomionsa uutisoinnissa p\u00e4\u00e4osin valtakunnan n\u00e4k\u00f6kulmiin, politiikan julkisuus kapenee. T\u00e4ll\u00e4 voi olla vaikutuksia esimerkiksi ihmisten \u00e4\u00e4nestysk\u00e4ytt\u00e4ytymiseen ja poliittisen polarisaation kasvuun. Mit\u00e4 tulee omistuksen keskittymiseen, se ei vaikuttaisi n\u00e4yttelev\u00e4n kovinkaan suurta tai ainakaan ensisijaista roolia lehtien muutoskehityksess\u00e4.<\/p>\n\n\n\n<p><strong>Mit\u00e4 haluat artikkelillasi sanoa?<\/strong><\/p>\n\n\n\n<p>Omistajuudenmuutos mediassa ei n\u00e4yt\u00e4 yksitt\u00e4isen\u00e4 tekij\u00e4n\u00e4 vaikuttaneen toimitusten poliittisiin kannanottoihin. Toisaalta keskittyminen ei ole my\u00f6sk\u00e4\u00e4n pelastanut lehtien mielipiteellisi\u00e4 sis\u00e4lt\u00f6j\u00e4 ja taannut sit\u00e4, ett\u00e4 mahdollisimman laaja kirjo erilaisia sis\u00e4lt\u00f6j\u00e4, n\u00e4k\u00f6kulmia ja \u00e4\u00e4nenpainoja p\u00e4\u00e4sisi julkisuudessa esiin. Omistuksen keskittymisen vaikutuksia on edelleen t\u00e4rke\u00e4\u00e4 tutkia eri n\u00e4k\u00f6kulmista. Politiikan journalismin tutkimus on Suomessa keskittynyt valtakunnan medioihin, vaikka paikallisjournalismin elinvoimaisuus ja paikallistason demokratia tutkitusti linkittyv\u00e4t toisiinsa. Suomen kaltaisessa maassa, jossa on vahva alueellinen ja kunnallinen autonomia, paikallislehdill\u00e4 on t\u00e4rke\u00e4 asema poliittisen tiedon v\u00e4litt\u00e4j\u00e4n\u00e4. Artikkelillani haluan nostaa siis esiin my\u00f6s paikallismedioiden t\u00e4rkeytt\u00e4. Sill\u00e4 on v\u00e4li\u00e4, mink\u00e4laista sis\u00e4lt\u00f6\u00e4 niiss\u00e4 tehd\u00e4\u00e4n.<\/p>\n\n\n\n<p><strong>Kenen kannattaa lukea artikkelisi?<\/strong><\/p>\n\n\n\n<p>Sanoisin, ett\u00e4 kenen tahansa, joka on kiinnostunut paikallisjournalismista ja sen tilasta Suomessa sek\u00e4 omistuksen keskittymisest\u00e4. Artikkeli tarjoaa my\u00f6s uutta tietoa toimitusten mielipiteellisten tekstien tyylist\u00e4 ja kehityksest\u00e4 viimeisen kymmenen vuoden aikana. Paikallisjournalismin ohella my\u00f6s poliittisten mielipiteellisten kannanottojen tutkimus on Suomessa ollut v\u00e4h\u00e4ist\u00e4, joten artikkeli avaa t\u00e4h\u00e4n uusia n\u00e4k\u00f6kulmia.<\/p>\n\n\n\n<p><strong>Mik\u00e4 sai sinut tarttumaan t\u00e4h\u00e4n aiheeseen?<\/strong><\/p>\n\n\n\n<p>Halusin tutkia paikallisjournalismia, koska arvostan journalistina paikallistoimittajien tekem\u00e4\u00e4 ty\u00f6t\u00e4 ja olenhan my\u00f6s itse ty\u00f6urani aikana ollut vuosia eri paikallislehdiss\u00e4 toimittajana. Mielest\u00e4ni on t\u00e4rke\u00e4\u00e4 ottaa selv\u00e4\u00e4, mill\u00e4 tavoin sis\u00e4ll\u00f6t ovat kehittyneet etenkin aikana, jolloin Suomessa median omistus on keskittynyt voimakkaasti ja keskittyy yh\u00e4 harvempien k\u00e4siin. Kun aloin perehty\u00e4 tutkimusaineistoon k\u00e4vi hyvin pian ilmi, ett\u00e4 alue- ja paikallislehdiss\u00e4 toimituksien n\u00e4k\u00f6kulmakirjoitukset k\u00e4sitteliv\u00e4t varsin usein valtakunnan politiikkaa. Monet kirjoituksista olivat my\u00f6s hyvin kontekstoivia ja neutraaleja, eik\u00e4 niiss\u00e4 otettu kantaa asioihin. Oma mielikuvani journalistina on se, ett\u00e4 mielipideteksteiss\u00e4 kantaa tulisi ottaa ja t\u00e4m\u00e4 on julkisen keskustelun kannalta hyv\u00e4kin, joten p\u00e4\u00e4tin tutkia, miten asia on. Analyysi vahvisti havaintoja, mutta my\u00f6s yll\u00e4tti. Ennakkoon oletin, ett\u00e4 sis\u00e4ll\u00f6iss\u00e4 n\u00e4kyisi lehtien v\u00e4lill\u00e4 kenties jonkinlainen ero riippuen siit\u00e4, onko omistus muuttunut vai ei. N\u00e4in ei kuitenkaan ollut.<\/p>\n","protected":false},"excerpt":{"rendered":"<p>Paikallis- ja aluelehtien omien kannanottojen m\u00e4\u00e4r\u00e4 on v\u00e4hentynyt, ja mielipidekirjoitusten puheenaiheet ovat siirtyneet eneneviss\u00e4 m\u00e4\u00e4rin k\u00e4sittelem\u00e4\u00e4n valtakunnan aiheita paikallisten aiheiden sijasta. Tarkastellessaan 12 lehden vuosina 2013 ja 2023&hellip;<\/p>\n","protected":false},"author":3,"featured_media":5387,"comment_status":"open","ping_status":"closed","sticky":false,"template":"","format":"standard","meta":{"_monsterinsights_skip_tracking":false,"_monsterinsights_sitenote_active":false,"_monsterinsights_sitenote_note":"","_monsterinsights_sitenote_category":0,"footnotes":""},"categories":[1],"tags":[],"class_list":["post-5385","post","type-post","status-publish","format-standard","has-post-thumbnail","hentry","category-yleinen"],"yoast_head":"<!-- This site is optimized with the Yoast SEO plugin v27.5 - https:\/\/yoast.com\/product\/yoast-seo-wordpress\/ -->\n<title>Paikallislehtien politiikan mielipidekirjoitukset tarkastelevat yh\u00e4 useammin valtakunnan politiikkaa &#8211; Mevi<\/title>\n<meta name=\"robots\" content=\"index, follow, max-snippet:-1, max-image-preview:large, max-video-preview:-1\" \/>\n<link rel=\"canonical\" href=\"https:\/\/mediaviestinta.fi\/mevi2020\/2025\/09\/paikallislehtien-politiikan-mielipidekirjoitukset-tarkastelevat-yha-useammin-valtakunnan-politiikkaa\/\" \/>\n<meta property=\"og:locale\" content=\"fi_FI\" \/>\n<meta property=\"og:type\" content=\"article\" \/>\n<meta property=\"og:title\" content=\"Paikallislehtien politiikan mielipidekirjoitukset tarkastelevat yh\u00e4 useammin valtakunnan politiikkaa &#8211; Mevi\" \/>\n<meta property=\"og:description\" content=\"Paikallis- ja aluelehtien omien kannanottojen m\u00e4\u00e4r\u00e4 on v\u00e4hentynyt, ja mielipidekirjoitusten puheenaiheet ovat siirtyneet eneneviss\u00e4 m\u00e4\u00e4rin k\u00e4sittelem\u00e4\u00e4n valtakunnan aiheita paikallisten aiheiden sijasta. Tarkastellessaan 12 lehden vuosina 2013 ja 2023&hellip;\" \/>\n<meta property=\"og:url\" content=\"https:\/\/mediaviestinta.fi\/mevi2020\/2025\/09\/paikallislehtien-politiikan-mielipidekirjoitukset-tarkastelevat-yha-useammin-valtakunnan-politiikkaa\/\" \/>\n<meta property=\"og:site_name\" content=\"Mevi\" \/>\n<meta property=\"article:publisher\" content=\"https:\/\/www.facebook.com\/MediaViestinta\/\" \/>\n<meta property=\"article:published_time\" content=\"2025-09-30T04:24:36+00:00\" \/>\n<meta property=\"article:modified_time\" content=\"2025-09-30T04:24:37+00:00\" \/>\n<meta property=\"og:image\" content=\"https:\/\/mediaviestinta.fi\/mevi2020\/wp-content\/uploads\/2025\/09\/dormitory-4199272_1280.jpg\" \/>\n\t<meta property=\"og:image:width\" content=\"1280\" \/>\n\t<meta property=\"og:image:height\" content=\"852\" \/>\n\t<meta property=\"og:image:type\" content=\"image\/jpeg\" \/>\n<meta name=\"author\" content=\"Mevi\" \/>\n<meta name=\"twitter:card\" content=\"summary_large_image\" \/>\n<meta name=\"twitter:creator\" content=\"@mediaviestinta\" \/>\n<meta name=\"twitter:site\" content=\"@mediaviestinta\" \/>\n<meta name=\"twitter:label1\" content=\"Kirjoittanut\" \/>\n\t<meta name=\"twitter:data1\" content=\"Mevi\" \/>\n\t<meta name=\"twitter:label2\" content=\"Arvioitu lukuaika\" \/>\n\t<meta name=\"twitter:data2\" content=\"4 minuuttia\" \/>\n<script type=\"application\/ld+json\" class=\"yoast-schema-graph\">{\"@context\":\"https:\\\/\\\/schema.org\",\"@graph\":[{\"@type\":\"Article\",\"@id\":\"https:\\\/\\\/mediaviestinta.fi\\\/mevi2020\\\/2025\\\/09\\\/paikallislehtien-politiikan-mielipidekirjoitukset-tarkastelevat-yha-useammin-valtakunnan-politiikkaa\\\/#article\",\"isPartOf\":{\"@id\":\"https:\\\/\\\/mediaviestinta.fi\\\/mevi2020\\\/2025\\\/09\\\/paikallislehtien-politiikan-mielipidekirjoitukset-tarkastelevat-yha-useammin-valtakunnan-politiikkaa\\\/\"},\"author\":{\"name\":\"Mevi\",\"@id\":\"https:\\\/\\\/mediaviestinta.fi\\\/#\\\/schema\\\/person\\\/b2da34ab24cfcd17dbdd6c7cfb173257\"},\"headline\":\"Paikallislehtien politiikan mielipidekirjoitukset tarkastelevat yh\u00e4 useammin valtakunnan politiikkaa\",\"datePublished\":\"2025-09-30T04:24:36+00:00\",\"dateModified\":\"2025-09-30T04:24:37+00:00\",\"mainEntityOfPage\":{\"@id\":\"https:\\\/\\\/mediaviestinta.fi\\\/mevi2020\\\/2025\\\/09\\\/paikallislehtien-politiikan-mielipidekirjoitukset-tarkastelevat-yha-useammin-valtakunnan-politiikkaa\\\/\"},\"wordCount\":721,\"commentCount\":0,\"publisher\":{\"@id\":\"https:\\\/\\\/mediaviestinta.fi\\\/#organization\"},\"image\":{\"@id\":\"https:\\\/\\\/mediaviestinta.fi\\\/mevi2020\\\/2025\\\/09\\\/paikallislehtien-politiikan-mielipidekirjoitukset-tarkastelevat-yha-useammin-valtakunnan-politiikkaa\\\/#primaryimage\"},\"thumbnailUrl\":\"https:\\\/\\\/mediaviestinta.fi\\\/mevi2020\\\/wp-content\\\/uploads\\\/2025\\\/09\\\/dormitory-4199272_1280.jpg\",\"inLanguage\":\"fi\",\"potentialAction\":[{\"@type\":\"CommentAction\",\"name\":\"Comment\",\"target\":[\"https:\\\/\\\/mediaviestinta.fi\\\/mevi2020\\\/2025\\\/09\\\/paikallislehtien-politiikan-mielipidekirjoitukset-tarkastelevat-yha-useammin-valtakunnan-politiikkaa\\\/#respond\"]}]},{\"@type\":\"WebPage\",\"@id\":\"https:\\\/\\\/mediaviestinta.fi\\\/mevi2020\\\/2025\\\/09\\\/paikallislehtien-politiikan-mielipidekirjoitukset-tarkastelevat-yha-useammin-valtakunnan-politiikkaa\\\/\",\"url\":\"https:\\\/\\\/mediaviestinta.fi\\\/mevi2020\\\/2025\\\/09\\\/paikallislehtien-politiikan-mielipidekirjoitukset-tarkastelevat-yha-useammin-valtakunnan-politiikkaa\\\/\",\"name\":\"Paikallislehtien politiikan mielipidekirjoitukset tarkastelevat yh\u00e4 useammin valtakunnan politiikkaa &#8211; Mevi\",\"isPartOf\":{\"@id\":\"https:\\\/\\\/mediaviestinta.fi\\\/#website\"},\"primaryImageOfPage\":{\"@id\":\"https:\\\/\\\/mediaviestinta.fi\\\/mevi2020\\\/2025\\\/09\\\/paikallislehtien-politiikan-mielipidekirjoitukset-tarkastelevat-yha-useammin-valtakunnan-politiikkaa\\\/#primaryimage\"},\"image\":{\"@id\":\"https:\\\/\\\/mediaviestinta.fi\\\/mevi2020\\\/2025\\\/09\\\/paikallislehtien-politiikan-mielipidekirjoitukset-tarkastelevat-yha-useammin-valtakunnan-politiikkaa\\\/#primaryimage\"},\"thumbnailUrl\":\"https:\\\/\\\/mediaviestinta.fi\\\/mevi2020\\\/wp-content\\\/uploads\\\/2025\\\/09\\\/dormitory-4199272_1280.jpg\",\"datePublished\":\"2025-09-30T04:24:36+00:00\",\"dateModified\":\"2025-09-30T04:24:37+00:00\",\"breadcrumb\":{\"@id\":\"https:\\\/\\\/mediaviestinta.fi\\\/mevi2020\\\/2025\\\/09\\\/paikallislehtien-politiikan-mielipidekirjoitukset-tarkastelevat-yha-useammin-valtakunnan-politiikkaa\\\/#breadcrumb\"},\"inLanguage\":\"fi\",\"potentialAction\":[{\"@type\":\"ReadAction\",\"target\":[\"https:\\\/\\\/mediaviestinta.fi\\\/mevi2020\\\/2025\\\/09\\\/paikallislehtien-politiikan-mielipidekirjoitukset-tarkastelevat-yha-useammin-valtakunnan-politiikkaa\\\/\"]}]},{\"@type\":\"ImageObject\",\"inLanguage\":\"fi\",\"@id\":\"https:\\\/\\\/mediaviestinta.fi\\\/mevi2020\\\/2025\\\/09\\\/paikallislehtien-politiikan-mielipidekirjoitukset-tarkastelevat-yha-useammin-valtakunnan-politiikkaa\\\/#primaryimage\",\"url\":\"https:\\\/\\\/mediaviestinta.fi\\\/mevi2020\\\/wp-content\\\/uploads\\\/2025\\\/09\\\/dormitory-4199272_1280.jpg\",\"contentUrl\":\"https:\\\/\\\/mediaviestinta.fi\\\/mevi2020\\\/wp-content\\\/uploads\\\/2025\\\/09\\\/dormitory-4199272_1280.jpg\",\"width\":1280,\"height\":852,\"caption\":\"Ivabalk \\\/ Pixabay\"},{\"@type\":\"BreadcrumbList\",\"@id\":\"https:\\\/\\\/mediaviestinta.fi\\\/mevi2020\\\/2025\\\/09\\\/paikallislehtien-politiikan-mielipidekirjoitukset-tarkastelevat-yha-useammin-valtakunnan-politiikkaa\\\/#breadcrumb\",\"itemListElement\":[{\"@type\":\"ListItem\",\"position\":1,\"name\":\"Home\",\"item\":\"https:\\\/\\\/mediaviestinta.fi\\\/\"},{\"@type\":\"ListItem\",\"position\":2,\"name\":\"Paikallislehtien politiikan mielipidekirjoitukset tarkastelevat yh\u00e4 useammin valtakunnan politiikkaa\"}]},{\"@type\":\"WebSite\",\"@id\":\"https:\\\/\\\/mediaviestinta.fi\\\/#website\",\"url\":\"https:\\\/\\\/mediaviestinta.fi\\\/\",\"name\":\"Mevi\",\"description\":\"Media- ja viestint\u00e4tieteellinen seura Mevi\",\"publisher\":{\"@id\":\"https:\\\/\\\/mediaviestinta.fi\\\/#organization\"},\"potentialAction\":[{\"@type\":\"SearchAction\",\"target\":{\"@type\":\"EntryPoint\",\"urlTemplate\":\"https:\\\/\\\/mediaviestinta.fi\\\/?s={search_term_string}\"},\"query-input\":{\"@type\":\"PropertyValueSpecification\",\"valueRequired\":true,\"valueName\":\"search_term_string\"}}],\"inLanguage\":\"fi\"},{\"@type\":\"Organization\",\"@id\":\"https:\\\/\\\/mediaviestinta.fi\\\/#organization\",\"name\":\"Media- ja viestint\u00e4tieteellinen seura Mevi\",\"url\":\"https:\\\/\\\/mediaviestinta.fi\\\/\",\"logo\":{\"@type\":\"ImageObject\",\"inLanguage\":\"fi\",\"@id\":\"https:\\\/\\\/mediaviestinta.fi\\\/#\\\/schema\\\/logo\\\/image\\\/\",\"url\":\"https:\\\/\\\/mediaviestinta.fi\\\/mevi2020\\\/wp-content\\\/uploads\\\/2020\\\/03\\\/mevi-logo-RGB-Transparent.png\",\"contentUrl\":\"https:\\\/\\\/mediaviestinta.fi\\\/mevi2020\\\/wp-content\\\/uploads\\\/2020\\\/03\\\/mevi-logo-RGB-Transparent.png\",\"width\":910,\"height\":464,\"caption\":\"Media- ja viestint\u00e4tieteellinen seura Mevi\"},\"image\":{\"@id\":\"https:\\\/\\\/mediaviestinta.fi\\\/#\\\/schema\\\/logo\\\/image\\\/\"},\"sameAs\":[\"https:\\\/\\\/www.facebook.com\\\/MediaViestinta\\\/\",\"https:\\\/\\\/x.com\\\/mediaviestinta\"]},{\"@type\":\"Person\",\"@id\":\"https:\\\/\\\/mediaviestinta.fi\\\/#\\\/schema\\\/person\\\/b2da34ab24cfcd17dbdd6c7cfb173257\",\"name\":\"Mevi\",\"image\":{\"@type\":\"ImageObject\",\"inLanguage\":\"fi\",\"@id\":\"https:\\\/\\\/secure.gravatar.com\\\/avatar\\\/3305b76d1667dc119a18808ed03d6a1fc2dfa8b6a1cddecb8c4d27ef14ec32ca?s=96&d=mm&r=g\",\"url\":\"https:\\\/\\\/secure.gravatar.com\\\/avatar\\\/3305b76d1667dc119a18808ed03d6a1fc2dfa8b6a1cddecb8c4d27ef14ec32ca?s=96&d=mm&r=g\",\"contentUrl\":\"https:\\\/\\\/secure.gravatar.com\\\/avatar\\\/3305b76d1667dc119a18808ed03d6a1fc2dfa8b6a1cddecb8c4d27ef14ec32ca?s=96&d=mm&r=g\",\"caption\":\"Mevi\"},\"url\":\"https:\\\/\\\/mediaviestinta.fi\\\/mevi2020\\\/author\\\/mediavie\\\/\"}]}<\/script>\n<!-- \/ Yoast SEO plugin. -->","yoast_head_json":{"title":"Paikallislehtien politiikan mielipidekirjoitukset tarkastelevat yh\u00e4 useammin valtakunnan politiikkaa &#8211; Mevi","robots":{"index":"index","follow":"follow","max-snippet":"max-snippet:-1","max-image-preview":"max-image-preview:large","max-video-preview":"max-video-preview:-1"},"canonical":"https:\/\/mediaviestinta.fi\/mevi2020\/2025\/09\/paikallislehtien-politiikan-mielipidekirjoitukset-tarkastelevat-yha-useammin-valtakunnan-politiikkaa\/","og_locale":"fi_FI","og_type":"article","og_title":"Paikallislehtien politiikan mielipidekirjoitukset tarkastelevat yh\u00e4 useammin valtakunnan politiikkaa &#8211; Mevi","og_description":"Paikallis- ja aluelehtien omien kannanottojen m\u00e4\u00e4r\u00e4 on v\u00e4hentynyt, ja mielipidekirjoitusten puheenaiheet ovat siirtyneet eneneviss\u00e4 m\u00e4\u00e4rin k\u00e4sittelem\u00e4\u00e4n valtakunnan aiheita paikallisten aiheiden sijasta. Tarkastellessaan 12 lehden vuosina 2013 ja 2023&hellip;","og_url":"https:\/\/mediaviestinta.fi\/mevi2020\/2025\/09\/paikallislehtien-politiikan-mielipidekirjoitukset-tarkastelevat-yha-useammin-valtakunnan-politiikkaa\/","og_site_name":"Mevi","article_publisher":"https:\/\/www.facebook.com\/MediaViestinta\/","article_published_time":"2025-09-30T04:24:36+00:00","article_modified_time":"2025-09-30T04:24:37+00:00","og_image":[{"width":1280,"height":852,"url":"https:\/\/mediaviestinta.fi\/mevi2020\/wp-content\/uploads\/2025\/09\/dormitory-4199272_1280.jpg","type":"image\/jpeg"}],"author":"Mevi","twitter_card":"summary_large_image","twitter_creator":"@mediaviestinta","twitter_site":"@mediaviestinta","twitter_misc":{"Kirjoittanut":"Mevi","Arvioitu lukuaika":"4 minuuttia"},"schema":{"@context":"https:\/\/schema.org","@graph":[{"@type":"Article","@id":"https:\/\/mediaviestinta.fi\/mevi2020\/2025\/09\/paikallislehtien-politiikan-mielipidekirjoitukset-tarkastelevat-yha-useammin-valtakunnan-politiikkaa\/#article","isPartOf":{"@id":"https:\/\/mediaviestinta.fi\/mevi2020\/2025\/09\/paikallislehtien-politiikan-mielipidekirjoitukset-tarkastelevat-yha-useammin-valtakunnan-politiikkaa\/"},"author":{"name":"Mevi","@id":"https:\/\/mediaviestinta.fi\/#\/schema\/person\/b2da34ab24cfcd17dbdd6c7cfb173257"},"headline":"Paikallislehtien politiikan mielipidekirjoitukset tarkastelevat yh\u00e4 useammin valtakunnan politiikkaa","datePublished":"2025-09-30T04:24:36+00:00","dateModified":"2025-09-30T04:24:37+00:00","mainEntityOfPage":{"@id":"https:\/\/mediaviestinta.fi\/mevi2020\/2025\/09\/paikallislehtien-politiikan-mielipidekirjoitukset-tarkastelevat-yha-useammin-valtakunnan-politiikkaa\/"},"wordCount":721,"commentCount":0,"publisher":{"@id":"https:\/\/mediaviestinta.fi\/#organization"},"image":{"@id":"https:\/\/mediaviestinta.fi\/mevi2020\/2025\/09\/paikallislehtien-politiikan-mielipidekirjoitukset-tarkastelevat-yha-useammin-valtakunnan-politiikkaa\/#primaryimage"},"thumbnailUrl":"https:\/\/mediaviestinta.fi\/mevi2020\/wp-content\/uploads\/2025\/09\/dormitory-4199272_1280.jpg","inLanguage":"fi","potentialAction":[{"@type":"CommentAction","name":"Comment","target":["https:\/\/mediaviestinta.fi\/mevi2020\/2025\/09\/paikallislehtien-politiikan-mielipidekirjoitukset-tarkastelevat-yha-useammin-valtakunnan-politiikkaa\/#respond"]}]},{"@type":"WebPage","@id":"https:\/\/mediaviestinta.fi\/mevi2020\/2025\/09\/paikallislehtien-politiikan-mielipidekirjoitukset-tarkastelevat-yha-useammin-valtakunnan-politiikkaa\/","url":"https:\/\/mediaviestinta.fi\/mevi2020\/2025\/09\/paikallislehtien-politiikan-mielipidekirjoitukset-tarkastelevat-yha-useammin-valtakunnan-politiikkaa\/","name":"Paikallislehtien politiikan mielipidekirjoitukset tarkastelevat yh\u00e4 useammin valtakunnan politiikkaa &#8211; Mevi","isPartOf":{"@id":"https:\/\/mediaviestinta.fi\/#website"},"primaryImageOfPage":{"@id":"https:\/\/mediaviestinta.fi\/mevi2020\/2025\/09\/paikallislehtien-politiikan-mielipidekirjoitukset-tarkastelevat-yha-useammin-valtakunnan-politiikkaa\/#primaryimage"},"image":{"@id":"https:\/\/mediaviestinta.fi\/mevi2020\/2025\/09\/paikallislehtien-politiikan-mielipidekirjoitukset-tarkastelevat-yha-useammin-valtakunnan-politiikkaa\/#primaryimage"},"thumbnailUrl":"https:\/\/mediaviestinta.fi\/mevi2020\/wp-content\/uploads\/2025\/09\/dormitory-4199272_1280.jpg","datePublished":"2025-09-30T04:24:36+00:00","dateModified":"2025-09-30T04:24:37+00:00","breadcrumb":{"@id":"https:\/\/mediaviestinta.fi\/mevi2020\/2025\/09\/paikallislehtien-politiikan-mielipidekirjoitukset-tarkastelevat-yha-useammin-valtakunnan-politiikkaa\/#breadcrumb"},"inLanguage":"fi","potentialAction":[{"@type":"ReadAction","target":["https:\/\/mediaviestinta.fi\/mevi2020\/2025\/09\/paikallislehtien-politiikan-mielipidekirjoitukset-tarkastelevat-yha-useammin-valtakunnan-politiikkaa\/"]}]},{"@type":"ImageObject","inLanguage":"fi","@id":"https:\/\/mediaviestinta.fi\/mevi2020\/2025\/09\/paikallislehtien-politiikan-mielipidekirjoitukset-tarkastelevat-yha-useammin-valtakunnan-politiikkaa\/#primaryimage","url":"https:\/\/mediaviestinta.fi\/mevi2020\/wp-content\/uploads\/2025\/09\/dormitory-4199272_1280.jpg","contentUrl":"https:\/\/mediaviestinta.fi\/mevi2020\/wp-content\/uploads\/2025\/09\/dormitory-4199272_1280.jpg","width":1280,"height":852,"caption":"Ivabalk \/ Pixabay"},{"@type":"BreadcrumbList","@id":"https:\/\/mediaviestinta.fi\/mevi2020\/2025\/09\/paikallislehtien-politiikan-mielipidekirjoitukset-tarkastelevat-yha-useammin-valtakunnan-politiikkaa\/#breadcrumb","itemListElement":[{"@type":"ListItem","position":1,"name":"Home","item":"https:\/\/mediaviestinta.fi\/"},{"@type":"ListItem","position":2,"name":"Paikallislehtien politiikan mielipidekirjoitukset tarkastelevat yh\u00e4 useammin valtakunnan politiikkaa"}]},{"@type":"WebSite","@id":"https:\/\/mediaviestinta.fi\/#website","url":"https:\/\/mediaviestinta.fi\/","name":"Mevi","description":"Media- ja viestint\u00e4tieteellinen seura Mevi","publisher":{"@id":"https:\/\/mediaviestinta.fi\/#organization"},"potentialAction":[{"@type":"SearchAction","target":{"@type":"EntryPoint","urlTemplate":"https:\/\/mediaviestinta.fi\/?s={search_term_string}"},"query-input":{"@type":"PropertyValueSpecification","valueRequired":true,"valueName":"search_term_string"}}],"inLanguage":"fi"},{"@type":"Organization","@id":"https:\/\/mediaviestinta.fi\/#organization","name":"Media- ja viestint\u00e4tieteellinen seura Mevi","url":"https:\/\/mediaviestinta.fi\/","logo":{"@type":"ImageObject","inLanguage":"fi","@id":"https:\/\/mediaviestinta.fi\/#\/schema\/logo\/image\/","url":"https:\/\/mediaviestinta.fi\/mevi2020\/wp-content\/uploads\/2020\/03\/mevi-logo-RGB-Transparent.png","contentUrl":"https:\/\/mediaviestinta.fi\/mevi2020\/wp-content\/uploads\/2020\/03\/mevi-logo-RGB-Transparent.png","width":910,"height":464,"caption":"Media- ja viestint\u00e4tieteellinen seura Mevi"},"image":{"@id":"https:\/\/mediaviestinta.fi\/#\/schema\/logo\/image\/"},"sameAs":["https:\/\/www.facebook.com\/MediaViestinta\/","https:\/\/x.com\/mediaviestinta"]},{"@type":"Person","@id":"https:\/\/mediaviestinta.fi\/#\/schema\/person\/b2da34ab24cfcd17dbdd6c7cfb173257","name":"Mevi","image":{"@type":"ImageObject","inLanguage":"fi","@id":"https:\/\/secure.gravatar.com\/avatar\/3305b76d1667dc119a18808ed03d6a1fc2dfa8b6a1cddecb8c4d27ef14ec32ca?s=96&d=mm&r=g","url":"https:\/\/secure.gravatar.com\/avatar\/3305b76d1667dc119a18808ed03d6a1fc2dfa8b6a1cddecb8c4d27ef14ec32ca?s=96&d=mm&r=g","contentUrl":"https:\/\/secure.gravatar.com\/avatar\/3305b76d1667dc119a18808ed03d6a1fc2dfa8b6a1cddecb8c4d27ef14ec32ca?s=96&d=mm&r=g","caption":"Mevi"},"url":"https:\/\/mediaviestinta.fi\/mevi2020\/author\/mediavie\/"}]}},"_links":{"self":[{"href":"https:\/\/mediaviestinta.fi\/mevi2020\/wp-json\/wp\/v2\/posts\/5385","targetHints":{"allow":["GET"]}}],"collection":[{"href":"https:\/\/mediaviestinta.fi\/mevi2020\/wp-json\/wp\/v2\/posts"}],"about":[{"href":"https:\/\/mediaviestinta.fi\/mevi2020\/wp-json\/wp\/v2\/types\/post"}],"author":[{"embeddable":true,"href":"https:\/\/mediaviestinta.fi\/mevi2020\/wp-json\/wp\/v2\/users\/3"}],"replies":[{"embeddable":true,"href":"https:\/\/mediaviestinta.fi\/mevi2020\/wp-json\/wp\/v2\/comments?post=5385"}],"version-history":[{"count":3,"href":"https:\/\/mediaviestinta.fi\/mevi2020\/wp-json\/wp\/v2\/posts\/5385\/revisions"}],"predecessor-version":[{"id":5389,"href":"https:\/\/mediaviestinta.fi\/mevi2020\/wp-json\/wp\/v2\/posts\/5385\/revisions\/5389"}],"wp:featuredmedia":[{"embeddable":true,"href":"https:\/\/mediaviestinta.fi\/mevi2020\/wp-json\/wp\/v2\/media\/5387"}],"wp:attachment":[{"href":"https:\/\/mediaviestinta.fi\/mevi2020\/wp-json\/wp\/v2\/media?parent=5385"}],"wp:term":[{"taxonomy":"category","embeddable":true,"href":"https:\/\/mediaviestinta.fi\/mevi2020\/wp-json\/wp\/v2\/categories?post=5385"},{"taxonomy":"post_tag","embeddable":true,"href":"https:\/\/mediaviestinta.fi\/mevi2020\/wp-json\/wp\/v2\/tags?post=5385"}],"curies":[{"name":"wp","href":"https:\/\/api.w.org\/{rel}","templated":true}]}}