{"id":5393,"date":"2025-09-24T14:24:05","date_gmt":"2025-09-24T11:24:05","guid":{"rendered":"https:\/\/mediaviestinta.fi\/mevi2020\/?p=5393"},"modified":"2025-09-24T14:24:05","modified_gmt":"2025-09-24T11:24:05","slug":"tyoryhmakutsu-vuoden-2026-mevi-paiville-on-julkaistu","status":"publish","type":"post","link":"https:\/\/mediaviestinta.fi\/mevi2020\/2025\/09\/tyoryhmakutsu-vuoden-2026-mevi-paiville-on-julkaistu\/","title":{"rendered":"Ty\u00f6ryhm\u00e4kutsu vuoden 2026 Mevi-p\u00e4iville on julkaistu"},"content":{"rendered":"\n<p><strong>Median ja viestinn\u00e4n tutkimuksen p\u00e4iv\u00e4 eli Mevi-p\u00e4iv\u00e4t j\u00e4rjestet\u00e4\u00e4n 7.-8.5.2026 Vaasassa. P\u00e4ivien teemana on Juuret. P\u00e4iville voi ehdottaa ty\u00f6ryhmi\u00e4 31.10.2025 menness\u00e4. <\/strong><\/p>\n\n\n\n<p><strong>Ty\u00f6ryhm\u00e4kutsu Median ja viestinn\u00e4n tutkimuksen p\u00e4iville 2026<\/strong><\/p>\n\n\n\n<p>Median ja viestinn\u00e4n tutkimuksen p\u00e4iv\u00e4t on alansa merkitt\u00e4vin kotimainen konferenssi, joka tuo yhteen tutkijoita, opiskelijoita, opettajia ja muita media-alan ja viestinn\u00e4n asiantuntijoita. Seuraavat Mevi-p\u00e4iv\u00e4t j\u00e4rjestet\u00e4\u00e4n Vaasassa 7.\u20138.5.2026.<\/p>\n\n\n\n<p>P\u00e4ivien teema on ensi vuonna&nbsp;<em>Juuret \u2013 R\u00f6tter \u2013 Roots<\/em>. Juuret symboloivat alkuper\u00e4\u00e4, perustaa ja jatkuvuutta mutta my\u00f6s kasvua ja muutosta. Media- ja viestinn\u00e4n tutkimuksen maaper\u00e4ss\u00e4 juuret haarautuvat moneen suuntaan: ne kurottavat kohti historiallisia alkupisteit\u00e4 ja perinteit\u00e4, erilaisia kasvualustoja ja konteksteja, uusia tiedon tuottamisen ja levitt\u00e4misen k\u00e4yt\u00e4nt\u00f6j\u00e4 sek\u00e4 symbioottisia kytkent\u00f6j\u00e4 ja rihmastokokeiluja.<\/p>\n\n\n\n<p>T\u00e4ll\u00e4 hetkell\u00e4 median ja viestinn\u00e4n ilmi\u00f6ihin keskittyv\u00e4 tutkimus versoo monilla erilaisilla alustoilla ja istutuslaatikoissa. N\u00e4ist\u00e4 moninaisuuksista huolimatta tieteenalan eri haaroilla on my\u00f6s paljon yhteist\u00e4.<\/p>\n\n\n\n<p>Tervetuloa ehdottamaan ty\u00f6ryhm\u00e4\u00e4 vuoden 2026 Mevi-p\u00e4iville!<\/p>\n\n\n\n<p>Ty\u00f6ryhm\u00e4\u00e4 esitet\u00e4\u00e4n otsikolla ja maksimissaan 300-sanaisella sis\u00e4lt\u00f6kuvauksella. Ty\u00f6ryhm\u00e4n esitt\u00e4j\u00e4 tyypillisesti toimii my\u00f6s ty\u00f6ryhm\u00e4n vet\u00e4j\u00e4n\u00e4 tai yhten\u00e4 vet\u00e4jist\u00e4. Kannustamme ty\u00f6ryhm\u00e4n vet\u00e4ji\u00e4 kytkem\u00e4\u00e4n ty\u00f6ryhm\u00e4ehdotuksensa konferenssin teemaan tavalla tai toisella.&nbsp;<strong>Ehdotukset tulee l\u00e4hett\u00e4\u00e4 31.10. menness\u00e4 t\u00e4ll\u00e4 lomakkeella<\/strong>:&nbsp;<a rel=\"noreferrer noopener\" target=\"_blank\" href=\"https:\/\/eur04.safelinks.protection.outlook.com\/?url=https%3A%2F%2Flink.webropolsurveys.com%2FS%2F93F5532BB6D997E8&amp;data=05%7C02%7Cliisa.ovaska%40tuni.fi%7C68684eeb9e694498ec8c08ddf9df85f9%7Cfa6944afcc7c4cd89154c01132798910%7C0%7C0%7C638941460600040028%7CUnknown%7CTWFpbGZsb3d8eyJFbXB0eU1hcGkiOnRydWUsIlYiOiIwLjAuMDAwMCIsIlAiOiJXaW4zMiIsIkFOIjoiTWFpbCIsIldUIjoyfQ%3D%3D%7C0%7C%7C%7C&amp;sdata=fUaIkxJM7t1oE%2FjhULs3gM80c0K8eT6AkWvPrPg00hw%3D&amp;reserved=0\">https:\/\/link.webropolsurveys.com\/S\/93F5532BB6D997E8<\/a>&nbsp;<\/p>\n\n\n\n<p>P\u00e4\u00e4t\u00f6ksist\u00e4 ilmoitetaan ty\u00f6ryhmien esitt\u00e4jille s\u00e4hk\u00f6postilla&nbsp;<strong>14.11. menness\u00e4<\/strong>. Koska konferenssin aikataulu ja varatut tilat ovat rajallisia, j\u00e4rjestelytoimikunta varaa itselleen oikeuden yhdistell\u00e4 ty\u00f6ryhmi\u00e4 tarpeen mukaan.<\/p>\n\n\n\n<p>Vuoden 2026 konferenssin j\u00e4rjest\u00e4v\u00e4t Media- ja viestint\u00e4tieteellinen seura Mevi ry sek\u00e4 Vaasan yliopiston viestint\u00e4tieteiden oppiaine. Mevi-p\u00e4ivien tiedotusta voi seurata osoitteessa<\/p>\n\n\n\n<p><a rel=\"noreferrer noopener\" target=\"_blank\" href=\"https:\/\/eur04.safelinks.protection.outlook.com\/?url=https%3A%2F%2Fsites.uwasa.fi%2Fmevi2026%2F&amp;data=05%7C02%7Cliisa.ovaska%40tuni.fi%7C68684eeb9e694498ec8c08ddf9df85f9%7Cfa6944afcc7c4cd89154c01132798910%7C0%7C0%7C638941460600073575%7CUnknown%7CTWFpbGZsb3d8eyJFbXB0eU1hcGkiOnRydWUsIlYiOiIwLjAuMDAwMCIsIlAiOiJXaW4zMiIsIkFOIjoiTWFpbCIsIldUIjoyfQ%3D%3D%7C0%7C%7C%7C&amp;sdata=8fA9WQGVbG5Lj0KInal7wxNpzD4pR%2FQD0tvJj%2B5ylbg%3D&amp;reserved=0\">https:\/\/sites.uwasa.fi\/mevi2026\/<\/a>&nbsp;sek\u00e4 Mevi ry:n ja Vaasan yliopiston sivuilla.<\/p>\n\n\n\n<p>L\u00e4mpimin terveisin,<\/p>\n\n\n\n<p>Vuoden 2026 Mevi-p\u00e4ivien j\u00e4rjest\u00e4j\u00e4t<\/p>\n\n\n\n<p><strong>Tanja Sihvonen Eveliina Salmela Lilli Sihvonen<\/strong><\/p>\n\n\n\n<p>Tieteellinen ohjelma Yleisj\u00e4rjestelyt Ty\u00f6ryhm\u00e4t<\/p>\n\n\n\n<p>\/\/\/<\/p>\n\n\n\n<p><strong>Call for papers: Medie- och kommunikationsforskningsdagarna 2026<\/strong><\/p>\n\n\n\n<p>Medie- och kommunikationsforskningsdagarna \u00e4r den viktigaste inhemska konferensen i Finland inom sitt omr\u00e5de och samlar forskare, studenter, l\u00e4rare och andra experter inom media- och kommunikationssektorn. N\u00e4sta Mevi-p\u00e4iv\u00e4t h\u00e5lls i Vasa den 7\u20138 maj 2026.<\/p>\n\n\n\n<p>Temat f\u00f6r n\u00e4sta \u00e5r \u00e4r&nbsp;<em>Juuret \u2013 R\u00f6tter \u2013 Roots<\/em>. R\u00f6tter symboliserar ursprung, grunder och kontinuitet, men ocks\u00e5 tillv\u00e4xt och f\u00f6r\u00e4ndring. Inom medie- och kommunikationsvetenskapen str\u00e4cker sig r\u00f6tterna i m\u00e5nga riktningar: de n\u00e5r historiska utg\u00e5ngspunkter och traditioner, olika tillv\u00e4xtplattformar och sammanhang, nya metoder f\u00f6r att producera och sprida information, samt symbiotiska kopplingar och experiment.<\/p>\n\n\n\n<p>F\u00f6r n\u00e4rvarande v\u00e4xer forskning med fokus p\u00e5 medie- och kommunikationsfenomen fram p\u00e5 m\u00e5nga olika plattformar och i m\u00e5nga olika grogrunder. Trots denna m\u00e5ngfald har de olika grenarna av disciplinen ocks\u00e5 mycket gemensamt.<\/p>\n\n\n\n<p>V\u00e4lkommen att f\u00f6resl\u00e5 en arbetsgrupp f\u00f6r Mevi-p\u00e4iv\u00e4t 2026!<\/p>\n\n\n\n<p>Arbetsgruppen ska presenteras med en titel och en beskrivning av inneh\u00e5llet p\u00e5 h\u00f6gst 300 ord. Den person som f\u00f6resl\u00e5r arbetsgruppen kommer vanligtvis ocks\u00e5 att fungera som ledare eller en av ledarna f\u00f6r arbetsgruppen. Vi uppmuntrar arbetsgruppsledarna att p\u00e5 ett eller annat s\u00e4tt koppla sina arbetsgruppsf\u00f6rslag till konferensens tema.&nbsp;<strong>F\u00f6rslag m\u00e5ste l\u00e4mnas in senast den 31 oktober med hj\u00e4lp av detta formul\u00e4r:&nbsp;<\/strong><a rel=\"noreferrer noopener\" target=\"_blank\" href=\"https:\/\/eur04.safelinks.protection.outlook.com\/?url=https%3A%2F%2Flink.webropolsurveys.com%2FS%2F93F5532BB6D997E8&amp;data=05%7C02%7Cliisa.ovaska%40tuni.fi%7C68684eeb9e694498ec8c08ddf9df85f9%7Cfa6944afcc7c4cd89154c01132798910%7C0%7C0%7C638941460600147109%7CUnknown%7CTWFpbGZsb3d8eyJFbXB0eU1hcGkiOnRydWUsIlYiOiIwLjAuMDAwMCIsIlAiOiJXaW4zMiIsIkFOIjoiTWFpbCIsIldUIjoyfQ%3D%3D%7C0%7C%7C%7C&amp;sdata=G1pW3oe9m0KHYeNuvIxiW1wa%2BNcIDh9gZPKd1nom0%2FA%3D&amp;reserved=0\">https:\/\/link.webropolsurveys.com\/S\/93F5532BB6D997E8<\/a>&nbsp;<\/p>\n\n\n\n<p>Beslut kommer att meddelas arbetsgruppens kontaktpersoner via e-post senast&nbsp;<strong>den 14 november<\/strong>. Eftersom konferensschemat och de reserverade lokalerna \u00e4r begr\u00e4nsade f\u00f6rbeh\u00e5ller sig organisationskommitt\u00e9n r\u00e4tten att kombinera arbetsgrupper vid behov.<\/p>\n\n\n\n<p>Konferensen 2026 organiseras av Samfundet f\u00f6r medie- och kommunikationsvetenskap Mevi r.f. och Viestint\u00e4tieteiden oppiaine (kommunikationsvetenskaper) vid Vasa universitet. Information om Mevi-p\u00e4iv\u00e4t finns p\u00e5&nbsp;<a rel=\"noreferrer noopener\" target=\"_blank\" href=\"https:\/\/eur04.safelinks.protection.outlook.com\/?url=https%3A%2F%2Fsites.uwasa.fi%2Fmevi2026%2F&amp;data=05%7C02%7Cliisa.ovaska%40tuni.fi%7C68684eeb9e694498ec8c08ddf9df85f9%7Cfa6944afcc7c4cd89154c01132798910%7C0%7C0%7C638941460600167451%7CUnknown%7CTWFpbGZsb3d8eyJFbXB0eU1hcGkiOnRydWUsIlYiOiIwLjAuMDAwMCIsIlAiOiJXaW4zMiIsIkFOIjoiTWFpbCIsIldUIjoyfQ%3D%3D%7C0%7C%7C%7C&amp;sdata=sld%2BEno80KKzqcLqzfiF0171eEdUjWuAOgRm43pAOw8%3D&amp;reserved=0\">https:\/\/sites.uwasa.fi\/mevi2026\/<\/a>&nbsp;och p\u00e5 Mevis och Vasa universitets webbplatser.<\/p>\n\n\n\n<p>Med v\u00e4nliga h\u00e4lsningar,<\/p>\n\n\n\n<p>Arrang\u00f6rerna av Mevi-p\u00e4iv\u00e4t 2026<\/p>\n\n\n\n<p><strong>Tanja Sihvonen Eveliina Salmela Lilli Sihvonen<\/strong><\/p>\n\n\n\n<p>Vetenskapligt program Allm\u00e4nna arrangemang Arbetsgrupper<\/p>\n\n\n\n<p>\/\/\/<\/p>\n\n\n\n<p><strong>Call for papers for Mevi-p\u00e4iv\u00e4t 2026<\/strong><\/p>\n\n\n\n<p>Mevi-p\u00e4iv\u00e4t or Media and Communication Research Days is the most significant Finnish conference in its field, bringing together researchers, students, teachers, and other media and communication experts. The next Mevi-p\u00e4iv\u00e4t will be held in Vaasa, Finland, on May 7\u20138, 2026.<\/p>\n\n\n\n<p>The theme for next year is&nbsp;<em>Juuret \u2013 R\u00f6tter \u2013 Roots<\/em>. Roots symbolize origin, foundation, and continuity, but also growth and change. In the field of media and communication research, roots branch out in many directions: they reach towards historical starting points and traditions, different growth platforms and contexts, new practices of producing and disseminating information, as well as symbiotic connections and rhizomatic experiments.<\/p>\n\n\n\n<p>Currently, research focusing on media and communication phenomena is sprouting on many platforms and in many different seedbeds. Despite this diversity, the various branches of the discipline also have a lot in common.<\/p>\n\n\n\n<p>We kindly ask for proposals for a working group for the 2026 Mevi-p\u00e4iv\u00e4t!<\/p>\n\n\n\n<p>A working group proposal should be presented with a title and a maximum 300-word description of its content. The presenter of the proposal typically also acts as the leader or one of the leaders of the working group. We warmly encourage working group leaders to link their proposals to the conference theme in one way or another.<strong>&nbsp;Proposals must be submitted by October 31 using this form:<\/strong>&nbsp;<a rel=\"noreferrer noopener\" target=\"_blank\" href=\"https:\/\/eur04.safelinks.protection.outlook.com\/?url=https%3A%2F%2Flink.webropolsurveys.com%2FS%2F93F5532BB6D997E8&amp;data=05%7C02%7Cliisa.ovaska%40tuni.fi%7C68684eeb9e694498ec8c08ddf9df85f9%7Cfa6944afcc7c4cd89154c01132798910%7C0%7C0%7C638941460600245445%7CUnknown%7CTWFpbGZsb3d8eyJFbXB0eU1hcGkiOnRydWUsIlYiOiIwLjAuMDAwMCIsIlAiOiJXaW4zMiIsIkFOIjoiTWFpbCIsIldUIjoyfQ%3D%3D%7C0%7C%7C%7C&amp;sdata=YxVp3Y1yrw5RNUDQKDoNYd32FTdcztww5eaQx6wK7jU%3D&amp;reserved=0\">https:\/\/link.webropolsurveys.com\/S\/93F5532BB6D997E8<\/a>&nbsp;<\/p>\n\n\n\n<p>Decisions will be communicated to the working group leaders or contact persons by email&nbsp;<strong>by November 14<\/strong>. As the conference schedule and reserved facilities are limited, the organizing committee reserves the right to combine working groups if necessary.<\/p>\n\n\n\n<p>The 2026 conference is organized by the Finnish Association for Media and Communication Studies&nbsp;Mevi ry and Viestint\u00e4tieteiden oppiaine (Communication Studies) at the University of Vaasa. Further information about Mevi-p\u00e4iv\u00e4t can be found at&nbsp;<a rel=\"noreferrer noopener\" target=\"_blank\" href=\"https:\/\/eur04.safelinks.protection.outlook.com\/?url=https%3A%2F%2Fsites.uwasa.fi%2Fmevi2026%2F&amp;data=05%7C02%7Cliisa.ovaska%40tuni.fi%7C68684eeb9e694498ec8c08ddf9df85f9%7Cfa6944afcc7c4cd89154c01132798910%7C0%7C0%7C638941460600262293%7CUnknown%7CTWFpbGZsb3d8eyJFbXB0eU1hcGkiOnRydWUsIlYiOiIwLjAuMDAwMCIsIlAiOiJXaW4zMiIsIkFOIjoiTWFpbCIsIldUIjoyfQ%3D%3D%7C0%7C%7C%7C&amp;sdata=3NyGdv%2BDiiPOShjsbgGRfmGOdC94%2FgTaUnovKdZocqM%3D&amp;reserved=0\">https:\/\/sites.uwasa.fi\/mevi2026\/<\/a>&nbsp;and on the websites of Mevi ry and the University of Vaasa.<\/p>\n\n\n\n<p>Warm regards,<\/p>\n\n\n\n<p>The organizers of Mevi-p\u00e4iv\u00e4t 2026<\/p>\n\n\n\n<p><strong>Tanja Sihvonen<\/strong><strong>Eveliina Salmela<\/strong><strong>Lilli Sihvonen<\/strong><\/p>\n\n\n\n<p>Scientific program General arrangements Working groups<\/p>\n","protected":false},"excerpt":{"rendered":"<p>Median ja viestinn\u00e4n tutkimuksen p\u00e4iv\u00e4 eli Mevi-p\u00e4iv\u00e4t j\u00e4rjestet\u00e4\u00e4n 7.-8.5.2026 Vaasassa. P\u00e4ivien teemana on Juuret. P\u00e4iville voi ehdottaa ty\u00f6ryhmi\u00e4 31.10.2025 menness\u00e4. Ty\u00f6ryhm\u00e4kutsu Median ja viestinn\u00e4n tutkimuksen p\u00e4iville 2026 Median&hellip;<\/p>\n","protected":false},"author":3,"featured_media":3660,"comment_status":"open","ping_status":"closed","sticky":false,"template":"","format":"standard","meta":{"_monsterinsights_skip_tracking":false,"_monsterinsights_sitenote_active":false,"_monsterinsights_sitenote_note":"","_monsterinsights_sitenote_category":0,"footnotes":""},"categories":[1],"tags":[],"class_list":["post-5393","post","type-post","status-publish","format-standard","has-post-thumbnail","hentry","category-yleinen"],"yoast_head":"<!-- This site is optimized with the Yoast SEO plugin v27.5 - https:\/\/yoast.com\/product\/yoast-seo-wordpress\/ -->\n<title>Ty\u00f6ryhm\u00e4kutsu vuoden 2026 Mevi-p\u00e4iville on julkaistu &#8211; Mevi<\/title>\n<meta name=\"robots\" content=\"index, follow, max-snippet:-1, max-image-preview:large, max-video-preview:-1\" \/>\n<link rel=\"canonical\" href=\"https:\/\/mediaviestinta.fi\/mevi2020\/2025\/09\/tyoryhmakutsu-vuoden-2026-mevi-paiville-on-julkaistu\/\" \/>\n<meta property=\"og:locale\" content=\"fi_FI\" \/>\n<meta property=\"og:type\" content=\"article\" \/>\n<meta property=\"og:title\" content=\"Ty\u00f6ryhm\u00e4kutsu vuoden 2026 Mevi-p\u00e4iville on julkaistu &#8211; Mevi\" \/>\n<meta property=\"og:description\" content=\"Median ja viestinn\u00e4n tutkimuksen p\u00e4iv\u00e4 eli Mevi-p\u00e4iv\u00e4t j\u00e4rjestet\u00e4\u00e4n 7.-8.5.2026 Vaasassa. P\u00e4ivien teemana on Juuret. P\u00e4iville voi ehdottaa ty\u00f6ryhmi\u00e4 31.10.2025 menness\u00e4. Ty\u00f6ryhm\u00e4kutsu Median ja viestinn\u00e4n tutkimuksen p\u00e4iville 2026 Median&hellip;\" \/>\n<meta property=\"og:url\" content=\"https:\/\/mediaviestinta.fi\/mevi2020\/2025\/09\/tyoryhmakutsu-vuoden-2026-mevi-paiville-on-julkaistu\/\" \/>\n<meta property=\"og:site_name\" content=\"Mevi\" \/>\n<meta property=\"article:publisher\" content=\"https:\/\/www.facebook.com\/MediaViestinta\/\" \/>\n<meta property=\"article:published_time\" content=\"2025-09-24T11:24:05+00:00\" \/>\n<meta property=\"og:image\" content=\"https:\/\/mediaviestinta.fi\/mevi2020\/wp-content\/uploads\/2020\/04\/mevi-artikkeli-placeholder-kuva-01.jpg\" \/>\n\t<meta property=\"og:image:width\" content=\"700\" \/>\n\t<meta property=\"og:image:height\" content=\"400\" \/>\n\t<meta property=\"og:image:type\" content=\"image\/jpeg\" \/>\n<meta name=\"author\" content=\"Mevi\" \/>\n<meta name=\"twitter:card\" content=\"summary_large_image\" \/>\n<meta name=\"twitter:creator\" content=\"@mediaviestinta\" \/>\n<meta name=\"twitter:site\" content=\"@mediaviestinta\" \/>\n<meta name=\"twitter:label1\" content=\"Kirjoittanut\" \/>\n\t<meta name=\"twitter:data1\" content=\"Mevi\" \/>\n\t<meta name=\"twitter:label2\" content=\"Arvioitu lukuaika\" \/>\n\t<meta name=\"twitter:data2\" content=\"6 minuuttia\" \/>\n<script type=\"application\/ld+json\" class=\"yoast-schema-graph\">{\"@context\":\"https:\\\/\\\/schema.org\",\"@graph\":[{\"@type\":\"Article\",\"@id\":\"https:\\\/\\\/mediaviestinta.fi\\\/mevi2020\\\/2025\\\/09\\\/tyoryhmakutsu-vuoden-2026-mevi-paiville-on-julkaistu\\\/#article\",\"isPartOf\":{\"@id\":\"https:\\\/\\\/mediaviestinta.fi\\\/mevi2020\\\/2025\\\/09\\\/tyoryhmakutsu-vuoden-2026-mevi-paiville-on-julkaistu\\\/\"},\"author\":{\"name\":\"Mevi\",\"@id\":\"https:\\\/\\\/mediaviestinta.fi\\\/#\\\/schema\\\/person\\\/b2da34ab24cfcd17dbdd6c7cfb173257\"},\"headline\":\"Ty\u00f6ryhm\u00e4kutsu vuoden 2026 Mevi-p\u00e4iville on julkaistu\",\"datePublished\":\"2025-09-24T11:24:05+00:00\",\"mainEntityOfPage\":{\"@id\":\"https:\\\/\\\/mediaviestinta.fi\\\/mevi2020\\\/2025\\\/09\\\/tyoryhmakutsu-vuoden-2026-mevi-paiville-on-julkaistu\\\/\"},\"wordCount\":1031,\"commentCount\":0,\"publisher\":{\"@id\":\"https:\\\/\\\/mediaviestinta.fi\\\/#organization\"},\"image\":{\"@id\":\"https:\\\/\\\/mediaviestinta.fi\\\/mevi2020\\\/2025\\\/09\\\/tyoryhmakutsu-vuoden-2026-mevi-paiville-on-julkaistu\\\/#primaryimage\"},\"thumbnailUrl\":\"https:\\\/\\\/mediaviestinta.fi\\\/mevi2020\\\/wp-content\\\/uploads\\\/2020\\\/04\\\/mevi-artikkeli-placeholder-kuva-01.jpg\",\"inLanguage\":\"fi\",\"potentialAction\":[{\"@type\":\"CommentAction\",\"name\":\"Comment\",\"target\":[\"https:\\\/\\\/mediaviestinta.fi\\\/mevi2020\\\/2025\\\/09\\\/tyoryhmakutsu-vuoden-2026-mevi-paiville-on-julkaistu\\\/#respond\"]}]},{\"@type\":\"WebPage\",\"@id\":\"https:\\\/\\\/mediaviestinta.fi\\\/mevi2020\\\/2025\\\/09\\\/tyoryhmakutsu-vuoden-2026-mevi-paiville-on-julkaistu\\\/\",\"url\":\"https:\\\/\\\/mediaviestinta.fi\\\/mevi2020\\\/2025\\\/09\\\/tyoryhmakutsu-vuoden-2026-mevi-paiville-on-julkaistu\\\/\",\"name\":\"Ty\u00f6ryhm\u00e4kutsu vuoden 2026 Mevi-p\u00e4iville on julkaistu &#8211; Mevi\",\"isPartOf\":{\"@id\":\"https:\\\/\\\/mediaviestinta.fi\\\/#website\"},\"primaryImageOfPage\":{\"@id\":\"https:\\\/\\\/mediaviestinta.fi\\\/mevi2020\\\/2025\\\/09\\\/tyoryhmakutsu-vuoden-2026-mevi-paiville-on-julkaistu\\\/#primaryimage\"},\"image\":{\"@id\":\"https:\\\/\\\/mediaviestinta.fi\\\/mevi2020\\\/2025\\\/09\\\/tyoryhmakutsu-vuoden-2026-mevi-paiville-on-julkaistu\\\/#primaryimage\"},\"thumbnailUrl\":\"https:\\\/\\\/mediaviestinta.fi\\\/mevi2020\\\/wp-content\\\/uploads\\\/2020\\\/04\\\/mevi-artikkeli-placeholder-kuva-01.jpg\",\"datePublished\":\"2025-09-24T11:24:05+00:00\",\"breadcrumb\":{\"@id\":\"https:\\\/\\\/mediaviestinta.fi\\\/mevi2020\\\/2025\\\/09\\\/tyoryhmakutsu-vuoden-2026-mevi-paiville-on-julkaistu\\\/#breadcrumb\"},\"inLanguage\":\"fi\",\"potentialAction\":[{\"@type\":\"ReadAction\",\"target\":[\"https:\\\/\\\/mediaviestinta.fi\\\/mevi2020\\\/2025\\\/09\\\/tyoryhmakutsu-vuoden-2026-mevi-paiville-on-julkaistu\\\/\"]}]},{\"@type\":\"ImageObject\",\"inLanguage\":\"fi\",\"@id\":\"https:\\\/\\\/mediaviestinta.fi\\\/mevi2020\\\/2025\\\/09\\\/tyoryhmakutsu-vuoden-2026-mevi-paiville-on-julkaistu\\\/#primaryimage\",\"url\":\"https:\\\/\\\/mediaviestinta.fi\\\/mevi2020\\\/wp-content\\\/uploads\\\/2020\\\/04\\\/mevi-artikkeli-placeholder-kuva-01.jpg\",\"contentUrl\":\"https:\\\/\\\/mediaviestinta.fi\\\/mevi2020\\\/wp-content\\\/uploads\\\/2020\\\/04\\\/mevi-artikkeli-placeholder-kuva-01.jpg\",\"width\":700,\"height\":400},{\"@type\":\"BreadcrumbList\",\"@id\":\"https:\\\/\\\/mediaviestinta.fi\\\/mevi2020\\\/2025\\\/09\\\/tyoryhmakutsu-vuoden-2026-mevi-paiville-on-julkaistu\\\/#breadcrumb\",\"itemListElement\":[{\"@type\":\"ListItem\",\"position\":1,\"name\":\"Home\",\"item\":\"https:\\\/\\\/mediaviestinta.fi\\\/\"},{\"@type\":\"ListItem\",\"position\":2,\"name\":\"Ty\u00f6ryhm\u00e4kutsu vuoden 2026 Mevi-p\u00e4iville on julkaistu\"}]},{\"@type\":\"WebSite\",\"@id\":\"https:\\\/\\\/mediaviestinta.fi\\\/#website\",\"url\":\"https:\\\/\\\/mediaviestinta.fi\\\/\",\"name\":\"Mevi\",\"description\":\"Media- ja viestint\u00e4tieteellinen seura Mevi\",\"publisher\":{\"@id\":\"https:\\\/\\\/mediaviestinta.fi\\\/#organization\"},\"potentialAction\":[{\"@type\":\"SearchAction\",\"target\":{\"@type\":\"EntryPoint\",\"urlTemplate\":\"https:\\\/\\\/mediaviestinta.fi\\\/?s={search_term_string}\"},\"query-input\":{\"@type\":\"PropertyValueSpecification\",\"valueRequired\":true,\"valueName\":\"search_term_string\"}}],\"inLanguage\":\"fi\"},{\"@type\":\"Organization\",\"@id\":\"https:\\\/\\\/mediaviestinta.fi\\\/#organization\",\"name\":\"Media- ja viestint\u00e4tieteellinen seura Mevi\",\"url\":\"https:\\\/\\\/mediaviestinta.fi\\\/\",\"logo\":{\"@type\":\"ImageObject\",\"inLanguage\":\"fi\",\"@id\":\"https:\\\/\\\/mediaviestinta.fi\\\/#\\\/schema\\\/logo\\\/image\\\/\",\"url\":\"https:\\\/\\\/mediaviestinta.fi\\\/mevi2020\\\/wp-content\\\/uploads\\\/2020\\\/03\\\/mevi-logo-RGB-Transparent.png\",\"contentUrl\":\"https:\\\/\\\/mediaviestinta.fi\\\/mevi2020\\\/wp-content\\\/uploads\\\/2020\\\/03\\\/mevi-logo-RGB-Transparent.png\",\"width\":910,\"height\":464,\"caption\":\"Media- ja viestint\u00e4tieteellinen seura Mevi\"},\"image\":{\"@id\":\"https:\\\/\\\/mediaviestinta.fi\\\/#\\\/schema\\\/logo\\\/image\\\/\"},\"sameAs\":[\"https:\\\/\\\/www.facebook.com\\\/MediaViestinta\\\/\",\"https:\\\/\\\/x.com\\\/mediaviestinta\"]},{\"@type\":\"Person\",\"@id\":\"https:\\\/\\\/mediaviestinta.fi\\\/#\\\/schema\\\/person\\\/b2da34ab24cfcd17dbdd6c7cfb173257\",\"name\":\"Mevi\",\"image\":{\"@type\":\"ImageObject\",\"inLanguage\":\"fi\",\"@id\":\"https:\\\/\\\/secure.gravatar.com\\\/avatar\\\/3305b76d1667dc119a18808ed03d6a1fc2dfa8b6a1cddecb8c4d27ef14ec32ca?s=96&d=mm&r=g\",\"url\":\"https:\\\/\\\/secure.gravatar.com\\\/avatar\\\/3305b76d1667dc119a18808ed03d6a1fc2dfa8b6a1cddecb8c4d27ef14ec32ca?s=96&d=mm&r=g\",\"contentUrl\":\"https:\\\/\\\/secure.gravatar.com\\\/avatar\\\/3305b76d1667dc119a18808ed03d6a1fc2dfa8b6a1cddecb8c4d27ef14ec32ca?s=96&d=mm&r=g\",\"caption\":\"Mevi\"},\"url\":\"https:\\\/\\\/mediaviestinta.fi\\\/mevi2020\\\/author\\\/mediavie\\\/\"}]}<\/script>\n<!-- \/ Yoast SEO plugin. -->","yoast_head_json":{"title":"Ty\u00f6ryhm\u00e4kutsu vuoden 2026 Mevi-p\u00e4iville on julkaistu &#8211; Mevi","robots":{"index":"index","follow":"follow","max-snippet":"max-snippet:-1","max-image-preview":"max-image-preview:large","max-video-preview":"max-video-preview:-1"},"canonical":"https:\/\/mediaviestinta.fi\/mevi2020\/2025\/09\/tyoryhmakutsu-vuoden-2026-mevi-paiville-on-julkaistu\/","og_locale":"fi_FI","og_type":"article","og_title":"Ty\u00f6ryhm\u00e4kutsu vuoden 2026 Mevi-p\u00e4iville on julkaistu &#8211; Mevi","og_description":"Median ja viestinn\u00e4n tutkimuksen p\u00e4iv\u00e4 eli Mevi-p\u00e4iv\u00e4t j\u00e4rjestet\u00e4\u00e4n 7.-8.5.2026 Vaasassa. P\u00e4ivien teemana on Juuret. P\u00e4iville voi ehdottaa ty\u00f6ryhmi\u00e4 31.10.2025 menness\u00e4. Ty\u00f6ryhm\u00e4kutsu Median ja viestinn\u00e4n tutkimuksen p\u00e4iville 2026 Median&hellip;","og_url":"https:\/\/mediaviestinta.fi\/mevi2020\/2025\/09\/tyoryhmakutsu-vuoden-2026-mevi-paiville-on-julkaistu\/","og_site_name":"Mevi","article_publisher":"https:\/\/www.facebook.com\/MediaViestinta\/","article_published_time":"2025-09-24T11:24:05+00:00","og_image":[{"width":700,"height":400,"url":"https:\/\/mediaviestinta.fi\/mevi2020\/wp-content\/uploads\/2020\/04\/mevi-artikkeli-placeholder-kuva-01.jpg","type":"image\/jpeg"}],"author":"Mevi","twitter_card":"summary_large_image","twitter_creator":"@mediaviestinta","twitter_site":"@mediaviestinta","twitter_misc":{"Kirjoittanut":"Mevi","Arvioitu lukuaika":"6 minuuttia"},"schema":{"@context":"https:\/\/schema.org","@graph":[{"@type":"Article","@id":"https:\/\/mediaviestinta.fi\/mevi2020\/2025\/09\/tyoryhmakutsu-vuoden-2026-mevi-paiville-on-julkaistu\/#article","isPartOf":{"@id":"https:\/\/mediaviestinta.fi\/mevi2020\/2025\/09\/tyoryhmakutsu-vuoden-2026-mevi-paiville-on-julkaistu\/"},"author":{"name":"Mevi","@id":"https:\/\/mediaviestinta.fi\/#\/schema\/person\/b2da34ab24cfcd17dbdd6c7cfb173257"},"headline":"Ty\u00f6ryhm\u00e4kutsu vuoden 2026 Mevi-p\u00e4iville on julkaistu","datePublished":"2025-09-24T11:24:05+00:00","mainEntityOfPage":{"@id":"https:\/\/mediaviestinta.fi\/mevi2020\/2025\/09\/tyoryhmakutsu-vuoden-2026-mevi-paiville-on-julkaistu\/"},"wordCount":1031,"commentCount":0,"publisher":{"@id":"https:\/\/mediaviestinta.fi\/#organization"},"image":{"@id":"https:\/\/mediaviestinta.fi\/mevi2020\/2025\/09\/tyoryhmakutsu-vuoden-2026-mevi-paiville-on-julkaistu\/#primaryimage"},"thumbnailUrl":"https:\/\/mediaviestinta.fi\/mevi2020\/wp-content\/uploads\/2020\/04\/mevi-artikkeli-placeholder-kuva-01.jpg","inLanguage":"fi","potentialAction":[{"@type":"CommentAction","name":"Comment","target":["https:\/\/mediaviestinta.fi\/mevi2020\/2025\/09\/tyoryhmakutsu-vuoden-2026-mevi-paiville-on-julkaistu\/#respond"]}]},{"@type":"WebPage","@id":"https:\/\/mediaviestinta.fi\/mevi2020\/2025\/09\/tyoryhmakutsu-vuoden-2026-mevi-paiville-on-julkaistu\/","url":"https:\/\/mediaviestinta.fi\/mevi2020\/2025\/09\/tyoryhmakutsu-vuoden-2026-mevi-paiville-on-julkaistu\/","name":"Ty\u00f6ryhm\u00e4kutsu vuoden 2026 Mevi-p\u00e4iville on julkaistu &#8211; Mevi","isPartOf":{"@id":"https:\/\/mediaviestinta.fi\/#website"},"primaryImageOfPage":{"@id":"https:\/\/mediaviestinta.fi\/mevi2020\/2025\/09\/tyoryhmakutsu-vuoden-2026-mevi-paiville-on-julkaistu\/#primaryimage"},"image":{"@id":"https:\/\/mediaviestinta.fi\/mevi2020\/2025\/09\/tyoryhmakutsu-vuoden-2026-mevi-paiville-on-julkaistu\/#primaryimage"},"thumbnailUrl":"https:\/\/mediaviestinta.fi\/mevi2020\/wp-content\/uploads\/2020\/04\/mevi-artikkeli-placeholder-kuva-01.jpg","datePublished":"2025-09-24T11:24:05+00:00","breadcrumb":{"@id":"https:\/\/mediaviestinta.fi\/mevi2020\/2025\/09\/tyoryhmakutsu-vuoden-2026-mevi-paiville-on-julkaistu\/#breadcrumb"},"inLanguage":"fi","potentialAction":[{"@type":"ReadAction","target":["https:\/\/mediaviestinta.fi\/mevi2020\/2025\/09\/tyoryhmakutsu-vuoden-2026-mevi-paiville-on-julkaistu\/"]}]},{"@type":"ImageObject","inLanguage":"fi","@id":"https:\/\/mediaviestinta.fi\/mevi2020\/2025\/09\/tyoryhmakutsu-vuoden-2026-mevi-paiville-on-julkaistu\/#primaryimage","url":"https:\/\/mediaviestinta.fi\/mevi2020\/wp-content\/uploads\/2020\/04\/mevi-artikkeli-placeholder-kuva-01.jpg","contentUrl":"https:\/\/mediaviestinta.fi\/mevi2020\/wp-content\/uploads\/2020\/04\/mevi-artikkeli-placeholder-kuva-01.jpg","width":700,"height":400},{"@type":"BreadcrumbList","@id":"https:\/\/mediaviestinta.fi\/mevi2020\/2025\/09\/tyoryhmakutsu-vuoden-2026-mevi-paiville-on-julkaistu\/#breadcrumb","itemListElement":[{"@type":"ListItem","position":1,"name":"Home","item":"https:\/\/mediaviestinta.fi\/"},{"@type":"ListItem","position":2,"name":"Ty\u00f6ryhm\u00e4kutsu vuoden 2026 Mevi-p\u00e4iville on julkaistu"}]},{"@type":"WebSite","@id":"https:\/\/mediaviestinta.fi\/#website","url":"https:\/\/mediaviestinta.fi\/","name":"Mevi","description":"Media- ja viestint\u00e4tieteellinen seura Mevi","publisher":{"@id":"https:\/\/mediaviestinta.fi\/#organization"},"potentialAction":[{"@type":"SearchAction","target":{"@type":"EntryPoint","urlTemplate":"https:\/\/mediaviestinta.fi\/?s={search_term_string}"},"query-input":{"@type":"PropertyValueSpecification","valueRequired":true,"valueName":"search_term_string"}}],"inLanguage":"fi"},{"@type":"Organization","@id":"https:\/\/mediaviestinta.fi\/#organization","name":"Media- ja viestint\u00e4tieteellinen seura Mevi","url":"https:\/\/mediaviestinta.fi\/","logo":{"@type":"ImageObject","inLanguage":"fi","@id":"https:\/\/mediaviestinta.fi\/#\/schema\/logo\/image\/","url":"https:\/\/mediaviestinta.fi\/mevi2020\/wp-content\/uploads\/2020\/03\/mevi-logo-RGB-Transparent.png","contentUrl":"https:\/\/mediaviestinta.fi\/mevi2020\/wp-content\/uploads\/2020\/03\/mevi-logo-RGB-Transparent.png","width":910,"height":464,"caption":"Media- ja viestint\u00e4tieteellinen seura Mevi"},"image":{"@id":"https:\/\/mediaviestinta.fi\/#\/schema\/logo\/image\/"},"sameAs":["https:\/\/www.facebook.com\/MediaViestinta\/","https:\/\/x.com\/mediaviestinta"]},{"@type":"Person","@id":"https:\/\/mediaviestinta.fi\/#\/schema\/person\/b2da34ab24cfcd17dbdd6c7cfb173257","name":"Mevi","image":{"@type":"ImageObject","inLanguage":"fi","@id":"https:\/\/secure.gravatar.com\/avatar\/3305b76d1667dc119a18808ed03d6a1fc2dfa8b6a1cddecb8c4d27ef14ec32ca?s=96&d=mm&r=g","url":"https:\/\/secure.gravatar.com\/avatar\/3305b76d1667dc119a18808ed03d6a1fc2dfa8b6a1cddecb8c4d27ef14ec32ca?s=96&d=mm&r=g","contentUrl":"https:\/\/secure.gravatar.com\/avatar\/3305b76d1667dc119a18808ed03d6a1fc2dfa8b6a1cddecb8c4d27ef14ec32ca?s=96&d=mm&r=g","caption":"Mevi"},"url":"https:\/\/mediaviestinta.fi\/mevi2020\/author\/mediavie\/"}]}},"_links":{"self":[{"href":"https:\/\/mediaviestinta.fi\/mevi2020\/wp-json\/wp\/v2\/posts\/5393","targetHints":{"allow":["GET"]}}],"collection":[{"href":"https:\/\/mediaviestinta.fi\/mevi2020\/wp-json\/wp\/v2\/posts"}],"about":[{"href":"https:\/\/mediaviestinta.fi\/mevi2020\/wp-json\/wp\/v2\/types\/post"}],"author":[{"embeddable":true,"href":"https:\/\/mediaviestinta.fi\/mevi2020\/wp-json\/wp\/v2\/users\/3"}],"replies":[{"embeddable":true,"href":"https:\/\/mediaviestinta.fi\/mevi2020\/wp-json\/wp\/v2\/comments?post=5393"}],"version-history":[{"count":1,"href":"https:\/\/mediaviestinta.fi\/mevi2020\/wp-json\/wp\/v2\/posts\/5393\/revisions"}],"predecessor-version":[{"id":5394,"href":"https:\/\/mediaviestinta.fi\/mevi2020\/wp-json\/wp\/v2\/posts\/5393\/revisions\/5394"}],"wp:featuredmedia":[{"embeddable":true,"href":"https:\/\/mediaviestinta.fi\/mevi2020\/wp-json\/wp\/v2\/media\/3660"}],"wp:attachment":[{"href":"https:\/\/mediaviestinta.fi\/mevi2020\/wp-json\/wp\/v2\/media?parent=5393"}],"wp:term":[{"taxonomy":"category","embeddable":true,"href":"https:\/\/mediaviestinta.fi\/mevi2020\/wp-json\/wp\/v2\/categories?post=5393"},{"taxonomy":"post_tag","embeddable":true,"href":"https:\/\/mediaviestinta.fi\/mevi2020\/wp-json\/wp\/v2\/tags?post=5393"}],"curies":[{"name":"wp","href":"https:\/\/api.w.org\/{rel}","templated":true}]}}