{"id":5396,"date":"2025-10-08T15:09:59","date_gmt":"2025-10-08T12:09:59","guid":{"rendered":"https:\/\/mediaviestinta.fi\/mevi2020\/?p=5396"},"modified":"2025-10-08T15:10:00","modified_gmt":"2025-10-08T12:10:00","slug":"jatteet-ja-elaimet-elavat-rinta-rinnan-luonnossa","status":"publish","type":"post","link":"https:\/\/mediaviestinta.fi\/mevi2020\/2025\/10\/jatteet-ja-elaimet-elavat-rinta-rinnan-luonnossa\/","title":{"rendered":"J\u00e4tteet ja el\u00e4imet el\u00e4v\u00e4t rinta rinnan luonnossa"},"content":{"rendered":"\n<p><strong>J\u00e4te muovaa el\u00e4inten toimijuutta joskus yll\u00e4tt\u00e4vill\u00e4kin tavoilla: j\u00e4te ei aina vain rajaa el\u00e4inten mahdollisuuksia el\u00e4m\u00e4\u00e4n, vaan se voi my\u00f6s esimerkiksi tarjota suojapaikkoja el\u00e4imille. Niina Uusitalo ja Taru Lehtokunnas tarkastelivat Wildlife Photographer of the Year -kilpailun el\u00e4imi\u00e4 ja j\u00e4tett\u00e4 sis\u00e4lt\u00e4vi\u00e4 kuvia ja tutkivat, miten el\u00e4inten toimijuus rakentuu kuvissa. Artikkeli <a href=\"https:\/\/journal.fi\/mediaviestinta\/article\/view\/154984\">J\u00e4tteen laajentama luontokuva<\/a> on julkaistu Media &amp; viestinn\u00e4n numerossa <a href=\"https:\/\/journal.fi\/mediaviestinta\">2\/25. <\/a><\/strong><\/p>\n\n\n\n<p><strong>Mihin ilmi\u00f6\u00f6n ja keskusteluun artikkelinne liittyy?<\/strong><\/p>\n\n\n\n<p>Artikkelissame tutkimme kansainv\u00e4lisen Wildlife photographer of the year -luontokuvakilpailun kuvia, joissa esiintyy villiel\u00e4inten lis\u00e4ksi j\u00e4tett\u00e4. Analysoimme, miten el\u00e4inten toimijuus rakentuu osana kuvissa rakentuvia erilaisia suhdeverkostoja, ja millaisia vaikutuksia j\u00e4tteell\u00e4 on el\u00e4inten toimijuuteen. Kiinnit\u00e4mme erityisesti huomiota siihen, miten erilaiset inhimilliset ja enemm\u00e4n-kuin-inhimilliset elementit yhdess\u00e4 rakentavat asetelmia, jotka tilanteisesti mahdollistavat, luovat ja rajaavat erilaisia toimijuuksia. Artikkelimme osallistuu pohdintaan muunlajisten esitt\u00e4misen k\u00e4yt\u00e4nn\u00f6ist\u00e4 ja niiss\u00e4 rakentuvista eettisist\u00e4 suhteista.<\/p>\n\n\n\n<p><strong>Mik\u00e4 on antinne t\u00e4h\u00e4n keskusteluun?<\/strong><\/p>\n\n\n\n<p>Artikkelimme laajentaa ekokatastrofien visualisointiin ja ymp\u00e4rist\u00f6nmuutoksen estetiikkaan keskittyv\u00e4\u00e4 tutkimusta. Luontokuvan tapaa esitt\u00e4\u00e4 maailmaa on syyt\u00e4 tarkastella kriittisesti, sill\u00e4 valokuvalla on edelleen etuoikeutettu asema el\u00e4in- ja luontok\u00e4sitysten rakentamisessa ja yll\u00e4pit\u00e4misess\u00e4. Luontokuvat vaikuttavat merkitt\u00e4v\u00e4sti siihen, miten n\u00e4emme el\u00e4inten ja ihmisten toimijuudet, oikeudet ja eettiset vastuut. Tarkastelemme luontokuvia, jotka k\u00e4sityksemme mukaan haastavat luonnon ja ihmisen kahtiajakoa asettamalla ihmisen uudenlaiseen katsojan rooliin. Artikkeli haastaakin vallitsevia k\u00e4sityksi\u00e4 siit\u00e4, miten el\u00e4inten toimijuus sek\u00e4 ihmisten ja el\u00e4inten v\u00e4linen suhde rakentuvat luontokuvassa. Lis\u00e4ksi osallistumme yhteiskuntatieteellisen j\u00e4tetutkimuksen piiriss\u00e4 k\u00e4ytyihin keskusteluihin j\u00e4tteen performatiivisuudesta tuomalla esiin, miten j\u00e4te muovaa el\u00e4inten toimijuutta joskus yll\u00e4tt\u00e4vill\u00e4kin tavoilla: j\u00e4te ei aina vain rajaa el\u00e4inten mahdollisuuksia el\u00e4m\u00e4\u00e4n, vaan se voi my\u00f6s esimerkiksi tarjota suojapaikkoja el\u00e4imille.<\/p>\n\n\n\n<p><strong>Mik\u00e4 on artikkelinne keskeinen argumentti?<\/strong><\/p>\n\n\n\n<p>Artikkelissa tunnistamme ikonologisen analyysin avulla kolme teemaa, joiden kautta tarkastellut luontokuvat esittiv\u00e4t el\u00e4inten toimijuutta suhteessa j\u00e4tteeseen: j\u00e4tteest\u00e4 k\u00e4rsiv\u00e4t el\u00e4imet, raunioita haltuun ottavat el\u00e4imet sek\u00e4 j\u00e4tett\u00e4 hy\u00f6dynt\u00e4v\u00e4t el\u00e4imet. Nostamme esiin, ett\u00e4 j\u00e4te ei el\u00e4inten n\u00e4k\u00f6kulmasta ole yksinomaan haitallista, vaan el\u00e4inten toimijuus rakentuu osana monimuotoisia suhteita. Samalla el\u00e4inten toimijuus suhteessa ihmisiin ja ymp\u00e4rist\u00f6ongelmiin on aina rajallista ja haluammekin korostaa ihmisen eettist\u00e4 vastuuta j\u00e4teongelmien synnyss\u00e4 ja ratkaisuissa.<\/p>\n\n\n\n<p><strong>Mit\u00e4 haluate artikkelillanne sanoa?<\/strong><br>Haluamme tuoda n\u00e4kyv\u00e4ksi ja purkaa kuvitteellista kahtiajakoa ihmisen sek\u00e4 luonnon ja el\u00e4inten v\u00e4lill\u00e4. J\u00e4te luontokuvassa pakottaa katsomaan kohti ihmisen aiheuttamaa luontotuhoa sen sijaan, ett\u00e4 luonto ja el\u00e4imet tai ymp\u00e4rist\u00f6tuhot ovat et\u00e4isen ihmettelyn tai kauhistelun kohteita. J\u00e4te luontokuvassa voikin mahdollistaa entist\u00e4 vahvemman eettisen vastuunoton inhimillisen toiminnan seurauksista luonnolle ja sen eli\u00f6ille. Ihmisen eettinen suhde muihin elollisiin alkaa tavasta katsoa muunlajisia tunnistaen kaikkien kehojen haavoittuvuus ja ihmisen vastuu n\u00e4iden kehojen suojelemisesta.<\/p>\n\n\n\n<p><strong>Kenen kannattaa lukea artikkelinne?<\/strong><\/p>\n\n\n\n<p>Artikkeli voi kiinnostaa visuaalisuuden, j\u00e4tteen sek\u00e4 monilajisten suhteiden tutkijoita, sek\u00e4 ymp\u00e4rist\u00f6n ja luonnon valokuvaajia. Artikkeli voi antaa my\u00f6s kenelle tahansa luonnosta kiinnostuneelle lukijalle kimmokkeen tarkastella omaa luontosuhdettaan sek\u00e4 tapaansa havaita j\u00e4tett\u00e4 ja el\u00e4imi\u00e4. Artikkelissa julkaistujen valikoitujen valokuvien kautta lukija p\u00e4\u00e4see konkreettisesti tutkitun ilmi\u00f6n \u00e4\u00e4relle.<\/p>\n\n\n\n<p><strong>Mik\u00e4 sai teid\u00e4t tarttumaan t\u00e4h\u00e4n aiheeseen?<\/strong><\/p>\n\n\n\n<p>Aihe l\u00f6ytyi sattumoisin n\u00e4hty\u00e4mme luontokuvakilpailua k\u00e4sittelev\u00e4n uutisjutun, jonka kuvissa n\u00e4kyi villiel\u00e4inten ohella my\u00f6s j\u00e4tett\u00e4. Tyypillisesti j\u00e4te on rajattu pois luontokuvien seesteisist\u00e4 tai n\u00e4ytt\u00e4vist\u00e4 luontoesityksist\u00e4, joten kiinnostuksemme her\u00e4si perehty\u00e4 asiaan lis\u00e4\u00e4. Lis\u00e4ksi olemme molemmat tutkimuksessamme kiinnostuneita monilajisista suhteista ja erityisesti siit\u00e4, miten ihmisen ristiriitaisia suhteita luontoon voi tuoda n\u00e4kyv\u00e4ksi, kyseenalaistaa ja toivottavasti my\u00f6s uudistaa.<\/p>\n\n\n\n<p><\/p>\n","protected":false},"excerpt":{"rendered":"<p>J\u00e4te muovaa el\u00e4inten toimijuutta joskus yll\u00e4tt\u00e4vill\u00e4kin tavoilla: j\u00e4te ei aina vain rajaa el\u00e4inten mahdollisuuksia el\u00e4m\u00e4\u00e4n, vaan se voi my\u00f6s esimerkiksi tarjota suojapaikkoja el\u00e4imille. Niina Uusitalo ja Taru Lehtokunnas&hellip;<\/p>\n","protected":false},"author":3,"featured_media":5400,"comment_status":"open","ping_status":"closed","sticky":false,"template":"","format":"standard","meta":{"_monsterinsights_skip_tracking":false,"_monsterinsights_sitenote_active":false,"_monsterinsights_sitenote_note":"","_monsterinsights_sitenote_category":0,"footnotes":""},"categories":[1],"tags":[],"class_list":["post-5396","post","type-post","status-publish","format-standard","has-post-thumbnail","hentry","category-yleinen"],"yoast_head":"<!-- This site is optimized with the Yoast SEO plugin v27.5 - https:\/\/yoast.com\/product\/yoast-seo-wordpress\/ -->\n<title>J\u00e4tteet ja el\u00e4imet el\u00e4v\u00e4t rinta rinnan luonnossa &#8211; Mevi<\/title>\n<meta name=\"robots\" content=\"index, follow, max-snippet:-1, max-image-preview:large, max-video-preview:-1\" \/>\n<link rel=\"canonical\" href=\"https:\/\/mediaviestinta.fi\/mevi2020\/2025\/10\/jatteet-ja-elaimet-elavat-rinta-rinnan-luonnossa\/\" \/>\n<meta property=\"og:locale\" content=\"fi_FI\" \/>\n<meta property=\"og:type\" content=\"article\" \/>\n<meta property=\"og:title\" content=\"J\u00e4tteet ja el\u00e4imet el\u00e4v\u00e4t rinta rinnan luonnossa &#8211; Mevi\" \/>\n<meta property=\"og:description\" content=\"J\u00e4te muovaa el\u00e4inten toimijuutta joskus yll\u00e4tt\u00e4vill\u00e4kin tavoilla: j\u00e4te ei aina vain rajaa el\u00e4inten mahdollisuuksia el\u00e4m\u00e4\u00e4n, vaan se voi my\u00f6s esimerkiksi tarjota suojapaikkoja el\u00e4imille. Niina Uusitalo ja Taru Lehtokunnas&hellip;\" \/>\n<meta property=\"og:url\" content=\"https:\/\/mediaviestinta.fi\/mevi2020\/2025\/10\/jatteet-ja-elaimet-elavat-rinta-rinnan-luonnossa\/\" \/>\n<meta property=\"og:site_name\" content=\"Mevi\" \/>\n<meta property=\"article:publisher\" content=\"https:\/\/www.facebook.com\/MediaViestinta\/\" \/>\n<meta property=\"article:published_time\" content=\"2025-10-08T12:09:59+00:00\" \/>\n<meta property=\"article:modified_time\" content=\"2025-10-08T12:10:00+00:00\" \/>\n<meta property=\"og:image\" content=\"https:\/\/mediaviestinta.fi\/mevi2020\/wp-content\/uploads\/2025\/10\/squirrel-8211238_1280.jpg\" \/>\n\t<meta property=\"og:image:width\" content=\"1280\" \/>\n\t<meta property=\"og:image:height\" content=\"853\" \/>\n\t<meta property=\"og:image:type\" content=\"image\/jpeg\" \/>\n<meta name=\"author\" content=\"Mevi\" \/>\n<meta name=\"twitter:card\" content=\"summary_large_image\" \/>\n<meta name=\"twitter:creator\" content=\"@mediaviestinta\" \/>\n<meta name=\"twitter:site\" content=\"@mediaviestinta\" \/>\n<meta name=\"twitter:label1\" content=\"Kirjoittanut\" \/>\n\t<meta name=\"twitter:data1\" content=\"Mevi\" \/>\n\t<meta name=\"twitter:label2\" content=\"Arvioitu lukuaika\" \/>\n\t<meta name=\"twitter:data2\" content=\"1 minuutti\" \/>\n<script type=\"application\/ld+json\" class=\"yoast-schema-graph\">{\"@context\":\"https:\\\/\\\/schema.org\",\"@graph\":[{\"@type\":\"Article\",\"@id\":\"https:\\\/\\\/mediaviestinta.fi\\\/mevi2020\\\/2025\\\/10\\\/jatteet-ja-elaimet-elavat-rinta-rinnan-luonnossa\\\/#article\",\"isPartOf\":{\"@id\":\"https:\\\/\\\/mediaviestinta.fi\\\/mevi2020\\\/2025\\\/10\\\/jatteet-ja-elaimet-elavat-rinta-rinnan-luonnossa\\\/\"},\"author\":{\"name\":\"Mevi\",\"@id\":\"https:\\\/\\\/mediaviestinta.fi\\\/#\\\/schema\\\/person\\\/b2da34ab24cfcd17dbdd6c7cfb173257\"},\"headline\":\"J\u00e4tteet ja el\u00e4imet el\u00e4v\u00e4t rinta rinnan luonnossa\",\"datePublished\":\"2025-10-08T12:09:59+00:00\",\"dateModified\":\"2025-10-08T12:10:00+00:00\",\"mainEntityOfPage\":{\"@id\":\"https:\\\/\\\/mediaviestinta.fi\\\/mevi2020\\\/2025\\\/10\\\/jatteet-ja-elaimet-elavat-rinta-rinnan-luonnossa\\\/\"},\"wordCount\":627,\"commentCount\":0,\"publisher\":{\"@id\":\"https:\\\/\\\/mediaviestinta.fi\\\/#organization\"},\"image\":{\"@id\":\"https:\\\/\\\/mediaviestinta.fi\\\/mevi2020\\\/2025\\\/10\\\/jatteet-ja-elaimet-elavat-rinta-rinnan-luonnossa\\\/#primaryimage\"},\"thumbnailUrl\":\"https:\\\/\\\/mediaviestinta.fi\\\/mevi2020\\\/wp-content\\\/uploads\\\/2025\\\/10\\\/squirrel-8211238_1280.jpg\",\"inLanguage\":\"fi\",\"potentialAction\":[{\"@type\":\"CommentAction\",\"name\":\"Comment\",\"target\":[\"https:\\\/\\\/mediaviestinta.fi\\\/mevi2020\\\/2025\\\/10\\\/jatteet-ja-elaimet-elavat-rinta-rinnan-luonnossa\\\/#respond\"]}]},{\"@type\":\"WebPage\",\"@id\":\"https:\\\/\\\/mediaviestinta.fi\\\/mevi2020\\\/2025\\\/10\\\/jatteet-ja-elaimet-elavat-rinta-rinnan-luonnossa\\\/\",\"url\":\"https:\\\/\\\/mediaviestinta.fi\\\/mevi2020\\\/2025\\\/10\\\/jatteet-ja-elaimet-elavat-rinta-rinnan-luonnossa\\\/\",\"name\":\"J\u00e4tteet ja el\u00e4imet el\u00e4v\u00e4t rinta rinnan luonnossa &#8211; Mevi\",\"isPartOf\":{\"@id\":\"https:\\\/\\\/mediaviestinta.fi\\\/#website\"},\"primaryImageOfPage\":{\"@id\":\"https:\\\/\\\/mediaviestinta.fi\\\/mevi2020\\\/2025\\\/10\\\/jatteet-ja-elaimet-elavat-rinta-rinnan-luonnossa\\\/#primaryimage\"},\"image\":{\"@id\":\"https:\\\/\\\/mediaviestinta.fi\\\/mevi2020\\\/2025\\\/10\\\/jatteet-ja-elaimet-elavat-rinta-rinnan-luonnossa\\\/#primaryimage\"},\"thumbnailUrl\":\"https:\\\/\\\/mediaviestinta.fi\\\/mevi2020\\\/wp-content\\\/uploads\\\/2025\\\/10\\\/squirrel-8211238_1280.jpg\",\"datePublished\":\"2025-10-08T12:09:59+00:00\",\"dateModified\":\"2025-10-08T12:10:00+00:00\",\"breadcrumb\":{\"@id\":\"https:\\\/\\\/mediaviestinta.fi\\\/mevi2020\\\/2025\\\/10\\\/jatteet-ja-elaimet-elavat-rinta-rinnan-luonnossa\\\/#breadcrumb\"},\"inLanguage\":\"fi\",\"potentialAction\":[{\"@type\":\"ReadAction\",\"target\":[\"https:\\\/\\\/mediaviestinta.fi\\\/mevi2020\\\/2025\\\/10\\\/jatteet-ja-elaimet-elavat-rinta-rinnan-luonnossa\\\/\"]}]},{\"@type\":\"ImageObject\",\"inLanguage\":\"fi\",\"@id\":\"https:\\\/\\\/mediaviestinta.fi\\\/mevi2020\\\/2025\\\/10\\\/jatteet-ja-elaimet-elavat-rinta-rinnan-luonnossa\\\/#primaryimage\",\"url\":\"https:\\\/\\\/mediaviestinta.fi\\\/mevi2020\\\/wp-content\\\/uploads\\\/2025\\\/10\\\/squirrel-8211238_1280.jpg\",\"contentUrl\":\"https:\\\/\\\/mediaviestinta.fi\\\/mevi2020\\\/wp-content\\\/uploads\\\/2025\\\/10\\\/squirrel-8211238_1280.jpg\",\"width\":1280,\"height\":853,\"caption\":\"Pixabay \\\/ debannja\"},{\"@type\":\"BreadcrumbList\",\"@id\":\"https:\\\/\\\/mediaviestinta.fi\\\/mevi2020\\\/2025\\\/10\\\/jatteet-ja-elaimet-elavat-rinta-rinnan-luonnossa\\\/#breadcrumb\",\"itemListElement\":[{\"@type\":\"ListItem\",\"position\":1,\"name\":\"Home\",\"item\":\"https:\\\/\\\/mediaviestinta.fi\\\/\"},{\"@type\":\"ListItem\",\"position\":2,\"name\":\"J\u00e4tteet ja el\u00e4imet el\u00e4v\u00e4t rinta rinnan luonnossa\"}]},{\"@type\":\"WebSite\",\"@id\":\"https:\\\/\\\/mediaviestinta.fi\\\/#website\",\"url\":\"https:\\\/\\\/mediaviestinta.fi\\\/\",\"name\":\"Mevi\",\"description\":\"Media- ja viestint\u00e4tieteellinen seura Mevi\",\"publisher\":{\"@id\":\"https:\\\/\\\/mediaviestinta.fi\\\/#organization\"},\"potentialAction\":[{\"@type\":\"SearchAction\",\"target\":{\"@type\":\"EntryPoint\",\"urlTemplate\":\"https:\\\/\\\/mediaviestinta.fi\\\/?s={search_term_string}\"},\"query-input\":{\"@type\":\"PropertyValueSpecification\",\"valueRequired\":true,\"valueName\":\"search_term_string\"}}],\"inLanguage\":\"fi\"},{\"@type\":\"Organization\",\"@id\":\"https:\\\/\\\/mediaviestinta.fi\\\/#organization\",\"name\":\"Media- ja viestint\u00e4tieteellinen seura Mevi\",\"url\":\"https:\\\/\\\/mediaviestinta.fi\\\/\",\"logo\":{\"@type\":\"ImageObject\",\"inLanguage\":\"fi\",\"@id\":\"https:\\\/\\\/mediaviestinta.fi\\\/#\\\/schema\\\/logo\\\/image\\\/\",\"url\":\"https:\\\/\\\/mediaviestinta.fi\\\/mevi2020\\\/wp-content\\\/uploads\\\/2020\\\/03\\\/mevi-logo-RGB-Transparent.png\",\"contentUrl\":\"https:\\\/\\\/mediaviestinta.fi\\\/mevi2020\\\/wp-content\\\/uploads\\\/2020\\\/03\\\/mevi-logo-RGB-Transparent.png\",\"width\":910,\"height\":464,\"caption\":\"Media- ja viestint\u00e4tieteellinen seura Mevi\"},\"image\":{\"@id\":\"https:\\\/\\\/mediaviestinta.fi\\\/#\\\/schema\\\/logo\\\/image\\\/\"},\"sameAs\":[\"https:\\\/\\\/www.facebook.com\\\/MediaViestinta\\\/\",\"https:\\\/\\\/x.com\\\/mediaviestinta\"]},{\"@type\":\"Person\",\"@id\":\"https:\\\/\\\/mediaviestinta.fi\\\/#\\\/schema\\\/person\\\/b2da34ab24cfcd17dbdd6c7cfb173257\",\"name\":\"Mevi\",\"image\":{\"@type\":\"ImageObject\",\"inLanguage\":\"fi\",\"@id\":\"https:\\\/\\\/secure.gravatar.com\\\/avatar\\\/3305b76d1667dc119a18808ed03d6a1fc2dfa8b6a1cddecb8c4d27ef14ec32ca?s=96&d=mm&r=g\",\"url\":\"https:\\\/\\\/secure.gravatar.com\\\/avatar\\\/3305b76d1667dc119a18808ed03d6a1fc2dfa8b6a1cddecb8c4d27ef14ec32ca?s=96&d=mm&r=g\",\"contentUrl\":\"https:\\\/\\\/secure.gravatar.com\\\/avatar\\\/3305b76d1667dc119a18808ed03d6a1fc2dfa8b6a1cddecb8c4d27ef14ec32ca?s=96&d=mm&r=g\",\"caption\":\"Mevi\"},\"url\":\"https:\\\/\\\/mediaviestinta.fi\\\/mevi2020\\\/author\\\/mediavie\\\/\"}]}<\/script>\n<!-- \/ Yoast SEO plugin. -->","yoast_head_json":{"title":"J\u00e4tteet ja el\u00e4imet el\u00e4v\u00e4t rinta rinnan luonnossa &#8211; Mevi","robots":{"index":"index","follow":"follow","max-snippet":"max-snippet:-1","max-image-preview":"max-image-preview:large","max-video-preview":"max-video-preview:-1"},"canonical":"https:\/\/mediaviestinta.fi\/mevi2020\/2025\/10\/jatteet-ja-elaimet-elavat-rinta-rinnan-luonnossa\/","og_locale":"fi_FI","og_type":"article","og_title":"J\u00e4tteet ja el\u00e4imet el\u00e4v\u00e4t rinta rinnan luonnossa &#8211; Mevi","og_description":"J\u00e4te muovaa el\u00e4inten toimijuutta joskus yll\u00e4tt\u00e4vill\u00e4kin tavoilla: j\u00e4te ei aina vain rajaa el\u00e4inten mahdollisuuksia el\u00e4m\u00e4\u00e4n, vaan se voi my\u00f6s esimerkiksi tarjota suojapaikkoja el\u00e4imille. Niina Uusitalo ja Taru Lehtokunnas&hellip;","og_url":"https:\/\/mediaviestinta.fi\/mevi2020\/2025\/10\/jatteet-ja-elaimet-elavat-rinta-rinnan-luonnossa\/","og_site_name":"Mevi","article_publisher":"https:\/\/www.facebook.com\/MediaViestinta\/","article_published_time":"2025-10-08T12:09:59+00:00","article_modified_time":"2025-10-08T12:10:00+00:00","og_image":[{"width":1280,"height":853,"url":"https:\/\/mediaviestinta.fi\/mevi2020\/wp-content\/uploads\/2025\/10\/squirrel-8211238_1280.jpg","type":"image\/jpeg"}],"author":"Mevi","twitter_card":"summary_large_image","twitter_creator":"@mediaviestinta","twitter_site":"@mediaviestinta","twitter_misc":{"Kirjoittanut":"Mevi","Arvioitu lukuaika":"1 minuutti"},"schema":{"@context":"https:\/\/schema.org","@graph":[{"@type":"Article","@id":"https:\/\/mediaviestinta.fi\/mevi2020\/2025\/10\/jatteet-ja-elaimet-elavat-rinta-rinnan-luonnossa\/#article","isPartOf":{"@id":"https:\/\/mediaviestinta.fi\/mevi2020\/2025\/10\/jatteet-ja-elaimet-elavat-rinta-rinnan-luonnossa\/"},"author":{"name":"Mevi","@id":"https:\/\/mediaviestinta.fi\/#\/schema\/person\/b2da34ab24cfcd17dbdd6c7cfb173257"},"headline":"J\u00e4tteet ja el\u00e4imet el\u00e4v\u00e4t rinta rinnan luonnossa","datePublished":"2025-10-08T12:09:59+00:00","dateModified":"2025-10-08T12:10:00+00:00","mainEntityOfPage":{"@id":"https:\/\/mediaviestinta.fi\/mevi2020\/2025\/10\/jatteet-ja-elaimet-elavat-rinta-rinnan-luonnossa\/"},"wordCount":627,"commentCount":0,"publisher":{"@id":"https:\/\/mediaviestinta.fi\/#organization"},"image":{"@id":"https:\/\/mediaviestinta.fi\/mevi2020\/2025\/10\/jatteet-ja-elaimet-elavat-rinta-rinnan-luonnossa\/#primaryimage"},"thumbnailUrl":"https:\/\/mediaviestinta.fi\/mevi2020\/wp-content\/uploads\/2025\/10\/squirrel-8211238_1280.jpg","inLanguage":"fi","potentialAction":[{"@type":"CommentAction","name":"Comment","target":["https:\/\/mediaviestinta.fi\/mevi2020\/2025\/10\/jatteet-ja-elaimet-elavat-rinta-rinnan-luonnossa\/#respond"]}]},{"@type":"WebPage","@id":"https:\/\/mediaviestinta.fi\/mevi2020\/2025\/10\/jatteet-ja-elaimet-elavat-rinta-rinnan-luonnossa\/","url":"https:\/\/mediaviestinta.fi\/mevi2020\/2025\/10\/jatteet-ja-elaimet-elavat-rinta-rinnan-luonnossa\/","name":"J\u00e4tteet ja el\u00e4imet el\u00e4v\u00e4t rinta rinnan luonnossa &#8211; Mevi","isPartOf":{"@id":"https:\/\/mediaviestinta.fi\/#website"},"primaryImageOfPage":{"@id":"https:\/\/mediaviestinta.fi\/mevi2020\/2025\/10\/jatteet-ja-elaimet-elavat-rinta-rinnan-luonnossa\/#primaryimage"},"image":{"@id":"https:\/\/mediaviestinta.fi\/mevi2020\/2025\/10\/jatteet-ja-elaimet-elavat-rinta-rinnan-luonnossa\/#primaryimage"},"thumbnailUrl":"https:\/\/mediaviestinta.fi\/mevi2020\/wp-content\/uploads\/2025\/10\/squirrel-8211238_1280.jpg","datePublished":"2025-10-08T12:09:59+00:00","dateModified":"2025-10-08T12:10:00+00:00","breadcrumb":{"@id":"https:\/\/mediaviestinta.fi\/mevi2020\/2025\/10\/jatteet-ja-elaimet-elavat-rinta-rinnan-luonnossa\/#breadcrumb"},"inLanguage":"fi","potentialAction":[{"@type":"ReadAction","target":["https:\/\/mediaviestinta.fi\/mevi2020\/2025\/10\/jatteet-ja-elaimet-elavat-rinta-rinnan-luonnossa\/"]}]},{"@type":"ImageObject","inLanguage":"fi","@id":"https:\/\/mediaviestinta.fi\/mevi2020\/2025\/10\/jatteet-ja-elaimet-elavat-rinta-rinnan-luonnossa\/#primaryimage","url":"https:\/\/mediaviestinta.fi\/mevi2020\/wp-content\/uploads\/2025\/10\/squirrel-8211238_1280.jpg","contentUrl":"https:\/\/mediaviestinta.fi\/mevi2020\/wp-content\/uploads\/2025\/10\/squirrel-8211238_1280.jpg","width":1280,"height":853,"caption":"Pixabay \/ debannja"},{"@type":"BreadcrumbList","@id":"https:\/\/mediaviestinta.fi\/mevi2020\/2025\/10\/jatteet-ja-elaimet-elavat-rinta-rinnan-luonnossa\/#breadcrumb","itemListElement":[{"@type":"ListItem","position":1,"name":"Home","item":"https:\/\/mediaviestinta.fi\/"},{"@type":"ListItem","position":2,"name":"J\u00e4tteet ja el\u00e4imet el\u00e4v\u00e4t rinta rinnan luonnossa"}]},{"@type":"WebSite","@id":"https:\/\/mediaviestinta.fi\/#website","url":"https:\/\/mediaviestinta.fi\/","name":"Mevi","description":"Media- ja viestint\u00e4tieteellinen seura Mevi","publisher":{"@id":"https:\/\/mediaviestinta.fi\/#organization"},"potentialAction":[{"@type":"SearchAction","target":{"@type":"EntryPoint","urlTemplate":"https:\/\/mediaviestinta.fi\/?s={search_term_string}"},"query-input":{"@type":"PropertyValueSpecification","valueRequired":true,"valueName":"search_term_string"}}],"inLanguage":"fi"},{"@type":"Organization","@id":"https:\/\/mediaviestinta.fi\/#organization","name":"Media- ja viestint\u00e4tieteellinen seura Mevi","url":"https:\/\/mediaviestinta.fi\/","logo":{"@type":"ImageObject","inLanguage":"fi","@id":"https:\/\/mediaviestinta.fi\/#\/schema\/logo\/image\/","url":"https:\/\/mediaviestinta.fi\/mevi2020\/wp-content\/uploads\/2020\/03\/mevi-logo-RGB-Transparent.png","contentUrl":"https:\/\/mediaviestinta.fi\/mevi2020\/wp-content\/uploads\/2020\/03\/mevi-logo-RGB-Transparent.png","width":910,"height":464,"caption":"Media- ja viestint\u00e4tieteellinen seura Mevi"},"image":{"@id":"https:\/\/mediaviestinta.fi\/#\/schema\/logo\/image\/"},"sameAs":["https:\/\/www.facebook.com\/MediaViestinta\/","https:\/\/x.com\/mediaviestinta"]},{"@type":"Person","@id":"https:\/\/mediaviestinta.fi\/#\/schema\/person\/b2da34ab24cfcd17dbdd6c7cfb173257","name":"Mevi","image":{"@type":"ImageObject","inLanguage":"fi","@id":"https:\/\/secure.gravatar.com\/avatar\/3305b76d1667dc119a18808ed03d6a1fc2dfa8b6a1cddecb8c4d27ef14ec32ca?s=96&d=mm&r=g","url":"https:\/\/secure.gravatar.com\/avatar\/3305b76d1667dc119a18808ed03d6a1fc2dfa8b6a1cddecb8c4d27ef14ec32ca?s=96&d=mm&r=g","contentUrl":"https:\/\/secure.gravatar.com\/avatar\/3305b76d1667dc119a18808ed03d6a1fc2dfa8b6a1cddecb8c4d27ef14ec32ca?s=96&d=mm&r=g","caption":"Mevi"},"url":"https:\/\/mediaviestinta.fi\/mevi2020\/author\/mediavie\/"}]}},"_links":{"self":[{"href":"https:\/\/mediaviestinta.fi\/mevi2020\/wp-json\/wp\/v2\/posts\/5396","targetHints":{"allow":["GET"]}}],"collection":[{"href":"https:\/\/mediaviestinta.fi\/mevi2020\/wp-json\/wp\/v2\/posts"}],"about":[{"href":"https:\/\/mediaviestinta.fi\/mevi2020\/wp-json\/wp\/v2\/types\/post"}],"author":[{"embeddable":true,"href":"https:\/\/mediaviestinta.fi\/mevi2020\/wp-json\/wp\/v2\/users\/3"}],"replies":[{"embeddable":true,"href":"https:\/\/mediaviestinta.fi\/mevi2020\/wp-json\/wp\/v2\/comments?post=5396"}],"version-history":[{"count":3,"href":"https:\/\/mediaviestinta.fi\/mevi2020\/wp-json\/wp\/v2\/posts\/5396\/revisions"}],"predecessor-version":[{"id":5401,"href":"https:\/\/mediaviestinta.fi\/mevi2020\/wp-json\/wp\/v2\/posts\/5396\/revisions\/5401"}],"wp:featuredmedia":[{"embeddable":true,"href":"https:\/\/mediaviestinta.fi\/mevi2020\/wp-json\/wp\/v2\/media\/5400"}],"wp:attachment":[{"href":"https:\/\/mediaviestinta.fi\/mevi2020\/wp-json\/wp\/v2\/media?parent=5396"}],"wp:term":[{"taxonomy":"category","embeddable":true,"href":"https:\/\/mediaviestinta.fi\/mevi2020\/wp-json\/wp\/v2\/categories?post=5396"},{"taxonomy":"post_tag","embeddable":true,"href":"https:\/\/mediaviestinta.fi\/mevi2020\/wp-json\/wp\/v2\/tags?post=5396"}],"curies":[{"name":"wp","href":"https:\/\/api.w.org\/{rel}","templated":true}]}}