{"id":5403,"date":"2025-11-13T08:35:59","date_gmt":"2025-11-13T06:35:59","guid":{"rendered":"https:\/\/mediaviestinta.fi\/mevi2020\/?p=5403"},"modified":"2025-11-13T15:23:16","modified_gmt":"2025-11-13T13:23:16","slug":"median-viestinnan-media-maa-teemanumero-pohtii-mediatutkimuksen-perustoja-ekologisessa-hatatilassa","status":"publish","type":"post","link":"https:\/\/mediaviestinta.fi\/mevi2020\/2025\/11\/median-viestinnan-media-maa-teemanumero-pohtii-mediatutkimuksen-perustoja-ekologisessa-hatatilassa\/","title":{"rendered":"Median &amp; viestinn\u00e4n Media\/Maa-teemanumero pohtii mediatutkimuksen perustoja ekologisessa h\u00e4t\u00e4tilassa"},"content":{"rendered":"\n<p><strong><em>Media &amp; viestinn\u00e4n<\/em>\u00a0Media\/Maa-teemanumerossa l\u00e4hestyt\u00e4\u00e4n median ja maan vastavuoroista materiaalista sidoksisuutta ekologisista l\u00e4ht\u00f6kohdista. &#8221;Otsikolla kuvaamme sek\u00e4 median viimek\u00e4tist\u00e4 riippuvuutta maapallon aineksista ett\u00e4 nime\u00e4mme Maan itsess\u00e4\u00e4n perustavaksi materiaaliseksi mediumiksi. Samalla t\u00e4m\u00e4 avaa mahdollisuuden arvioida uudelleen tutkimusalan vakiintuneita tietoteoreettisia sitoumuksia&#8221;, teemanumeron toimittaneet Seija Ridell ja Aino Kangaspuro Haaparanta toteavat. Teemanumeron johdantoartikkeliin <em>H\u00e4lytys!!! Mediatutkimusta ekologisessa h\u00e4t\u00e4tilassa <\/em>p\u00e4\u00e4set tutustumaan <a href=\"https:\/\/journal.fi\/mediaviestinta\/article\/view\/176925\">t\u00e4\u00e4ll\u00e4.<\/a><\/strong><\/p>\n\n\n\n<p><strong>Miksi halusitte tehd\u00e4 t\u00e4llaisen teemanumeron?<\/strong><\/p>\n\n\n\n<p>Maa-planeetan elonkeh\u00e4n syvenev\u00e4 h\u00e4t\u00e4tila, joka on pitk\u00e4lti ihmisen aiheuttama, on jokap\u00e4iv\u00e4iseen el\u00e4m\u00e4\u00e4mme nivoutunut eksistentiaalinen uhka. Olisi outoa sivuuttaa t\u00e4m\u00e4 asiaintila ja olosuhde mediatutkimuksessa jo siksi, ett\u00e4 viestint\u00e4- ja mediateknologiat ja niit\u00e4 hy\u00f6dynt\u00e4v\u00e4t k\u00e4yt\u00e4nn\u00f6t ovat merkitt\u00e4v\u00e4 osapuoli nykyisisiss\u00e4 ekologisissa kriiseiss\u00e4. Vaikka joukkoviestint\u00e4- ja mediatutkimus ei ole ollut ensimm\u00e4isen\u00e4 kysym\u00e4ss\u00e4 ekologisesti virittyneit\u00e4 materiaalisuuden kysymyksi\u00e4, niin kutsuttu k\u00e4\u00e4nne luontoon tai luontok\u00e4\u00e4nne (turn to nature) on vahvistunut kansainv\u00e4lisiss\u00e4 mediatutkimuksen keskusteluissa 2010-luvulta alkaen. Suomeksi julkaistavassa mediatutkimuksessa samanlaista k\u00e4\u00e4nnett\u00e4 ei ole ollut viel\u00e4 havaittavissa, ja toivomme, ett\u00e4 Media\/Maa-teemanumero voisi toimia l\u00e4ht\u00f6laukauksena ja inspiraationa sille.<\/p>\n\n\n\n<p><strong>Miksi media- ja viestint\u00e4tutkijoiden pit\u00e4isi olla kiinnostuneita Maasta materiaalisena mediumina?<\/strong><\/p>\n\n\n\n<p>Janoamme jatkuvasti uutta ymm\u00e4rryst\u00e4 siit\u00e4, miten mediateknologiat vaikuttavat sosiaalisiin suhteisiimme, poliittisiin rakenteisiin ja kulttuurisiin k\u00e4sitystapoihin. Samaan aikaan niin luonnonvarojen kuin ihmisten ja muiden elollisten v\u00e4kivaltainen teknokapitalistinen riist\u00e4minen koettelee ennenkokemattomilla tavoilla ei vain homo sapiensin(a) olemisen vaan kaiken el\u00e4m\u00e4n ehtoja Maa-planeetalla. Konkreettisina esimerkkein\u00e4 t\u00e4st\u00e4 toimivat muun muassa teknomiljard\u00f6\u00f6rien avaruuteen ulottamat (sota)teknologiset jatkeet ja yh\u00e4 massiivisemmin maapallon varantoja loppuun kuluttavat niin kutsutun vihre\u00e4n siirtym\u00e4n hankkeet sek\u00e4 ylip\u00e4\u00e4t\u00e4\u00e4n ekologista tunnottomuutta (<a href=\"https:\/\/journal.fi\/mediaviestinta\/article\/view\/156716\">ks. Muilu 2025 teemanumerossa<\/a>) edist\u00e4v\u00e4 ja yll\u00e4pit\u00e4v\u00e4 suhtautumisemme teknologiaan. <\/p>\n\n\n\n<p>Toisiinsa vastavuoroisesti sidoksissa olevasti t\u00e4m\u00e4 kiihdytt\u00e4\u00e4 my\u00f6s yhteiskuntien demokraattisten pelis\u00e4\u00e4nt\u00f6jen ja k\u00e4yt\u00e4nt\u00f6jen romahdusta, tarkastellaanpa sitten Donald Trumpin Yhdysvaltoja, hy\u00f6kk\u00e4yssotaa k\u00e4yv\u00e4\u00e4 Vladimir Putinin Ven\u00e4j\u00e4\u00e4 tai Israelin toimintaa Gazassa. Ei ole liioittelua sanoa, ett\u00e4 kokonaisvaltaisuudessaan teknokapitalistinen logiikka m\u00e4\u00e4rittelee yh\u00e4 j\u00e4\u00e4nn\u00f6ksett\u00f6m\u00e4mmin rajat my\u00f6s toimijuudellemme mediatutkijoina. T\u00e4m\u00e4n kaiken perkaamiseen, purkamiseen ja analyyttiseen erittelyyn ekomateriaalinen mediatutkimus tarjoaa hedelm\u00e4llisen l\u00e4ht\u00f6kohdan. Jotta voisimme saada monisyisemm\u00e4n otteen n\u00e4ist\u00e4 viimeaikaisista ja toisiinsa elimellisesti kietoutuvista kehityskuluista, on hy\u00f6dyllist\u00e4 ymm\u00e4rt\u00e4\u00e4 Maa itsess\u00e4\u00e4n materiaaliseksi mediumiksi \u2013 el\u00e4m\u00e4n itsens\u00e4 infrastruktuuriksi.<\/p>\n\n\n\n<p><strong>Miksi teemanumeroon kannattaa tutustua?<\/strong><\/p>\n\n\n\n<p>Media\/Maa-teemanumerossa julkaistut vertaisarvioidut artikkelit, katsaukset ja muut tekstit tarjoavat ainutlaatuisen suomenkielisen kokonaisuuden, jota voi k\u00e4ytt\u00e4\u00e4 astinlautana ekomateriaalisen mediatutkimuksen moninaisiin maastoihin. Teemanumerossa pohditaan elementaalisen mediateorian, saksalaisen mediateorian ja esimerkiksi journalismin tutkimuksen kysymyksi\u00e4. Lis\u00e4ksi teemanumeroa varten suomennettu <a href=\"https:\/\/journal.fi\/mediaviestinta\/article\/view\/176809\">Jussi Parikan (2015) teksti <\/a>avaa tutkimusalan omakielisell\u00e4 kent\u00e4ll\u00e4 n\u00e4kym\u00e4n englanniksi meneill\u00e4\u00e4n olleisiin ja oleviin ekomateriaalisiin keskusteluihin. Samalla suomennos tuottaa uutta mediatutkimuksellista sanastoa, jonka avulla mediateknologisia laitteita ja niiden k\u00e4yt\u00f6n mahdollistavia infrastruktuureja on mahdollista teoretisoida my\u00f6s suomeksi. Teemanumeron tavoitteena on sek\u00e4 monipuolistaa suomen kielell\u00e4 k\u00e4yt\u00e4vi\u00e4 mediatutkimuksellisia keskusteluja ett\u00e4 her\u00e4tell\u00e4 laajempaa kiinnostusta ekomateriaalisia kysymyksi\u00e4 kohtaan. Toivottavasti teemanumero l\u00f6yt\u00e4\u00e4 tiens\u00e4 tutkijoiden lis\u00e4ksi my\u00f6s opetuksen avuksi ja tueksi.<\/p>\n","protected":false},"excerpt":{"rendered":"<p>Media &amp; viestinn\u00e4n\u00a0Media\/Maa-teemanumerossa l\u00e4hestyt\u00e4\u00e4n median ja maan vastavuoroista materiaalista sidoksisuutta ekologisista l\u00e4ht\u00f6kohdista. &#8221;Otsikolla kuvaamme sek\u00e4 median viimek\u00e4tist\u00e4 riippuvuutta maapallon aineksista ett\u00e4 nime\u00e4mme Maan itsess\u00e4\u00e4n perustavaksi materiaaliseksi mediumiksi. Samalla&hellip;<\/p>\n","protected":false},"author":3,"featured_media":5404,"comment_status":"open","ping_status":"closed","sticky":false,"template":"","format":"standard","meta":{"_monsterinsights_skip_tracking":false,"_monsterinsights_sitenote_active":false,"_monsterinsights_sitenote_note":"","_monsterinsights_sitenote_category":0,"footnotes":""},"categories":[1],"tags":[],"class_list":["post-5403","post","type-post","status-publish","format-standard","has-post-thumbnail","hentry","category-yleinen"],"yoast_head":"<!-- This site is optimized with the Yoast SEO plugin v27.5 - https:\/\/yoast.com\/product\/yoast-seo-wordpress\/ -->\n<title>Median &amp; viestinn\u00e4n Media\/Maa-teemanumero pohtii mediatutkimuksen perustoja ekologisessa h\u00e4t\u00e4tilassa &#8211; Mevi<\/title>\n<meta name=\"robots\" content=\"index, follow, max-snippet:-1, max-image-preview:large, max-video-preview:-1\" \/>\n<link rel=\"canonical\" href=\"https:\/\/mediaviestinta.fi\/mevi2020\/2025\/11\/median-viestinnan-media-maa-teemanumero-pohtii-mediatutkimuksen-perustoja-ekologisessa-hatatilassa\/\" \/>\n<meta property=\"og:locale\" content=\"fi_FI\" \/>\n<meta property=\"og:type\" content=\"article\" \/>\n<meta property=\"og:title\" content=\"Median &amp; viestinn\u00e4n Media\/Maa-teemanumero pohtii mediatutkimuksen perustoja ekologisessa h\u00e4t\u00e4tilassa &#8211; Mevi\" \/>\n<meta property=\"og:description\" content=\"Media &amp; viestinn\u00e4n\u00a0Media\/Maa-teemanumerossa l\u00e4hestyt\u00e4\u00e4n median ja maan vastavuoroista materiaalista sidoksisuutta ekologisista l\u00e4ht\u00f6kohdista. &#8221;Otsikolla kuvaamme sek\u00e4 median viimek\u00e4tist\u00e4 riippuvuutta maapallon aineksista ett\u00e4 nime\u00e4mme Maan itsess\u00e4\u00e4n perustavaksi materiaaliseksi mediumiksi. Samalla&hellip;\" \/>\n<meta property=\"og:url\" content=\"https:\/\/mediaviestinta.fi\/mevi2020\/2025\/11\/median-viestinnan-media-maa-teemanumero-pohtii-mediatutkimuksen-perustoja-ekologisessa-hatatilassa\/\" \/>\n<meta property=\"og:site_name\" content=\"Mevi\" \/>\n<meta property=\"article:publisher\" content=\"https:\/\/www.facebook.com\/MediaViestinta\/\" \/>\n<meta property=\"article:published_time\" content=\"2025-11-13T06:35:59+00:00\" \/>\n<meta property=\"article:modified_time\" content=\"2025-11-13T13:23:16+00:00\" \/>\n<meta property=\"og:image\" content=\"https:\/\/mediaviestinta.fi\/mevi2020\/wp-content\/uploads\/2025\/11\/earth-1617121_1280.jpg\" \/>\n\t<meta property=\"og:image:width\" content=\"1280\" \/>\n\t<meta property=\"og:image:height\" content=\"719\" \/>\n\t<meta property=\"og:image:type\" content=\"image\/jpeg\" \/>\n<meta name=\"author\" content=\"Mevi\" \/>\n<meta name=\"twitter:card\" content=\"summary_large_image\" \/>\n<meta name=\"twitter:creator\" content=\"@mediaviestinta\" \/>\n<meta name=\"twitter:site\" content=\"@mediaviestinta\" \/>\n<meta name=\"twitter:label1\" content=\"Kirjoittanut\" \/>\n\t<meta name=\"twitter:data1\" content=\"Mevi\" \/>\n\t<meta name=\"twitter:label2\" content=\"Arvioitu lukuaika\" \/>\n\t<meta name=\"twitter:data2\" content=\"1 minuutti\" \/>\n<script type=\"application\/ld+json\" class=\"yoast-schema-graph\">{\"@context\":\"https:\\\/\\\/schema.org\",\"@graph\":[{\"@type\":\"Article\",\"@id\":\"https:\\\/\\\/mediaviestinta.fi\\\/mevi2020\\\/2025\\\/11\\\/median-viestinnan-media-maa-teemanumero-pohtii-mediatutkimuksen-perustoja-ekologisessa-hatatilassa\\\/#article\",\"isPartOf\":{\"@id\":\"https:\\\/\\\/mediaviestinta.fi\\\/mevi2020\\\/2025\\\/11\\\/median-viestinnan-media-maa-teemanumero-pohtii-mediatutkimuksen-perustoja-ekologisessa-hatatilassa\\\/\"},\"author\":{\"name\":\"Mevi\",\"@id\":\"https:\\\/\\\/mediaviestinta.fi\\\/#\\\/schema\\\/person\\\/b2da34ab24cfcd17dbdd6c7cfb173257\"},\"headline\":\"Median &amp; viestinn\u00e4n Media\\\/Maa-teemanumero pohtii mediatutkimuksen perustoja ekologisessa h\u00e4t\u00e4tilassa\",\"datePublished\":\"2025-11-13T06:35:59+00:00\",\"dateModified\":\"2025-11-13T13:23:16+00:00\",\"mainEntityOfPage\":{\"@id\":\"https:\\\/\\\/mediaviestinta.fi\\\/mevi2020\\\/2025\\\/11\\\/median-viestinnan-media-maa-teemanumero-pohtii-mediatutkimuksen-perustoja-ekologisessa-hatatilassa\\\/\"},\"wordCount\":532,\"commentCount\":0,\"publisher\":{\"@id\":\"https:\\\/\\\/mediaviestinta.fi\\\/#organization\"},\"image\":{\"@id\":\"https:\\\/\\\/mediaviestinta.fi\\\/mevi2020\\\/2025\\\/11\\\/median-viestinnan-media-maa-teemanumero-pohtii-mediatutkimuksen-perustoja-ekologisessa-hatatilassa\\\/#primaryimage\"},\"thumbnailUrl\":\"https:\\\/\\\/mediaviestinta.fi\\\/mevi2020\\\/wp-content\\\/uploads\\\/2025\\\/11\\\/earth-1617121_1280.jpg\",\"inLanguage\":\"fi\",\"potentialAction\":[{\"@type\":\"CommentAction\",\"name\":\"Comment\",\"target\":[\"https:\\\/\\\/mediaviestinta.fi\\\/mevi2020\\\/2025\\\/11\\\/median-viestinnan-media-maa-teemanumero-pohtii-mediatutkimuksen-perustoja-ekologisessa-hatatilassa\\\/#respond\"]}]},{\"@type\":\"WebPage\",\"@id\":\"https:\\\/\\\/mediaviestinta.fi\\\/mevi2020\\\/2025\\\/11\\\/median-viestinnan-media-maa-teemanumero-pohtii-mediatutkimuksen-perustoja-ekologisessa-hatatilassa\\\/\",\"url\":\"https:\\\/\\\/mediaviestinta.fi\\\/mevi2020\\\/2025\\\/11\\\/median-viestinnan-media-maa-teemanumero-pohtii-mediatutkimuksen-perustoja-ekologisessa-hatatilassa\\\/\",\"name\":\"Median &amp; viestinn\u00e4n Media\\\/Maa-teemanumero pohtii mediatutkimuksen perustoja ekologisessa h\u00e4t\u00e4tilassa &#8211; Mevi\",\"isPartOf\":{\"@id\":\"https:\\\/\\\/mediaviestinta.fi\\\/#website\"},\"primaryImageOfPage\":{\"@id\":\"https:\\\/\\\/mediaviestinta.fi\\\/mevi2020\\\/2025\\\/11\\\/median-viestinnan-media-maa-teemanumero-pohtii-mediatutkimuksen-perustoja-ekologisessa-hatatilassa\\\/#primaryimage\"},\"image\":{\"@id\":\"https:\\\/\\\/mediaviestinta.fi\\\/mevi2020\\\/2025\\\/11\\\/median-viestinnan-media-maa-teemanumero-pohtii-mediatutkimuksen-perustoja-ekologisessa-hatatilassa\\\/#primaryimage\"},\"thumbnailUrl\":\"https:\\\/\\\/mediaviestinta.fi\\\/mevi2020\\\/wp-content\\\/uploads\\\/2025\\\/11\\\/earth-1617121_1280.jpg\",\"datePublished\":\"2025-11-13T06:35:59+00:00\",\"dateModified\":\"2025-11-13T13:23:16+00:00\",\"breadcrumb\":{\"@id\":\"https:\\\/\\\/mediaviestinta.fi\\\/mevi2020\\\/2025\\\/11\\\/median-viestinnan-media-maa-teemanumero-pohtii-mediatutkimuksen-perustoja-ekologisessa-hatatilassa\\\/#breadcrumb\"},\"inLanguage\":\"fi\",\"potentialAction\":[{\"@type\":\"ReadAction\",\"target\":[\"https:\\\/\\\/mediaviestinta.fi\\\/mevi2020\\\/2025\\\/11\\\/median-viestinnan-media-maa-teemanumero-pohtii-mediatutkimuksen-perustoja-ekologisessa-hatatilassa\\\/\"]}]},{\"@type\":\"ImageObject\",\"inLanguage\":\"fi\",\"@id\":\"https:\\\/\\\/mediaviestinta.fi\\\/mevi2020\\\/2025\\\/11\\\/median-viestinnan-media-maa-teemanumero-pohtii-mediatutkimuksen-perustoja-ekologisessa-hatatilassa\\\/#primaryimage\",\"url\":\"https:\\\/\\\/mediaviestinta.fi\\\/mevi2020\\\/wp-content\\\/uploads\\\/2025\\\/11\\\/earth-1617121_1280.jpg\",\"contentUrl\":\"https:\\\/\\\/mediaviestinta.fi\\\/mevi2020\\\/wp-content\\\/uploads\\\/2025\\\/11\\\/earth-1617121_1280.jpg\",\"width\":1280,\"height\":719,\"caption\":\"PIRO4D \\\/ Pixabay\"},{\"@type\":\"BreadcrumbList\",\"@id\":\"https:\\\/\\\/mediaviestinta.fi\\\/mevi2020\\\/2025\\\/11\\\/median-viestinnan-media-maa-teemanumero-pohtii-mediatutkimuksen-perustoja-ekologisessa-hatatilassa\\\/#breadcrumb\",\"itemListElement\":[{\"@type\":\"ListItem\",\"position\":1,\"name\":\"Home\",\"item\":\"https:\\\/\\\/mediaviestinta.fi\\\/\"},{\"@type\":\"ListItem\",\"position\":2,\"name\":\"Median &amp; viestinn\u00e4n Media\\\/Maa-teemanumero pohtii mediatutkimuksen perustoja ekologisessa h\u00e4t\u00e4tilassa\"}]},{\"@type\":\"WebSite\",\"@id\":\"https:\\\/\\\/mediaviestinta.fi\\\/#website\",\"url\":\"https:\\\/\\\/mediaviestinta.fi\\\/\",\"name\":\"Mevi\",\"description\":\"Media- ja viestint\u00e4tieteellinen seura Mevi\",\"publisher\":{\"@id\":\"https:\\\/\\\/mediaviestinta.fi\\\/#organization\"},\"potentialAction\":[{\"@type\":\"SearchAction\",\"target\":{\"@type\":\"EntryPoint\",\"urlTemplate\":\"https:\\\/\\\/mediaviestinta.fi\\\/?s={search_term_string}\"},\"query-input\":{\"@type\":\"PropertyValueSpecification\",\"valueRequired\":true,\"valueName\":\"search_term_string\"}}],\"inLanguage\":\"fi\"},{\"@type\":\"Organization\",\"@id\":\"https:\\\/\\\/mediaviestinta.fi\\\/#organization\",\"name\":\"Media- ja viestint\u00e4tieteellinen seura Mevi\",\"url\":\"https:\\\/\\\/mediaviestinta.fi\\\/\",\"logo\":{\"@type\":\"ImageObject\",\"inLanguage\":\"fi\",\"@id\":\"https:\\\/\\\/mediaviestinta.fi\\\/#\\\/schema\\\/logo\\\/image\\\/\",\"url\":\"https:\\\/\\\/mediaviestinta.fi\\\/mevi2020\\\/wp-content\\\/uploads\\\/2020\\\/03\\\/mevi-logo-RGB-Transparent.png\",\"contentUrl\":\"https:\\\/\\\/mediaviestinta.fi\\\/mevi2020\\\/wp-content\\\/uploads\\\/2020\\\/03\\\/mevi-logo-RGB-Transparent.png\",\"width\":910,\"height\":464,\"caption\":\"Media- ja viestint\u00e4tieteellinen seura Mevi\"},\"image\":{\"@id\":\"https:\\\/\\\/mediaviestinta.fi\\\/#\\\/schema\\\/logo\\\/image\\\/\"},\"sameAs\":[\"https:\\\/\\\/www.facebook.com\\\/MediaViestinta\\\/\",\"https:\\\/\\\/x.com\\\/mediaviestinta\"]},{\"@type\":\"Person\",\"@id\":\"https:\\\/\\\/mediaviestinta.fi\\\/#\\\/schema\\\/person\\\/b2da34ab24cfcd17dbdd6c7cfb173257\",\"name\":\"Mevi\",\"image\":{\"@type\":\"ImageObject\",\"inLanguage\":\"fi\",\"@id\":\"https:\\\/\\\/secure.gravatar.com\\\/avatar\\\/3305b76d1667dc119a18808ed03d6a1fc2dfa8b6a1cddecb8c4d27ef14ec32ca?s=96&d=mm&r=g\",\"url\":\"https:\\\/\\\/secure.gravatar.com\\\/avatar\\\/3305b76d1667dc119a18808ed03d6a1fc2dfa8b6a1cddecb8c4d27ef14ec32ca?s=96&d=mm&r=g\",\"contentUrl\":\"https:\\\/\\\/secure.gravatar.com\\\/avatar\\\/3305b76d1667dc119a18808ed03d6a1fc2dfa8b6a1cddecb8c4d27ef14ec32ca?s=96&d=mm&r=g\",\"caption\":\"Mevi\"},\"url\":\"https:\\\/\\\/mediaviestinta.fi\\\/mevi2020\\\/author\\\/mediavie\\\/\"}]}<\/script>\n<!-- \/ Yoast SEO plugin. -->","yoast_head_json":{"title":"Median &amp; viestinn\u00e4n Media\/Maa-teemanumero pohtii mediatutkimuksen perustoja ekologisessa h\u00e4t\u00e4tilassa &#8211; Mevi","robots":{"index":"index","follow":"follow","max-snippet":"max-snippet:-1","max-image-preview":"max-image-preview:large","max-video-preview":"max-video-preview:-1"},"canonical":"https:\/\/mediaviestinta.fi\/mevi2020\/2025\/11\/median-viestinnan-media-maa-teemanumero-pohtii-mediatutkimuksen-perustoja-ekologisessa-hatatilassa\/","og_locale":"fi_FI","og_type":"article","og_title":"Median &amp; viestinn\u00e4n Media\/Maa-teemanumero pohtii mediatutkimuksen perustoja ekologisessa h\u00e4t\u00e4tilassa &#8211; Mevi","og_description":"Media &amp; viestinn\u00e4n\u00a0Media\/Maa-teemanumerossa l\u00e4hestyt\u00e4\u00e4n median ja maan vastavuoroista materiaalista sidoksisuutta ekologisista l\u00e4ht\u00f6kohdista. &#8221;Otsikolla kuvaamme sek\u00e4 median viimek\u00e4tist\u00e4 riippuvuutta maapallon aineksista ett\u00e4 nime\u00e4mme Maan itsess\u00e4\u00e4n perustavaksi materiaaliseksi mediumiksi. Samalla&hellip;","og_url":"https:\/\/mediaviestinta.fi\/mevi2020\/2025\/11\/median-viestinnan-media-maa-teemanumero-pohtii-mediatutkimuksen-perustoja-ekologisessa-hatatilassa\/","og_site_name":"Mevi","article_publisher":"https:\/\/www.facebook.com\/MediaViestinta\/","article_published_time":"2025-11-13T06:35:59+00:00","article_modified_time":"2025-11-13T13:23:16+00:00","og_image":[{"width":1280,"height":719,"url":"https:\/\/mediaviestinta.fi\/mevi2020\/wp-content\/uploads\/2025\/11\/earth-1617121_1280.jpg","type":"image\/jpeg"}],"author":"Mevi","twitter_card":"summary_large_image","twitter_creator":"@mediaviestinta","twitter_site":"@mediaviestinta","twitter_misc":{"Kirjoittanut":"Mevi","Arvioitu lukuaika":"1 minuutti"},"schema":{"@context":"https:\/\/schema.org","@graph":[{"@type":"Article","@id":"https:\/\/mediaviestinta.fi\/mevi2020\/2025\/11\/median-viestinnan-media-maa-teemanumero-pohtii-mediatutkimuksen-perustoja-ekologisessa-hatatilassa\/#article","isPartOf":{"@id":"https:\/\/mediaviestinta.fi\/mevi2020\/2025\/11\/median-viestinnan-media-maa-teemanumero-pohtii-mediatutkimuksen-perustoja-ekologisessa-hatatilassa\/"},"author":{"name":"Mevi","@id":"https:\/\/mediaviestinta.fi\/#\/schema\/person\/b2da34ab24cfcd17dbdd6c7cfb173257"},"headline":"Median &amp; viestinn\u00e4n Media\/Maa-teemanumero pohtii mediatutkimuksen perustoja ekologisessa h\u00e4t\u00e4tilassa","datePublished":"2025-11-13T06:35:59+00:00","dateModified":"2025-11-13T13:23:16+00:00","mainEntityOfPage":{"@id":"https:\/\/mediaviestinta.fi\/mevi2020\/2025\/11\/median-viestinnan-media-maa-teemanumero-pohtii-mediatutkimuksen-perustoja-ekologisessa-hatatilassa\/"},"wordCount":532,"commentCount":0,"publisher":{"@id":"https:\/\/mediaviestinta.fi\/#organization"},"image":{"@id":"https:\/\/mediaviestinta.fi\/mevi2020\/2025\/11\/median-viestinnan-media-maa-teemanumero-pohtii-mediatutkimuksen-perustoja-ekologisessa-hatatilassa\/#primaryimage"},"thumbnailUrl":"https:\/\/mediaviestinta.fi\/mevi2020\/wp-content\/uploads\/2025\/11\/earth-1617121_1280.jpg","inLanguage":"fi","potentialAction":[{"@type":"CommentAction","name":"Comment","target":["https:\/\/mediaviestinta.fi\/mevi2020\/2025\/11\/median-viestinnan-media-maa-teemanumero-pohtii-mediatutkimuksen-perustoja-ekologisessa-hatatilassa\/#respond"]}]},{"@type":"WebPage","@id":"https:\/\/mediaviestinta.fi\/mevi2020\/2025\/11\/median-viestinnan-media-maa-teemanumero-pohtii-mediatutkimuksen-perustoja-ekologisessa-hatatilassa\/","url":"https:\/\/mediaviestinta.fi\/mevi2020\/2025\/11\/median-viestinnan-media-maa-teemanumero-pohtii-mediatutkimuksen-perustoja-ekologisessa-hatatilassa\/","name":"Median &amp; viestinn\u00e4n Media\/Maa-teemanumero pohtii mediatutkimuksen perustoja ekologisessa h\u00e4t\u00e4tilassa &#8211; Mevi","isPartOf":{"@id":"https:\/\/mediaviestinta.fi\/#website"},"primaryImageOfPage":{"@id":"https:\/\/mediaviestinta.fi\/mevi2020\/2025\/11\/median-viestinnan-media-maa-teemanumero-pohtii-mediatutkimuksen-perustoja-ekologisessa-hatatilassa\/#primaryimage"},"image":{"@id":"https:\/\/mediaviestinta.fi\/mevi2020\/2025\/11\/median-viestinnan-media-maa-teemanumero-pohtii-mediatutkimuksen-perustoja-ekologisessa-hatatilassa\/#primaryimage"},"thumbnailUrl":"https:\/\/mediaviestinta.fi\/mevi2020\/wp-content\/uploads\/2025\/11\/earth-1617121_1280.jpg","datePublished":"2025-11-13T06:35:59+00:00","dateModified":"2025-11-13T13:23:16+00:00","breadcrumb":{"@id":"https:\/\/mediaviestinta.fi\/mevi2020\/2025\/11\/median-viestinnan-media-maa-teemanumero-pohtii-mediatutkimuksen-perustoja-ekologisessa-hatatilassa\/#breadcrumb"},"inLanguage":"fi","potentialAction":[{"@type":"ReadAction","target":["https:\/\/mediaviestinta.fi\/mevi2020\/2025\/11\/median-viestinnan-media-maa-teemanumero-pohtii-mediatutkimuksen-perustoja-ekologisessa-hatatilassa\/"]}]},{"@type":"ImageObject","inLanguage":"fi","@id":"https:\/\/mediaviestinta.fi\/mevi2020\/2025\/11\/median-viestinnan-media-maa-teemanumero-pohtii-mediatutkimuksen-perustoja-ekologisessa-hatatilassa\/#primaryimage","url":"https:\/\/mediaviestinta.fi\/mevi2020\/wp-content\/uploads\/2025\/11\/earth-1617121_1280.jpg","contentUrl":"https:\/\/mediaviestinta.fi\/mevi2020\/wp-content\/uploads\/2025\/11\/earth-1617121_1280.jpg","width":1280,"height":719,"caption":"PIRO4D \/ Pixabay"},{"@type":"BreadcrumbList","@id":"https:\/\/mediaviestinta.fi\/mevi2020\/2025\/11\/median-viestinnan-media-maa-teemanumero-pohtii-mediatutkimuksen-perustoja-ekologisessa-hatatilassa\/#breadcrumb","itemListElement":[{"@type":"ListItem","position":1,"name":"Home","item":"https:\/\/mediaviestinta.fi\/"},{"@type":"ListItem","position":2,"name":"Median &amp; viestinn\u00e4n Media\/Maa-teemanumero pohtii mediatutkimuksen perustoja ekologisessa h\u00e4t\u00e4tilassa"}]},{"@type":"WebSite","@id":"https:\/\/mediaviestinta.fi\/#website","url":"https:\/\/mediaviestinta.fi\/","name":"Mevi","description":"Media- ja viestint\u00e4tieteellinen seura Mevi","publisher":{"@id":"https:\/\/mediaviestinta.fi\/#organization"},"potentialAction":[{"@type":"SearchAction","target":{"@type":"EntryPoint","urlTemplate":"https:\/\/mediaviestinta.fi\/?s={search_term_string}"},"query-input":{"@type":"PropertyValueSpecification","valueRequired":true,"valueName":"search_term_string"}}],"inLanguage":"fi"},{"@type":"Organization","@id":"https:\/\/mediaviestinta.fi\/#organization","name":"Media- ja viestint\u00e4tieteellinen seura Mevi","url":"https:\/\/mediaviestinta.fi\/","logo":{"@type":"ImageObject","inLanguage":"fi","@id":"https:\/\/mediaviestinta.fi\/#\/schema\/logo\/image\/","url":"https:\/\/mediaviestinta.fi\/mevi2020\/wp-content\/uploads\/2020\/03\/mevi-logo-RGB-Transparent.png","contentUrl":"https:\/\/mediaviestinta.fi\/mevi2020\/wp-content\/uploads\/2020\/03\/mevi-logo-RGB-Transparent.png","width":910,"height":464,"caption":"Media- ja viestint\u00e4tieteellinen seura Mevi"},"image":{"@id":"https:\/\/mediaviestinta.fi\/#\/schema\/logo\/image\/"},"sameAs":["https:\/\/www.facebook.com\/MediaViestinta\/","https:\/\/x.com\/mediaviestinta"]},{"@type":"Person","@id":"https:\/\/mediaviestinta.fi\/#\/schema\/person\/b2da34ab24cfcd17dbdd6c7cfb173257","name":"Mevi","image":{"@type":"ImageObject","inLanguage":"fi","@id":"https:\/\/secure.gravatar.com\/avatar\/3305b76d1667dc119a18808ed03d6a1fc2dfa8b6a1cddecb8c4d27ef14ec32ca?s=96&d=mm&r=g","url":"https:\/\/secure.gravatar.com\/avatar\/3305b76d1667dc119a18808ed03d6a1fc2dfa8b6a1cddecb8c4d27ef14ec32ca?s=96&d=mm&r=g","contentUrl":"https:\/\/secure.gravatar.com\/avatar\/3305b76d1667dc119a18808ed03d6a1fc2dfa8b6a1cddecb8c4d27ef14ec32ca?s=96&d=mm&r=g","caption":"Mevi"},"url":"https:\/\/mediaviestinta.fi\/mevi2020\/author\/mediavie\/"}]}},"_links":{"self":[{"href":"https:\/\/mediaviestinta.fi\/mevi2020\/wp-json\/wp\/v2\/posts\/5403","targetHints":{"allow":["GET"]}}],"collection":[{"href":"https:\/\/mediaviestinta.fi\/mevi2020\/wp-json\/wp\/v2\/posts"}],"about":[{"href":"https:\/\/mediaviestinta.fi\/mevi2020\/wp-json\/wp\/v2\/types\/post"}],"author":[{"embeddable":true,"href":"https:\/\/mediaviestinta.fi\/mevi2020\/wp-json\/wp\/v2\/users\/3"}],"replies":[{"embeddable":true,"href":"https:\/\/mediaviestinta.fi\/mevi2020\/wp-json\/wp\/v2\/comments?post=5403"}],"version-history":[{"count":2,"href":"https:\/\/mediaviestinta.fi\/mevi2020\/wp-json\/wp\/v2\/posts\/5403\/revisions"}],"predecessor-version":[{"id":5406,"href":"https:\/\/mediaviestinta.fi\/mevi2020\/wp-json\/wp\/v2\/posts\/5403\/revisions\/5406"}],"wp:featuredmedia":[{"embeddable":true,"href":"https:\/\/mediaviestinta.fi\/mevi2020\/wp-json\/wp\/v2\/media\/5404"}],"wp:attachment":[{"href":"https:\/\/mediaviestinta.fi\/mevi2020\/wp-json\/wp\/v2\/media?parent=5403"}],"wp:term":[{"taxonomy":"category","embeddable":true,"href":"https:\/\/mediaviestinta.fi\/mevi2020\/wp-json\/wp\/v2\/categories?post=5403"},{"taxonomy":"post_tag","embeddable":true,"href":"https:\/\/mediaviestinta.fi\/mevi2020\/wp-json\/wp\/v2\/tags?post=5403"}],"curies":[{"name":"wp","href":"https:\/\/api.w.org\/{rel}","templated":true}]}}