{"id":5408,"date":"2025-11-21T08:59:08","date_gmt":"2025-11-21T06:59:08","guid":{"rendered":"https:\/\/mediaviestinta.fi\/mevi2020\/?p=5408"},"modified":"2025-11-21T14:31:55","modified_gmt":"2025-11-21T12:31:55","slug":"mevi-yhtyy-julkilausumaan-av-arkistoinnin-sailymisen-puolesta","status":"publish","type":"post","link":"https:\/\/mediaviestinta.fi\/mevi2020\/2025\/11\/mevi-yhtyy-julkilausumaan-av-arkistoinnin-sailymisen-puolesta\/","title":{"rendered":"Mevi yhtyy julkilausumaan av-arkistoinnin s\u00e4ilymisen puolesta"},"content":{"rendered":"\n<p><strong>Taiteen edist\u00e4miskeskus ja Kansallisen audiovisuaalisen instituutti ovat yhdistym\u00e4ss\u00e4 ensi vuoden alusta uudeksi Taide- ja kulttuurivirastoksi. T\u00e4m\u00e4n pel\u00e4t\u00e4\u00e4n vaikeuttavan av-arkistointia. Mevi ry on yhdess\u00e4 muiden kulttuurialan tutkimusseurojen kanssa julkaissut julkilausuman, jossa Opetus ja kulttuuriministeri\u00f6t\u00e4 vaaditaan toimiin arkistoinnin jatkumisen turvaamiseksi. <\/strong><\/p>\n\n\n\n<p>Opetus- ja kulttuuriministeri\u00f6lle<\/p>\n\n\n\n<p><br>Eduskunta on s\u00e4\u00e4t\u00e4m\u00e4ll\u00e4 lain Taide- ja kulttuurivirastosta p\u00e4\u00e4tt\u00e4nyt yhdist\u00e4\u00e4 ensi vuoden alusta nykyisen taiteen edist\u00e4miskeskuksen ja kansallisen audiovisuaalisen instituutin uudeksi taide- ja kulttuurivirastoksi. Laissa on muun ohella m\u00e4\u00e4r\u00e4ykset taiteen tukij\u00e4rjestelm\u00e4n uudistamisesta, mutta audiovisuaalisen instituutin ty\u00f6t\u00e4 vastaavat s\u00e4\u00e4d\u00f6kset puuttuvat, ja instituutin neuvottelukunta lakkautetaan.<br><\/p>\n\n\n\n<p>Kansallisen audiovisuaalisen instituutin toiminta on perustunut Kansallisesta<br>audiovisuaalisesta instituutista annettuun lakiin sek\u00e4 kulttuuriaineistojen<br>tallettamisesta ja s\u00e4ilytt\u00e4misest\u00e4 annettuun lakiin (kulttuuriaineistolaki).<br>Uudistuksen yhteydess\u00e4 instituutin teht\u00e4v\u00e4t siirtyv\u00e4t uudelle virastolle.<br>Kulttuuriaineistolain mukaan instituutin teht\u00e4v\u00e4n\u00e4 on ollut tallentaa \u201dedustavasti ja monipuolisesti eri aikoina yleis\u00f6lle l\u00e4hetett\u00e4vi\u00e4 televisio- ja radio-ohjelmistoja\u201d.<br><\/p>\n\n\n\n<p>T\u00e4st\u00e4 teht\u00e4v\u00e4st\u00e4 instituutti on 18-vuotisen olemassaolonsa aikana selviytynyt vain osittain. Instituutin elokuvaosasto on mallikelpoisesti ottanut talteen ja digitoinut pitk\u00e4aikaiss\u00e4ilytyst\u00e4 varten suomalaiset elokuvat oheisaineistoineen ja organisoinut niiden tutkimus- ja esitystoiminnan. Radio- ja televisio-ohjelmien arkistointi ei ole ollut suunnitelmallista, eik\u00e4 sen tutkimus- ja esitystoimintaa ole lainkaan aloitettu. Ennen vuotta 2008 l\u00e4hetetyt radio-ohjelmat puuttuvat instituutista l\u00e4hes kokonaan.<br>Elokuvien arkistoinnista instituutilla on alan kansainv\u00e4listen j\u00e4rjest\u00f6jen suositusten mukaiset suunnitelmat aineiston pitk\u00e4aikaiss\u00e4ilytyksest\u00e4, mutta radio- ja televisio-ohjelmien osalta vastaavia suunnitelmia ei ole.<br><\/p>\n\n\n\n<p>On pel\u00e4tt\u00e4viss\u00e4, ett\u00e4 yhdistymisen j\u00e4lkeen arkiston mahdollisuudet hoitaa<br>teht\u00e4vi\u00e4\u00e4n entisest\u00e4\u00e4n heikentyv\u00e4t. Audiovisuaalisen aineiston arkistoinnilla \u2013 tai sen puutteella \u2013 on olennainen merkitys suomalaisen tutkimuksen aineistopohjalle ja edellytyksille niin media- ja viestint\u00e4tieteiss\u00e4, kulttuurintutkimuksessa ja historiantutkimuksessa kuin muillakin humanistis-yhteiskuntatieteellisill\u00e4 aloilla.<br><\/p>\n\n\n\n<p>T\u00e4ll\u00e4 perusteella esit\u00e4mme, ett\u00e4 opetus- ja kulttuuriministeri\u00f6 ryhtyisi ensi tilassa toimiin, jotta kulttuuriaineistolakiin lis\u00e4t\u00e4\u00e4n s\u00e4\u00e4nn\u00f6kset Taide- ja kulttuuriviraston yhteydess\u00e4 toimivasta arkistoinnin asiantuntijaryhm\u00e4st\u00e4.<br>Lis\u00e4ksi esit\u00e4mme, ett\u00e4 ministeri\u00f6 teett\u00e4isi selvityksen, miten Taide- ja<br>kulttuurivirasto aikoo selviyty\u00e4 sille kulttuuriaineistolain mukaan kuuluvista<br>teht\u00e4vist\u00e4.<br><\/p>\n\n\n\n<p>Allekirjoittajina<\/p>\n\n\n\n<p><br>Kulttuurihistorian seura, pj. Hannu Salmi<\/p>\n\n\n\n<p><br>Kulttuurintutkimuksen seura, pj. Heidi Kosonen<\/p>\n\n\n\n<p><br>L\u00e4hikuva-yhdistys, pj. Outi Hakola<\/p>\n\n\n\n<p><br>Media- ja viestint\u00e4tieteellinen seura, pj. Veera Ehrl\u00e9n<\/p>\n\n\n\n<p><br>Suomen elokuvatutkimuksen seura, pj. Janne Salminen<\/p>\n","protected":false},"excerpt":{"rendered":"<p>Taiteen edist\u00e4miskeskus ja Kansallisen audiovisuaalisen instituutti ovat yhdistym\u00e4ss\u00e4 ensi vuoden alusta uudeksi Taide- ja kulttuurivirastoksi. T\u00e4m\u00e4n pel\u00e4t\u00e4\u00e4n vaikeuttavan av-arkistointia. Mevi ry on yhdess\u00e4 muiden kulttuurialan tutkimusseurojen kanssa julkaissut&hellip;<\/p>\n","protected":false},"author":3,"featured_media":3660,"comment_status":"open","ping_status":"closed","sticky":false,"template":"","format":"standard","meta":{"_monsterinsights_skip_tracking":false,"_monsterinsights_sitenote_active":false,"_monsterinsights_sitenote_note":"","_monsterinsights_sitenote_category":0,"footnotes":""},"categories":[1],"tags":[],"class_list":["post-5408","post","type-post","status-publish","format-standard","has-post-thumbnail","hentry","category-yleinen"],"yoast_head":"<!-- This site is optimized with the Yoast SEO plugin v27.5 - https:\/\/yoast.com\/product\/yoast-seo-wordpress\/ -->\n<title>Mevi yhtyy julkilausumaan av-arkistoinnin s\u00e4ilymisen puolesta &#8211; Mevi<\/title>\n<meta name=\"robots\" content=\"index, follow, max-snippet:-1, max-image-preview:large, max-video-preview:-1\" \/>\n<link rel=\"canonical\" href=\"https:\/\/mediaviestinta.fi\/mevi2020\/2025\/11\/mevi-yhtyy-julkilausumaan-av-arkistoinnin-sailymisen-puolesta\/\" \/>\n<meta property=\"og:locale\" content=\"fi_FI\" \/>\n<meta property=\"og:type\" content=\"article\" \/>\n<meta property=\"og:title\" content=\"Mevi yhtyy julkilausumaan av-arkistoinnin s\u00e4ilymisen puolesta &#8211; Mevi\" \/>\n<meta property=\"og:description\" content=\"Taiteen edist\u00e4miskeskus ja Kansallisen audiovisuaalisen instituutti ovat yhdistym\u00e4ss\u00e4 ensi vuoden alusta uudeksi Taide- ja kulttuurivirastoksi. T\u00e4m\u00e4n pel\u00e4t\u00e4\u00e4n vaikeuttavan av-arkistointia. Mevi ry on yhdess\u00e4 muiden kulttuurialan tutkimusseurojen kanssa julkaissut&hellip;\" \/>\n<meta property=\"og:url\" content=\"https:\/\/mediaviestinta.fi\/mevi2020\/2025\/11\/mevi-yhtyy-julkilausumaan-av-arkistoinnin-sailymisen-puolesta\/\" \/>\n<meta property=\"og:site_name\" content=\"Mevi\" \/>\n<meta property=\"article:publisher\" content=\"https:\/\/www.facebook.com\/MediaViestinta\/\" \/>\n<meta property=\"article:published_time\" content=\"2025-11-21T06:59:08+00:00\" \/>\n<meta property=\"article:modified_time\" content=\"2025-11-21T12:31:55+00:00\" \/>\n<meta property=\"og:image\" content=\"https:\/\/mediaviestinta.fi\/mevi2020\/wp-content\/uploads\/2020\/04\/mevi-artikkeli-placeholder-kuva-01.jpg\" \/>\n\t<meta property=\"og:image:width\" content=\"700\" \/>\n\t<meta property=\"og:image:height\" content=\"400\" \/>\n\t<meta property=\"og:image:type\" content=\"image\/jpeg\" \/>\n<meta name=\"author\" content=\"Mevi\" \/>\n<meta name=\"twitter:card\" content=\"summary_large_image\" \/>\n<meta name=\"twitter:creator\" content=\"@mediaviestinta\" \/>\n<meta name=\"twitter:site\" content=\"@mediaviestinta\" \/>\n<meta name=\"twitter:label1\" content=\"Kirjoittanut\" \/>\n\t<meta name=\"twitter:data1\" content=\"Mevi\" \/>\n\t<meta name=\"twitter:label2\" content=\"Arvioitu lukuaika\" \/>\n\t<meta name=\"twitter:data2\" content=\"3 minuuttia\" \/>\n<script type=\"application\/ld+json\" class=\"yoast-schema-graph\">{\"@context\":\"https:\\\/\\\/schema.org\",\"@graph\":[{\"@type\":\"Article\",\"@id\":\"https:\\\/\\\/mediaviestinta.fi\\\/mevi2020\\\/2025\\\/11\\\/mevi-yhtyy-julkilausumaan-av-arkistoinnin-sailymisen-puolesta\\\/#article\",\"isPartOf\":{\"@id\":\"https:\\\/\\\/mediaviestinta.fi\\\/mevi2020\\\/2025\\\/11\\\/mevi-yhtyy-julkilausumaan-av-arkistoinnin-sailymisen-puolesta\\\/\"},\"author\":{\"name\":\"Mevi\",\"@id\":\"https:\\\/\\\/mediaviestinta.fi\\\/#\\\/schema\\\/person\\\/b2da34ab24cfcd17dbdd6c7cfb173257\"},\"headline\":\"Mevi yhtyy julkilausumaan av-arkistoinnin s\u00e4ilymisen puolesta\",\"datePublished\":\"2025-11-21T06:59:08+00:00\",\"dateModified\":\"2025-11-21T12:31:55+00:00\",\"mainEntityOfPage\":{\"@id\":\"https:\\\/\\\/mediaviestinta.fi\\\/mevi2020\\\/2025\\\/11\\\/mevi-yhtyy-julkilausumaan-av-arkistoinnin-sailymisen-puolesta\\\/\"},\"wordCount\":370,\"commentCount\":0,\"publisher\":{\"@id\":\"https:\\\/\\\/mediaviestinta.fi\\\/#organization\"},\"image\":{\"@id\":\"https:\\\/\\\/mediaviestinta.fi\\\/mevi2020\\\/2025\\\/11\\\/mevi-yhtyy-julkilausumaan-av-arkistoinnin-sailymisen-puolesta\\\/#primaryimage\"},\"thumbnailUrl\":\"https:\\\/\\\/mediaviestinta.fi\\\/mevi2020\\\/wp-content\\\/uploads\\\/2020\\\/04\\\/mevi-artikkeli-placeholder-kuva-01.jpg\",\"inLanguage\":\"fi\",\"potentialAction\":[{\"@type\":\"CommentAction\",\"name\":\"Comment\",\"target\":[\"https:\\\/\\\/mediaviestinta.fi\\\/mevi2020\\\/2025\\\/11\\\/mevi-yhtyy-julkilausumaan-av-arkistoinnin-sailymisen-puolesta\\\/#respond\"]}]},{\"@type\":\"WebPage\",\"@id\":\"https:\\\/\\\/mediaviestinta.fi\\\/mevi2020\\\/2025\\\/11\\\/mevi-yhtyy-julkilausumaan-av-arkistoinnin-sailymisen-puolesta\\\/\",\"url\":\"https:\\\/\\\/mediaviestinta.fi\\\/mevi2020\\\/2025\\\/11\\\/mevi-yhtyy-julkilausumaan-av-arkistoinnin-sailymisen-puolesta\\\/\",\"name\":\"Mevi yhtyy julkilausumaan av-arkistoinnin s\u00e4ilymisen puolesta &#8211; Mevi\",\"isPartOf\":{\"@id\":\"https:\\\/\\\/mediaviestinta.fi\\\/#website\"},\"primaryImageOfPage\":{\"@id\":\"https:\\\/\\\/mediaviestinta.fi\\\/mevi2020\\\/2025\\\/11\\\/mevi-yhtyy-julkilausumaan-av-arkistoinnin-sailymisen-puolesta\\\/#primaryimage\"},\"image\":{\"@id\":\"https:\\\/\\\/mediaviestinta.fi\\\/mevi2020\\\/2025\\\/11\\\/mevi-yhtyy-julkilausumaan-av-arkistoinnin-sailymisen-puolesta\\\/#primaryimage\"},\"thumbnailUrl\":\"https:\\\/\\\/mediaviestinta.fi\\\/mevi2020\\\/wp-content\\\/uploads\\\/2020\\\/04\\\/mevi-artikkeli-placeholder-kuva-01.jpg\",\"datePublished\":\"2025-11-21T06:59:08+00:00\",\"dateModified\":\"2025-11-21T12:31:55+00:00\",\"breadcrumb\":{\"@id\":\"https:\\\/\\\/mediaviestinta.fi\\\/mevi2020\\\/2025\\\/11\\\/mevi-yhtyy-julkilausumaan-av-arkistoinnin-sailymisen-puolesta\\\/#breadcrumb\"},\"inLanguage\":\"fi\",\"potentialAction\":[{\"@type\":\"ReadAction\",\"target\":[\"https:\\\/\\\/mediaviestinta.fi\\\/mevi2020\\\/2025\\\/11\\\/mevi-yhtyy-julkilausumaan-av-arkistoinnin-sailymisen-puolesta\\\/\"]}]},{\"@type\":\"ImageObject\",\"inLanguage\":\"fi\",\"@id\":\"https:\\\/\\\/mediaviestinta.fi\\\/mevi2020\\\/2025\\\/11\\\/mevi-yhtyy-julkilausumaan-av-arkistoinnin-sailymisen-puolesta\\\/#primaryimage\",\"url\":\"https:\\\/\\\/mediaviestinta.fi\\\/mevi2020\\\/wp-content\\\/uploads\\\/2020\\\/04\\\/mevi-artikkeli-placeholder-kuva-01.jpg\",\"contentUrl\":\"https:\\\/\\\/mediaviestinta.fi\\\/mevi2020\\\/wp-content\\\/uploads\\\/2020\\\/04\\\/mevi-artikkeli-placeholder-kuva-01.jpg\",\"width\":700,\"height\":400},{\"@type\":\"BreadcrumbList\",\"@id\":\"https:\\\/\\\/mediaviestinta.fi\\\/mevi2020\\\/2025\\\/11\\\/mevi-yhtyy-julkilausumaan-av-arkistoinnin-sailymisen-puolesta\\\/#breadcrumb\",\"itemListElement\":[{\"@type\":\"ListItem\",\"position\":1,\"name\":\"Home\",\"item\":\"https:\\\/\\\/mediaviestinta.fi\\\/\"},{\"@type\":\"ListItem\",\"position\":2,\"name\":\"Mevi yhtyy julkilausumaan av-arkistoinnin s\u00e4ilymisen puolesta\"}]},{\"@type\":\"WebSite\",\"@id\":\"https:\\\/\\\/mediaviestinta.fi\\\/#website\",\"url\":\"https:\\\/\\\/mediaviestinta.fi\\\/\",\"name\":\"Mevi\",\"description\":\"Media- ja viestint\u00e4tieteellinen seura Mevi\",\"publisher\":{\"@id\":\"https:\\\/\\\/mediaviestinta.fi\\\/#organization\"},\"potentialAction\":[{\"@type\":\"SearchAction\",\"target\":{\"@type\":\"EntryPoint\",\"urlTemplate\":\"https:\\\/\\\/mediaviestinta.fi\\\/?s={search_term_string}\"},\"query-input\":{\"@type\":\"PropertyValueSpecification\",\"valueRequired\":true,\"valueName\":\"search_term_string\"}}],\"inLanguage\":\"fi\"},{\"@type\":\"Organization\",\"@id\":\"https:\\\/\\\/mediaviestinta.fi\\\/#organization\",\"name\":\"Media- ja viestint\u00e4tieteellinen seura Mevi\",\"url\":\"https:\\\/\\\/mediaviestinta.fi\\\/\",\"logo\":{\"@type\":\"ImageObject\",\"inLanguage\":\"fi\",\"@id\":\"https:\\\/\\\/mediaviestinta.fi\\\/#\\\/schema\\\/logo\\\/image\\\/\",\"url\":\"https:\\\/\\\/mediaviestinta.fi\\\/mevi2020\\\/wp-content\\\/uploads\\\/2020\\\/03\\\/mevi-logo-RGB-Transparent.png\",\"contentUrl\":\"https:\\\/\\\/mediaviestinta.fi\\\/mevi2020\\\/wp-content\\\/uploads\\\/2020\\\/03\\\/mevi-logo-RGB-Transparent.png\",\"width\":910,\"height\":464,\"caption\":\"Media- ja viestint\u00e4tieteellinen seura Mevi\"},\"image\":{\"@id\":\"https:\\\/\\\/mediaviestinta.fi\\\/#\\\/schema\\\/logo\\\/image\\\/\"},\"sameAs\":[\"https:\\\/\\\/www.facebook.com\\\/MediaViestinta\\\/\",\"https:\\\/\\\/x.com\\\/mediaviestinta\"]},{\"@type\":\"Person\",\"@id\":\"https:\\\/\\\/mediaviestinta.fi\\\/#\\\/schema\\\/person\\\/b2da34ab24cfcd17dbdd6c7cfb173257\",\"name\":\"Mevi\",\"image\":{\"@type\":\"ImageObject\",\"inLanguage\":\"fi\",\"@id\":\"https:\\\/\\\/secure.gravatar.com\\\/avatar\\\/3305b76d1667dc119a18808ed03d6a1fc2dfa8b6a1cddecb8c4d27ef14ec32ca?s=96&d=mm&r=g\",\"url\":\"https:\\\/\\\/secure.gravatar.com\\\/avatar\\\/3305b76d1667dc119a18808ed03d6a1fc2dfa8b6a1cddecb8c4d27ef14ec32ca?s=96&d=mm&r=g\",\"contentUrl\":\"https:\\\/\\\/secure.gravatar.com\\\/avatar\\\/3305b76d1667dc119a18808ed03d6a1fc2dfa8b6a1cddecb8c4d27ef14ec32ca?s=96&d=mm&r=g\",\"caption\":\"Mevi\"},\"url\":\"https:\\\/\\\/mediaviestinta.fi\\\/mevi2020\\\/author\\\/mediavie\\\/\"}]}<\/script>\n<!-- \/ Yoast SEO plugin. -->","yoast_head_json":{"title":"Mevi yhtyy julkilausumaan av-arkistoinnin s\u00e4ilymisen puolesta &#8211; Mevi","robots":{"index":"index","follow":"follow","max-snippet":"max-snippet:-1","max-image-preview":"max-image-preview:large","max-video-preview":"max-video-preview:-1"},"canonical":"https:\/\/mediaviestinta.fi\/mevi2020\/2025\/11\/mevi-yhtyy-julkilausumaan-av-arkistoinnin-sailymisen-puolesta\/","og_locale":"fi_FI","og_type":"article","og_title":"Mevi yhtyy julkilausumaan av-arkistoinnin s\u00e4ilymisen puolesta &#8211; Mevi","og_description":"Taiteen edist\u00e4miskeskus ja Kansallisen audiovisuaalisen instituutti ovat yhdistym\u00e4ss\u00e4 ensi vuoden alusta uudeksi Taide- ja kulttuurivirastoksi. T\u00e4m\u00e4n pel\u00e4t\u00e4\u00e4n vaikeuttavan av-arkistointia. Mevi ry on yhdess\u00e4 muiden kulttuurialan tutkimusseurojen kanssa julkaissut&hellip;","og_url":"https:\/\/mediaviestinta.fi\/mevi2020\/2025\/11\/mevi-yhtyy-julkilausumaan-av-arkistoinnin-sailymisen-puolesta\/","og_site_name":"Mevi","article_publisher":"https:\/\/www.facebook.com\/MediaViestinta\/","article_published_time":"2025-11-21T06:59:08+00:00","article_modified_time":"2025-11-21T12:31:55+00:00","og_image":[{"width":700,"height":400,"url":"https:\/\/mediaviestinta.fi\/mevi2020\/wp-content\/uploads\/2020\/04\/mevi-artikkeli-placeholder-kuva-01.jpg","type":"image\/jpeg"}],"author":"Mevi","twitter_card":"summary_large_image","twitter_creator":"@mediaviestinta","twitter_site":"@mediaviestinta","twitter_misc":{"Kirjoittanut":"Mevi","Arvioitu lukuaika":"3 minuuttia"},"schema":{"@context":"https:\/\/schema.org","@graph":[{"@type":"Article","@id":"https:\/\/mediaviestinta.fi\/mevi2020\/2025\/11\/mevi-yhtyy-julkilausumaan-av-arkistoinnin-sailymisen-puolesta\/#article","isPartOf":{"@id":"https:\/\/mediaviestinta.fi\/mevi2020\/2025\/11\/mevi-yhtyy-julkilausumaan-av-arkistoinnin-sailymisen-puolesta\/"},"author":{"name":"Mevi","@id":"https:\/\/mediaviestinta.fi\/#\/schema\/person\/b2da34ab24cfcd17dbdd6c7cfb173257"},"headline":"Mevi yhtyy julkilausumaan av-arkistoinnin s\u00e4ilymisen puolesta","datePublished":"2025-11-21T06:59:08+00:00","dateModified":"2025-11-21T12:31:55+00:00","mainEntityOfPage":{"@id":"https:\/\/mediaviestinta.fi\/mevi2020\/2025\/11\/mevi-yhtyy-julkilausumaan-av-arkistoinnin-sailymisen-puolesta\/"},"wordCount":370,"commentCount":0,"publisher":{"@id":"https:\/\/mediaviestinta.fi\/#organization"},"image":{"@id":"https:\/\/mediaviestinta.fi\/mevi2020\/2025\/11\/mevi-yhtyy-julkilausumaan-av-arkistoinnin-sailymisen-puolesta\/#primaryimage"},"thumbnailUrl":"https:\/\/mediaviestinta.fi\/mevi2020\/wp-content\/uploads\/2020\/04\/mevi-artikkeli-placeholder-kuva-01.jpg","inLanguage":"fi","potentialAction":[{"@type":"CommentAction","name":"Comment","target":["https:\/\/mediaviestinta.fi\/mevi2020\/2025\/11\/mevi-yhtyy-julkilausumaan-av-arkistoinnin-sailymisen-puolesta\/#respond"]}]},{"@type":"WebPage","@id":"https:\/\/mediaviestinta.fi\/mevi2020\/2025\/11\/mevi-yhtyy-julkilausumaan-av-arkistoinnin-sailymisen-puolesta\/","url":"https:\/\/mediaviestinta.fi\/mevi2020\/2025\/11\/mevi-yhtyy-julkilausumaan-av-arkistoinnin-sailymisen-puolesta\/","name":"Mevi yhtyy julkilausumaan av-arkistoinnin s\u00e4ilymisen puolesta &#8211; Mevi","isPartOf":{"@id":"https:\/\/mediaviestinta.fi\/#website"},"primaryImageOfPage":{"@id":"https:\/\/mediaviestinta.fi\/mevi2020\/2025\/11\/mevi-yhtyy-julkilausumaan-av-arkistoinnin-sailymisen-puolesta\/#primaryimage"},"image":{"@id":"https:\/\/mediaviestinta.fi\/mevi2020\/2025\/11\/mevi-yhtyy-julkilausumaan-av-arkistoinnin-sailymisen-puolesta\/#primaryimage"},"thumbnailUrl":"https:\/\/mediaviestinta.fi\/mevi2020\/wp-content\/uploads\/2020\/04\/mevi-artikkeli-placeholder-kuva-01.jpg","datePublished":"2025-11-21T06:59:08+00:00","dateModified":"2025-11-21T12:31:55+00:00","breadcrumb":{"@id":"https:\/\/mediaviestinta.fi\/mevi2020\/2025\/11\/mevi-yhtyy-julkilausumaan-av-arkistoinnin-sailymisen-puolesta\/#breadcrumb"},"inLanguage":"fi","potentialAction":[{"@type":"ReadAction","target":["https:\/\/mediaviestinta.fi\/mevi2020\/2025\/11\/mevi-yhtyy-julkilausumaan-av-arkistoinnin-sailymisen-puolesta\/"]}]},{"@type":"ImageObject","inLanguage":"fi","@id":"https:\/\/mediaviestinta.fi\/mevi2020\/2025\/11\/mevi-yhtyy-julkilausumaan-av-arkistoinnin-sailymisen-puolesta\/#primaryimage","url":"https:\/\/mediaviestinta.fi\/mevi2020\/wp-content\/uploads\/2020\/04\/mevi-artikkeli-placeholder-kuva-01.jpg","contentUrl":"https:\/\/mediaviestinta.fi\/mevi2020\/wp-content\/uploads\/2020\/04\/mevi-artikkeli-placeholder-kuva-01.jpg","width":700,"height":400},{"@type":"BreadcrumbList","@id":"https:\/\/mediaviestinta.fi\/mevi2020\/2025\/11\/mevi-yhtyy-julkilausumaan-av-arkistoinnin-sailymisen-puolesta\/#breadcrumb","itemListElement":[{"@type":"ListItem","position":1,"name":"Home","item":"https:\/\/mediaviestinta.fi\/"},{"@type":"ListItem","position":2,"name":"Mevi yhtyy julkilausumaan av-arkistoinnin s\u00e4ilymisen puolesta"}]},{"@type":"WebSite","@id":"https:\/\/mediaviestinta.fi\/#website","url":"https:\/\/mediaviestinta.fi\/","name":"Mevi","description":"Media- ja viestint\u00e4tieteellinen seura Mevi","publisher":{"@id":"https:\/\/mediaviestinta.fi\/#organization"},"potentialAction":[{"@type":"SearchAction","target":{"@type":"EntryPoint","urlTemplate":"https:\/\/mediaviestinta.fi\/?s={search_term_string}"},"query-input":{"@type":"PropertyValueSpecification","valueRequired":true,"valueName":"search_term_string"}}],"inLanguage":"fi"},{"@type":"Organization","@id":"https:\/\/mediaviestinta.fi\/#organization","name":"Media- ja viestint\u00e4tieteellinen seura Mevi","url":"https:\/\/mediaviestinta.fi\/","logo":{"@type":"ImageObject","inLanguage":"fi","@id":"https:\/\/mediaviestinta.fi\/#\/schema\/logo\/image\/","url":"https:\/\/mediaviestinta.fi\/mevi2020\/wp-content\/uploads\/2020\/03\/mevi-logo-RGB-Transparent.png","contentUrl":"https:\/\/mediaviestinta.fi\/mevi2020\/wp-content\/uploads\/2020\/03\/mevi-logo-RGB-Transparent.png","width":910,"height":464,"caption":"Media- ja viestint\u00e4tieteellinen seura Mevi"},"image":{"@id":"https:\/\/mediaviestinta.fi\/#\/schema\/logo\/image\/"},"sameAs":["https:\/\/www.facebook.com\/MediaViestinta\/","https:\/\/x.com\/mediaviestinta"]},{"@type":"Person","@id":"https:\/\/mediaviestinta.fi\/#\/schema\/person\/b2da34ab24cfcd17dbdd6c7cfb173257","name":"Mevi","image":{"@type":"ImageObject","inLanguage":"fi","@id":"https:\/\/secure.gravatar.com\/avatar\/3305b76d1667dc119a18808ed03d6a1fc2dfa8b6a1cddecb8c4d27ef14ec32ca?s=96&d=mm&r=g","url":"https:\/\/secure.gravatar.com\/avatar\/3305b76d1667dc119a18808ed03d6a1fc2dfa8b6a1cddecb8c4d27ef14ec32ca?s=96&d=mm&r=g","contentUrl":"https:\/\/secure.gravatar.com\/avatar\/3305b76d1667dc119a18808ed03d6a1fc2dfa8b6a1cddecb8c4d27ef14ec32ca?s=96&d=mm&r=g","caption":"Mevi"},"url":"https:\/\/mediaviestinta.fi\/mevi2020\/author\/mediavie\/"}]}},"_links":{"self":[{"href":"https:\/\/mediaviestinta.fi\/mevi2020\/wp-json\/wp\/v2\/posts\/5408","targetHints":{"allow":["GET"]}}],"collection":[{"href":"https:\/\/mediaviestinta.fi\/mevi2020\/wp-json\/wp\/v2\/posts"}],"about":[{"href":"https:\/\/mediaviestinta.fi\/mevi2020\/wp-json\/wp\/v2\/types\/post"}],"author":[{"embeddable":true,"href":"https:\/\/mediaviestinta.fi\/mevi2020\/wp-json\/wp\/v2\/users\/3"}],"replies":[{"embeddable":true,"href":"https:\/\/mediaviestinta.fi\/mevi2020\/wp-json\/wp\/v2\/comments?post=5408"}],"version-history":[{"count":3,"href":"https:\/\/mediaviestinta.fi\/mevi2020\/wp-json\/wp\/v2\/posts\/5408\/revisions"}],"predecessor-version":[{"id":5411,"href":"https:\/\/mediaviestinta.fi\/mevi2020\/wp-json\/wp\/v2\/posts\/5408\/revisions\/5411"}],"wp:featuredmedia":[{"embeddable":true,"href":"https:\/\/mediaviestinta.fi\/mevi2020\/wp-json\/wp\/v2\/media\/3660"}],"wp:attachment":[{"href":"https:\/\/mediaviestinta.fi\/mevi2020\/wp-json\/wp\/v2\/media?parent=5408"}],"wp:term":[{"taxonomy":"category","embeddable":true,"href":"https:\/\/mediaviestinta.fi\/mevi2020\/wp-json\/wp\/v2\/categories?post=5408"},{"taxonomy":"post_tag","embeddable":true,"href":"https:\/\/mediaviestinta.fi\/mevi2020\/wp-json\/wp\/v2\/tags?post=5408"}],"curies":[{"name":"wp","href":"https:\/\/api.w.org\/{rel}","templated":true}]}}