{"id":5412,"date":"2025-11-26T15:45:05","date_gmt":"2025-11-26T13:45:05","guid":{"rendered":"https:\/\/mediaviestinta.fi\/mevi2020\/?p=5412"},"modified":"2025-11-26T15:45:06","modified_gmt":"2025-11-26T13:45:06","slug":"journalismin-valmistaminen-on-likaista-puuhaa","status":"publish","type":"post","link":"https:\/\/mediaviestinta.fi\/mevi2020\/2025\/11\/journalismin-valmistaminen-on-likaista-puuhaa\/","title":{"rendered":"Journalismin valmistaminen on likaista puuhaa"},"content":{"rendered":"\n<p><strong>Journalismin ydint\u00e4 kaihertaa ristiriita. Vaikka journalistit tuottavat uutisia ihmisen aiheuttamista ekologisista kriiseist\u00e4, kuten ilmastokriisist\u00e4 ja luontokadosta, enemm\u00e4n kuin koskaan, j\u00e4\u00e4 journalismin oma ekologinen kest\u00e4vyys eli se, millaisia ilmasto- ja ymp\u00e4rist\u00f6vaikutuksia n\u00e4iden(kin) uutisten valmistamisella on, usein muiden intressien jalkoihin. Aino Kangaspuro Haaparanta tarkastelee artikkelissaan <a href=\"https:\/\/journal.fi\/mediaviestinta\/article\/view\/156757\">Journalismin likainen hiljaisuus: Planetaarisesti kest\u00e4v\u00e4n journalismin tavoittelua materiaalisen mediatutkimuksen l\u00e4ht\u00f6kohdista<\/a> journalismin aineellista ja ekologista osallisuutta maapallon laajuisiin ymp\u00e4rist\u00f6katastrofeihin. Artikkeli on ilmestynyt Media &amp; viestinn\u00e4n<a href=\"https:\/\/journal.fi\/mediaviestinta\/issue\/view\/13126\"> 3\/2025 Media\/Maa-teemanumerossa.<\/a><\/strong><\/p>\n\n\n\n<p><strong>Mihin laajempaan ilmi\u00f6\u00f6n ja keskusteluun artikkelisi liittyy?<\/strong><\/p>\n\n\n\n<p>Tarkastelen artikkelissani journalismin ainutlaatuista yhteiskunnallista roolia ekologisista kriiseist\u00e4 ja niiden juurisyist\u00e4 tietoa v\u00e4litt\u00e4v\u00e4n\u00e4 toimijana mutta my\u00f6s osapuolisuutta n\u00e4iden samojen ekologisten kriisien synnyss\u00e4. Journalismi on historiansa alusta asti tuhonnut ymp\u00e4rist\u00f6\u00e4 kaatamalla esimerkiksi mittaamattomasti mets\u00e4\u00e4 paperintarpeisiinsa. Nyky\u00e4\u00e4n digitaalista journalismia taas olisi mahdotonta tuottaa, v\u00e4litt\u00e4\u00e4 ja kuluttaa ilman kaivoksista louhittavia mineraaleja ja metalleja ja toisaalta valtavat m\u00e4\u00e4r\u00e4t energiaa ja vett\u00e4 kuluttavia datakeskuksia. Journalismin valmistaminen on siis konkreettisesti(kin) likaista, Maan ekologian usein peruuttamattomasti myll\u00e4\u00e4v\u00e4\u00e4 toimintaa, josta saavat osansa niin ymp\u00e4rist\u00f6 kuin inhimilliset ja ei-inhimilliset olennotkin. T\u00e4t\u00e4 puolta journalismista on tarkasteltu kansainv\u00e4lisestikin vasta melko niukasti.<\/p>\n\n\n\n<p><strong>Mik\u00e4 on antisi t\u00e4h\u00e4n keskusteluun?<\/strong><\/p>\n\n\n\n<p>Ehdotan artikkelissani, ett\u00e4 journalismin valmistamista, tuottamista, kuluttamista ja jakelua sek\u00e4 n\u00e4ihin kietoutuvia ymp\u00e4rist\u00f6vaikutuksia on hedelm\u00e4llist\u00e4 tarkastella materiaalisen mediatutkimuksen \u2013 tarkemmin poliittisen mediaekologian \u2013 l\u00e4ht\u00f6kohdista. T\u00e4ll\u00f6in etualalle nousevat journalismin aineelliset ja ekologiset eli ekomateriaaliset vaikutukset ymp\u00e4rist\u00f6\u00f6n sek\u00e4 inhimillisiin ja ei-inhimillisiin olentoihin. T\u00e4m\u00e4 avaa uudenlaisia tulokulmia journalismin tutkimukseen, ja mahdollistaa my\u00f6s planetaarisesti kest\u00e4vien journalismin valmistus-, ty\u00f6- ja toimintatapojen tavoittelun. Lis\u00e4ksi pid\u00e4n t\u00e4rke\u00e4n\u00e4 poliittisen mediaekologian mukanaan tuomaa pidemm\u00e4n aikav\u00e4lin tulevaisuusajattelua: Maa ei ole vain meid\u00e4n nyt el\u00e4vien ihmisten, vaan my\u00f6s tulevaisuuksien monilajisten olentojen.<\/p>\n\n\n\n<p><strong>Mik\u00e4 on artikkelisi keskeinen argumentti?<\/strong><\/p>\n\n\n\n<p>Kun journalismin likaista hiljaisuutta tarkastellaan poliittisen mediaekologian l\u00e4ht\u00f6kohdista, siit\u00e4 voidaan erottaa ainakin viisi erityyppist\u00e4 ulottuvuutta: ilmastovaikutukset, luonnonvarojen k\u00e4ytt\u00f6, luontokato, erilaiset vaaralliset ja haitalliset aineet sek\u00e4 erityyppiset j\u00e4tteet. N\u00e4iden eri tyyppisten aine- ja energiavirtojen seuraaminen ja niiden aiheuttamien ekologisten, poliittisten ja kulttuuristen seurauksien tarkastelu johdattaa journalismista kiinnostuneen tutkijan aivan uudenlaisten kysymysten \u00e4\u00e4reen, jotka koskevat muun muassa journalismin l\u00e4pin\u00e4kyvyytt\u00e4, merkityksellisyytt\u00e4 ja lopulta my\u00f6s ydint\u00e4 \u2013 miten journalismi voi v\u00e4litt\u00e4\u00e4 mahdollisimman totuudenmukaisen esityksen Maasta ja sen asukkaista. K\u00e4yt\u00e4nn\u00f6ss\u00e4 journalistisen julkisuustuotannon \u2013 samoin kuin koko algorytmittyneen, digitaalisen yhteiskunnan \u2013 uudistaminen planetaarisesti kest\u00e4v\u00e4ksi vaatiikin laaja-alaista tieteidenv\u00e4list\u00e4 yhteisty\u00f6t\u00e4, joten kehotankin tunnustelemaan rohkeasti yli tiede(kunta)- ja lajirajojen.<\/p>\n\n\n\n<p><strong>Mit\u00e4 haluat artikkelilla sanoa?<\/strong><\/p>\n\n\n\n<p>Jos otamme planetaarisen kest\u00e4vyyden tosissaan, tulee sek\u00e4 journalismista kiinnostuneen tutkimuksen ett\u00e4 journalismia valmistavan media-alan tarkastella uudelleen paitsi vakiintuneita sis\u00e4lt\u00f6jen tuottamistapoja ett\u00e4 kysymyksi\u00e4, joita niist\u00e4 ja niiden kautta esit\u00e4mme. Kuten artikkelissani vain hieman k\u00e4rjist\u00e4en kysyn, tarvitsevatko lukijat kipe\u00e4mmin teko\u00e4lyn tuottamaa tiivistelm\u00e4\u00e4 vai elinkelpoista planeettaa. Tai tarvitsevatko toimittajat parin vuoden v\u00e4lein uusittavia \u00e4lypuhelimia vai maailmaa, josta uutisoida?<\/p>\n\n\n\n<p>Ajattelen, ett\u00e4 journalismin likainen hiljaisuus p\u00e4\u00e4ttyy silloin, kun journalismin valmistamisen materiaalinen ymp\u00e4rist\u00f6kest\u00e4vyys ei n\u00e4ytt\u00e4ydy en\u00e4\u00e4 sivujuonteelta vaan tutkimukselliselta polulta, jonka avulla on mahdollista vied\u00e4 niin journalismista kiinnostunutta tutkimusta kuin ammattik\u00e4yt\u00e4nt\u00f6j\u00e4 konkreettisesti kohti planetaarisesti kest\u00e4v\u00e4\u00e4 tulevaisuutta. Samalla joudumme k\u00e4ym\u00e4\u00e4n keskustelun siit\u00e4, miten meid\u00e4n tulisi k\u00e4sitt\u00e4\u00e4 ihmisen, muunlajisten, teknologian ja ymp\u00e4rist\u00f6n yhteenkietoutumiset ja t\u00e4st\u00e4 syntyv\u00e4t ymp\u00e4rist\u00f6vaikutukset journalistisen julkisuustuotannon yhteydess\u00e4.<\/p>\n\n\n\n<p><strong>Kenen kannattaa lukea artikkelisi?<\/strong><\/p>\n\n\n\n<p>Toivon, ett\u00e4 artikkelini l\u00f6yt\u00e4v\u00e4t sek\u00e4 journalismista kiinnostuneet tutkijat ett\u00e4 ammattiin opiskelevat kuin my\u00f6s jo ammattia harjoittavat toimittajat. Toimittajat ovat noin yleisesti ottaen kauhean kiinnostuneita kaikesta uudesta, joten uskon, ett\u00e4 my\u00f6s oman toimialan kehitt\u00e4minen kiinnostaa. Brittil\u00e4inen The Guardian on hyv\u00e4 k\u00e4yt\u00e4nn\u00f6n esimerkki siit\u00e4, miten journalismin valmistus-, ty\u00f6- ja toimintak\u00e4yt\u00e4nn\u00f6ill\u00e4 eli siis sill\u00e4, miten ja millaisilla ekomateriaalisilla seurauksilla journalismia valmistetaan, tuotetaan ja jaellaan, on vaikutusta siihen, millaisia journalistisia sis\u00e4lt\u00f6j\u00e4 toimittajat ekologisista kriiseist\u00e4 tuottavat. The Guardian muutti tyylikirjaansa vuonna 2019 ja alkoi puhua ilmastonmuutoksen (climate change) sijaa ilmastokriisist\u00e4 (climate crisis) tai ilmastoh\u00e4t\u00e4tilasta (climate emergency). Vuonna 2023 The Guardian puolestaan julkaisi ensimm\u00e4ist\u00e4 kertaa tutkimustietoa my\u00f6s siit\u00e4, miten sen journalismin valmistaminen vaikuttaa luonnon monimuotoisuuteen kasvihuonekaasup\u00e4\u00e4st\u00f6jen, vedenk\u00e4yt\u00f6n, veden ja ilman saastumisen sek\u00e4 maank\u00e4yt\u00f6n kautta. T\u00e4m\u00e4 osoittaa, ett\u00e4 journalismin tutkimuksessa ja opetuksessa perinteisesti vallassa ollutta sis\u00e4ll\u00f6n ja laitteiston dualistista erottelua on syyt\u00e4 tarkastella uudellaan.<\/p>\n\n\n\n<p><strong>Mik\u00e4 sai sinut tarttumaan t\u00e4h\u00e4n aiheeseen?<\/strong><\/p>\n\n\n\n<p>Olen itse ty\u00f6skennellyt vuosia toimittajana, joten tutkimusaihe ik\u00e4\u00e4n kuin l\u00f6ysi minut. Toimittajan ty\u00f6v\u00e4lineet \u2013 \u00e4lypuhelimet, kannettavat tietokoneet, digitaaliset nauhurit ja niin edelleen \u2013 ovat nyky\u00e4\u00e4n k\u00e4teen mahtuvia, valtavan tehokkaita ja todella lyhyen aikaa, vain pari kolme vuotta, k\u00e4yt\u00f6ss\u00e4 olevia. T\u00e4m\u00e4n j\u00e4lkeen toimituksellisesta k\u00e4yt\u00f6st\u00e4 poistetut laitteet tyypillisesti joko kierr\u00e4tet\u00e4\u00e4n tai myyd\u00e4\u00e4n eteenp\u00e4in, mutta toimittaja saa j\u00e4lleen eteens\u00e4 uutuuttaan kimmelt\u00e4v\u00e4t mediateknologiset laitteet. T\u00e4m\u00e4 jatkuva materiaalinen kierto \u2013 kulutuskoomaksikin sit\u00e4 voisi kai kutsua \u2013 alkoi vaivata mielt\u00e4ni yh\u00e4 vahvemmin etenkin, kun ottaa huomioon sen, ett\u00e4 useiden toimittajien mediateknologisissa ty\u00f6v\u00e4lineiss\u00e4 v\u00e4ltt\u00e4m\u00e4tt\u00f6mien ainesten, kuten erilaisten mineraalien ja metallien, synty vie pisimmill\u00e4\u00e4n miljardeja vuosia. Kuten artikkelissani totean, planetaarisesti kest\u00e4v\u00e4n journalismin tavoittelun kannalta toimittajien mediateknologisten ty\u00f6v\u00e4lineiden nopea vaihtov\u00e4li nojaa ekstraktivistisiin ajattelu-, suhtautumis- ja toimintatapoihin, jossa luonnonvarojen ylenm\u00e4\u00e4r\u00e4inen kahmiminen oikeutetaan ymp\u00e4rist\u00f6n, inhimillisten ja ei-inhimillisten olentojen terveyden ja hyvinvoinnin kustannuksella. Ekologisesta tunnottomuudesta, joka on Mirka Muilun samassa Media\/Maa-teemanumerossa esittelem\u00e4 oivallinen k\u00e4site, on kuitenkin mahdollista p\u00e4\u00e4st\u00e4 eroon \u2013 esimerkiksi purkamalla journalismin likaista hiljaisuutta.<\/p>\n\n\n\n<p><\/p>\n","protected":false},"excerpt":{"rendered":"<p>Journalismin ydint\u00e4 kaihertaa ristiriita. Vaikka journalistit tuottavat uutisia ihmisen aiheuttamista ekologisista kriiseist\u00e4, kuten ilmastokriisist\u00e4 ja luontokadosta, enemm\u00e4n kuin koskaan, j\u00e4\u00e4 journalismin oma ekologinen kest\u00e4vyys eli se, millaisia ilmasto-&hellip;<\/p>\n","protected":false},"author":3,"featured_media":5413,"comment_status":"open","ping_status":"closed","sticky":false,"template":"","format":"standard","meta":{"_monsterinsights_skip_tracking":false,"_monsterinsights_sitenote_active":false,"_monsterinsights_sitenote_note":"","_monsterinsights_sitenote_category":0,"footnotes":""},"categories":[1],"tags":[],"class_list":["post-5412","post","type-post","status-publish","format-standard","has-post-thumbnail","hentry","category-yleinen"],"yoast_head":"<!-- This site is optimized with the Yoast SEO plugin v27.5 - https:\/\/yoast.com\/product\/yoast-seo-wordpress\/ -->\n<title>Journalismin valmistaminen on likaista puuhaa &#8211; Mevi<\/title>\n<meta name=\"robots\" content=\"index, follow, max-snippet:-1, max-image-preview:large, max-video-preview:-1\" \/>\n<link rel=\"canonical\" href=\"https:\/\/mediaviestinta.fi\/mevi2020\/2025\/11\/journalismin-valmistaminen-on-likaista-puuhaa\/\" \/>\n<meta property=\"og:locale\" content=\"fi_FI\" \/>\n<meta property=\"og:type\" content=\"article\" \/>\n<meta property=\"og:title\" content=\"Journalismin valmistaminen on likaista puuhaa &#8211; Mevi\" \/>\n<meta property=\"og:description\" content=\"Journalismin ydint\u00e4 kaihertaa ristiriita. Vaikka journalistit tuottavat uutisia ihmisen aiheuttamista ekologisista kriiseist\u00e4, kuten ilmastokriisist\u00e4 ja luontokadosta, enemm\u00e4n kuin koskaan, j\u00e4\u00e4 journalismin oma ekologinen kest\u00e4vyys eli se, millaisia ilmasto-&hellip;\" \/>\n<meta property=\"og:url\" content=\"https:\/\/mediaviestinta.fi\/mevi2020\/2025\/11\/journalismin-valmistaminen-on-likaista-puuhaa\/\" \/>\n<meta property=\"og:site_name\" content=\"Mevi\" \/>\n<meta property=\"article:publisher\" content=\"https:\/\/www.facebook.com\/MediaViestinta\/\" \/>\n<meta property=\"article:published_time\" content=\"2025-11-26T13:45:05+00:00\" \/>\n<meta property=\"article:modified_time\" content=\"2025-11-26T13:45:06+00:00\" \/>\n<meta property=\"og:image\" content=\"https:\/\/mediaviestinta.fi\/mevi2020\/wp-content\/uploads\/2025\/11\/ai-generated-8072821_1280.jpg\" \/>\n\t<meta property=\"og:image:width\" content=\"1280\" \/>\n\t<meta property=\"og:image:height\" content=\"958\" \/>\n\t<meta property=\"og:image:type\" content=\"image\/jpeg\" \/>\n<meta name=\"author\" content=\"Mevi\" \/>\n<meta name=\"twitter:card\" content=\"summary_large_image\" \/>\n<meta name=\"twitter:creator\" content=\"@mediaviestinta\" \/>\n<meta name=\"twitter:site\" content=\"@mediaviestinta\" \/>\n<meta name=\"twitter:label1\" content=\"Kirjoittanut\" \/>\n\t<meta name=\"twitter:data1\" content=\"Mevi\" \/>\n\t<meta name=\"twitter:label2\" content=\"Arvioitu lukuaika\" \/>\n\t<meta name=\"twitter:data2\" content=\"1 minuutti\" \/>\n<script type=\"application\/ld+json\" class=\"yoast-schema-graph\">{\"@context\":\"https:\\\/\\\/schema.org\",\"@graph\":[{\"@type\":\"Article\",\"@id\":\"https:\\\/\\\/mediaviestinta.fi\\\/mevi2020\\\/2025\\\/11\\\/journalismin-valmistaminen-on-likaista-puuhaa\\\/#article\",\"isPartOf\":{\"@id\":\"https:\\\/\\\/mediaviestinta.fi\\\/mevi2020\\\/2025\\\/11\\\/journalismin-valmistaminen-on-likaista-puuhaa\\\/\"},\"author\":{\"name\":\"Mevi\",\"@id\":\"https:\\\/\\\/mediaviestinta.fi\\\/#\\\/schema\\\/person\\\/b2da34ab24cfcd17dbdd6c7cfb173257\"},\"headline\":\"Journalismin valmistaminen on likaista puuhaa\",\"datePublished\":\"2025-11-26T13:45:05+00:00\",\"dateModified\":\"2025-11-26T13:45:06+00:00\",\"mainEntityOfPage\":{\"@id\":\"https:\\\/\\\/mediaviestinta.fi\\\/mevi2020\\\/2025\\\/11\\\/journalismin-valmistaminen-on-likaista-puuhaa\\\/\"},\"wordCount\":939,\"commentCount\":0,\"publisher\":{\"@id\":\"https:\\\/\\\/mediaviestinta.fi\\\/#organization\"},\"image\":{\"@id\":\"https:\\\/\\\/mediaviestinta.fi\\\/mevi2020\\\/2025\\\/11\\\/journalismin-valmistaminen-on-likaista-puuhaa\\\/#primaryimage\"},\"thumbnailUrl\":\"https:\\\/\\\/mediaviestinta.fi\\\/mevi2020\\\/wp-content\\\/uploads\\\/2025\\\/11\\\/ai-generated-8072821_1280.jpg\",\"inLanguage\":\"fi\",\"potentialAction\":[{\"@type\":\"CommentAction\",\"name\":\"Comment\",\"target\":[\"https:\\\/\\\/mediaviestinta.fi\\\/mevi2020\\\/2025\\\/11\\\/journalismin-valmistaminen-on-likaista-puuhaa\\\/#respond\"]}]},{\"@type\":\"WebPage\",\"@id\":\"https:\\\/\\\/mediaviestinta.fi\\\/mevi2020\\\/2025\\\/11\\\/journalismin-valmistaminen-on-likaista-puuhaa\\\/\",\"url\":\"https:\\\/\\\/mediaviestinta.fi\\\/mevi2020\\\/2025\\\/11\\\/journalismin-valmistaminen-on-likaista-puuhaa\\\/\",\"name\":\"Journalismin valmistaminen on likaista puuhaa &#8211; Mevi\",\"isPartOf\":{\"@id\":\"https:\\\/\\\/mediaviestinta.fi\\\/#website\"},\"primaryImageOfPage\":{\"@id\":\"https:\\\/\\\/mediaviestinta.fi\\\/mevi2020\\\/2025\\\/11\\\/journalismin-valmistaminen-on-likaista-puuhaa\\\/#primaryimage\"},\"image\":{\"@id\":\"https:\\\/\\\/mediaviestinta.fi\\\/mevi2020\\\/2025\\\/11\\\/journalismin-valmistaminen-on-likaista-puuhaa\\\/#primaryimage\"},\"thumbnailUrl\":\"https:\\\/\\\/mediaviestinta.fi\\\/mevi2020\\\/wp-content\\\/uploads\\\/2025\\\/11\\\/ai-generated-8072821_1280.jpg\",\"datePublished\":\"2025-11-26T13:45:05+00:00\",\"dateModified\":\"2025-11-26T13:45:06+00:00\",\"breadcrumb\":{\"@id\":\"https:\\\/\\\/mediaviestinta.fi\\\/mevi2020\\\/2025\\\/11\\\/journalismin-valmistaminen-on-likaista-puuhaa\\\/#breadcrumb\"},\"inLanguage\":\"fi\",\"potentialAction\":[{\"@type\":\"ReadAction\",\"target\":[\"https:\\\/\\\/mediaviestinta.fi\\\/mevi2020\\\/2025\\\/11\\\/journalismin-valmistaminen-on-likaista-puuhaa\\\/\"]}]},{\"@type\":\"ImageObject\",\"inLanguage\":\"fi\",\"@id\":\"https:\\\/\\\/mediaviestinta.fi\\\/mevi2020\\\/2025\\\/11\\\/journalismin-valmistaminen-on-likaista-puuhaa\\\/#primaryimage\",\"url\":\"https:\\\/\\\/mediaviestinta.fi\\\/mevi2020\\\/wp-content\\\/uploads\\\/2025\\\/11\\\/ai-generated-8072821_1280.jpg\",\"contentUrl\":\"https:\\\/\\\/mediaviestinta.fi\\\/mevi2020\\\/wp-content\\\/uploads\\\/2025\\\/11\\\/ai-generated-8072821_1280.jpg\",\"width\":1280,\"height\":958,\"caption\":\"TheDigitalArtist \\\/ Pixabay\"},{\"@type\":\"BreadcrumbList\",\"@id\":\"https:\\\/\\\/mediaviestinta.fi\\\/mevi2020\\\/2025\\\/11\\\/journalismin-valmistaminen-on-likaista-puuhaa\\\/#breadcrumb\",\"itemListElement\":[{\"@type\":\"ListItem\",\"position\":1,\"name\":\"Home\",\"item\":\"https:\\\/\\\/mediaviestinta.fi\\\/\"},{\"@type\":\"ListItem\",\"position\":2,\"name\":\"Journalismin valmistaminen on likaista puuhaa\"}]},{\"@type\":\"WebSite\",\"@id\":\"https:\\\/\\\/mediaviestinta.fi\\\/#website\",\"url\":\"https:\\\/\\\/mediaviestinta.fi\\\/\",\"name\":\"Mevi\",\"description\":\"Media- ja viestint\u00e4tieteellinen seura Mevi\",\"publisher\":{\"@id\":\"https:\\\/\\\/mediaviestinta.fi\\\/#organization\"},\"potentialAction\":[{\"@type\":\"SearchAction\",\"target\":{\"@type\":\"EntryPoint\",\"urlTemplate\":\"https:\\\/\\\/mediaviestinta.fi\\\/?s={search_term_string}\"},\"query-input\":{\"@type\":\"PropertyValueSpecification\",\"valueRequired\":true,\"valueName\":\"search_term_string\"}}],\"inLanguage\":\"fi\"},{\"@type\":\"Organization\",\"@id\":\"https:\\\/\\\/mediaviestinta.fi\\\/#organization\",\"name\":\"Media- ja viestint\u00e4tieteellinen seura Mevi\",\"url\":\"https:\\\/\\\/mediaviestinta.fi\\\/\",\"logo\":{\"@type\":\"ImageObject\",\"inLanguage\":\"fi\",\"@id\":\"https:\\\/\\\/mediaviestinta.fi\\\/#\\\/schema\\\/logo\\\/image\\\/\",\"url\":\"https:\\\/\\\/mediaviestinta.fi\\\/mevi2020\\\/wp-content\\\/uploads\\\/2020\\\/03\\\/mevi-logo-RGB-Transparent.png\",\"contentUrl\":\"https:\\\/\\\/mediaviestinta.fi\\\/mevi2020\\\/wp-content\\\/uploads\\\/2020\\\/03\\\/mevi-logo-RGB-Transparent.png\",\"width\":910,\"height\":464,\"caption\":\"Media- ja viestint\u00e4tieteellinen seura Mevi\"},\"image\":{\"@id\":\"https:\\\/\\\/mediaviestinta.fi\\\/#\\\/schema\\\/logo\\\/image\\\/\"},\"sameAs\":[\"https:\\\/\\\/www.facebook.com\\\/MediaViestinta\\\/\",\"https:\\\/\\\/x.com\\\/mediaviestinta\"]},{\"@type\":\"Person\",\"@id\":\"https:\\\/\\\/mediaviestinta.fi\\\/#\\\/schema\\\/person\\\/b2da34ab24cfcd17dbdd6c7cfb173257\",\"name\":\"Mevi\",\"image\":{\"@type\":\"ImageObject\",\"inLanguage\":\"fi\",\"@id\":\"https:\\\/\\\/secure.gravatar.com\\\/avatar\\\/3305b76d1667dc119a18808ed03d6a1fc2dfa8b6a1cddecb8c4d27ef14ec32ca?s=96&d=mm&r=g\",\"url\":\"https:\\\/\\\/secure.gravatar.com\\\/avatar\\\/3305b76d1667dc119a18808ed03d6a1fc2dfa8b6a1cddecb8c4d27ef14ec32ca?s=96&d=mm&r=g\",\"contentUrl\":\"https:\\\/\\\/secure.gravatar.com\\\/avatar\\\/3305b76d1667dc119a18808ed03d6a1fc2dfa8b6a1cddecb8c4d27ef14ec32ca?s=96&d=mm&r=g\",\"caption\":\"Mevi\"},\"url\":\"https:\\\/\\\/mediaviestinta.fi\\\/mevi2020\\\/author\\\/mediavie\\\/\"}]}<\/script>\n<!-- \/ Yoast SEO plugin. -->","yoast_head_json":{"title":"Journalismin valmistaminen on likaista puuhaa &#8211; Mevi","robots":{"index":"index","follow":"follow","max-snippet":"max-snippet:-1","max-image-preview":"max-image-preview:large","max-video-preview":"max-video-preview:-1"},"canonical":"https:\/\/mediaviestinta.fi\/mevi2020\/2025\/11\/journalismin-valmistaminen-on-likaista-puuhaa\/","og_locale":"fi_FI","og_type":"article","og_title":"Journalismin valmistaminen on likaista puuhaa &#8211; Mevi","og_description":"Journalismin ydint\u00e4 kaihertaa ristiriita. Vaikka journalistit tuottavat uutisia ihmisen aiheuttamista ekologisista kriiseist\u00e4, kuten ilmastokriisist\u00e4 ja luontokadosta, enemm\u00e4n kuin koskaan, j\u00e4\u00e4 journalismin oma ekologinen kest\u00e4vyys eli se, millaisia ilmasto-&hellip;","og_url":"https:\/\/mediaviestinta.fi\/mevi2020\/2025\/11\/journalismin-valmistaminen-on-likaista-puuhaa\/","og_site_name":"Mevi","article_publisher":"https:\/\/www.facebook.com\/MediaViestinta\/","article_published_time":"2025-11-26T13:45:05+00:00","article_modified_time":"2025-11-26T13:45:06+00:00","og_image":[{"width":1280,"height":958,"url":"https:\/\/mediaviestinta.fi\/mevi2020\/wp-content\/uploads\/2025\/11\/ai-generated-8072821_1280.jpg","type":"image\/jpeg"}],"author":"Mevi","twitter_card":"summary_large_image","twitter_creator":"@mediaviestinta","twitter_site":"@mediaviestinta","twitter_misc":{"Kirjoittanut":"Mevi","Arvioitu lukuaika":"1 minuutti"},"schema":{"@context":"https:\/\/schema.org","@graph":[{"@type":"Article","@id":"https:\/\/mediaviestinta.fi\/mevi2020\/2025\/11\/journalismin-valmistaminen-on-likaista-puuhaa\/#article","isPartOf":{"@id":"https:\/\/mediaviestinta.fi\/mevi2020\/2025\/11\/journalismin-valmistaminen-on-likaista-puuhaa\/"},"author":{"name":"Mevi","@id":"https:\/\/mediaviestinta.fi\/#\/schema\/person\/b2da34ab24cfcd17dbdd6c7cfb173257"},"headline":"Journalismin valmistaminen on likaista puuhaa","datePublished":"2025-11-26T13:45:05+00:00","dateModified":"2025-11-26T13:45:06+00:00","mainEntityOfPage":{"@id":"https:\/\/mediaviestinta.fi\/mevi2020\/2025\/11\/journalismin-valmistaminen-on-likaista-puuhaa\/"},"wordCount":939,"commentCount":0,"publisher":{"@id":"https:\/\/mediaviestinta.fi\/#organization"},"image":{"@id":"https:\/\/mediaviestinta.fi\/mevi2020\/2025\/11\/journalismin-valmistaminen-on-likaista-puuhaa\/#primaryimage"},"thumbnailUrl":"https:\/\/mediaviestinta.fi\/mevi2020\/wp-content\/uploads\/2025\/11\/ai-generated-8072821_1280.jpg","inLanguage":"fi","potentialAction":[{"@type":"CommentAction","name":"Comment","target":["https:\/\/mediaviestinta.fi\/mevi2020\/2025\/11\/journalismin-valmistaminen-on-likaista-puuhaa\/#respond"]}]},{"@type":"WebPage","@id":"https:\/\/mediaviestinta.fi\/mevi2020\/2025\/11\/journalismin-valmistaminen-on-likaista-puuhaa\/","url":"https:\/\/mediaviestinta.fi\/mevi2020\/2025\/11\/journalismin-valmistaminen-on-likaista-puuhaa\/","name":"Journalismin valmistaminen on likaista puuhaa &#8211; Mevi","isPartOf":{"@id":"https:\/\/mediaviestinta.fi\/#website"},"primaryImageOfPage":{"@id":"https:\/\/mediaviestinta.fi\/mevi2020\/2025\/11\/journalismin-valmistaminen-on-likaista-puuhaa\/#primaryimage"},"image":{"@id":"https:\/\/mediaviestinta.fi\/mevi2020\/2025\/11\/journalismin-valmistaminen-on-likaista-puuhaa\/#primaryimage"},"thumbnailUrl":"https:\/\/mediaviestinta.fi\/mevi2020\/wp-content\/uploads\/2025\/11\/ai-generated-8072821_1280.jpg","datePublished":"2025-11-26T13:45:05+00:00","dateModified":"2025-11-26T13:45:06+00:00","breadcrumb":{"@id":"https:\/\/mediaviestinta.fi\/mevi2020\/2025\/11\/journalismin-valmistaminen-on-likaista-puuhaa\/#breadcrumb"},"inLanguage":"fi","potentialAction":[{"@type":"ReadAction","target":["https:\/\/mediaviestinta.fi\/mevi2020\/2025\/11\/journalismin-valmistaminen-on-likaista-puuhaa\/"]}]},{"@type":"ImageObject","inLanguage":"fi","@id":"https:\/\/mediaviestinta.fi\/mevi2020\/2025\/11\/journalismin-valmistaminen-on-likaista-puuhaa\/#primaryimage","url":"https:\/\/mediaviestinta.fi\/mevi2020\/wp-content\/uploads\/2025\/11\/ai-generated-8072821_1280.jpg","contentUrl":"https:\/\/mediaviestinta.fi\/mevi2020\/wp-content\/uploads\/2025\/11\/ai-generated-8072821_1280.jpg","width":1280,"height":958,"caption":"TheDigitalArtist \/ Pixabay"},{"@type":"BreadcrumbList","@id":"https:\/\/mediaviestinta.fi\/mevi2020\/2025\/11\/journalismin-valmistaminen-on-likaista-puuhaa\/#breadcrumb","itemListElement":[{"@type":"ListItem","position":1,"name":"Home","item":"https:\/\/mediaviestinta.fi\/"},{"@type":"ListItem","position":2,"name":"Journalismin valmistaminen on likaista puuhaa"}]},{"@type":"WebSite","@id":"https:\/\/mediaviestinta.fi\/#website","url":"https:\/\/mediaviestinta.fi\/","name":"Mevi","description":"Media- ja viestint\u00e4tieteellinen seura Mevi","publisher":{"@id":"https:\/\/mediaviestinta.fi\/#organization"},"potentialAction":[{"@type":"SearchAction","target":{"@type":"EntryPoint","urlTemplate":"https:\/\/mediaviestinta.fi\/?s={search_term_string}"},"query-input":{"@type":"PropertyValueSpecification","valueRequired":true,"valueName":"search_term_string"}}],"inLanguage":"fi"},{"@type":"Organization","@id":"https:\/\/mediaviestinta.fi\/#organization","name":"Media- ja viestint\u00e4tieteellinen seura Mevi","url":"https:\/\/mediaviestinta.fi\/","logo":{"@type":"ImageObject","inLanguage":"fi","@id":"https:\/\/mediaviestinta.fi\/#\/schema\/logo\/image\/","url":"https:\/\/mediaviestinta.fi\/mevi2020\/wp-content\/uploads\/2020\/03\/mevi-logo-RGB-Transparent.png","contentUrl":"https:\/\/mediaviestinta.fi\/mevi2020\/wp-content\/uploads\/2020\/03\/mevi-logo-RGB-Transparent.png","width":910,"height":464,"caption":"Media- ja viestint\u00e4tieteellinen seura Mevi"},"image":{"@id":"https:\/\/mediaviestinta.fi\/#\/schema\/logo\/image\/"},"sameAs":["https:\/\/www.facebook.com\/MediaViestinta\/","https:\/\/x.com\/mediaviestinta"]},{"@type":"Person","@id":"https:\/\/mediaviestinta.fi\/#\/schema\/person\/b2da34ab24cfcd17dbdd6c7cfb173257","name":"Mevi","image":{"@type":"ImageObject","inLanguage":"fi","@id":"https:\/\/secure.gravatar.com\/avatar\/3305b76d1667dc119a18808ed03d6a1fc2dfa8b6a1cddecb8c4d27ef14ec32ca?s=96&d=mm&r=g","url":"https:\/\/secure.gravatar.com\/avatar\/3305b76d1667dc119a18808ed03d6a1fc2dfa8b6a1cddecb8c4d27ef14ec32ca?s=96&d=mm&r=g","contentUrl":"https:\/\/secure.gravatar.com\/avatar\/3305b76d1667dc119a18808ed03d6a1fc2dfa8b6a1cddecb8c4d27ef14ec32ca?s=96&d=mm&r=g","caption":"Mevi"},"url":"https:\/\/mediaviestinta.fi\/mevi2020\/author\/mediavie\/"}]}},"_links":{"self":[{"href":"https:\/\/mediaviestinta.fi\/mevi2020\/wp-json\/wp\/v2\/posts\/5412","targetHints":{"allow":["GET"]}}],"collection":[{"href":"https:\/\/mediaviestinta.fi\/mevi2020\/wp-json\/wp\/v2\/posts"}],"about":[{"href":"https:\/\/mediaviestinta.fi\/mevi2020\/wp-json\/wp\/v2\/types\/post"}],"author":[{"embeddable":true,"href":"https:\/\/mediaviestinta.fi\/mevi2020\/wp-json\/wp\/v2\/users\/3"}],"replies":[{"embeddable":true,"href":"https:\/\/mediaviestinta.fi\/mevi2020\/wp-json\/wp\/v2\/comments?post=5412"}],"version-history":[{"count":1,"href":"https:\/\/mediaviestinta.fi\/mevi2020\/wp-json\/wp\/v2\/posts\/5412\/revisions"}],"predecessor-version":[{"id":5414,"href":"https:\/\/mediaviestinta.fi\/mevi2020\/wp-json\/wp\/v2\/posts\/5412\/revisions\/5414"}],"wp:featuredmedia":[{"embeddable":true,"href":"https:\/\/mediaviestinta.fi\/mevi2020\/wp-json\/wp\/v2\/media\/5413"}],"wp:attachment":[{"href":"https:\/\/mediaviestinta.fi\/mevi2020\/wp-json\/wp\/v2\/media?parent=5412"}],"wp:term":[{"taxonomy":"category","embeddable":true,"href":"https:\/\/mediaviestinta.fi\/mevi2020\/wp-json\/wp\/v2\/categories?post=5412"},{"taxonomy":"post_tag","embeddable":true,"href":"https:\/\/mediaviestinta.fi\/mevi2020\/wp-json\/wp\/v2\/tags?post=5412"}],"curies":[{"name":"wp","href":"https:\/\/api.w.org\/{rel}","templated":true}]}}