{"id":5419,"date":"2025-12-04T14:29:21","date_gmt":"2025-12-04T12:29:21","guid":{"rendered":"https:\/\/mediaviestinta.fi\/mevi2020\/?p=5419"},"modified":"2025-12-04T14:31:15","modified_gmt":"2025-12-04T12:31:15","slug":"journalistipaneeli-on-syntymassa-c-v-akerlundin-mediasaation-rahoituksella","status":"publish","type":"post","link":"https:\/\/mediaviestinta.fi\/mevi2020\/2025\/12\/journalistipaneeli-on-syntymassa-c-v-akerlundin-mediasaation-rahoituksella\/","title":{"rendered":"Journalistipaneeli on syntym\u00e4ss\u00e4 C.V. \u00c5kerlundin medias\u00e4\u00e4ti\u00f6n rahoituksella\u00a0\u00a0"},"content":{"rendered":"\n<p><em>Mevi ry:n alullepanema journalistipaneeli on viimein syntym\u00e4ss\u00e4. Paneeli aloittaa toimintansa \u00c5bo Akademin alaisessa FIRIPOssa vuoden 2026 alussa. Paneelin perustamista rahoittaa C.V. \u00c5kerlundin medias\u00e4\u00e4ti\u00f6 30 000 eurolla.&nbsp;<\/em><\/p>\n\n\n\n<p><a href=\"https:\/\/akerlundinsaatio.fi\/\">C. V. \u00c5kerlundin medias\u00e4\u00e4ti\u00f6<\/a> on my\u00f6nt\u00e4nyt 30 000 euron rahoituksen \u00c5bo Akademin hallinnoimalle projektille, jonka tarkoituksena on kansallisen journalistipaneelin perustaminen. Mevi ry on ollut aktiivisesti mukana projektin valmistelu- ja hakuprosessissa.<\/p>\n\n\n\n<p>Journalistipaneeli perustetaan hallinnoimaan ja toteuttamaan journalistisen ty\u00f6n tekij\u00f6ille teetett\u00e4vi\u00e4 akateemisia ja yleishy\u00f6dyllisi\u00e4 kyselytutkimuksia Suomessa. Niill\u00e4 edistet\u00e4\u00e4n laadukkaan, ajankohtaisen, m\u00e4\u00e4r\u00e4llisen ja edustavan tutkimustiedon tuottamista journalistien ty\u00f6n, ty\u00f6olojen, ammattiarvojen ja yhteiskunnallisten asenteiden kehityksest\u00e4.<\/p>\n\n\n\n<p>Paneeli tarjoaa siten perustietoa journalistien toiminnasta ja sen reunaehdoista, mink\u00e4 pohjalta voidaan edist\u00e4\u00e4 suomalaisen journalismin vastuullista kehityst\u00e4 ja vaikuttaa journalismista k\u00e4yt\u00e4v\u00e4\u00e4n yhteiskunnalliseen keskusteluun.<\/p>\n\n\n\n<p>Jos olet toimittaja ja haluat osallistua paneeliin, saat lis\u00e4tietoja paneelin toiminnasta ja voit ilmoittautua mukaan <a href=\"https:\/\/www.firipo.fi\/fi\/infrastruktuuri\/journalistipaneeli\/\">t\u00e4\u00e4ll\u00e4.<\/a><\/p>\n\n\n\n<p><strong>Paneeli Firipon alaisuuteen<\/strong><\/p>\n\n\n\n<p>Mevi, Suomen Journalistiliitto (SJL) ja Viestint\u00e4 ja kehitys -s\u00e4\u00e4ti\u00f6 Vikes ovat vuoden 2025 aikana tehneet yhdess\u00e4 valmisteluty\u00f6t\u00e4 paneelin perustamiseksi.<\/p>\n\n\n\n<p>Neuvotteluissa on p\u00e4\u00e4dytty siihen, ett\u00e4 tuleva paneeli perustetaan \u00c5bo Akademin hallinnoiman ja jo toiminnassa olevan Suomen mielipidetutkimuksen tutkimusinfrastruktuurin <a href=\"https:\/\/www.firipo.fi\/fi\/\">FIRIPOn<\/a> yhteyteen.<\/p>\n\n\n\n<p>FIRIPO on kolmen yliopiston (\u00c5bo Akademi, Turku, Tampere) muodostama kansallinen konsortio, joka on erikoistunut yleisen mielipiteen mittaamiseen erilaisten kyselytutkimusten ja kokeellisten tutkimusten avulla.<\/p>\n\n\n\n<p>FIRIPO tarjoaa journalistipaneelille sopivan kodin niin tieteen, tutkimusetiikan kuin infrastruktuurinkin kannalta katsottuna. Kaikki paneelin vaatimat rakenteet ovat jo konsortiossa testatut: journalistipaneelista tulee viides FIRIPOn koordinoima paneeli aiempien kansalais- ja poliitikkopaneeleiden lis\u00e4ksi.<\/p>\n\n\n\n<p>Kun journalistipaneeli saadaan perustettua, sen k\u00e4ytt\u00f6 on mahdollista akateemiseen tutkimukseen ja yleishy\u00f6dyllisiin tarkoituksiin, kuten esimerkiksi SJL:n j\u00e4senkyselyihin tai muihin tutkijoiden ja yleishy\u00f6dyllisten organisaatioiden v\u00e4lisiin yhteisty\u00f6hankkeisiin. Markkinatutkimuksia paneelin kautta ei voi toteuttaa.<\/p>\n\n\n\n<p><strong>Paneelin perustamisesta ja aloituksesta<\/strong><\/p>\n\n\n\n<p>Paneelin perustamisty\u00f6 on syksyn 2025 aikana p\u00e4\u00e4ssyt hyv\u00e4\u00e4n vauhtiin. Paneelin operatiivinen koordinaattori on YTT Klas Backholm \u00c5bo Akademista. Backholm on tutkinut muun muassa toimittajien psyykkist\u00e4 hyvinvointia koulusurmatapausten uutisoinnin j\u00e4lkeen ja perehtynyt ty\u00f6ss\u00e4\u00e4n laajasti kvantitatiivisiin menetelmiin.<\/p>\n\n\n\n<p>Paneeliin on lis\u00e4ksi palkattu \u00c5bo Akademin my\u00f6nt\u00e4m\u00e4ll\u00e4 siemenrahoituksella marraskuusta 2025 l\u00e4htien osa-aikaiseksi tutkimusavustajaksi Julia Kultti \u00c5bo Akademista. Kultin teht\u00e4vin\u00e4 ovat vastaajien hankinta paneeliin ja erilaiset tiedotus- sek\u00e4 markkinointiteht\u00e4v\u00e4t.<\/p>\n\n\n\n<p>Markkinoinnissa ovat olleet apuna my\u00f6s muut tahot. SJL kartoitti t\u00e4m\u00e4nsyksyisen j\u00e4rjest\u00f6kuvatutkimuksensa yhteydess\u00e4 journalistisen ty\u00f6n tekij\u00f6iden kiinnostusta liitty\u00e4 paneeliin. Sit\u00e4 kautta saimme jo l\u00e4hes 300 journalistia panelisteiksi. Vikesin kautta tavoittelemme mukaan my\u00f6s maahanmuuttajataustaisia journalisteja. J\u00e4senten keruuta jatketaan ensi vuoden ajan nyt saadun apurahan turvin.&nbsp;<\/p>\n\n\n\n<p>Tavoitteena on, ett\u00e4 paneeli saataisiin koottua ensi vuoden aikana, jolloin voitaisiin aloittaa my\u00f6s ensimm\u00e4isen tutkimuksen toteutus. Sit\u00e4 varten on tarkoitus koota kansallinen tutkijaryhm\u00e4 ja erillinen rahoitus s\u00e4\u00e4ti\u00f6ilt\u00e4. T\u00e4st\u00e4 tiedotamme Mevin sivuilla my\u00f6hemmin, kunhan suunnitelmat tarkentuvat.<\/p>\n\n\n\n<p><strong>Paneelin jatkok\u00e4yt\u00f6st\u00e4<\/strong><\/p>\n\n\n\n<p>Paneelin muihinkin alkuvaiheen tutkimuksiin voidaan pyrki\u00e4 hankkimaan my\u00f6hemmin s\u00e4\u00e4ti\u00f6rahoitusta. Jatkossa ajatus on, ett\u00e4 paneeli toimisi tutkijoilta ja tutkijaryhmilt\u00e4 saatavan rahoituksen turvin. Toisin sanoen kyselytutkimuksista kiinnostuneiden tutkijoiden on otettava paneelin k\u00e4yt\u00f6n kustannukset huomioon rahoitushakemuksia tehdess\u00e4\u00e4n.<\/p>\n\n\n\n<p>Paneelin k\u00e4yt\u00e4nn\u00f6n toimintaa ohjataan kahdella tapaa. T\u00e4rkein ohjaava elin on \u00c5bo Akademin sis\u00e4inen johtoryhm\u00e4, joka tekee p\u00e4\u00e4t\u00f6kset yksitt\u00e4isten tutkimusten toteutuksesta tutkijoita konsultoituaan.<\/p>\n\n\n\n<p>Johtoryhm\u00e4n tueksi perustetaan kansallinen ohjausryhm\u00e4, joka auttaa johtoryhm\u00e4\u00e4 paneelin kehittelyss\u00e4 ja koordinoinnissa Ohjausryhm\u00e4n kokoamisesta tiedotamme lis\u00e4\u00e4 my\u00f6hemmin Mevin eri kanavissa.<\/p>\n\n\n\n<p><strong>Taustalla kolmen vuoden kehittely<\/strong><\/p>\n\n\n\n<p>Paneelin kehitt\u00e4miselle syntyi tarve muutama vuosi sitten, kun lukuisat tutkijat eri puolilla Suomea huomasivat journalisteille teetett\u00e4vien kyselytutkimusten toteutuksen vaikeutuneen merkitt\u00e4v\u00e4sti.<\/p>\n\n\n\n<p>Ongelmia aiheutti erityisesti yhteisty\u00f6n hankaloituminen tutkijoiden ja SJL:n kesken tietosuojas\u00e4\u00e4nn\u00f6sten ja liiton resurssipulan takia. Lis\u00e4vaivaa tuottivat journalistien yhteystietojen saannin vaikeutuminen GDPR-s\u00e4\u00e4nn\u00f6sten ja vihapuheen vuoksi sek\u00e4 yleinen kyselytutkimusv\u00e4symys.<\/p>\n\n\n\n<p>Yhdess\u00e4 ongelmat johtivat erilaisten tutkimushankkeiden viiv\u00e4stymiseen ja joiltain osin tutkimusdatan riitt\u00e4m\u00e4tt\u00f6myyteen (ks. esimerkiksi Hiltunen, Suuronen &amp; P\u00f6yht\u00e4ri, 2022; Manninen &amp; Niemi, 2022 ja V\u00e4liverronen, P\u00f6yht\u00e4ri &amp; Villi, 2023).<\/p>\n\n\n\n<p>Mevi neuvotteli tilanteesta SJL:n kanssa vuonna 2022. Keskusteluissa SJL:n edustajat toivoivat, ett\u00e4 tutkijat pystyisiv\u00e4t jatkossa ottamaan suuremman roolin kyselytutkimusten toteuttamisesta. T\u00e4lt\u00e4 pohjalta Mevi laati Media-alan tutkimuss\u00e4\u00e4ti\u00f6n tuella vuonna 2024 raportin <a href=\"https:\/\/mediaviestinta.fi\/mevi2020\/2024\/08\/toimittajille-tehdyt-kyselytutkimukset-karsivat-vastaajapulasta-mevi-ryn-selvitys-tarjoaa-ratkaisuehdotuksia-ongelmaan\/\">(Vainio, 2024)<\/a>, jossa selvitettiin toimittajille teetett\u00e4vien kyselytutkimusten tulevaisuutta Suomessa.<\/p>\n\n\n\n<p>Raportissa k\u00e4ytiin l\u00e4pi tilannetta muissa Pohjoismaissa ja nostettiin esiin kolme mahdollista tulevaisuuden skenaariota. Niist\u00e4 parhaimmaksi arvioitiin uuden journalistipaneelin perustaminen.Jos sinulla on kysytt\u00e4v\u00e4\u00e4 journalistipaneelista, voit olla yhteydess\u00e4 paneelin vet\u00e4j\u00e4\u00e4n Klas Backholmiin (journalistipaneeli@abo.fi), Mevi ry:n varapuheenjohtaja Jari V\u00e4liverroseen (jari.valiverronen@tuni.fi), ja Mevi ry:n puheenjohtajaan Veera Ehrl\u00e9niin (veera.ehrlen@jyu.fi).<\/p>\n\n\n\n<p><\/p>\n","protected":false},"excerpt":{"rendered":"<p>Mevi ry:n alullepanema journalistipaneeli on viimein syntym\u00e4ss\u00e4. Paneeli aloittaa toimintansa \u00c5bo Akademin alaisessa FIRIPOssa vuoden 2026 alussa. Paneelin perustamista rahoittaa C.V. \u00c5kerlundin medias\u00e4\u00e4ti\u00f6 30 000 eurolla.&nbsp; C. V.&hellip;<\/p>\n","protected":false},"author":3,"featured_media":3660,"comment_status":"open","ping_status":"closed","sticky":false,"template":"","format":"standard","meta":{"_monsterinsights_skip_tracking":false,"_monsterinsights_sitenote_active":false,"_monsterinsights_sitenote_note":"","_monsterinsights_sitenote_category":0,"footnotes":""},"categories":[1],"tags":[],"class_list":["post-5419","post","type-post","status-publish","format-standard","has-post-thumbnail","hentry","category-yleinen"],"yoast_head":"<!-- This site is optimized with the Yoast SEO plugin v27.5 - https:\/\/yoast.com\/product\/yoast-seo-wordpress\/ -->\n<title>Journalistipaneeli on syntym\u00e4ss\u00e4 C.V. \u00c5kerlundin medias\u00e4\u00e4ti\u00f6n rahoituksella\u00a0\u00a0 &#8211; Mevi<\/title>\n<meta name=\"robots\" content=\"index, follow, max-snippet:-1, max-image-preview:large, max-video-preview:-1\" \/>\n<link rel=\"canonical\" href=\"https:\/\/mediaviestinta.fi\/mevi2020\/2025\/12\/journalistipaneeli-on-syntymassa-c-v-akerlundin-mediasaation-rahoituksella\/\" \/>\n<meta property=\"og:locale\" content=\"fi_FI\" \/>\n<meta property=\"og:type\" content=\"article\" \/>\n<meta property=\"og:title\" content=\"Journalistipaneeli on syntym\u00e4ss\u00e4 C.V. \u00c5kerlundin medias\u00e4\u00e4ti\u00f6n rahoituksella\u00a0\u00a0 &#8211; Mevi\" \/>\n<meta property=\"og:description\" content=\"Mevi ry:n alullepanema journalistipaneeli on viimein syntym\u00e4ss\u00e4. Paneeli aloittaa toimintansa \u00c5bo Akademin alaisessa FIRIPOssa vuoden 2026 alussa. Paneelin perustamista rahoittaa C.V. \u00c5kerlundin medias\u00e4\u00e4ti\u00f6 30 000 eurolla.&nbsp; C. V.&hellip;\" \/>\n<meta property=\"og:url\" content=\"https:\/\/mediaviestinta.fi\/mevi2020\/2025\/12\/journalistipaneeli-on-syntymassa-c-v-akerlundin-mediasaation-rahoituksella\/\" \/>\n<meta property=\"og:site_name\" content=\"Mevi\" \/>\n<meta property=\"article:publisher\" content=\"https:\/\/www.facebook.com\/MediaViestinta\/\" \/>\n<meta property=\"article:published_time\" content=\"2025-12-04T12:29:21+00:00\" \/>\n<meta property=\"article:modified_time\" content=\"2025-12-04T12:31:15+00:00\" \/>\n<meta property=\"og:image\" content=\"https:\/\/mediaviestinta.fi\/mevi2020\/wp-content\/uploads\/2020\/04\/mevi-artikkeli-placeholder-kuva-01.jpg\" \/>\n\t<meta property=\"og:image:width\" content=\"700\" \/>\n\t<meta property=\"og:image:height\" content=\"400\" \/>\n\t<meta property=\"og:image:type\" content=\"image\/jpeg\" \/>\n<meta name=\"author\" content=\"Mevi\" \/>\n<meta name=\"twitter:card\" content=\"summary_large_image\" \/>\n<meta name=\"twitter:creator\" content=\"@mediaviestinta\" \/>\n<meta name=\"twitter:site\" content=\"@mediaviestinta\" \/>\n<meta name=\"twitter:label1\" content=\"Kirjoittanut\" \/>\n\t<meta name=\"twitter:data1\" content=\"Mevi\" \/>\n\t<meta name=\"twitter:label2\" content=\"Arvioitu lukuaika\" \/>\n\t<meta name=\"twitter:data2\" content=\"4 minuuttia\" \/>\n<script type=\"application\/ld+json\" class=\"yoast-schema-graph\">{\"@context\":\"https:\\\/\\\/schema.org\",\"@graph\":[{\"@type\":\"Article\",\"@id\":\"https:\\\/\\\/mediaviestinta.fi\\\/mevi2020\\\/2025\\\/12\\\/journalistipaneeli-on-syntymassa-c-v-akerlundin-mediasaation-rahoituksella\\\/#article\",\"isPartOf\":{\"@id\":\"https:\\\/\\\/mediaviestinta.fi\\\/mevi2020\\\/2025\\\/12\\\/journalistipaneeli-on-syntymassa-c-v-akerlundin-mediasaation-rahoituksella\\\/\"},\"author\":{\"name\":\"Mevi\",\"@id\":\"https:\\\/\\\/mediaviestinta.fi\\\/#\\\/schema\\\/person\\\/b2da34ab24cfcd17dbdd6c7cfb173257\"},\"headline\":\"Journalistipaneeli on syntym\u00e4ss\u00e4 C.V. \u00c5kerlundin medias\u00e4\u00e4ti\u00f6n rahoituksella\u00a0\u00a0\",\"datePublished\":\"2025-12-04T12:29:21+00:00\",\"dateModified\":\"2025-12-04T12:31:15+00:00\",\"mainEntityOfPage\":{\"@id\":\"https:\\\/\\\/mediaviestinta.fi\\\/mevi2020\\\/2025\\\/12\\\/journalistipaneeli-on-syntymassa-c-v-akerlundin-mediasaation-rahoituksella\\\/\"},\"wordCount\":762,\"commentCount\":0,\"publisher\":{\"@id\":\"https:\\\/\\\/mediaviestinta.fi\\\/#organization\"},\"image\":{\"@id\":\"https:\\\/\\\/mediaviestinta.fi\\\/mevi2020\\\/2025\\\/12\\\/journalistipaneeli-on-syntymassa-c-v-akerlundin-mediasaation-rahoituksella\\\/#primaryimage\"},\"thumbnailUrl\":\"https:\\\/\\\/mediaviestinta.fi\\\/mevi2020\\\/wp-content\\\/uploads\\\/2020\\\/04\\\/mevi-artikkeli-placeholder-kuva-01.jpg\",\"inLanguage\":\"fi\",\"potentialAction\":[{\"@type\":\"CommentAction\",\"name\":\"Comment\",\"target\":[\"https:\\\/\\\/mediaviestinta.fi\\\/mevi2020\\\/2025\\\/12\\\/journalistipaneeli-on-syntymassa-c-v-akerlundin-mediasaation-rahoituksella\\\/#respond\"]}]},{\"@type\":\"WebPage\",\"@id\":\"https:\\\/\\\/mediaviestinta.fi\\\/mevi2020\\\/2025\\\/12\\\/journalistipaneeli-on-syntymassa-c-v-akerlundin-mediasaation-rahoituksella\\\/\",\"url\":\"https:\\\/\\\/mediaviestinta.fi\\\/mevi2020\\\/2025\\\/12\\\/journalistipaneeli-on-syntymassa-c-v-akerlundin-mediasaation-rahoituksella\\\/\",\"name\":\"Journalistipaneeli on syntym\u00e4ss\u00e4 C.V. \u00c5kerlundin medias\u00e4\u00e4ti\u00f6n rahoituksella\u00a0\u00a0 &#8211; Mevi\",\"isPartOf\":{\"@id\":\"https:\\\/\\\/mediaviestinta.fi\\\/#website\"},\"primaryImageOfPage\":{\"@id\":\"https:\\\/\\\/mediaviestinta.fi\\\/mevi2020\\\/2025\\\/12\\\/journalistipaneeli-on-syntymassa-c-v-akerlundin-mediasaation-rahoituksella\\\/#primaryimage\"},\"image\":{\"@id\":\"https:\\\/\\\/mediaviestinta.fi\\\/mevi2020\\\/2025\\\/12\\\/journalistipaneeli-on-syntymassa-c-v-akerlundin-mediasaation-rahoituksella\\\/#primaryimage\"},\"thumbnailUrl\":\"https:\\\/\\\/mediaviestinta.fi\\\/mevi2020\\\/wp-content\\\/uploads\\\/2020\\\/04\\\/mevi-artikkeli-placeholder-kuva-01.jpg\",\"datePublished\":\"2025-12-04T12:29:21+00:00\",\"dateModified\":\"2025-12-04T12:31:15+00:00\",\"breadcrumb\":{\"@id\":\"https:\\\/\\\/mediaviestinta.fi\\\/mevi2020\\\/2025\\\/12\\\/journalistipaneeli-on-syntymassa-c-v-akerlundin-mediasaation-rahoituksella\\\/#breadcrumb\"},\"inLanguage\":\"fi\",\"potentialAction\":[{\"@type\":\"ReadAction\",\"target\":[\"https:\\\/\\\/mediaviestinta.fi\\\/mevi2020\\\/2025\\\/12\\\/journalistipaneeli-on-syntymassa-c-v-akerlundin-mediasaation-rahoituksella\\\/\"]}]},{\"@type\":\"ImageObject\",\"inLanguage\":\"fi\",\"@id\":\"https:\\\/\\\/mediaviestinta.fi\\\/mevi2020\\\/2025\\\/12\\\/journalistipaneeli-on-syntymassa-c-v-akerlundin-mediasaation-rahoituksella\\\/#primaryimage\",\"url\":\"https:\\\/\\\/mediaviestinta.fi\\\/mevi2020\\\/wp-content\\\/uploads\\\/2020\\\/04\\\/mevi-artikkeli-placeholder-kuva-01.jpg\",\"contentUrl\":\"https:\\\/\\\/mediaviestinta.fi\\\/mevi2020\\\/wp-content\\\/uploads\\\/2020\\\/04\\\/mevi-artikkeli-placeholder-kuva-01.jpg\",\"width\":700,\"height\":400},{\"@type\":\"BreadcrumbList\",\"@id\":\"https:\\\/\\\/mediaviestinta.fi\\\/mevi2020\\\/2025\\\/12\\\/journalistipaneeli-on-syntymassa-c-v-akerlundin-mediasaation-rahoituksella\\\/#breadcrumb\",\"itemListElement\":[{\"@type\":\"ListItem\",\"position\":1,\"name\":\"Home\",\"item\":\"https:\\\/\\\/mediaviestinta.fi\\\/\"},{\"@type\":\"ListItem\",\"position\":2,\"name\":\"Journalistipaneeli on syntym\u00e4ss\u00e4 C.V. \u00c5kerlundin medias\u00e4\u00e4ti\u00f6n rahoituksella\u00a0\u00a0\"}]},{\"@type\":\"WebSite\",\"@id\":\"https:\\\/\\\/mediaviestinta.fi\\\/#website\",\"url\":\"https:\\\/\\\/mediaviestinta.fi\\\/\",\"name\":\"Mevi\",\"description\":\"Media- ja viestint\u00e4tieteellinen seura Mevi\",\"publisher\":{\"@id\":\"https:\\\/\\\/mediaviestinta.fi\\\/#organization\"},\"potentialAction\":[{\"@type\":\"SearchAction\",\"target\":{\"@type\":\"EntryPoint\",\"urlTemplate\":\"https:\\\/\\\/mediaviestinta.fi\\\/?s={search_term_string}\"},\"query-input\":{\"@type\":\"PropertyValueSpecification\",\"valueRequired\":true,\"valueName\":\"search_term_string\"}}],\"inLanguage\":\"fi\"},{\"@type\":\"Organization\",\"@id\":\"https:\\\/\\\/mediaviestinta.fi\\\/#organization\",\"name\":\"Media- ja viestint\u00e4tieteellinen seura Mevi\",\"url\":\"https:\\\/\\\/mediaviestinta.fi\\\/\",\"logo\":{\"@type\":\"ImageObject\",\"inLanguage\":\"fi\",\"@id\":\"https:\\\/\\\/mediaviestinta.fi\\\/#\\\/schema\\\/logo\\\/image\\\/\",\"url\":\"https:\\\/\\\/mediaviestinta.fi\\\/mevi2020\\\/wp-content\\\/uploads\\\/2020\\\/03\\\/mevi-logo-RGB-Transparent.png\",\"contentUrl\":\"https:\\\/\\\/mediaviestinta.fi\\\/mevi2020\\\/wp-content\\\/uploads\\\/2020\\\/03\\\/mevi-logo-RGB-Transparent.png\",\"width\":910,\"height\":464,\"caption\":\"Media- ja viestint\u00e4tieteellinen seura Mevi\"},\"image\":{\"@id\":\"https:\\\/\\\/mediaviestinta.fi\\\/#\\\/schema\\\/logo\\\/image\\\/\"},\"sameAs\":[\"https:\\\/\\\/www.facebook.com\\\/MediaViestinta\\\/\",\"https:\\\/\\\/x.com\\\/mediaviestinta\"]},{\"@type\":\"Person\",\"@id\":\"https:\\\/\\\/mediaviestinta.fi\\\/#\\\/schema\\\/person\\\/b2da34ab24cfcd17dbdd6c7cfb173257\",\"name\":\"Mevi\",\"image\":{\"@type\":\"ImageObject\",\"inLanguage\":\"fi\",\"@id\":\"https:\\\/\\\/secure.gravatar.com\\\/avatar\\\/3305b76d1667dc119a18808ed03d6a1fc2dfa8b6a1cddecb8c4d27ef14ec32ca?s=96&d=mm&r=g\",\"url\":\"https:\\\/\\\/secure.gravatar.com\\\/avatar\\\/3305b76d1667dc119a18808ed03d6a1fc2dfa8b6a1cddecb8c4d27ef14ec32ca?s=96&d=mm&r=g\",\"contentUrl\":\"https:\\\/\\\/secure.gravatar.com\\\/avatar\\\/3305b76d1667dc119a18808ed03d6a1fc2dfa8b6a1cddecb8c4d27ef14ec32ca?s=96&d=mm&r=g\",\"caption\":\"Mevi\"},\"url\":\"https:\\\/\\\/mediaviestinta.fi\\\/mevi2020\\\/author\\\/mediavie\\\/\"}]}<\/script>\n<!-- \/ Yoast SEO plugin. -->","yoast_head_json":{"title":"Journalistipaneeli on syntym\u00e4ss\u00e4 C.V. \u00c5kerlundin medias\u00e4\u00e4ti\u00f6n rahoituksella\u00a0\u00a0 &#8211; Mevi","robots":{"index":"index","follow":"follow","max-snippet":"max-snippet:-1","max-image-preview":"max-image-preview:large","max-video-preview":"max-video-preview:-1"},"canonical":"https:\/\/mediaviestinta.fi\/mevi2020\/2025\/12\/journalistipaneeli-on-syntymassa-c-v-akerlundin-mediasaation-rahoituksella\/","og_locale":"fi_FI","og_type":"article","og_title":"Journalistipaneeli on syntym\u00e4ss\u00e4 C.V. \u00c5kerlundin medias\u00e4\u00e4ti\u00f6n rahoituksella\u00a0\u00a0 &#8211; Mevi","og_description":"Mevi ry:n alullepanema journalistipaneeli on viimein syntym\u00e4ss\u00e4. Paneeli aloittaa toimintansa \u00c5bo Akademin alaisessa FIRIPOssa vuoden 2026 alussa. Paneelin perustamista rahoittaa C.V. \u00c5kerlundin medias\u00e4\u00e4ti\u00f6 30 000 eurolla.&nbsp; C. V.&hellip;","og_url":"https:\/\/mediaviestinta.fi\/mevi2020\/2025\/12\/journalistipaneeli-on-syntymassa-c-v-akerlundin-mediasaation-rahoituksella\/","og_site_name":"Mevi","article_publisher":"https:\/\/www.facebook.com\/MediaViestinta\/","article_published_time":"2025-12-04T12:29:21+00:00","article_modified_time":"2025-12-04T12:31:15+00:00","og_image":[{"width":700,"height":400,"url":"https:\/\/mediaviestinta.fi\/mevi2020\/wp-content\/uploads\/2020\/04\/mevi-artikkeli-placeholder-kuva-01.jpg","type":"image\/jpeg"}],"author":"Mevi","twitter_card":"summary_large_image","twitter_creator":"@mediaviestinta","twitter_site":"@mediaviestinta","twitter_misc":{"Kirjoittanut":"Mevi","Arvioitu lukuaika":"4 minuuttia"},"schema":{"@context":"https:\/\/schema.org","@graph":[{"@type":"Article","@id":"https:\/\/mediaviestinta.fi\/mevi2020\/2025\/12\/journalistipaneeli-on-syntymassa-c-v-akerlundin-mediasaation-rahoituksella\/#article","isPartOf":{"@id":"https:\/\/mediaviestinta.fi\/mevi2020\/2025\/12\/journalistipaneeli-on-syntymassa-c-v-akerlundin-mediasaation-rahoituksella\/"},"author":{"name":"Mevi","@id":"https:\/\/mediaviestinta.fi\/#\/schema\/person\/b2da34ab24cfcd17dbdd6c7cfb173257"},"headline":"Journalistipaneeli on syntym\u00e4ss\u00e4 C.V. \u00c5kerlundin medias\u00e4\u00e4ti\u00f6n rahoituksella\u00a0\u00a0","datePublished":"2025-12-04T12:29:21+00:00","dateModified":"2025-12-04T12:31:15+00:00","mainEntityOfPage":{"@id":"https:\/\/mediaviestinta.fi\/mevi2020\/2025\/12\/journalistipaneeli-on-syntymassa-c-v-akerlundin-mediasaation-rahoituksella\/"},"wordCount":762,"commentCount":0,"publisher":{"@id":"https:\/\/mediaviestinta.fi\/#organization"},"image":{"@id":"https:\/\/mediaviestinta.fi\/mevi2020\/2025\/12\/journalistipaneeli-on-syntymassa-c-v-akerlundin-mediasaation-rahoituksella\/#primaryimage"},"thumbnailUrl":"https:\/\/mediaviestinta.fi\/mevi2020\/wp-content\/uploads\/2020\/04\/mevi-artikkeli-placeholder-kuva-01.jpg","inLanguage":"fi","potentialAction":[{"@type":"CommentAction","name":"Comment","target":["https:\/\/mediaviestinta.fi\/mevi2020\/2025\/12\/journalistipaneeli-on-syntymassa-c-v-akerlundin-mediasaation-rahoituksella\/#respond"]}]},{"@type":"WebPage","@id":"https:\/\/mediaviestinta.fi\/mevi2020\/2025\/12\/journalistipaneeli-on-syntymassa-c-v-akerlundin-mediasaation-rahoituksella\/","url":"https:\/\/mediaviestinta.fi\/mevi2020\/2025\/12\/journalistipaneeli-on-syntymassa-c-v-akerlundin-mediasaation-rahoituksella\/","name":"Journalistipaneeli on syntym\u00e4ss\u00e4 C.V. \u00c5kerlundin medias\u00e4\u00e4ti\u00f6n rahoituksella\u00a0\u00a0 &#8211; Mevi","isPartOf":{"@id":"https:\/\/mediaviestinta.fi\/#website"},"primaryImageOfPage":{"@id":"https:\/\/mediaviestinta.fi\/mevi2020\/2025\/12\/journalistipaneeli-on-syntymassa-c-v-akerlundin-mediasaation-rahoituksella\/#primaryimage"},"image":{"@id":"https:\/\/mediaviestinta.fi\/mevi2020\/2025\/12\/journalistipaneeli-on-syntymassa-c-v-akerlundin-mediasaation-rahoituksella\/#primaryimage"},"thumbnailUrl":"https:\/\/mediaviestinta.fi\/mevi2020\/wp-content\/uploads\/2020\/04\/mevi-artikkeli-placeholder-kuva-01.jpg","datePublished":"2025-12-04T12:29:21+00:00","dateModified":"2025-12-04T12:31:15+00:00","breadcrumb":{"@id":"https:\/\/mediaviestinta.fi\/mevi2020\/2025\/12\/journalistipaneeli-on-syntymassa-c-v-akerlundin-mediasaation-rahoituksella\/#breadcrumb"},"inLanguage":"fi","potentialAction":[{"@type":"ReadAction","target":["https:\/\/mediaviestinta.fi\/mevi2020\/2025\/12\/journalistipaneeli-on-syntymassa-c-v-akerlundin-mediasaation-rahoituksella\/"]}]},{"@type":"ImageObject","inLanguage":"fi","@id":"https:\/\/mediaviestinta.fi\/mevi2020\/2025\/12\/journalistipaneeli-on-syntymassa-c-v-akerlundin-mediasaation-rahoituksella\/#primaryimage","url":"https:\/\/mediaviestinta.fi\/mevi2020\/wp-content\/uploads\/2020\/04\/mevi-artikkeli-placeholder-kuva-01.jpg","contentUrl":"https:\/\/mediaviestinta.fi\/mevi2020\/wp-content\/uploads\/2020\/04\/mevi-artikkeli-placeholder-kuva-01.jpg","width":700,"height":400},{"@type":"BreadcrumbList","@id":"https:\/\/mediaviestinta.fi\/mevi2020\/2025\/12\/journalistipaneeli-on-syntymassa-c-v-akerlundin-mediasaation-rahoituksella\/#breadcrumb","itemListElement":[{"@type":"ListItem","position":1,"name":"Home","item":"https:\/\/mediaviestinta.fi\/"},{"@type":"ListItem","position":2,"name":"Journalistipaneeli on syntym\u00e4ss\u00e4 C.V. \u00c5kerlundin medias\u00e4\u00e4ti\u00f6n rahoituksella\u00a0\u00a0"}]},{"@type":"WebSite","@id":"https:\/\/mediaviestinta.fi\/#website","url":"https:\/\/mediaviestinta.fi\/","name":"Mevi","description":"Media- ja viestint\u00e4tieteellinen seura Mevi","publisher":{"@id":"https:\/\/mediaviestinta.fi\/#organization"},"potentialAction":[{"@type":"SearchAction","target":{"@type":"EntryPoint","urlTemplate":"https:\/\/mediaviestinta.fi\/?s={search_term_string}"},"query-input":{"@type":"PropertyValueSpecification","valueRequired":true,"valueName":"search_term_string"}}],"inLanguage":"fi"},{"@type":"Organization","@id":"https:\/\/mediaviestinta.fi\/#organization","name":"Media- ja viestint\u00e4tieteellinen seura Mevi","url":"https:\/\/mediaviestinta.fi\/","logo":{"@type":"ImageObject","inLanguage":"fi","@id":"https:\/\/mediaviestinta.fi\/#\/schema\/logo\/image\/","url":"https:\/\/mediaviestinta.fi\/mevi2020\/wp-content\/uploads\/2020\/03\/mevi-logo-RGB-Transparent.png","contentUrl":"https:\/\/mediaviestinta.fi\/mevi2020\/wp-content\/uploads\/2020\/03\/mevi-logo-RGB-Transparent.png","width":910,"height":464,"caption":"Media- ja viestint\u00e4tieteellinen seura Mevi"},"image":{"@id":"https:\/\/mediaviestinta.fi\/#\/schema\/logo\/image\/"},"sameAs":["https:\/\/www.facebook.com\/MediaViestinta\/","https:\/\/x.com\/mediaviestinta"]},{"@type":"Person","@id":"https:\/\/mediaviestinta.fi\/#\/schema\/person\/b2da34ab24cfcd17dbdd6c7cfb173257","name":"Mevi","image":{"@type":"ImageObject","inLanguage":"fi","@id":"https:\/\/secure.gravatar.com\/avatar\/3305b76d1667dc119a18808ed03d6a1fc2dfa8b6a1cddecb8c4d27ef14ec32ca?s=96&d=mm&r=g","url":"https:\/\/secure.gravatar.com\/avatar\/3305b76d1667dc119a18808ed03d6a1fc2dfa8b6a1cddecb8c4d27ef14ec32ca?s=96&d=mm&r=g","contentUrl":"https:\/\/secure.gravatar.com\/avatar\/3305b76d1667dc119a18808ed03d6a1fc2dfa8b6a1cddecb8c4d27ef14ec32ca?s=96&d=mm&r=g","caption":"Mevi"},"url":"https:\/\/mediaviestinta.fi\/mevi2020\/author\/mediavie\/"}]}},"_links":{"self":[{"href":"https:\/\/mediaviestinta.fi\/mevi2020\/wp-json\/wp\/v2\/posts\/5419","targetHints":{"allow":["GET"]}}],"collection":[{"href":"https:\/\/mediaviestinta.fi\/mevi2020\/wp-json\/wp\/v2\/posts"}],"about":[{"href":"https:\/\/mediaviestinta.fi\/mevi2020\/wp-json\/wp\/v2\/types\/post"}],"author":[{"embeddable":true,"href":"https:\/\/mediaviestinta.fi\/mevi2020\/wp-json\/wp\/v2\/users\/3"}],"replies":[{"embeddable":true,"href":"https:\/\/mediaviestinta.fi\/mevi2020\/wp-json\/wp\/v2\/comments?post=5419"}],"version-history":[{"count":3,"href":"https:\/\/mediaviestinta.fi\/mevi2020\/wp-json\/wp\/v2\/posts\/5419\/revisions"}],"predecessor-version":[{"id":5423,"href":"https:\/\/mediaviestinta.fi\/mevi2020\/wp-json\/wp\/v2\/posts\/5419\/revisions\/5423"}],"wp:featuredmedia":[{"embeddable":true,"href":"https:\/\/mediaviestinta.fi\/mevi2020\/wp-json\/wp\/v2\/media\/3660"}],"wp:attachment":[{"href":"https:\/\/mediaviestinta.fi\/mevi2020\/wp-json\/wp\/v2\/media?parent=5419"}],"wp:term":[{"taxonomy":"category","embeddable":true,"href":"https:\/\/mediaviestinta.fi\/mevi2020\/wp-json\/wp\/v2\/categories?post=5419"},{"taxonomy":"post_tag","embeddable":true,"href":"https:\/\/mediaviestinta.fi\/mevi2020\/wp-json\/wp\/v2\/tags?post=5419"}],"curies":[{"name":"wp","href":"https:\/\/api.w.org\/{rel}","templated":true}]}}