{"id":5425,"date":"2025-12-12T16:55:29","date_gmt":"2025-12-12T14:55:29","guid":{"rendered":"https:\/\/mediaviestinta.fi\/mevi2020\/?p=5425"},"modified":"2026-01-26T18:07:03","modified_gmt":"2026-01-26T16:07:03","slug":"abstraktikutsu-mevi-paiville-2026-on-nyt-julki-mevi-ry-jakaa-jatko-opiskelijoille-apurahoja","status":"publish","type":"post","link":"https:\/\/mediaviestinta.fi\/mevi2020\/2025\/12\/abstraktikutsu-mevi-paiville-2026-on-nyt-julki-mevi-ry-jakaa-jatko-opiskelijoille-apurahoja\/","title":{"rendered":"Abstraktikutsu Mevi-p\u00e4iville 2026 on nyt julki &#8211; Mevi ry jakaa jatko-opiskelijoille apurahoja"},"content":{"rendered":"\n<p>FI: Abstraktikutsu Median ja viestinn\u00e4n tutkimuksen p\u00e4iville 2026<\/p>\n\n\n\n<p>SV: Call for papers f\u00f6r Medie- och kommunikationsforskningsdagarna 2026<\/p>\n\n\n\n<p>EN: Call for papers for Mevi-p\u00e4iv\u00e4t 2026&nbsp;<\/p>\n\n\n\n<p>***Suomeksi***<\/p>\n\n\n\n<p>Median ja viestinn\u00e4n tutkimuksen p\u00e4iv\u00e4t on alansa merkitt\u00e4vin kotimainen konferenssi, joka tuo yhteen tutkijoita, opiskelijoita, opettajia ja muita media-alan ja viestinn\u00e4n asiantuntijoita.<\/p>\n\n\n\n<p><strong>Seuraavat Mevi-p\u00e4iv\u00e4t j\u00e4rjestet\u00e4\u00e4n Vaasassa&nbsp;7.\u20138.5.2026.<\/strong><\/p>\n\n\n\n<p>P\u00e4ivien teema on ensi vuonna&nbsp;<strong><em>Juuret \u2013 R\u00f6tter \u2013 Roots<\/em><\/strong>. Juuret symboloivat alkuper\u00e4\u00e4, perustaa ja jatkuvuutta mutta my\u00f6s kasvua ja muutosta. Media- ja viestinn\u00e4n tutkimuksen maaper\u00e4ss\u00e4 juuret haarautuvat moneen suuntaan: ne kurottavat kohti historiallisia alkupisteit\u00e4 ja perinteit\u00e4, erilaisia kasvualustoja ja konteksteja, uusia tiedon tuottamisen ja levitt\u00e4misen k\u00e4yt\u00e4nt\u00f6j\u00e4 sek\u00e4 symbioottisia kytkent\u00f6j\u00e4 ja rihmastokokeiluja. T\u00e4ll\u00e4 hetkell\u00e4 median ja viestinn\u00e4n ilmi\u00f6ihin keskittyv\u00e4 tutkimus versoo monilla erilaisilla alustoilla ja istutuslaatikoissa. N\u00e4ist\u00e4 moninaisuuksista huolimatta tieteenalan eri haaroilla on my\u00f6s paljon yhteist\u00e4.<\/p>\n\n\n\n<p><strong>Tervetuloa ehdottamaan abstraktia ty\u00f6ryhmiin vuoden 2026 Mevi-p\u00e4iville!<\/strong><\/p>\n\n\n\n<p><strong>Vuoden 2026 ty\u00f6ryhm\u00e4t ovat seuraavat:&nbsp;<\/strong><\/p>\n\n\n\n<ul class=\"wp-block-list\">\n<li><a href=\"https:\/\/eur04.safelinks.protection.outlook.com\/?url=https%3A%2F%2Fsites.uwasa.fi%2Fmevi2026%2Ftyoryhmat%2Fekomediatutkimuksen-versovat-kentat%2F&amp;data=05%7C02%7Cliisa.ovaska%40tuni.fi%7C9c9b44419df84208261208de39828bab%7Cfa6944afcc7c4cd89154c01132798910%7C0%7C0%7C639011430064272829%7CUnknown%7CTWFpbGZsb3d8eyJFbXB0eU1hcGkiOnRydWUsIlYiOiIwLjAuMDAwMCIsIlAiOiJXaW4zMiIsIkFOIjoiTWFpbCIsIldUIjoyfQ%3D%3D%7C0%7C%7C%7C&amp;sdata=nmGYGjBz4gqM%2BUTWStcqg%2F4BDTOKn%2Fz3Avj2xAQKI80%3D&amp;reserved=0\" target=\"_blank\" rel=\"noreferrer noopener\">Ekomediatutkimuksen versovat kent\u00e4t<\/a><\/li>\n\n\n\n<li><a href=\"https:\/\/eur04.safelinks.protection.outlook.com\/?url=https%3A%2F%2Fsites.uwasa.fi%2Fmevi2026%2Ftyoryhmat%2Finformaatioresilienssin-moniulotteisuus-median-ja-viestinnan-kentalla%2F&amp;data=05%7C02%7Cliisa.ovaska%40tuni.fi%7C9c9b44419df84208261208de39828bab%7Cfa6944afcc7c4cd89154c01132798910%7C0%7C0%7C639011430064299050%7CUnknown%7CTWFpbGZsb3d8eyJFbXB0eU1hcGkiOnRydWUsIlYiOiIwLjAuMDAwMCIsIlAiOiJXaW4zMiIsIkFOIjoiTWFpbCIsIldUIjoyfQ%3D%3D%7C0%7C%7C%7C&amp;sdata=HcrGoVibwE2sxWOTwgVCQO91Un%2F3z9QflZwR61oidhg%3D&amp;reserved=0\" target=\"_blank\" rel=\"noreferrer noopener\">Informaatioresilienssin moniulotteisuus median ja viestinn\u00e4n kent\u00e4ll\u00e4 (The Multidimensionality of Information Resilience in the Field of Media and Communication Research)<\/a><\/li>\n\n\n\n<li><a href=\"https:\/\/eur04.safelinks.protection.outlook.com\/?url=https%3A%2F%2Fsites.uwasa.fi%2Fmevi2026%2Ftyoryhmat%2Fjuuret-journalismin-perustat-ja-uudet-versot%2F&amp;data=05%7C02%7Cliisa.ovaska%40tuni.fi%7C9c9b44419df84208261208de39828bab%7Cfa6944afcc7c4cd89154c01132798910%7C0%7C0%7C639011430064319041%7CUnknown%7CTWFpbGZsb3d8eyJFbXB0eU1hcGkiOnRydWUsIlYiOiIwLjAuMDAwMCIsIlAiOiJXaW4zMiIsIkFOIjoiTWFpbCIsIldUIjoyfQ%3D%3D%7C0%7C%7C%7C&amp;sdata=R8hCP4YuZShLrLp7DmfaADh5fdCMgZ4UQ%2FBpXUirCSM%3D&amp;reserved=0\" target=\"_blank\" rel=\"noreferrer noopener\">Juuret \u2013 Journalismin perustat ja uudet versot (Roots \u2013 The foundations and new offshoots of journalism)<\/a><\/li>\n\n\n\n<li><a href=\"https:\/\/eur04.safelinks.protection.outlook.com\/?url=https%3A%2F%2Fsites.uwasa.fi%2Fmevi2026%2Ftyoryhmat%2Flansi-ja-muut-mediassa-sivilisationaalinen-ideologia-liberaalin-ja-saantopohjaisen-jarjestyksen-haastajana%2F&amp;data=05%7C02%7Cliisa.ovaska%40tuni.fi%7C9c9b44419df84208261208de39828bab%7Cfa6944afcc7c4cd89154c01132798910%7C0%7C0%7C639011430064339109%7CUnknown%7CTWFpbGZsb3d8eyJFbXB0eU1hcGkiOnRydWUsIlYiOiIwLjAuMDAwMCIsIlAiOiJXaW4zMiIsIkFOIjoiTWFpbCIsIldUIjoyfQ%3D%3D%7C0%7C%7C%7C&amp;sdata=kb0S5s6nnnd8SmMslmVUkTfPI0L6ljzgXJv62VU%2FyQU%3D&amp;reserved=0\" target=\"_blank\" rel=\"noreferrer noopener\">L\u00e4nsi ja muut mediassa: sivilisationaalinen ideologia liberaalin ja s\u00e4\u00e4nt\u00f6pohjaisen j\u00e4rjestyksen haastajana<\/a>&nbsp;<\/li>\n\n\n\n<li><a href=\"https:\/\/eur04.safelinks.protection.outlook.com\/?url=https%3A%2F%2Fsites.uwasa.fi%2Fmevi2026%2Ftyoryhmat%2Fmedia-teknologia-ja-kestavyys%2F&amp;data=05%7C02%7Cliisa.ovaska%40tuni.fi%7C9c9b44419df84208261208de39828bab%7Cfa6944afcc7c4cd89154c01132798910%7C0%7C0%7C639011430064364956%7CUnknown%7CTWFpbGZsb3d8eyJFbXB0eU1hcGkiOnRydWUsIlYiOiIwLjAuMDAwMCIsIlAiOiJXaW4zMiIsIkFOIjoiTWFpbCIsIldUIjoyfQ%3D%3D%7C0%7C%7C%7C&amp;sdata=NPZI1Y9pX4jNxhcFkya77YeLMdSkxtbjFHrxztnNwsA%3D&amp;reserved=0\" target=\"_blank\" rel=\"noreferrer noopener\">Media, teknologia ja kest\u00e4vyys (Media, technology, and sustainability)<\/a><\/li>\n\n\n\n<li><a href=\"https:\/\/eur04.safelinks.protection.outlook.com\/?url=https%3A%2F%2Fsites.uwasa.fi%2Fmevi2026%2Ftyoryhmat%2Fmediatalouden-ja-viestintapolitiikan-tyoryhma%2F&amp;data=05%7C02%7Cliisa.ovaska%40tuni.fi%7C9c9b44419df84208261208de39828bab%7Cfa6944afcc7c4cd89154c01132798910%7C0%7C0%7C639011430064386911%7CUnknown%7CTWFpbGZsb3d8eyJFbXB0eU1hcGkiOnRydWUsIlYiOiIwLjAuMDAwMCIsIlAiOiJXaW4zMiIsIkFOIjoiTWFpbCIsIldUIjoyfQ%3D%3D%7C0%7C%7C%7C&amp;sdata=q2%2F1kqumHYuJRhZ3eD3v2mxoXgLKEeW%2BjfhS%2FrXW4S0%3D&amp;reserved=0\" target=\"_blank\" rel=\"noreferrer noopener\">Mediatalouden ja viestint\u00e4politiikan ty\u00f6ryhm\u00e4<\/a><\/li>\n\n\n\n<li><a href=\"https:\/\/eur04.safelinks.protection.outlook.com\/?url=https%3A%2F%2Fsites.uwasa.fi%2Fmevi2026%2Ftyoryhmat%2Fnakokulmia-televisioon-ennen-ja-nyt%2F&amp;data=05%7C02%7Cliisa.ovaska%40tuni.fi%7C9c9b44419df84208261208de39828bab%7Cfa6944afcc7c4cd89154c01132798910%7C0%7C0%7C639011430064406561%7CUnknown%7CTWFpbGZsb3d8eyJFbXB0eU1hcGkiOnRydWUsIlYiOiIwLjAuMDAwMCIsIlAiOiJXaW4zMiIsIkFOIjoiTWFpbCIsIldUIjoyfQ%3D%3D%7C0%7C%7C%7C&amp;sdata=Lpio9E0OveC%2Fm2pQPmYftvOLKX%2FjfANzbSnA%2FiRhSn0%3D&amp;reserved=0\" target=\"_blank\" rel=\"noreferrer noopener\">N\u00e4k\u00f6kulmia televisioon ennen ja nyt<\/a><\/li>\n\n\n\n<li><a href=\"https:\/\/eur04.safelinks.protection.outlook.com\/?url=https%3A%2F%2Fsites.uwasa.fi%2Fmevi2026%2Ftyoryhmat%2Fpoliittinen-viestinta-affektiivisen-polarisaation-aikakaudella%2F&amp;data=05%7C02%7Cliisa.ovaska%40tuni.fi%7C9c9b44419df84208261208de39828bab%7Cfa6944afcc7c4cd89154c01132798910%7C0%7C0%7C639011430064425932%7CUnknown%7CTWFpbGZsb3d8eyJFbXB0eU1hcGkiOnRydWUsIlYiOiIwLjAuMDAwMCIsIlAiOiJXaW4zMiIsIkFOIjoiTWFpbCIsIldUIjoyfQ%3D%3D%7C0%7C%7C%7C&amp;sdata=zuQta0cX6OZ%2FRJhJRuD3VWJioVnI4QdtCcEJBxxgESU%3D&amp;reserved=0\" target=\"_blank\" rel=\"noreferrer noopener\">Poliittinen viestint\u00e4 affektiivisen polarisaation aikakaudella<\/a><\/li>\n\n\n\n<li><a href=\"https:\/\/eur04.safelinks.protection.outlook.com\/?url=https%3A%2F%2Fsites.uwasa.fi%2Fmevi2026%2Fen%2Fworking-groups%2Froots-and-appearance-of-misleading-in-digital-communication%2F&amp;data=05%7C02%7Cliisa.ovaska%40tuni.fi%7C9c9b44419df84208261208de39828bab%7Cfa6944afcc7c4cd89154c01132798910%7C0%7C0%7C639011430064445536%7CUnknown%7CTWFpbGZsb3d8eyJFbXB0eU1hcGkiOnRydWUsIlYiOiIwLjAuMDAwMCIsIlAiOiJXaW4zMiIsIkFOIjoiTWFpbCIsIldUIjoyfQ%3D%3D%7C0%7C%7C%7C&amp;sdata=qbpXWY6IMzH%2B8n2vIfX4CtqyD86n%2BZCYKWhZ9VEBttw%3D&amp;reserved=0\" target=\"_blank\" rel=\"noreferrer noopener\">Roots and appearance of misleading in digital communication<\/a><\/li>\n\n\n\n<li><a href=\"https:\/\/eur04.safelinks.protection.outlook.com\/?url=https%3A%2F%2Fsites.uwasa.fi%2Fmevi2026%2Ftyoryhmat%2Ftekoaly-journalismissa%2F&amp;data=05%7C02%7Cliisa.ovaska%40tuni.fi%7C9c9b44419df84208261208de39828bab%7Cfa6944afcc7c4cd89154c01132798910%7C0%7C0%7C639011430064465463%7CUnknown%7CTWFpbGZsb3d8eyJFbXB0eU1hcGkiOnRydWUsIlYiOiIwLjAuMDAwMCIsIlAiOiJXaW4zMiIsIkFOIjoiTWFpbCIsIldUIjoyfQ%3D%3D%7C0%7C%7C%7C&amp;sdata=nLVfcE3cbxv5UIljmlSHvtd%2FawbAhyG9eZQU5Q0MnrE%3D&amp;reserved=0\" target=\"_blank\" rel=\"noreferrer noopener\">Teko\u00e4ly journalismissa<\/a><\/li>\n\n\n\n<li><a href=\"https:\/\/eur04.safelinks.protection.outlook.com\/?url=https%3A%2F%2Fsites.uwasa.fi%2Fmevi2026%2Ftyoryhmat%2Ftiede-teknologia-ja-asiantuntijuus-julkisuudessa%2F&amp;data=05%7C02%7Cliisa.ovaska%40tuni.fi%7C9c9b44419df84208261208de39828bab%7Cfa6944afcc7c4cd89154c01132798910%7C0%7C0%7C639011430064484357%7CUnknown%7CTWFpbGZsb3d8eyJFbXB0eU1hcGkiOnRydWUsIlYiOiIwLjAuMDAwMCIsIlAiOiJXaW4zMiIsIkFOIjoiTWFpbCIsIldUIjoyfQ%3D%3D%7C0%7C%7C%7C&amp;sdata=72PdvZJO5Zj8lJBKCi5qFTPn20Tod80XCEYNMmbRAQI%3D&amp;reserved=0\" target=\"_blank\" rel=\"noreferrer noopener\">Tiede, teknologia ja asiantuntijuus julkisuudessa<\/a>&nbsp;<\/li>\n\n\n\n<li><a href=\"https:\/\/eur04.safelinks.protection.outlook.com\/?url=https%3A%2F%2Fsites.uwasa.fi%2Fmevi2026%2Ftyoryhmat%2Fviestivan-tekoalyn-juuret-ja-joutomaat%2F&amp;data=05%7C02%7Cliisa.ovaska%40tuni.fi%7C9c9b44419df84208261208de39828bab%7Cfa6944afcc7c4cd89154c01132798910%7C0%7C0%7C639011430064505284%7CUnknown%7CTWFpbGZsb3d8eyJFbXB0eU1hcGkiOnRydWUsIlYiOiIwLjAuMDAwMCIsIlAiOiJXaW4zMiIsIkFOIjoiTWFpbCIsIldUIjoyfQ%3D%3D%7C0%7C%7C%7C&amp;sdata=VUFGut1CJDq%2Fp%2B4XbEimZD1wZVX6PYuyEy2ZtZAb4PA%3D&amp;reserved=0\" target=\"_blank\" rel=\"noreferrer noopener\">Viestiv\u00e4n teko\u00e4lyn juuret ja joutomaat (Communicative AI: roots and repercussions)<\/a><\/li>\n\n\n\n<li><a href=\"https:\/\/eur04.safelinks.protection.outlook.com\/?url=https%3A%2F%2Fsites.uwasa.fi%2Fmevi2026%2Ftyoryhmat%2Fvisuaalisen-tutkimuksen-tyoryhma%2F&amp;data=05%7C02%7Cliisa.ovaska%40tuni.fi%7C9c9b44419df84208261208de39828bab%7Cfa6944afcc7c4cd89154c01132798910%7C0%7C0%7C639011430064524138%7CUnknown%7CTWFpbGZsb3d8eyJFbXB0eU1hcGkiOnRydWUsIlYiOiIwLjAuMDAwMCIsIlAiOiJXaW4zMiIsIkFOIjoiTWFpbCIsIldUIjoyfQ%3D%3D%7C0%7C%7C%7C&amp;sdata=ezH0wnoXqmEUAb0xZlNuKH%2F2r%2FGMgW3LMfRg9cmLGsU%3D&amp;reserved=0\" target=\"_blank\" rel=\"noreferrer noopener\">Visuaalisen tutkimuksen ty\u00f6ryhm\u00e4<\/a><\/li>\n\n\n\n<li><a href=\"https:\/\/eur04.safelinks.protection.outlook.com\/?url=https%3A%2F%2Fsites.uwasa.fi%2Fmevi2026%2Fen%2Fworking-groups%2Fwhen-news-meet-planetary-boundaries-rethinking-journalism%2F&amp;data=05%7C02%7Cliisa.ovaska%40tuni.fi%7C9c9b44419df84208261208de39828bab%7Cfa6944afcc7c4cd89154c01132798910%7C0%7C0%7C639011430064542906%7CUnknown%7CTWFpbGZsb3d8eyJFbXB0eU1hcGkiOnRydWUsIlYiOiIwLjAuMDAwMCIsIlAiOiJXaW4zMiIsIkFOIjoiTWFpbCIsIldUIjoyfQ%3D%3D%7C0%7C%7C%7C&amp;sdata=cjDygtRMaAQ7Tsf%2FZDIE6ebXZksnjyt5M6nh6qEwMxc%3D&amp;reserved=0\" target=\"_blank\" rel=\"noreferrer noopener\">When News Meet Planetary Boundaries: Rethinking Journalism<\/a><\/li>\n<\/ul>\n\n\n\n<p><strong>Tutustu ty\u00f6ryhm\u00e4kuvauksiin&nbsp;<\/strong><strong><u><a rel=\"noreferrer noopener\" target=\"_blank\" href=\"https:\/\/eur04.safelinks.protection.outlook.com\/?url=https%3A%2F%2Fsites.uwasa.fi%2Fmevi2026%2Ftyoryhmat%2F&amp;data=05%7C02%7Cliisa.ovaska%40tuni.fi%7C9c9b44419df84208261208de39828bab%7Cfa6944afcc7c4cd89154c01132798910%7C0%7C0%7C639011430064562197%7CUnknown%7CTWFpbGZsb3d8eyJFbXB0eU1hcGkiOnRydWUsIlYiOiIwLjAuMDAwMCIsIlAiOiJXaW4zMiIsIkFOIjoiTWFpbCIsIldUIjoyfQ%3D%3D%7C0%7C%7C%7C&amp;sdata=pXuzSeEan%2Bu%2Bf5KBB3QQwhjKI%2BnYKNSje0AONEG0xJI%3D&amp;reserved=0\">t\u00e4\u00e4ll\u00e4<\/a><\/u><\/strong><strong>.&nbsp;<\/strong><\/p>\n\n\n\n<p>Abstrakti Mevi-p\u00e4iville tulee j\u00e4tt\u00e4\u00e4&nbsp;<strong>12.1.2026<\/strong>&nbsp;menness\u00e4.<\/p>\n\n\n\n<p>Abstraktit j\u00e4tet\u00e4\u00e4n ty\u00f6ryhmiin&nbsp;<strong><u><a rel=\"noreferrer noopener\" target=\"_blank\" href=\"https:\/\/eur04.safelinks.protection.outlook.com\/?url=https%3A%2F%2Flink.webropolsurveys.com%2FS%2F5F7B6A37B89E8DFD&amp;data=05%7C02%7Cliisa.ovaska%40tuni.fi%7C9c9b44419df84208261208de39828bab%7Cfa6944afcc7c4cd89154c01132798910%7C0%7C0%7C639011430064581113%7CUnknown%7CTWFpbGZsb3d8eyJFbXB0eU1hcGkiOnRydWUsIlYiOiIwLjAuMDAwMCIsIlAiOiJXaW4zMiIsIkFOIjoiTWFpbCIsIldUIjoyfQ%3D%3D%7C0%7C%7C%7C&amp;sdata=u7x4WuUHroZR1wel3tjvnV5E7uvXVDFYPn6zM2HswvA%3D&amp;reserved=0\">t\u00e4ll\u00e4 lomakkeella<\/a><\/u><\/strong>. Abstraktien pituus tulee olla 200-300 sanaa. Ty\u00f6ryhm\u00e4t ilmoittavat valituista abstrakteista osallistujille ja j\u00e4rjestelytoimikunnalle 12.2.2026 menness\u00e4. Kannustamme hakijoita kytkem\u00e4\u00e4n abstraktiehdotuksensa sek\u00e4 ty\u00f6ryhm\u00e4\u00e4n ett\u00e4 konferenssin teemaan.&nbsp;<\/p>\n\n\n\n<p>&nbsp;Koska konferenssin aikataulu ja varatut tilat ovat rajallisia, j\u00e4rjestelytoimikunta varaa itselleen oikeuden yhdistell\u00e4 ty\u00f6ryhmi\u00e4 tarpeen mukaan.<\/p>\n\n\n\n<p>Ilmoittautuminen Mevi-p\u00e4iville avataan pari kuukautta ennen konferenssia.&nbsp;<\/p>\n\n\n\n<p><strong>T\u00e4rke\u00e4\u00e4 tietoa jatko-opiskelijoille:&nbsp;<\/strong><\/p>\n\n\n\n<p>Jaossa 350 euron suuruisia apurahoja jatko-opiskelijoille Mevi-p\u00e4iville osallistumista varten!<\/p>\n\n\n\n<p>Mevi ry my\u00f6nt\u00e4\u00e4 korkeintaan 350 euron suuruisia apurahoja jatko-opiskelijoille tukemaan&nbsp; osallistumista Mevi-p\u00e4iville 2026.<\/p>\n\n\n\n<p>Apurahalla suomalaisessa korkeakoulussa kirjoilla oleva jatko-opiskelija voi kattaa osallistumismaksun sek\u00e4 majoituskustannuksia ja julkisilla liikennev\u00e4lineill\u00e4 matkustamisesta syntyvi\u00e4 matkakuluja. Apurahasumman ylitt\u00e4vi\u00e4 kuluja ei kateta. Apuraha maksetaan konferenssin j\u00e4lkeen kuitteja vastaan.<\/p>\n\n\n\n<p>Apuraha my\u00f6nnet\u00e4\u00e4n vain jatko-opiskelijalle, jonka esitys on hyv\u00e4ksytty esitett\u00e4v\u00e4ksi konferenssissa. Apurahat pyrit\u00e4\u00e4n jakamaan opiskelijoille, joilla ei ole muita mahdollisuuksia rahoittaa osallistumistaan konferenssiin. Lis\u00e4ksi jaossa painotetaan henkil\u00f6it\u00e4, jotka osallistuvat ensimm\u00e4ist\u00e4 kertaa Mevi-p\u00e4iville. P\u00e4\u00e4t\u00f6ksen apurahoista tekee Mevi ry:n hallitus.\u00a0<strong>Apurahaa haetaan\u00a0<u><a href=\"https:\/\/eur04.safelinks.protection.outlook.com\/?url=https%3A%2F%2Fdocs.google.com%2Fforms%2Fd%2Fe%2F1FAIpQLSepD6xqOI6nCYGLNvbwbLTJ-noHWwKGmQ_mlaMVb4wryDQhLw%2Fviewform&amp;data=05%7C02%7Cliisa.ovaska%40tuni.fi%7C9c9b44419df84208261208de39828bab%7Cfa6944afcc7c4cd89154c01132798910%7C0%7C0%7C639011430064600395%7CUnknown%7CTWFpbGZsb3d8eyJFbXB0eU1hcGkiOnRydWUsIlYiOiIwLjAuMDAwMCIsIlAiOiJXaW4zMiIsIkFOIjoiTWFpbCIsIldUIjoyfQ%3D%3D%7C0%7C%7C%7C&amp;sdata=NsHp4sl8%2BBOgM811W0I4348LbV39JtQOoPX%2FesGhxWU%3D&amp;reserved=0\" target=\"_blank\" rel=\"noreferrer noopener\">t\u00e4ll\u00e4 lomakkeella<\/a><\/u>\u00a09.2.2026<\/strong>\u00a0menness\u00e4.<\/p>\n\n\n\n<p>Vuoden 2026 konferenssin j\u00e4rjest\u00e4v\u00e4t Media- ja viestint\u00e4tieteellinen seura Mevi ry sek\u00e4 Vaasan yliopiston viestint\u00e4tieteiden oppiaine. Mevi-p\u00e4ivien tiedotusta voi seurata osoitteessa<\/p>\n\n\n\n<p><a rel=\"noreferrer noopener\" target=\"_blank\" href=\"https:\/\/eur04.safelinks.protection.outlook.com\/?url=https%3A%2F%2Fsites.uwasa.fi%2Fmevi2026%2F&amp;data=05%7C02%7Cliisa.ovaska%40tuni.fi%7C9c9b44419df84208261208de39828bab%7Cfa6944afcc7c4cd89154c01132798910%7C0%7C0%7C639011430064619191%7CUnknown%7CTWFpbGZsb3d8eyJFbXB0eU1hcGkiOnRydWUsIlYiOiIwLjAuMDAwMCIsIlAiOiJXaW4zMiIsIkFOIjoiTWFpbCIsIldUIjoyfQ%3D%3D%7C0%7C%7C%7C&amp;sdata=ug4C7Nfst9ek6kPR7rbLlcV6siPcpK6ClPB0gF8nRdE%3D&amp;reserved=0\">https:\/\/sites.uwasa.fi\/mevi2026\/<\/a>&nbsp;sek\u00e4 Mevi ry:n ja Vaasan yliopiston sivuilla.<\/p>\n\n\n\n<p><strong>L\u00e4mpimin terveisin,<\/strong><\/p>\n\n\n\n<p>Vuoden 2026 Mevi-p\u00e4ivien j\u00e4rjest\u00e4j\u00e4t<\/p>\n\n\n\n<p>Tanja Sihvonen (tieteellinen ohjelma)<\/p>\n\n\n\n<p>Eveliina Salmela (yleisj\u00e4rjestelyt)<\/p>\n\n\n\n<p>Lilli Sihvonen (ty\u00f6ryhm\u00e4t)<\/p>\n\n\n\n<figure class=\"wp-block-embed is-type-wp-embed is-provider-mevi-p-iv-t-2026 wp-block-embed-mevi-p-iv-t-2026\"><div class=\"wp-block-embed__wrapper\">\n<blockquote class=\"wp-embedded-content\" data-secret=\"6YtfpKKR8c\"><a href=\"https:\/\/sites.uwasa.fi\/mevi2026\/\">Mevi-p\u00e4iv\u00e4t 2026<\/a><\/blockquote><iframe class=\"wp-embedded-content\" sandbox=\"allow-scripts\" security=\"restricted\" style=\"position: absolute; visibility: hidden;\" title=\"&#8220;Mevi-p\u00e4iv\u00e4t 2026&#8221; &#8212; Mevi-p\u00e4iv\u00e4t 2026\" src=\"https:\/\/sites.uwasa.fi\/mevi2026\/embed\/#?secret=ZcBAdkfGDg#?secret=6YtfpKKR8c\" data-secret=\"6YtfpKKR8c\" width=\"580\" height=\"327\" frameborder=\"0\" marginwidth=\"0\" marginheight=\"0\" scrolling=\"no\"><\/iframe>\n<\/div><\/figure>\n\n\n\n<p><a href=\"https:\/\/mediaviestinta.fi\">https:\/\/mediaviestinta.fi<\/a><\/p>\n\n\n\n<p><a href=\"https:\/\/www.uwasa.fi\/fi\/tutkimus\/ryhmat\/viestintatieteet\">https:\/\/www.uwasa.fi\/fi\/tutkimus\/ryhmat\/viestintatieteet<\/a><\/p>\n\n\n\n<p>***p\u00e5 svenska***<\/p>\n\n\n\n<p>Call for papers till Medie- och kommunikationsvetenskapers dagar 2026<\/p>\n\n\n\n<p>Medie- och kommunikationsvetenskapers dagar \u00e4r den viktigaste inhemska konferensen i Finland inom sitt omr\u00e5de och samlar forskare, studenter, l\u00e4rare och andra experter inom medie- och kommunikationssektorn.&nbsp;<\/p>\n\n\n\n<p><strong>N\u00e4sta Mevi-dagar h\u00e5lls i Vasa den 7\u20138 maj 2026.<\/strong><\/p>\n\n\n\n<p>Temat f\u00f6r konferensen \u00e4r&nbsp;<strong><em>Juuret \u2013 R\u00f6tter \u2013 Roots<\/em><\/strong>. R\u00f6tter symboliserar ursprung, grunder och kontinuitet, men ocks\u00e5 tillv\u00e4xt och f\u00f6r\u00e4ndring. Inom medie- och kommunikationsvetenskapen str\u00e4cker sig r\u00f6tterna i m\u00e5nga riktningar: de n\u00e5r historiska utg\u00e5ngspunkter och traditioner, olika tillv\u00e4xtplattformar och sammanhang, nya metoder f\u00f6r att producera och sprida information, samt symbiotiska kopplingar och experiment.<\/p>\n\n\n\n<p>F\u00f6r n\u00e4rvarande v\u00e4xer forskning med fokus p\u00e5 medie- och kommunikationsfenomen fram p\u00e5 m\u00e5nga olika plattformar och i m\u00e5nga olika grogrunder. Trots denna m\u00e5ngfald har de olika grenarna av disciplinen ocks\u00e5 mycket gemensamt.<\/p>\n\n\n\n<p><strong>Du \u00e4r v\u00e4lkommen att skicka in ett abstrakt till arbetsgrupperna vid Mevi-dagarna 2026!<\/strong><\/p>\n\n\n\n<p>Vi bjuder f\u00f6r n\u00e4rvarande in abstrakt till 14 arbetsgrupper. F\u00f6r varje arbetsgrupp anges separat vilka spr\u00e5k de arbetar p\u00e5 och tar emot abstrakt p\u00e5. Sex av dem accepterar ocks\u00e5 bidrag p\u00e5 engelska, och en av arbetsgrupperna tar emot abstrakt p\u00e5 svenska.&nbsp;De \u00e4r f\u00f6ljande:<\/p>\n\n\n\n<ul class=\"wp-block-list\">\n<li><a href=\"https:\/\/eur04.safelinks.protection.outlook.com\/?url=https%3A%2F%2Fsites.uwasa.fi%2Fmevi2026%2Fen%2Fworking-groups%2Fthe-multidimensionality-of-information-resilience-in-the-field-of-media-and-communication-research%2F&amp;data=05%7C02%7Cliisa.ovaska%40tuni.fi%7C9c9b44419df84208261208de39828bab%7Cfa6944afcc7c4cd89154c01132798910%7C0%7C0%7C639011430064707236%7CUnknown%7CTWFpbGZsb3d8eyJFbXB0eU1hcGkiOnRydWUsIlYiOiIwLjAuMDAwMCIsIlAiOiJXaW4zMiIsIkFOIjoiTWFpbCIsIldUIjoyfQ%3D%3D%7C0%7C%7C%7C&amp;sdata=Y%2Fzk6mTWtDb1de7liA2LwRrWyC%2Fppa0J%2BkCGGHmV%2FGY%3D&amp;reserved=0\" target=\"_blank\" rel=\"noreferrer noopener\">Informaatioresilienssin moniulotteisuus median ja viestinn\u00e4n kent\u00e4ll\u00e4 (The Multidimensionality of Information Resilience in the Field of Media and Communication Research)<\/a><\/li>\n\n\n\n<li><a href=\"https:\/\/eur04.safelinks.protection.outlook.com\/?url=https%3A%2F%2Fsites.uwasa.fi%2Fmevi2026%2Fen%2Fworking-groups%2Froots-the-foundations-and-new-offshoots-of-journalism%2F&amp;data=05%7C02%7Cliisa.ovaska%40tuni.fi%7C9c9b44419df84208261208de39828bab%7Cfa6944afcc7c4cd89154c01132798910%7C0%7C0%7C639011430064731823%7CUnknown%7CTWFpbGZsb3d8eyJFbXB0eU1hcGkiOnRydWUsIlYiOiIwLjAuMDAwMCIsIlAiOiJXaW4zMiIsIkFOIjoiTWFpbCIsIldUIjoyfQ%3D%3D%7C0%7C%7C%7C&amp;sdata=J5IXSgo0574cNTSSm3gBnsot49z6tZcVn1XK%2BbwqJHI%3D&amp;reserved=0\" target=\"_blank\" rel=\"noreferrer noopener\">Juuret \u2013 Journalismin perustat ja uudet versot (Roots \u2013 The foundations and new offshoots of journalism)<\/a><\/li>\n\n\n\n<li><a href=\"https:\/\/eur04.safelinks.protection.outlook.com\/?url=https%3A%2F%2Fsites.uwasa.fi%2Fmevi2026%2Fen%2Fworking-groups%2Fmedia-technology-and-sustainability%2F&amp;data=05%7C02%7Cliisa.ovaska%40tuni.fi%7C9c9b44419df84208261208de39828bab%7Cfa6944afcc7c4cd89154c01132798910%7C0%7C0%7C639011430064751588%7CUnknown%7CTWFpbGZsb3d8eyJFbXB0eU1hcGkiOnRydWUsIlYiOiIwLjAuMDAwMCIsIlAiOiJXaW4zMiIsIkFOIjoiTWFpbCIsIldUIjoyfQ%3D%3D%7C0%7C%7C%7C&amp;sdata=cTkT2iG5HInza7P8rYZhSom1Nnf7ntQeZCi7tbk0cHo%3D&amp;reserved=0\" target=\"_blank\" rel=\"noreferrer noopener\">Media, teknologia ja kest\u00e4vyys (Media, technology, and sustainability)<\/a><\/li>\n\n\n\n<li><a href=\"https:\/\/eur04.safelinks.protection.outlook.com\/?url=https%3A%2F%2Fsites.uwasa.fi%2Fmevi2026%2Ftyoryhmat%2Fpoliittinen-viestinta-affektiivisen-polarisaation-aikakaudella%2F&amp;data=05%7C02%7Cliisa.ovaska%40tuni.fi%7C9c9b44419df84208261208de39828bab%7Cfa6944afcc7c4cd89154c01132798910%7C0%7C0%7C639011430064779159%7CUnknown%7CTWFpbGZsb3d8eyJFbXB0eU1hcGkiOnRydWUsIlYiOiIwLjAuMDAwMCIsIlAiOiJXaW4zMiIsIkFOIjoiTWFpbCIsIldUIjoyfQ%3D%3D%7C0%7C%7C%7C&amp;sdata=TGb8MOJN9XvDg80nbNPFH2oUhOEVMzW0qJmIBHejQYM%3D&amp;reserved=0\" target=\"_blank\" rel=\"noreferrer noopener\">Poliittinen viestint\u00e4 affektiivisen polarisaation aikakaudella<\/a><\/li>\n\n\n\n<li><a href=\"https:\/\/eur04.safelinks.protection.outlook.com\/?url=https%3A%2F%2Fsites.uwasa.fi%2Fmevi2026%2Fen%2Fworking-groups%2Froots-and-appearance-of-misleading-in-digital-communication%2F&amp;data=05%7C02%7Cliisa.ovaska%40tuni.fi%7C9c9b44419df84208261208de39828bab%7Cfa6944afcc7c4cd89154c01132798910%7C0%7C0%7C639011430064817237%7CUnknown%7CTWFpbGZsb3d8eyJFbXB0eU1hcGkiOnRydWUsIlYiOiIwLjAuMDAwMCIsIlAiOiJXaW4zMiIsIkFOIjoiTWFpbCIsIldUIjoyfQ%3D%3D%7C0%7C%7C%7C&amp;sdata=S3nBreRq32TtCevTb25hGETTxcQZ%2FBBtGjl%2FuT5vmJs%3D&amp;reserved=0\" target=\"_blank\" rel=\"noreferrer noopener\">Roots and appearance of misleading in digital communication<\/a><\/li>\n\n\n\n<li><a href=\"https:\/\/eur04.safelinks.protection.outlook.com\/?url=https%3A%2F%2Fsites.uwasa.fi%2Fmevi2026%2Fen%2Fcommunicative-ai-roots-and-repercussions%2F&amp;data=05%7C02%7Cliisa.ovaska%40tuni.fi%7C9c9b44419df84208261208de39828bab%7Cfa6944afcc7c4cd89154c01132798910%7C0%7C0%7C639011430064851495%7CUnknown%7CTWFpbGZsb3d8eyJFbXB0eU1hcGkiOnRydWUsIlYiOiIwLjAuMDAwMCIsIlAiOiJXaW4zMiIsIkFOIjoiTWFpbCIsIldUIjoyfQ%3D%3D%7C0%7C%7C%7C&amp;sdata=O23pTFz2v5tWEnipf8QRTUZddmL7HuEshl%2FNeXYdH%2BY%3D&amp;reserved=0\" target=\"_blank\" rel=\"noreferrer noopener\">Viestiv\u00e4n teko\u00e4lyn juuret ja joutomaat (Communicative AI: roots and repercussions)<\/a><\/li>\n\n\n\n<li><a href=\"https:\/\/eur04.safelinks.protection.outlook.com\/?url=https%3A%2F%2Fsites.uwasa.fi%2Fmevi2026%2Fen%2Fworking-groups%2Fwhen-news-meet-planetary-boundaries-rethinking-journalism%2F&amp;data=05%7C02%7Cliisa.ovaska%40tuni.fi%7C9c9b44419df84208261208de39828bab%7Cfa6944afcc7c4cd89154c01132798910%7C0%7C0%7C639011430064876615%7CUnknown%7CTWFpbGZsb3d8eyJFbXB0eU1hcGkiOnRydWUsIlYiOiIwLjAuMDAwMCIsIlAiOiJXaW4zMiIsIkFOIjoiTWFpbCIsIldUIjoyfQ%3D%3D%7C0%7C%7C%7C&amp;sdata=%2BOqerj27%2FKchJ1jyt6KNhUq5vZ1GH8oRS1SeSaGIfqg%3D&amp;reserved=0\" target=\"_blank\" rel=\"noreferrer noopener\">When News Meet Planetary Boundaries: Rethinking Journalism<\/a><\/li>\n<\/ul>\n\n\n\n<p>Andra arbetsgrupper \u00e4r:<\/p>\n\n\n\n<p><\/p>\n\n\n\n<ul class=\"wp-block-list\">\n<li><a href=\"https:\/\/eur04.safelinks.protection.outlook.com\/?url=https%3A%2F%2Fsites.uwasa.fi%2Fmevi2026%2Ftyoryhmat%2Fekomediatutkimuksen-versovat-kentat%2F&amp;data=05%7C02%7Cliisa.ovaska%40tuni.fi%7C9c9b44419df84208261208de39828bab%7Cfa6944afcc7c4cd89154c01132798910%7C0%7C0%7C639011430065038408%7CUnknown%7CTWFpbGZsb3d8eyJFbXB0eU1hcGkiOnRydWUsIlYiOiIwLjAuMDAwMCIsIlAiOiJXaW4zMiIsIkFOIjoiTWFpbCIsIldUIjoyfQ%3D%3D%7C0%7C%7C%7C&amp;sdata=A9%2FMrYI3eKaxqjUFnyfgPjqU2YyP8SKtlWwwkT0JYK4%3D&amp;reserved=0\" target=\"_blank\" rel=\"noreferrer noopener\">Ekomediatutkimuksen versovat kent\u00e4t<\/a><\/li>\n\n\n\n<li><a href=\"https:\/\/eur04.safelinks.protection.outlook.com\/?url=https%3A%2F%2Fsites.uwasa.fi%2Fmevi2026%2Ftyoryhmat%2Flansi-ja-muut-mediassa-sivilisationaalinen-ideologia-liberaalin-ja-saantopohjaisen-jarjestyksen-haastajana%2F&amp;data=05%7C02%7Cliisa.ovaska%40tuni.fi%7C9c9b44419df84208261208de39828bab%7Cfa6944afcc7c4cd89154c01132798910%7C0%7C0%7C639011430065059714%7CUnknown%7CTWFpbGZsb3d8eyJFbXB0eU1hcGkiOnRydWUsIlYiOiIwLjAuMDAwMCIsIlAiOiJXaW4zMiIsIkFOIjoiTWFpbCIsIldUIjoyfQ%3D%3D%7C0%7C%7C%7C&amp;sdata=uP%2FjkhXfGm9NQRfV7bnwzPqtu6wQHgD5NMVf6ox61sY%3D&amp;reserved=0\" target=\"_blank\" rel=\"noreferrer noopener\">L\u00e4nsi ja muut mediassa: sivilisationaalinen ideologia liberaalin ja s\u00e4\u00e4nt\u00f6pohjaisen j\u00e4rjestyksen haastajana<\/a><\/li>\n\n\n\n<li><a href=\"https:\/\/eur04.safelinks.protection.outlook.com\/?url=https%3A%2F%2Fsites.uwasa.fi%2Fmevi2026%2Ftyoryhmat%2Fmediatalouden-ja-viestintapolitiikan-tyoryhma%2F&amp;data=05%7C02%7Cliisa.ovaska%40tuni.fi%7C9c9b44419df84208261208de39828bab%7Cfa6944afcc7c4cd89154c01132798910%7C0%7C0%7C639011430065079382%7CUnknown%7CTWFpbGZsb3d8eyJFbXB0eU1hcGkiOnRydWUsIlYiOiIwLjAuMDAwMCIsIlAiOiJXaW4zMiIsIkFOIjoiTWFpbCIsIldUIjoyfQ%3D%3D%7C0%7C%7C%7C&amp;sdata=f6n%2Fdr1dvxUectR26f2J9uyiQwmLgO1M6tTmRncsJwg%3D&amp;reserved=0\" target=\"_blank\" rel=\"noreferrer noopener\">Mediatalouden ja viestint\u00e4politiikan ty\u00f6ryhm\u00e4<\/a><\/li>\n\n\n\n<li><a href=\"https:\/\/eur04.safelinks.protection.outlook.com\/?url=https%3A%2F%2Fsites.uwasa.fi%2Fmevi2026%2Ftyoryhmat%2Fnakokulmia-televisioon-ennen-ja-nyt%2F&amp;data=05%7C02%7Cliisa.ovaska%40tuni.fi%7C9c9b44419df84208261208de39828bab%7Cfa6944afcc7c4cd89154c01132798910%7C0%7C0%7C639011430065098805%7CUnknown%7CTWFpbGZsb3d8eyJFbXB0eU1hcGkiOnRydWUsIlYiOiIwLjAuMDAwMCIsIlAiOiJXaW4zMiIsIkFOIjoiTWFpbCIsIldUIjoyfQ%3D%3D%7C0%7C%7C%7C&amp;sdata=Ai%2FTD%2FrBBH9KTpW6YurwLpA4BxCOdBApHIoT9UqaQdQ%3D&amp;reserved=0\" target=\"_blank\" rel=\"noreferrer noopener\">N\u00e4k\u00f6kulmia televisioon ennen ja nyt<\/a><\/li>\n\n\n\n<li><a href=\"https:\/\/eur04.safelinks.protection.outlook.com\/?url=https%3A%2F%2Fsites.uwasa.fi%2Fmevi2026%2Ftyoryhmat%2Ftekoaly-journalismissa%2F&amp;data=05%7C02%7Cliisa.ovaska%40tuni.fi%7C9c9b44419df84208261208de39828bab%7Cfa6944afcc7c4cd89154c01132798910%7C0%7C0%7C639011430065119738%7CUnknown%7CTWFpbGZsb3d8eyJFbXB0eU1hcGkiOnRydWUsIlYiOiIwLjAuMDAwMCIsIlAiOiJXaW4zMiIsIkFOIjoiTWFpbCIsIldUIjoyfQ%3D%3D%7C0%7C%7C%7C&amp;sdata=ND4jrtWqVFg7WeZmwJq9ihCFbcIy7Fgd23S74LcsN4Y%3D&amp;reserved=0\" target=\"_blank\" rel=\"noreferrer noopener\">Teko\u00e4ly journalismissa<\/a><\/li>\n\n\n\n<li><a href=\"https:\/\/eur04.safelinks.protection.outlook.com\/?url=https%3A%2F%2Fsites.uwasa.fi%2Fmevi2026%2Ftyoryhmat%2Ftiede-teknologia-ja-asiantuntijuus-julkisuudessa%2F&amp;data=05%7C02%7Cliisa.ovaska%40tuni.fi%7C9c9b44419df84208261208de39828bab%7Cfa6944afcc7c4cd89154c01132798910%7C0%7C0%7C639011430065143248%7CUnknown%7CTWFpbGZsb3d8eyJFbXB0eU1hcGkiOnRydWUsIlYiOiIwLjAuMDAwMCIsIlAiOiJXaW4zMiIsIkFOIjoiTWFpbCIsIldUIjoyfQ%3D%3D%7C0%7C%7C%7C&amp;sdata=fbyexCKZ6YGCE7JmG4MHgQYBD4u5Naq89spx%2F7vPT7A%3D&amp;reserved=0\" target=\"_blank\" rel=\"noreferrer noopener\">Tiede, teknologia ja asiantuntijuus julkisuudessa<\/a><\/li>\n\n\n\n<li><a href=\"https:\/\/eur04.safelinks.protection.outlook.com\/?url=https%3A%2F%2Fsites.uwasa.fi%2Fmevi2026%2Ftyoryhmat%2Fvisuaalisen-tutkimuksen-tyoryhma%2F&amp;data=05%7C02%7Cliisa.ovaska%40tuni.fi%7C9c9b44419df84208261208de39828bab%7Cfa6944afcc7c4cd89154c01132798910%7C0%7C0%7C639011430065162387%7CUnknown%7CTWFpbGZsb3d8eyJFbXB0eU1hcGkiOnRydWUsIlYiOiIwLjAuMDAwMCIsIlAiOiJXaW4zMiIsIkFOIjoiTWFpbCIsIldUIjoyfQ%3D%3D%7C0%7C%7C%7C&amp;sdata=UojRGQbLDhBAg9Rt3WCLFzq5M3%2BFF0%2Bw81K9qXTtQXQ%3D&amp;reserved=0\" target=\"_blank\" rel=\"noreferrer noopener\">Visuaalisen tutkimuksen ty\u00f6ryhm\u00e4<\/a><\/li>\n<\/ul>\n\n\n\n<p><strong>L\u00e4s arbetsgruppsbeskrivningarna&nbsp;<\/strong><strong><u><a rel=\"noreferrer noopener\" target=\"_blank\" href=\"https:\/\/eur04.safelinks.protection.outlook.com\/?url=https%3A%2F%2Fsites.uwasa.fi%2Fmevi2026%2Fsv%2Farbetsgrupperna%2F&amp;data=05%7C02%7Cliisa.ovaska%40tuni.fi%7C9c9b44419df84208261208de39828bab%7Cfa6944afcc7c4cd89154c01132798910%7C0%7C0%7C639011430065180926%7CUnknown%7CTWFpbGZsb3d8eyJFbXB0eU1hcGkiOnRydWUsIlYiOiIwLjAuMDAwMCIsIlAiOiJXaW4zMiIsIkFOIjoiTWFpbCIsIldUIjoyfQ%3D%3D%7C0%7C%7C%7C&amp;sdata=03J%2Fnd6z13j2I%2F9QfTa1GUcBWzJhMvrmR0PINQfQ6nI%3D&amp;reserved=0\">h\u00e4r<\/a><\/u><\/strong><strong>.<\/strong><\/p>\n\n\n\n<p><br>Abstrakten m\u00e5ste skickas in senast&nbsp;<strong>den 12 januari 2026<\/strong>.<\/p>\n\n\n\n<p><br>Abstrakten l\u00e4mnas in till arbetsgrupperna via&nbsp;<strong><u><a rel=\"noreferrer noopener\" target=\"_blank\" href=\"https:\/\/eur04.safelinks.protection.outlook.com\/?url=https%3A%2F%2Flink.webropolsurveys.com%2FS%2F5F7B6A37B89E8DFD&amp;data=05%7C02%7Cliisa.ovaska%40tuni.fi%7C9c9b44419df84208261208de39828bab%7Cfa6944afcc7c4cd89154c01132798910%7C0%7C0%7C639011430065199349%7CUnknown%7CTWFpbGZsb3d8eyJFbXB0eU1hcGkiOnRydWUsIlYiOiIwLjAuMDAwMCIsIlAiOiJXaW4zMiIsIkFOIjoiTWFpbCIsIldUIjoyfQ%3D%3D%7C0%7C%7C%7C&amp;sdata=910ugEV1Gb3GAVS4R%2FBm1Q29mRDtoyeCvDyMp8KAq3Q%3D&amp;reserved=0\">detta formul\u00e4r<\/a><\/u><\/strong>. L\u00e4ngden f\u00f6r abstrakten \u00e4r 200\u2013300 ord. Arbetsgrupperna meddelar de valda abstrakten till deltagarna och organisationskommitt\u00e9n senast 12.2.2026. Vi uppmuntrar de s\u00f6kande att koppla sina abstraktf\u00f6rslag b\u00e5de till arbetsgruppen och konferensens tema.<\/p>\n\n\n\n<p>Eftersom konferensens tidsschema och bokade lokaler \u00e4r begr\u00e4nsade, f\u00f6rbeh\u00e5ller sig organisationskommitt\u00e9n r\u00e4tten att vid behov sl\u00e5 ihop arbetsgrupper.<\/p>\n\n\n\n<p>Anm\u00e4lningen till Mevi-p\u00e4iv\u00e4t \u00f6ppnas ett par m\u00e5nader f\u00f6re konferensen.<\/p>\n\n\n\n<p><strong>Viktig information f\u00f6r doktorander:<br><\/strong>Stipendier p\u00e5 350 euro delas ut till doktorander f\u00f6r deltagande i Mevi-dagarna!<\/p>\n\n\n\n<p>Mevi rf beviljar stipendier p\u00e5 h\u00f6gst 350 euro till doktorander f\u00f6r att st\u00f6dja deltagandet i Mevi-dagarna 2026.<\/p>\n\n\n\n<p>Stipendiet kan anv\u00e4ndas av forskarstuderande som \u00e4r inskrivna vid en finsk h\u00f6gskola f\u00f6r att t\u00e4cka deltagaravgiften, boendekostnader och resekostnader f\u00f6r resor med kollektivtrafik. Kostnader som \u00f6verstiger stipendiebeloppet t\u00e4cks inte. Stipendiet betalas ut efter konferensen mot uppvisande av kvitton.<\/p>\n\n\n\n<p>Stipendiet beviljas endast doktorander vars presentation har godk\u00e4nts f\u00f6r presentation vid konferensen. Stipendierna \u00e4r avsedda att delas ut till doktorander som inte har andra m\u00f6jligheter att finansiera sitt deltagande i konferensen.<\/p>\n\n\n\n<p>Dessutom prioriteras personer som deltar i Mevi-dagarna f\u00f6r f\u00f6rsta g\u00e5ngen. Beslut om stipendier fattas av Mevi rf:s styrelse. Stipendiet s\u00f6ks via\u00a0<a href=\"https:\/\/eur04.safelinks.protection.outlook.com\/?url=https%3A%2F%2Fdocs.google.com%2Fforms%2Fd%2Fe%2F1FAIpQLSepD6xqOI6nCYGLNvbwbLTJ-noHWwKGmQ_mlaMVb4wryDQhLw%2Fviewform&amp;data=05%7C02%7Cliisa.ovaska%40tuni.fi%7C9c9b44419df84208261208de39828bab%7Cfa6944afcc7c4cd89154c01132798910%7C0%7C0%7C639011430065217654%7CUnknown%7CTWFpbGZsb3d8eyJFbXB0eU1hcGkiOnRydWUsIlYiOiIwLjAuMDAwMCIsIlAiOiJXaW4zMiIsIkFOIjoiTWFpbCIsIldUIjoyfQ%3D%3D%7C0%7C%7C%7C&amp;sdata=XZMkHz41xUzjqLrC48iB2K6NUaZlTfwAZ4gcaTc%2Fx68%3D&amp;reserved=0\" target=\"_blank\" rel=\"noreferrer noopener\">detta formul\u00e4r<\/a>\u00a0senast den 9.2.2026.<\/p>\n\n\n\n<p>Konferensen 2026 organiseras av Samfundet f\u00f6r medie- och kommunikationsvetenskap Mevi r.f. och Viestint\u00e4tieteiden oppiaine (kommunikationsvetenskaper) vid Vasa universitet. Information om Mevi-p\u00e4iv\u00e4t finns p\u00e5<a rel=\"noreferrer noopener\" target=\"_blank\" href=\"https:\/\/eur04.safelinks.protection.outlook.com\/?url=https%3A%2F%2Fsites.uwasa.fi%2Fmevi2026%2F&amp;data=05%7C02%7Cliisa.ovaska%40tuni.fi%7C9c9b44419df84208261208de39828bab%7Cfa6944afcc7c4cd89154c01132798910%7C0%7C0%7C639011430065236067%7CUnknown%7CTWFpbGZsb3d8eyJFbXB0eU1hcGkiOnRydWUsIlYiOiIwLjAuMDAwMCIsIlAiOiJXaW4zMiIsIkFOIjoiTWFpbCIsIldUIjoyfQ%3D%3D%7C0%7C%7C%7C&amp;sdata=Xy6ApVLqMO%2FgeDuL%2B%2BqdEnDG3NXH51FBBag1z%2BuRAmc%3D&amp;reserved=0\">&nbsp;<\/a><a rel=\"noreferrer noopener\" target=\"_blank\" href=\"https:\/\/eur04.safelinks.protection.outlook.com\/?url=https%3A%2F%2Fsites.uwasa.fi%2Fmevi2026%2F&amp;data=05%7C02%7Cliisa.ovaska%40tuni.fi%7C9c9b44419df84208261208de39828bab%7Cfa6944afcc7c4cd89154c01132798910%7C0%7C0%7C639011430065254476%7CUnknown%7CTWFpbGZsb3d8eyJFbXB0eU1hcGkiOnRydWUsIlYiOiIwLjAuMDAwMCIsIlAiOiJXaW4zMiIsIkFOIjoiTWFpbCIsIldUIjoyfQ%3D%3D%7C0%7C%7C%7C&amp;sdata=GpVgzb8RmSsHazP8KVgHStbEG4W4sjq7H3zvCSXM3N8%3D&amp;reserved=0\">https:\/\/sites.uwasa.fi\/mevi2026\/<\/a>&nbsp;och p\u00e5 Mevis och Vasa universitets webbplatser.<\/p>\n\n\n\n<p><strong>Med v\u00e4nliga h\u00e4lsningar,<\/strong><\/p>\n\n\n\n<p>Arrang\u00f6rerna av Mevi-p\u00e4iv\u00e4t 2026<\/p>\n\n\n\n<p>Tanja Sihvonen (vetenskapligt program)<\/p>\n\n\n\n<p>Eveliina Salmela (allm\u00e4nna arrangemang)&nbsp;<\/p>\n\n\n\n<p>Lilli Sihvonen (arbetsgrupper)<\/p>\n\n\n\n<figure class=\"wp-block-embed is-type-wp-embed is-provider-mevi-p-iv-t-2026 wp-block-embed-mevi-p-iv-t-2026\"><div class=\"wp-block-embed__wrapper\">\n<blockquote class=\"wp-embedded-content\" data-secret=\"6YtfpKKR8c\"><a href=\"https:\/\/sites.uwasa.fi\/mevi2026\/\">Mevi-p\u00e4iv\u00e4t 2026<\/a><\/blockquote><iframe class=\"wp-embedded-content\" sandbox=\"allow-scripts\" security=\"restricted\" style=\"position: absolute; visibility: hidden;\" title=\"&#8220;Mevi-p\u00e4iv\u00e4t 2026&#8221; &#8212; Mevi-p\u00e4iv\u00e4t 2026\" src=\"https:\/\/sites.uwasa.fi\/mevi2026\/embed\/#?secret=ZcBAdkfGDg#?secret=6YtfpKKR8c\" data-secret=\"6YtfpKKR8c\" width=\"580\" height=\"327\" frameborder=\"0\" marginwidth=\"0\" marginheight=\"0\" scrolling=\"no\"><\/iframe>\n<\/div><\/figure>\n\n\n\n<figure class=\"wp-block-embed is-type-wp-embed is-provider-mevi wp-block-embed-mevi\"><div class=\"wp-block-embed__wrapper\">\n<blockquote class=\"wp-embedded-content\" data-secret=\"aCPP3cqXG5\"><a href=\"https:\/\/mediaviestinta.fi\/mevi2020\/samfundet-for-medie-och-kommunikationsvetenskap-mevi\/\">Samfundet f\u00f6r medie- och kommunikationsvetenskap Mevi<\/a><\/blockquote><iframe class=\"wp-embedded-content\" sandbox=\"allow-scripts\" security=\"restricted\" style=\"position: absolute; visibility: hidden;\" title=\"&#8221;Samfundet f\u00f6r medie- och kommunikationsvetenskap Mevi&#8221; &#8212; Mevi\" src=\"https:\/\/mediaviestinta.fi\/mevi2020\/samfundet-for-medie-och-kommunikationsvetenskap-mevi\/embed\/#?secret=Ugf1Bdfpov#?secret=aCPP3cqXG5\" data-secret=\"aCPP3cqXG5\" width=\"580\" height=\"327\" frameborder=\"0\" marginwidth=\"0\" marginheight=\"0\" scrolling=\"no\"><\/iframe>\n<\/div><\/figure>\n\n\n\n<p><a href=\"https:\/\/www.uwasa.fi\/fi\/tutkimus\/ryhmat\/viestintatieteet\">https:\/\/www.uwasa.fi\/fi\/tutkimus\/ryhmat\/viestintatieteet<\/a><\/p>\n\n\n\n<p>***in English***<\/p>\n\n\n\n<p>Call for papers for Mevi-p\u00e4iv\u00e4t 2026<\/p>\n\n\n\n<p>Mevi-p\u00e4iv\u00e4t or Media and Communication Research Days is the most significant Finnish conference in its field, bringing together researchers, students, teachers, and other media and communication experts.<\/p>\n\n\n\n<p><strong>The next Mevi-p\u00e4iv\u00e4t will be held in Vaasa, Finland, on May 7\u20138, 2026.<\/strong><\/p>\n\n\n\n<p>The theme for next year is Juuret \u2013 R\u00f6tter \u2013 Roots. Roots symbolize origin, foundation, and continuity, but also growth and change. In the field of media and communication research, roots branch out in many directions: they reach towards historical starting points and traditions, different growth platforms and contexts, new practices of producing and disseminating information, as well as symbiotic connections and rhizomatic experiments. Currently, research focusing on media and communication phenomena is sprouting on many platforms and in many different seedbeds. Despite this diversity, the various branches of the discipline also have a lot in common.<\/p>\n\n\n\n<p><strong>You are welcome to send in an abstract proposal to the working groups of Mevi-p\u00e4iv\u00e4t!<\/strong><\/p>\n\n\n\n<p>We are currently inviting abstract submissions to 14 working groups. For each working group, it is specified separately which languages they operate in and accept abstracts in. Six of the working group descriptions can be found in English.&nbsp;They are as follows:<\/p>\n\n\n\n<ul class=\"wp-block-list\">\n<li><a href=\"https:\/\/eur04.safelinks.protection.outlook.com\/?url=https%3A%2F%2Fsites.uwasa.fi%2Fmevi2026%2Fen%2Fworking-groups%2Fthe-multidimensionality-of-information-resilience-in-the-field-of-media-and-communication-research%2F&amp;data=05%7C02%7Cliisa.ovaska%40tuni.fi%7C9c9b44419df84208261208de39828bab%7Cfa6944afcc7c4cd89154c01132798910%7C0%7C0%7C639011430065334751%7CUnknown%7CTWFpbGZsb3d8eyJFbXB0eU1hcGkiOnRydWUsIlYiOiIwLjAuMDAwMCIsIlAiOiJXaW4zMiIsIkFOIjoiTWFpbCIsIldUIjoyfQ%3D%3D%7C0%7C%7C%7C&amp;sdata=APLojoJ1IlWxYuDRKza7sVu0M6SrPELMI78%2Bi1n6B74%3D&amp;reserved=0\" target=\"_blank\" rel=\"noreferrer noopener\">Informaatioresilienssin moniulotteisuus median ja viestinn\u00e4n kent\u00e4ll\u00e4 (The Multidimensionality of Information Resilience in the Field of Media and Communication Research)<\/a><\/li>\n\n\n\n<li><a href=\"https:\/\/eur04.safelinks.protection.outlook.com\/?url=https%3A%2F%2Fsites.uwasa.fi%2Fmevi2026%2Fen%2Fworking-groups%2Froots-the-foundations-and-new-offshoots-of-journalism%2F&amp;data=05%7C02%7Cliisa.ovaska%40tuni.fi%7C9c9b44419df84208261208de39828bab%7Cfa6944afcc7c4cd89154c01132798910%7C0%7C0%7C639011430065353380%7CUnknown%7CTWFpbGZsb3d8eyJFbXB0eU1hcGkiOnRydWUsIlYiOiIwLjAuMDAwMCIsIlAiOiJXaW4zMiIsIkFOIjoiTWFpbCIsIldUIjoyfQ%3D%3D%7C0%7C%7C%7C&amp;sdata=XKeZW2xjXo3fhhDmuSLr1JuM9S4CTOlzptDOKNi7O8M%3D&amp;reserved=0\" target=\"_blank\" rel=\"noreferrer noopener\">Juuret \u2013 Journalismin perustat ja uudet versot (Roots \u2013 The foundations and new offshoots of journalism)<\/a><\/li>\n\n\n\n<li><a href=\"https:\/\/eur04.safelinks.protection.outlook.com\/?url=https%3A%2F%2Fsites.uwasa.fi%2Fmevi2026%2Fen%2Fworking-groups%2Fmedia-technology-and-sustainability%2F&amp;data=05%7C02%7Cliisa.ovaska%40tuni.fi%7C9c9b44419df84208261208de39828bab%7Cfa6944afcc7c4cd89154c01132798910%7C0%7C0%7C639011430065371992%7CUnknown%7CTWFpbGZsb3d8eyJFbXB0eU1hcGkiOnRydWUsIlYiOiIwLjAuMDAwMCIsIlAiOiJXaW4zMiIsIkFOIjoiTWFpbCIsIldUIjoyfQ%3D%3D%7C0%7C%7C%7C&amp;sdata=GCggZPOYRXEId8ol4vQH4mZo7MDgsXiZGLfA2Bi3W%2BM%3D&amp;reserved=0\" target=\"_blank\" rel=\"noreferrer noopener\">Media, teknologia ja kest\u00e4vyys (Media, technology, and sustainability)<\/a><\/li>\n\n\n\n<li><a href=\"https:\/\/eur04.safelinks.protection.outlook.com\/?url=https%3A%2F%2Fsites.uwasa.fi%2Fmevi2026%2Fen%2Fworking-groups%2Froots-and-appearance-of-misleading-in-digital-communication%2F&amp;data=05%7C02%7Cliisa.ovaska%40tuni.fi%7C9c9b44419df84208261208de39828bab%7Cfa6944afcc7c4cd89154c01132798910%7C0%7C0%7C639011430065391389%7CUnknown%7CTWFpbGZsb3d8eyJFbXB0eU1hcGkiOnRydWUsIlYiOiIwLjAuMDAwMCIsIlAiOiJXaW4zMiIsIkFOIjoiTWFpbCIsIldUIjoyfQ%3D%3D%7C0%7C%7C%7C&amp;sdata=%2FdYh7YtK26Dak%2BrHGOC4W7OFZcBXxl3l2rS1JTyW55M%3D&amp;reserved=0\" target=\"_blank\" rel=\"noreferrer noopener\">Roots and appearance of misleading in digital communication<\/a><\/li>\n\n\n\n<li><a href=\"https:\/\/eur04.safelinks.protection.outlook.com\/?url=https%3A%2F%2Fsites.uwasa.fi%2Fmevi2026%2Fen%2Fcommunicative-ai-roots-and-repercussions%2F&amp;data=05%7C02%7Cliisa.ovaska%40tuni.fi%7C9c9b44419df84208261208de39828bab%7Cfa6944afcc7c4cd89154c01132798910%7C0%7C0%7C639011430065411201%7CUnknown%7CTWFpbGZsb3d8eyJFbXB0eU1hcGkiOnRydWUsIlYiOiIwLjAuMDAwMCIsIlAiOiJXaW4zMiIsIkFOIjoiTWFpbCIsIldUIjoyfQ%3D%3D%7C0%7C%7C%7C&amp;sdata=up1eeD8NBwlTg8d2d5%2BQKLpx32jWQzHOSjq5ljUhY9A%3D&amp;reserved=0\" target=\"_blank\" rel=\"noreferrer noopener\">Viestiv\u00e4n teko\u00e4lyn juuret ja joutomaat (Communicative AI: roots and repercussions)<\/a><\/li>\n\n\n\n<li><a href=\"https:\/\/eur04.safelinks.protection.outlook.com\/?url=https%3A%2F%2Fsites.uwasa.fi%2Fmevi2026%2Fen%2Fworking-groups%2Fwhen-news-meet-planetary-boundaries-rethinking-journalism%2F&amp;data=05%7C02%7Cliisa.ovaska%40tuni.fi%7C9c9b44419df84208261208de39828bab%7Cfa6944afcc7c4cd89154c01132798910%7C0%7C0%7C639011430065429915%7CUnknown%7CTWFpbGZsb3d8eyJFbXB0eU1hcGkiOnRydWUsIlYiOiIwLjAuMDAwMCIsIlAiOiJXaW4zMiIsIkFOIjoiTWFpbCIsIldUIjoyfQ%3D%3D%7C0%7C%7C%7C&amp;sdata=f3Ve4AqIymzjxqMe899FE92M5CFOGfjz9YdAJXGr8dg%3D&amp;reserved=0\" target=\"_blank\" rel=\"noreferrer noopener\">When News Meet Planetary Boundaries: Rethinking Journalism<\/a><\/li>\n<\/ul>\n\n\n\n<p>Other working groups are:<\/p>\n\n\n\n<ul class=\"wp-block-list\">\n<li><a href=\"https:\/\/eur04.safelinks.protection.outlook.com\/?url=https%3A%2F%2Fsites.uwasa.fi%2Fmevi2026%2Ftyoryhmat%2Fekomediatutkimuksen-versovat-kentat%2F&amp;data=05%7C02%7Cliisa.ovaska%40tuni.fi%7C9c9b44419df84208261208de39828bab%7Cfa6944afcc7c4cd89154c01132798910%7C0%7C0%7C639011430065454551%7CUnknown%7CTWFpbGZsb3d8eyJFbXB0eU1hcGkiOnRydWUsIlYiOiIwLjAuMDAwMCIsIlAiOiJXaW4zMiIsIkFOIjoiTWFpbCIsIldUIjoyfQ%3D%3D%7C0%7C%7C%7C&amp;sdata=0uxn5ePEo2QaY9LLLlsKsw4NruLBPOz8f5p5iUveVNI%3D&amp;reserved=0\" target=\"_blank\" rel=\"noreferrer noopener\">Ekomediatutkimuksen versovat kent\u00e4t<\/a><\/li>\n\n\n\n<li><a href=\"https:\/\/eur04.safelinks.protection.outlook.com\/?url=https%3A%2F%2Fsites.uwasa.fi%2Fmevi2026%2Ftyoryhmat%2Flansi-ja-muut-mediassa-sivilisationaalinen-ideologia-liberaalin-ja-saantopohjaisen-jarjestyksen-haastajana%2F&amp;data=05%7C02%7Cliisa.ovaska%40tuni.fi%7C9c9b44419df84208261208de39828bab%7Cfa6944afcc7c4cd89154c01132798910%7C0%7C0%7C639011430065473711%7CUnknown%7CTWFpbGZsb3d8eyJFbXB0eU1hcGkiOnRydWUsIlYiOiIwLjAuMDAwMCIsIlAiOiJXaW4zMiIsIkFOIjoiTWFpbCIsIldUIjoyfQ%3D%3D%7C0%7C%7C%7C&amp;sdata=snJN%2FH6ac%2BQGh%2B9vov%2FCyidq5cXa3DHm%2FHriG90pnMY%3D&amp;reserved=0\" target=\"_blank\" rel=\"noreferrer noopener\">L\u00e4nsi ja muut mediassa: sivilisationaalinen ideologia liberaalin ja s\u00e4\u00e4nt\u00f6pohjaisen j\u00e4rjestyksen haastajana<\/a><\/li>\n\n\n\n<li><a href=\"https:\/\/eur04.safelinks.protection.outlook.com\/?url=https%3A%2F%2Fsites.uwasa.fi%2Fmevi2026%2Ftyoryhmat%2Fmediatalouden-ja-viestintapolitiikan-tyoryhma%2F&amp;data=05%7C02%7Cliisa.ovaska%40tuni.fi%7C9c9b44419df84208261208de39828bab%7Cfa6944afcc7c4cd89154c01132798910%7C0%7C0%7C639011430065493218%7CUnknown%7CTWFpbGZsb3d8eyJFbXB0eU1hcGkiOnRydWUsIlYiOiIwLjAuMDAwMCIsIlAiOiJXaW4zMiIsIkFOIjoiTWFpbCIsIldUIjoyfQ%3D%3D%7C0%7C%7C%7C&amp;sdata=MZncHANvNwNlmC3%2FhfPQaw2tqsAoRcg1XVXhtclnRN0%3D&amp;reserved=0\" target=\"_blank\" rel=\"noreferrer noopener\">Mediatalouden ja viestint\u00e4politiikan ty\u00f6ryhm\u00e4<\/a><\/li>\n\n\n\n<li><a href=\"https:\/\/eur04.safelinks.protection.outlook.com\/?url=https%3A%2F%2Fsites.uwasa.fi%2Fmevi2026%2Ftyoryhmat%2Fnakokulmia-televisioon-ennen-ja-nyt%2F&amp;data=05%7C02%7Cliisa.ovaska%40tuni.fi%7C9c9b44419df84208261208de39828bab%7Cfa6944afcc7c4cd89154c01132798910%7C0%7C0%7C639011430065512186%7CUnknown%7CTWFpbGZsb3d8eyJFbXB0eU1hcGkiOnRydWUsIlYiOiIwLjAuMDAwMCIsIlAiOiJXaW4zMiIsIkFOIjoiTWFpbCIsIldUIjoyfQ%3D%3D%7C0%7C%7C%7C&amp;sdata=TZS%2FIq%2F5rflb8kv2BBIVSaTEWt63oA3ERtEpksQbRhk%3D&amp;reserved=0\" target=\"_blank\" rel=\"noreferrer noopener\">N\u00e4k\u00f6kulmia televisioon ennen ja nyt<\/a><\/li>\n\n\n\n<li><a href=\"https:\/\/eur04.safelinks.protection.outlook.com\/?url=https%3A%2F%2Fsites.uwasa.fi%2Fmevi2026%2Ftyoryhmat%2Fpoliittinen-viestinta-affektiivisen-polarisaation-aikakaudella%2F&amp;data=05%7C02%7Cliisa.ovaska%40tuni.fi%7C9c9b44419df84208261208de39828bab%7Cfa6944afcc7c4cd89154c01132798910%7C0%7C0%7C639011430065531587%7CUnknown%7CTWFpbGZsb3d8eyJFbXB0eU1hcGkiOnRydWUsIlYiOiIwLjAuMDAwMCIsIlAiOiJXaW4zMiIsIkFOIjoiTWFpbCIsIldUIjoyfQ%3D%3D%7C0%7C%7C%7C&amp;sdata=dFkB1AmmITK1DVmRciVMkDlajW1SgUaw6mKRWg98iqM%3D&amp;reserved=0\" target=\"_blank\" rel=\"noreferrer noopener\">Poliittinen viestint\u00e4 affektiivisen polarisaation aikakaudella<\/a><\/li>\n\n\n\n<li><a href=\"https:\/\/eur04.safelinks.protection.outlook.com\/?url=https%3A%2F%2Fsites.uwasa.fi%2Fmevi2026%2Ftyoryhmat%2Ftekoaly-journalismissa%2F&amp;data=05%7C02%7Cliisa.ovaska%40tuni.fi%7C9c9b44419df84208261208de39828bab%7Cfa6944afcc7c4cd89154c01132798910%7C0%7C0%7C639011430065550936%7CUnknown%7CTWFpbGZsb3d8eyJFbXB0eU1hcGkiOnRydWUsIlYiOiIwLjAuMDAwMCIsIlAiOiJXaW4zMiIsIkFOIjoiTWFpbCIsIldUIjoyfQ%3D%3D%7C0%7C%7C%7C&amp;sdata=U6ywlvifYOKVMlUPiK9HG%2Fa4UZGgHa0L1g2Kkl4VC%2Bk%3D&amp;reserved=0\" target=\"_blank\" rel=\"noreferrer noopener\">Teko\u00e4ly journalismissa<\/a><\/li>\n\n\n\n<li><a href=\"https:\/\/eur04.safelinks.protection.outlook.com\/?url=https%3A%2F%2Fsites.uwasa.fi%2Fmevi2026%2Ftyoryhmat%2Ftiede-teknologia-ja-asiantuntijuus-julkisuudessa%2F&amp;data=05%7C02%7Cliisa.ovaska%40tuni.fi%7C9c9b44419df84208261208de39828bab%7Cfa6944afcc7c4cd89154c01132798910%7C0%7C0%7C639011430065570709%7CUnknown%7CTWFpbGZsb3d8eyJFbXB0eU1hcGkiOnRydWUsIlYiOiIwLjAuMDAwMCIsIlAiOiJXaW4zMiIsIkFOIjoiTWFpbCIsIldUIjoyfQ%3D%3D%7C0%7C%7C%7C&amp;sdata=dIYj31Hy%2BupMhVS993RC0oCXax3D9%2F7QHVIxtC12Zak%3D&amp;reserved=0\" target=\"_blank\" rel=\"noreferrer noopener\">Tiede, teknologia ja asiantuntijuus julkisuudessa<\/a><\/li>\n\n\n\n<li><a href=\"https:\/\/eur04.safelinks.protection.outlook.com\/?url=https%3A%2F%2Fsites.uwasa.fi%2Fmevi2026%2Ftyoryhmat%2Fvisuaalisen-tutkimuksen-tyoryhma%2F&amp;data=05%7C02%7Cliisa.ovaska%40tuni.fi%7C9c9b44419df84208261208de39828bab%7Cfa6944afcc7c4cd89154c01132798910%7C0%7C0%7C639011430065591096%7CUnknown%7CTWFpbGZsb3d8eyJFbXB0eU1hcGkiOnRydWUsIlYiOiIwLjAuMDAwMCIsIlAiOiJXaW4zMiIsIkFOIjoiTWFpbCIsIldUIjoyfQ%3D%3D%7C0%7C%7C%7C&amp;sdata=%2FQ6XzC721FS6NA4zdR%2F1eunpNjKSdgIltNUDnV0Yxrg%3D&amp;reserved=0\" target=\"_blank\" rel=\"noreferrer noopener\">Visuaalisen tutkimuksen ty\u00f6ryhm\u00e4<\/a><\/li>\n<\/ul>\n\n\n\n<p><strong>Please find the working group descriptions&nbsp;<\/strong><strong><u><a rel=\"noreferrer noopener\" target=\"_blank\" href=\"https:\/\/eur04.safelinks.protection.outlook.com\/?url=https%3A%2F%2Fsites.uwasa.fi%2Fmevi2026%2Fen%2Fworking-groups%2F&amp;data=05%7C02%7Cliisa.ovaska%40tuni.fi%7C9c9b44419df84208261208de39828bab%7Cfa6944afcc7c4cd89154c01132798910%7C0%7C0%7C639011430065615194%7CUnknown%7CTWFpbGZsb3d8eyJFbXB0eU1hcGkiOnRydWUsIlYiOiIwLjAuMDAwMCIsIlAiOiJXaW4zMiIsIkFOIjoiTWFpbCIsIldUIjoyfQ%3D%3D%7C0%7C%7C%7C&amp;sdata=4epllfgyiFd8hSCchnQpZAbtLX8go5OOK0p4BiWArH0%3D&amp;reserved=0\">here<\/a><\/u><\/strong><strong>.<\/strong><\/p>\n\n\n\n<p>&nbsp;The abstract submission period ends on&nbsp;<strong>12 January 2026<\/strong>.&nbsp;<\/p>\n\n\n\n<p>Abstracts are submitted to the working groups using&nbsp;<strong><u><a rel=\"noreferrer noopener\" target=\"_blank\" href=\"https:\/\/eur04.safelinks.protection.outlook.com\/?url=https%3A%2F%2Flink.webropolsurveys.com%2FS%2F5F7B6A37B89E8DFD&amp;data=05%7C02%7Cliisa.ovaska%40tuni.fi%7C9c9b44419df84208261208de39828bab%7Cfa6944afcc7c4cd89154c01132798910%7C0%7C0%7C639011430065639872%7CUnknown%7CTWFpbGZsb3d8eyJFbXB0eU1hcGkiOnRydWUsIlYiOiIwLjAuMDAwMCIsIlAiOiJXaW4zMiIsIkFOIjoiTWFpbCIsIldUIjoyfQ%3D%3D%7C0%7C%7C%7C&amp;sdata=DWmYCrMMGrAjSGEb9jmpOMynVHSGvqmGmVwOQdZkg4g%3D&amp;reserved=0\">this form<\/a><\/u><\/strong>. The length for abstracts is&nbsp;<strong>between 200-300 words<\/strong>. The working groups will notify both the participants and the organising committee of the selected abstracts&nbsp;<strong>by 12 February 2026<\/strong>. We encourage applicants to connect their abstract proposals to both the working group and the conference theme in one way or another.<\/p>\n\n\n\n<p>&nbsp;Because the conference schedule and available rooms are limited, the organising committee reserves the right to combine working groups as needed.<\/p>\n\n\n\n<p>Registration for the Mevi-p\u00e4iv\u00e4t will open a couple of months before the conference.<\/p>\n\n\n\n<p><strong>Important information for doctoral students:<\/strong><\/p>\n\n\n\n<p>Mevi ry awards grants of up to 350 euros to doctoral researchers to support their participation in Mevi conference 2026.<\/p>\n\n\n\n<p>The grant can be used by doctoral students enrolled at a Finnish higher education institution to cover the participation fee as well as accommodation and travel expenses incurred when using public transportation. Costs exceeding the grant amount are not covered. The grant is paid after the conference upon submission of receipts.<\/p>\n\n\n\n<p>The grant is awarded only to doctoral researchers whose presentation has been accepted for the conference. Grants are primarily distributed to students who have no other means of financing their participation. Preference is also given to individuals attending the Mevi conference for the first time. The decision on grants is made by the board of Mevi ry.<\/p>\n\n\n\n<p>Applications for grants must be submitted using\u00a0<a href=\"https:\/\/eur04.safelinks.protection.outlook.com\/?url=https%3A%2F%2Fdocs.google.com%2Fforms%2Fd%2Fe%2F1FAIpQLSepD6xqOI6nCYGLNvbwbLTJ-noHWwKGmQ_mlaMVb4wryDQhLw%2Fviewform&amp;data=05%7C02%7Cliisa.ovaska%40tuni.fi%7C9c9b44419df84208261208de39828bab%7Cfa6944afcc7c4cd89154c01132798910%7C0%7C0%7C639011430065665399%7CUnknown%7CTWFpbGZsb3d8eyJFbXB0eU1hcGkiOnRydWUsIlYiOiIwLjAuMDAwMCIsIlAiOiJXaW4zMiIsIkFOIjoiTWFpbCIsIldUIjoyfQ%3D%3D%7C0%7C%7C%7C&amp;sdata=WVJmTDJpCilbr8IGn1WZgBy9RKfVvhbW5u89fIaZVp8%3D&amp;reserved=0\" target=\"_blank\" rel=\"noreferrer noopener\">this form<\/a>\u00a0by February 9, 2026.<\/p>\n\n\n\n<p>The 2026 conference is organized by the Finnish Association for Media and Communication Studies Mevi ry and Viestint\u00e4tieteiden oppiaine (Communication Studies) at the University of Vaasa. Further information about Mevi-p\u00e4iv\u00e4t can be found at<a rel=\"noreferrer noopener\" target=\"_blank\" href=\"https:\/\/eur04.safelinks.protection.outlook.com\/?url=https%3A%2F%2Fsites.uwasa.fi%2Fmevi2026%2F&amp;data=05%7C02%7Cliisa.ovaska%40tuni.fi%7C9c9b44419df84208261208de39828bab%7Cfa6944afcc7c4cd89154c01132798910%7C0%7C0%7C639011430065686636%7CUnknown%7CTWFpbGZsb3d8eyJFbXB0eU1hcGkiOnRydWUsIlYiOiIwLjAuMDAwMCIsIlAiOiJXaW4zMiIsIkFOIjoiTWFpbCIsIldUIjoyfQ%3D%3D%7C0%7C%7C%7C&amp;sdata=dqEaOry3SxgnOfgWmBWJo8D6m%2FzlHKIRD%2BCxrNnlMIA%3D&amp;reserved=0\">&nbsp;<\/a><a rel=\"noreferrer noopener\" target=\"_blank\" href=\"https:\/\/eur04.safelinks.protection.outlook.com\/?url=https%3A%2F%2Fsites.uwasa.fi%2Fmevi2026%2F&amp;data=05%7C02%7Cliisa.ovaska%40tuni.fi%7C9c9b44419df84208261208de39828bab%7Cfa6944afcc7c4cd89154c01132798910%7C0%7C0%7C639011430065705068%7CUnknown%7CTWFpbGZsb3d8eyJFbXB0eU1hcGkiOnRydWUsIlYiOiIwLjAuMDAwMCIsIlAiOiJXaW4zMiIsIkFOIjoiTWFpbCIsIldUIjoyfQ%3D%3D%7C0%7C%7C%7C&amp;sdata=%2BegGnE%2BE0eVbi7x6tBHxWg%2BNYJuzHjX1guYe0gd%2Bmz4%3D&amp;reserved=0\">https:\/\/sites.uwasa.fi\/mevi2026\/<\/a>&nbsp;and on the websites of Mevi ry and the University of Vaasa.<\/p>\n\n\n\n<p><strong>Warm regards,<\/strong><\/p>\n\n\n\n<p>The organizers of Mevi-p\u00e4iv\u00e4t 2026<\/p>\n\n\n\n<p>Tanja Sihvonen (scientific program)<\/p>\n\n\n\n<p>Eveliina Salmela (general arrangements)<\/p>\n\n\n\n<p>Lilli Sihvonen (working groups)<\/p>\n\n\n\n<figure class=\"wp-block-embed is-type-wp-embed is-provider-mevi-p-iv-t-2026 wp-block-embed-mevi-p-iv-t-2026\"><div class=\"wp-block-embed__wrapper\">\n<blockquote class=\"wp-embedded-content\" data-secret=\"6YtfpKKR8c\"><a href=\"https:\/\/sites.uwasa.fi\/mevi2026\/\">Mevi-p\u00e4iv\u00e4t 2026<\/a><\/blockquote><iframe class=\"wp-embedded-content\" sandbox=\"allow-scripts\" security=\"restricted\" style=\"position: absolute; visibility: hidden;\" title=\"&#8220;Mevi-p\u00e4iv\u00e4t 2026&#8221; &#8212; Mevi-p\u00e4iv\u00e4t 2026\" src=\"https:\/\/sites.uwasa.fi\/mevi2026\/embed\/#?secret=ZcBAdkfGDg#?secret=6YtfpKKR8c\" data-secret=\"6YtfpKKR8c\" width=\"580\" height=\"327\" frameborder=\"0\" marginwidth=\"0\" marginheight=\"0\" scrolling=\"no\"><\/iframe>\n<\/div><\/figure>\n\n\n\n<figure class=\"wp-block-embed is-type-wp-embed is-provider-mevi wp-block-embed-mevi\"><div class=\"wp-block-embed__wrapper\">\n<blockquote class=\"wp-embedded-content\" data-secret=\"fsQ6jWLgAo\"><a href=\"https:\/\/mediaviestinta.fi\/mevi2020\/finnish-association-for-media-and-communication-studies\/\">Finnish Association for Media and Communication Studies<\/a><\/blockquote><iframe class=\"wp-embedded-content\" sandbox=\"allow-scripts\" security=\"restricted\" style=\"position: absolute; visibility: hidden;\" title=\"&#8221;Finnish Association for Media and Communication Studies&#8221; &#8212; Mevi\" src=\"https:\/\/mediaviestinta.fi\/mevi2020\/finnish-association-for-media-and-communication-studies\/embed\/#?secret=cQzQkhS9LT#?secret=fsQ6jWLgAo\" data-secret=\"fsQ6jWLgAo\" width=\"580\" height=\"327\" frameborder=\"0\" marginwidth=\"0\" marginheight=\"0\" scrolling=\"no\"><\/iframe>\n<\/div><\/figure>\n\n\n\n<p><a href=\"https:\/\/www.uwasa.fi\/en\/tutkimus\/ryhmat\/viestintatieteet\">https:\/\/www.uwasa.fi\/en\/tutkimus\/ryhmat\/viestintatieteet<\/a><\/p>\n","protected":false},"excerpt":{"rendered":"<p>FI: Abstraktikutsu Median ja viestinn\u00e4n tutkimuksen p\u00e4iville 2026 SV: Call for papers f\u00f6r Medie- och kommunikationsforskningsdagarna 2026 EN: Call for papers for Mevi-p\u00e4iv\u00e4t 2026&nbsp; ***Suomeksi*** Median ja viestinn\u00e4n&hellip;<\/p>\n","protected":false},"author":3,"featured_media":3660,"comment_status":"open","ping_status":"closed","sticky":false,"template":"","format":"standard","meta":{"_monsterinsights_skip_tracking":false,"_monsterinsights_sitenote_active":false,"_monsterinsights_sitenote_note":"","_monsterinsights_sitenote_category":0,"footnotes":""},"categories":[1],"tags":[],"class_list":["post-5425","post","type-post","status-publish","format-standard","has-post-thumbnail","hentry","category-yleinen"],"yoast_head":"<!-- This site is optimized with the Yoast SEO plugin v27.5 - https:\/\/yoast.com\/product\/yoast-seo-wordpress\/ -->\n<title>Abstraktikutsu Mevi-p\u00e4iville 2026 on nyt julki - Mevi ry jakaa jatko-opiskelijoille apurahoja &#8211; Mevi<\/title>\n<meta name=\"robots\" content=\"index, follow, max-snippet:-1, max-image-preview:large, max-video-preview:-1\" \/>\n<link rel=\"canonical\" href=\"https:\/\/mediaviestinta.fi\/mevi2020\/2025\/12\/abstraktikutsu-mevi-paiville-2026-on-nyt-julki-mevi-ry-jakaa-jatko-opiskelijoille-apurahoja\/\" \/>\n<meta property=\"og:locale\" content=\"fi_FI\" \/>\n<meta property=\"og:type\" content=\"article\" \/>\n<meta property=\"og:title\" content=\"Abstraktikutsu Mevi-p\u00e4iville 2026 on nyt julki - Mevi ry jakaa jatko-opiskelijoille apurahoja &#8211; Mevi\" \/>\n<meta property=\"og:description\" content=\"FI: Abstraktikutsu Median ja viestinn\u00e4n tutkimuksen p\u00e4iville 2026 SV: Call for papers f\u00f6r Medie- och kommunikationsforskningsdagarna 2026 EN: Call for papers for Mevi-p\u00e4iv\u00e4t 2026&nbsp; ***Suomeksi*** Median ja viestinn\u00e4n&hellip;\" \/>\n<meta property=\"og:url\" content=\"https:\/\/mediaviestinta.fi\/mevi2020\/2025\/12\/abstraktikutsu-mevi-paiville-2026-on-nyt-julki-mevi-ry-jakaa-jatko-opiskelijoille-apurahoja\/\" \/>\n<meta property=\"og:site_name\" content=\"Mevi\" \/>\n<meta property=\"article:publisher\" content=\"https:\/\/www.facebook.com\/MediaViestinta\/\" \/>\n<meta property=\"article:published_time\" content=\"2025-12-12T14:55:29+00:00\" \/>\n<meta property=\"article:modified_time\" content=\"2026-01-26T16:07:03+00:00\" \/>\n<meta property=\"og:image\" content=\"https:\/\/mediaviestinta.fi\/mevi2020\/wp-content\/uploads\/2020\/04\/mevi-artikkeli-placeholder-kuva-01.jpg\" \/>\n\t<meta property=\"og:image:width\" content=\"700\" \/>\n\t<meta property=\"og:image:height\" content=\"400\" \/>\n\t<meta property=\"og:image:type\" content=\"image\/jpeg\" \/>\n<meta name=\"author\" content=\"Mevi\" \/>\n<meta name=\"twitter:card\" content=\"summary_large_image\" \/>\n<meta name=\"twitter:creator\" content=\"@mediaviestinta\" \/>\n<meta name=\"twitter:site\" content=\"@mediaviestinta\" \/>\n<meta name=\"twitter:label1\" content=\"Kirjoittanut\" \/>\n\t<meta name=\"twitter:data1\" content=\"Mevi\" \/>\n\t<meta name=\"twitter:label2\" content=\"Arvioitu lukuaika\" \/>\n\t<meta name=\"twitter:data2\" content=\"11 minuuttia\" \/>\n<script type=\"application\/ld+json\" class=\"yoast-schema-graph\">{\"@context\":\"https:\\\/\\\/schema.org\",\"@graph\":[{\"@type\":\"Article\",\"@id\":\"https:\\\/\\\/mediaviestinta.fi\\\/mevi2020\\\/2025\\\/12\\\/abstraktikutsu-mevi-paiville-2026-on-nyt-julki-mevi-ry-jakaa-jatko-opiskelijoille-apurahoja\\\/#article\",\"isPartOf\":{\"@id\":\"https:\\\/\\\/mediaviestinta.fi\\\/mevi2020\\\/2025\\\/12\\\/abstraktikutsu-mevi-paiville-2026-on-nyt-julki-mevi-ry-jakaa-jatko-opiskelijoille-apurahoja\\\/\"},\"author\":{\"name\":\"Mevi\",\"@id\":\"https:\\\/\\\/mediaviestinta.fi\\\/#\\\/schema\\\/person\\\/b2da34ab24cfcd17dbdd6c7cfb173257\"},\"headline\":\"Abstraktikutsu Mevi-p\u00e4iville 2026 on nyt julki &#8211; Mevi ry jakaa jatko-opiskelijoille apurahoja\",\"datePublished\":\"2025-12-12T14:55:29+00:00\",\"dateModified\":\"2026-01-26T16:07:03+00:00\",\"mainEntityOfPage\":{\"@id\":\"https:\\\/\\\/mediaviestinta.fi\\\/mevi2020\\\/2025\\\/12\\\/abstraktikutsu-mevi-paiville-2026-on-nyt-julki-mevi-ry-jakaa-jatko-opiskelijoille-apurahoja\\\/\"},\"wordCount\":1923,\"commentCount\":0,\"publisher\":{\"@id\":\"https:\\\/\\\/mediaviestinta.fi\\\/#organization\"},\"image\":{\"@id\":\"https:\\\/\\\/mediaviestinta.fi\\\/mevi2020\\\/2025\\\/12\\\/abstraktikutsu-mevi-paiville-2026-on-nyt-julki-mevi-ry-jakaa-jatko-opiskelijoille-apurahoja\\\/#primaryimage\"},\"thumbnailUrl\":\"https:\\\/\\\/mediaviestinta.fi\\\/mevi2020\\\/wp-content\\\/uploads\\\/2020\\\/04\\\/mevi-artikkeli-placeholder-kuva-01.jpg\",\"inLanguage\":\"fi\",\"potentialAction\":[{\"@type\":\"CommentAction\",\"name\":\"Comment\",\"target\":[\"https:\\\/\\\/mediaviestinta.fi\\\/mevi2020\\\/2025\\\/12\\\/abstraktikutsu-mevi-paiville-2026-on-nyt-julki-mevi-ry-jakaa-jatko-opiskelijoille-apurahoja\\\/#respond\"]}]},{\"@type\":\"WebPage\",\"@id\":\"https:\\\/\\\/mediaviestinta.fi\\\/mevi2020\\\/2025\\\/12\\\/abstraktikutsu-mevi-paiville-2026-on-nyt-julki-mevi-ry-jakaa-jatko-opiskelijoille-apurahoja\\\/\",\"url\":\"https:\\\/\\\/mediaviestinta.fi\\\/mevi2020\\\/2025\\\/12\\\/abstraktikutsu-mevi-paiville-2026-on-nyt-julki-mevi-ry-jakaa-jatko-opiskelijoille-apurahoja\\\/\",\"name\":\"Abstraktikutsu Mevi-p\u00e4iville 2026 on nyt julki - Mevi ry jakaa jatko-opiskelijoille apurahoja &#8211; Mevi\",\"isPartOf\":{\"@id\":\"https:\\\/\\\/mediaviestinta.fi\\\/#website\"},\"primaryImageOfPage\":{\"@id\":\"https:\\\/\\\/mediaviestinta.fi\\\/mevi2020\\\/2025\\\/12\\\/abstraktikutsu-mevi-paiville-2026-on-nyt-julki-mevi-ry-jakaa-jatko-opiskelijoille-apurahoja\\\/#primaryimage\"},\"image\":{\"@id\":\"https:\\\/\\\/mediaviestinta.fi\\\/mevi2020\\\/2025\\\/12\\\/abstraktikutsu-mevi-paiville-2026-on-nyt-julki-mevi-ry-jakaa-jatko-opiskelijoille-apurahoja\\\/#primaryimage\"},\"thumbnailUrl\":\"https:\\\/\\\/mediaviestinta.fi\\\/mevi2020\\\/wp-content\\\/uploads\\\/2020\\\/04\\\/mevi-artikkeli-placeholder-kuva-01.jpg\",\"datePublished\":\"2025-12-12T14:55:29+00:00\",\"dateModified\":\"2026-01-26T16:07:03+00:00\",\"breadcrumb\":{\"@id\":\"https:\\\/\\\/mediaviestinta.fi\\\/mevi2020\\\/2025\\\/12\\\/abstraktikutsu-mevi-paiville-2026-on-nyt-julki-mevi-ry-jakaa-jatko-opiskelijoille-apurahoja\\\/#breadcrumb\"},\"inLanguage\":\"fi\",\"potentialAction\":[{\"@type\":\"ReadAction\",\"target\":[\"https:\\\/\\\/mediaviestinta.fi\\\/mevi2020\\\/2025\\\/12\\\/abstraktikutsu-mevi-paiville-2026-on-nyt-julki-mevi-ry-jakaa-jatko-opiskelijoille-apurahoja\\\/\"]}]},{\"@type\":\"ImageObject\",\"inLanguage\":\"fi\",\"@id\":\"https:\\\/\\\/mediaviestinta.fi\\\/mevi2020\\\/2025\\\/12\\\/abstraktikutsu-mevi-paiville-2026-on-nyt-julki-mevi-ry-jakaa-jatko-opiskelijoille-apurahoja\\\/#primaryimage\",\"url\":\"https:\\\/\\\/mediaviestinta.fi\\\/mevi2020\\\/wp-content\\\/uploads\\\/2020\\\/04\\\/mevi-artikkeli-placeholder-kuva-01.jpg\",\"contentUrl\":\"https:\\\/\\\/mediaviestinta.fi\\\/mevi2020\\\/wp-content\\\/uploads\\\/2020\\\/04\\\/mevi-artikkeli-placeholder-kuva-01.jpg\",\"width\":700,\"height\":400},{\"@type\":\"BreadcrumbList\",\"@id\":\"https:\\\/\\\/mediaviestinta.fi\\\/mevi2020\\\/2025\\\/12\\\/abstraktikutsu-mevi-paiville-2026-on-nyt-julki-mevi-ry-jakaa-jatko-opiskelijoille-apurahoja\\\/#breadcrumb\",\"itemListElement\":[{\"@type\":\"ListItem\",\"position\":1,\"name\":\"Home\",\"item\":\"https:\\\/\\\/mediaviestinta.fi\\\/\"},{\"@type\":\"ListItem\",\"position\":2,\"name\":\"Abstraktikutsu Mevi-p\u00e4iville 2026 on nyt julki &#8211; Mevi ry jakaa jatko-opiskelijoille apurahoja\"}]},{\"@type\":\"WebSite\",\"@id\":\"https:\\\/\\\/mediaviestinta.fi\\\/#website\",\"url\":\"https:\\\/\\\/mediaviestinta.fi\\\/\",\"name\":\"Mevi\",\"description\":\"Media- ja viestint\u00e4tieteellinen seura Mevi\",\"publisher\":{\"@id\":\"https:\\\/\\\/mediaviestinta.fi\\\/#organization\"},\"potentialAction\":[{\"@type\":\"SearchAction\",\"target\":{\"@type\":\"EntryPoint\",\"urlTemplate\":\"https:\\\/\\\/mediaviestinta.fi\\\/?s={search_term_string}\"},\"query-input\":{\"@type\":\"PropertyValueSpecification\",\"valueRequired\":true,\"valueName\":\"search_term_string\"}}],\"inLanguage\":\"fi\"},{\"@type\":\"Organization\",\"@id\":\"https:\\\/\\\/mediaviestinta.fi\\\/#organization\",\"name\":\"Media- ja viestint\u00e4tieteellinen seura Mevi\",\"url\":\"https:\\\/\\\/mediaviestinta.fi\\\/\",\"logo\":{\"@type\":\"ImageObject\",\"inLanguage\":\"fi\",\"@id\":\"https:\\\/\\\/mediaviestinta.fi\\\/#\\\/schema\\\/logo\\\/image\\\/\",\"url\":\"https:\\\/\\\/mediaviestinta.fi\\\/mevi2020\\\/wp-content\\\/uploads\\\/2020\\\/03\\\/mevi-logo-RGB-Transparent.png\",\"contentUrl\":\"https:\\\/\\\/mediaviestinta.fi\\\/mevi2020\\\/wp-content\\\/uploads\\\/2020\\\/03\\\/mevi-logo-RGB-Transparent.png\",\"width\":910,\"height\":464,\"caption\":\"Media- ja viestint\u00e4tieteellinen seura Mevi\"},\"image\":{\"@id\":\"https:\\\/\\\/mediaviestinta.fi\\\/#\\\/schema\\\/logo\\\/image\\\/\"},\"sameAs\":[\"https:\\\/\\\/www.facebook.com\\\/MediaViestinta\\\/\",\"https:\\\/\\\/x.com\\\/mediaviestinta\"]},{\"@type\":\"Person\",\"@id\":\"https:\\\/\\\/mediaviestinta.fi\\\/#\\\/schema\\\/person\\\/b2da34ab24cfcd17dbdd6c7cfb173257\",\"name\":\"Mevi\",\"image\":{\"@type\":\"ImageObject\",\"inLanguage\":\"fi\",\"@id\":\"https:\\\/\\\/secure.gravatar.com\\\/avatar\\\/3305b76d1667dc119a18808ed03d6a1fc2dfa8b6a1cddecb8c4d27ef14ec32ca?s=96&d=mm&r=g\",\"url\":\"https:\\\/\\\/secure.gravatar.com\\\/avatar\\\/3305b76d1667dc119a18808ed03d6a1fc2dfa8b6a1cddecb8c4d27ef14ec32ca?s=96&d=mm&r=g\",\"contentUrl\":\"https:\\\/\\\/secure.gravatar.com\\\/avatar\\\/3305b76d1667dc119a18808ed03d6a1fc2dfa8b6a1cddecb8c4d27ef14ec32ca?s=96&d=mm&r=g\",\"caption\":\"Mevi\"},\"url\":\"https:\\\/\\\/mediaviestinta.fi\\\/mevi2020\\\/author\\\/mediavie\\\/\"}]}<\/script>\n<!-- \/ Yoast SEO plugin. -->","yoast_head_json":{"title":"Abstraktikutsu Mevi-p\u00e4iville 2026 on nyt julki - Mevi ry jakaa jatko-opiskelijoille apurahoja &#8211; Mevi","robots":{"index":"index","follow":"follow","max-snippet":"max-snippet:-1","max-image-preview":"max-image-preview:large","max-video-preview":"max-video-preview:-1"},"canonical":"https:\/\/mediaviestinta.fi\/mevi2020\/2025\/12\/abstraktikutsu-mevi-paiville-2026-on-nyt-julki-mevi-ry-jakaa-jatko-opiskelijoille-apurahoja\/","og_locale":"fi_FI","og_type":"article","og_title":"Abstraktikutsu Mevi-p\u00e4iville 2026 on nyt julki - Mevi ry jakaa jatko-opiskelijoille apurahoja &#8211; Mevi","og_description":"FI: Abstraktikutsu Median ja viestinn\u00e4n tutkimuksen p\u00e4iville 2026 SV: Call for papers f\u00f6r Medie- och kommunikationsforskningsdagarna 2026 EN: Call for papers for Mevi-p\u00e4iv\u00e4t 2026&nbsp; ***Suomeksi*** Median ja viestinn\u00e4n&hellip;","og_url":"https:\/\/mediaviestinta.fi\/mevi2020\/2025\/12\/abstraktikutsu-mevi-paiville-2026-on-nyt-julki-mevi-ry-jakaa-jatko-opiskelijoille-apurahoja\/","og_site_name":"Mevi","article_publisher":"https:\/\/www.facebook.com\/MediaViestinta\/","article_published_time":"2025-12-12T14:55:29+00:00","article_modified_time":"2026-01-26T16:07:03+00:00","og_image":[{"width":700,"height":400,"url":"https:\/\/mediaviestinta.fi\/mevi2020\/wp-content\/uploads\/2020\/04\/mevi-artikkeli-placeholder-kuva-01.jpg","type":"image\/jpeg"}],"author":"Mevi","twitter_card":"summary_large_image","twitter_creator":"@mediaviestinta","twitter_site":"@mediaviestinta","twitter_misc":{"Kirjoittanut":"Mevi","Arvioitu lukuaika":"11 minuuttia"},"schema":{"@context":"https:\/\/schema.org","@graph":[{"@type":"Article","@id":"https:\/\/mediaviestinta.fi\/mevi2020\/2025\/12\/abstraktikutsu-mevi-paiville-2026-on-nyt-julki-mevi-ry-jakaa-jatko-opiskelijoille-apurahoja\/#article","isPartOf":{"@id":"https:\/\/mediaviestinta.fi\/mevi2020\/2025\/12\/abstraktikutsu-mevi-paiville-2026-on-nyt-julki-mevi-ry-jakaa-jatko-opiskelijoille-apurahoja\/"},"author":{"name":"Mevi","@id":"https:\/\/mediaviestinta.fi\/#\/schema\/person\/b2da34ab24cfcd17dbdd6c7cfb173257"},"headline":"Abstraktikutsu Mevi-p\u00e4iville 2026 on nyt julki &#8211; Mevi ry jakaa jatko-opiskelijoille apurahoja","datePublished":"2025-12-12T14:55:29+00:00","dateModified":"2026-01-26T16:07:03+00:00","mainEntityOfPage":{"@id":"https:\/\/mediaviestinta.fi\/mevi2020\/2025\/12\/abstraktikutsu-mevi-paiville-2026-on-nyt-julki-mevi-ry-jakaa-jatko-opiskelijoille-apurahoja\/"},"wordCount":1923,"commentCount":0,"publisher":{"@id":"https:\/\/mediaviestinta.fi\/#organization"},"image":{"@id":"https:\/\/mediaviestinta.fi\/mevi2020\/2025\/12\/abstraktikutsu-mevi-paiville-2026-on-nyt-julki-mevi-ry-jakaa-jatko-opiskelijoille-apurahoja\/#primaryimage"},"thumbnailUrl":"https:\/\/mediaviestinta.fi\/mevi2020\/wp-content\/uploads\/2020\/04\/mevi-artikkeli-placeholder-kuva-01.jpg","inLanguage":"fi","potentialAction":[{"@type":"CommentAction","name":"Comment","target":["https:\/\/mediaviestinta.fi\/mevi2020\/2025\/12\/abstraktikutsu-mevi-paiville-2026-on-nyt-julki-mevi-ry-jakaa-jatko-opiskelijoille-apurahoja\/#respond"]}]},{"@type":"WebPage","@id":"https:\/\/mediaviestinta.fi\/mevi2020\/2025\/12\/abstraktikutsu-mevi-paiville-2026-on-nyt-julki-mevi-ry-jakaa-jatko-opiskelijoille-apurahoja\/","url":"https:\/\/mediaviestinta.fi\/mevi2020\/2025\/12\/abstraktikutsu-mevi-paiville-2026-on-nyt-julki-mevi-ry-jakaa-jatko-opiskelijoille-apurahoja\/","name":"Abstraktikutsu Mevi-p\u00e4iville 2026 on nyt julki - Mevi ry jakaa jatko-opiskelijoille apurahoja &#8211; Mevi","isPartOf":{"@id":"https:\/\/mediaviestinta.fi\/#website"},"primaryImageOfPage":{"@id":"https:\/\/mediaviestinta.fi\/mevi2020\/2025\/12\/abstraktikutsu-mevi-paiville-2026-on-nyt-julki-mevi-ry-jakaa-jatko-opiskelijoille-apurahoja\/#primaryimage"},"image":{"@id":"https:\/\/mediaviestinta.fi\/mevi2020\/2025\/12\/abstraktikutsu-mevi-paiville-2026-on-nyt-julki-mevi-ry-jakaa-jatko-opiskelijoille-apurahoja\/#primaryimage"},"thumbnailUrl":"https:\/\/mediaviestinta.fi\/mevi2020\/wp-content\/uploads\/2020\/04\/mevi-artikkeli-placeholder-kuva-01.jpg","datePublished":"2025-12-12T14:55:29+00:00","dateModified":"2026-01-26T16:07:03+00:00","breadcrumb":{"@id":"https:\/\/mediaviestinta.fi\/mevi2020\/2025\/12\/abstraktikutsu-mevi-paiville-2026-on-nyt-julki-mevi-ry-jakaa-jatko-opiskelijoille-apurahoja\/#breadcrumb"},"inLanguage":"fi","potentialAction":[{"@type":"ReadAction","target":["https:\/\/mediaviestinta.fi\/mevi2020\/2025\/12\/abstraktikutsu-mevi-paiville-2026-on-nyt-julki-mevi-ry-jakaa-jatko-opiskelijoille-apurahoja\/"]}]},{"@type":"ImageObject","inLanguage":"fi","@id":"https:\/\/mediaviestinta.fi\/mevi2020\/2025\/12\/abstraktikutsu-mevi-paiville-2026-on-nyt-julki-mevi-ry-jakaa-jatko-opiskelijoille-apurahoja\/#primaryimage","url":"https:\/\/mediaviestinta.fi\/mevi2020\/wp-content\/uploads\/2020\/04\/mevi-artikkeli-placeholder-kuva-01.jpg","contentUrl":"https:\/\/mediaviestinta.fi\/mevi2020\/wp-content\/uploads\/2020\/04\/mevi-artikkeli-placeholder-kuva-01.jpg","width":700,"height":400},{"@type":"BreadcrumbList","@id":"https:\/\/mediaviestinta.fi\/mevi2020\/2025\/12\/abstraktikutsu-mevi-paiville-2026-on-nyt-julki-mevi-ry-jakaa-jatko-opiskelijoille-apurahoja\/#breadcrumb","itemListElement":[{"@type":"ListItem","position":1,"name":"Home","item":"https:\/\/mediaviestinta.fi\/"},{"@type":"ListItem","position":2,"name":"Abstraktikutsu Mevi-p\u00e4iville 2026 on nyt julki &#8211; Mevi ry jakaa jatko-opiskelijoille apurahoja"}]},{"@type":"WebSite","@id":"https:\/\/mediaviestinta.fi\/#website","url":"https:\/\/mediaviestinta.fi\/","name":"Mevi","description":"Media- ja viestint\u00e4tieteellinen seura Mevi","publisher":{"@id":"https:\/\/mediaviestinta.fi\/#organization"},"potentialAction":[{"@type":"SearchAction","target":{"@type":"EntryPoint","urlTemplate":"https:\/\/mediaviestinta.fi\/?s={search_term_string}"},"query-input":{"@type":"PropertyValueSpecification","valueRequired":true,"valueName":"search_term_string"}}],"inLanguage":"fi"},{"@type":"Organization","@id":"https:\/\/mediaviestinta.fi\/#organization","name":"Media- ja viestint\u00e4tieteellinen seura Mevi","url":"https:\/\/mediaviestinta.fi\/","logo":{"@type":"ImageObject","inLanguage":"fi","@id":"https:\/\/mediaviestinta.fi\/#\/schema\/logo\/image\/","url":"https:\/\/mediaviestinta.fi\/mevi2020\/wp-content\/uploads\/2020\/03\/mevi-logo-RGB-Transparent.png","contentUrl":"https:\/\/mediaviestinta.fi\/mevi2020\/wp-content\/uploads\/2020\/03\/mevi-logo-RGB-Transparent.png","width":910,"height":464,"caption":"Media- ja viestint\u00e4tieteellinen seura Mevi"},"image":{"@id":"https:\/\/mediaviestinta.fi\/#\/schema\/logo\/image\/"},"sameAs":["https:\/\/www.facebook.com\/MediaViestinta\/","https:\/\/x.com\/mediaviestinta"]},{"@type":"Person","@id":"https:\/\/mediaviestinta.fi\/#\/schema\/person\/b2da34ab24cfcd17dbdd6c7cfb173257","name":"Mevi","image":{"@type":"ImageObject","inLanguage":"fi","@id":"https:\/\/secure.gravatar.com\/avatar\/3305b76d1667dc119a18808ed03d6a1fc2dfa8b6a1cddecb8c4d27ef14ec32ca?s=96&d=mm&r=g","url":"https:\/\/secure.gravatar.com\/avatar\/3305b76d1667dc119a18808ed03d6a1fc2dfa8b6a1cddecb8c4d27ef14ec32ca?s=96&d=mm&r=g","contentUrl":"https:\/\/secure.gravatar.com\/avatar\/3305b76d1667dc119a18808ed03d6a1fc2dfa8b6a1cddecb8c4d27ef14ec32ca?s=96&d=mm&r=g","caption":"Mevi"},"url":"https:\/\/mediaviestinta.fi\/mevi2020\/author\/mediavie\/"}]}},"_links":{"self":[{"href":"https:\/\/mediaviestinta.fi\/mevi2020\/wp-json\/wp\/v2\/posts\/5425","targetHints":{"allow":["GET"]}}],"collection":[{"href":"https:\/\/mediaviestinta.fi\/mevi2020\/wp-json\/wp\/v2\/posts"}],"about":[{"href":"https:\/\/mediaviestinta.fi\/mevi2020\/wp-json\/wp\/v2\/types\/post"}],"author":[{"embeddable":true,"href":"https:\/\/mediaviestinta.fi\/mevi2020\/wp-json\/wp\/v2\/users\/3"}],"replies":[{"embeddable":true,"href":"https:\/\/mediaviestinta.fi\/mevi2020\/wp-json\/wp\/v2\/comments?post=5425"}],"version-history":[{"count":2,"href":"https:\/\/mediaviestinta.fi\/mevi2020\/wp-json\/wp\/v2\/posts\/5425\/revisions"}],"predecessor-version":[{"id":5455,"href":"https:\/\/mediaviestinta.fi\/mevi2020\/wp-json\/wp\/v2\/posts\/5425\/revisions\/5455"}],"wp:featuredmedia":[{"embeddable":true,"href":"https:\/\/mediaviestinta.fi\/mevi2020\/wp-json\/wp\/v2\/media\/3660"}],"wp:attachment":[{"href":"https:\/\/mediaviestinta.fi\/mevi2020\/wp-json\/wp\/v2\/media?parent=5425"}],"wp:term":[{"taxonomy":"category","embeddable":true,"href":"https:\/\/mediaviestinta.fi\/mevi2020\/wp-json\/wp\/v2\/categories?post=5425"},{"taxonomy":"post_tag","embeddable":true,"href":"https:\/\/mediaviestinta.fi\/mevi2020\/wp-json\/wp\/v2\/tags?post=5425"}],"curies":[{"name":"wp","href":"https:\/\/api.w.org\/{rel}","templated":true}]}}