{"id":5441,"date":"2026-01-19T15:56:58","date_gmt":"2026-01-19T13:56:58","guid":{"rendered":"https:\/\/mediaviestinta.fi\/mevi2020\/?p=5441"},"modified":"2026-01-19T15:56:58","modified_gmt":"2026-01-19T13:56:58","slug":"keita-ne-on-ne-toimittajat-tule-mediakriitikin-iltapaivaan-kuulemaan","status":"publish","type":"post","link":"https:\/\/mediaviestinta.fi\/mevi2020\/2026\/01\/keita-ne-on-ne-toimittajat-tule-mediakriitikin-iltapaivaan-kuulemaan\/","title":{"rendered":"Keit\u00e4 ne on ne toimittajat? Tule Mediakriitikin iltap\u00e4iv\u00e4\u00e4n kuulemaan"},"content":{"rendered":"\n<p><strong>Perinteinen Mediakritiikin iltap\u00e4iv\u00e4 j\u00e4rjestet\u00e4\u00e4n j\u00e4lleen Tampereella p\u00e4\u00e4kirjasto Metson Lehmus-salissa 12. helmikuuta klo 17.00-18.30. Tilaisuudessa keskustellaan toimittajien ty\u00f6n julkisesta luonteesta: Milt\u00e4 oman ty\u00f6n julkinen arviointi tuntuu?<\/strong><\/p>\n\n\n\n<p>Toimittajan ty\u00f6 on julkinen ammatti, jossa altistuminen kritiikille kuuluu asiaan. Toisinaan yleis\u00f6n mediakritiikki voi kuitenkin k\u00e4\u00e4nty\u00e4 ty\u00f6n j\u00e4ljen arvioinnista toimittajan arvosteluksi. Toimittajia ep\u00e4ill\u00e4\u00e4n esimerkiksi ammattitaidon puutteista, aiheiden puolueellisesta k\u00e4sittelyst\u00e4 tai taipumisesta jonkin taustavoiman tahtoon.<\/p>\n\n\n\n<p>Mit\u00e4 toimittajat siit\u00e4 itse ajattelevat? Milt\u00e4 oman ty\u00f6n julkinen arviointi tuntuu? Tiet\u00e4\u00e4k\u00f6 yleis\u00f6, keit\u00e4 2020-luvun toimittajat oikeastaan ovat ja millaisin pelis\u00e4\u00e4nn\u00f6in he ty\u00f6t\u00e4\u00e4n tekev\u00e4t? Ent\u00e4 ymm\u00e4rt\u00e4v\u00e4tk\u00f6 toimittajat yleis\u00f6\u00e4\u00e4n ja mit\u00e4 tapahtuu, jos kritiikki onkin perusteltua?<\/p>\n\n\n\n<p>Mediakritiikin iltap\u00e4iv\u00e4ss\u00e4 torstaina 12. helmikuuta 2026 aiheesta ovat keskustelemassa toimittajien ty\u00f6st\u00e4 kertovan&nbsp;<a href=\"https:\/\/vastapaino.fi\/sivu\/tuote\/toimittaja-kertoo-niin-totta-kuin-osaa\/5346416\">kirjan<\/a>&nbsp;hiljattain julkaissut toimittaja&nbsp;<strong>Mari Manninen<\/strong>, toimittaja&nbsp;<strong>Karoliina Paananen<\/strong>&nbsp;Uusi Juttu -mediasta, journalistiikan opiskelija&nbsp;<strong>Elsa Paakkinen&nbsp;<\/strong>Tampereen yliopistosta sek\u00e4 journalistiikan ty\u00f6el\u00e4m\u00e4professori&nbsp;<strong>Pasi Toivonen<\/strong>&nbsp;ja journalismin yliopisto-opettaja&nbsp;<strong>Jari V\u00e4liverronen<\/strong>, hekin Tampereen yliopistosta.<\/p>\n\n\n\n<p>Panelisteja ja yleis\u00f6\u00e4 keskusteluttavat journalismin tutkija&nbsp;<strong>Pauliina Penttil\u00e4<\/strong>&nbsp;ja tutkimusapulainen&nbsp;<strong>Jaakko Suorsa<\/strong>&nbsp;Tampereen yliopiston viestint\u00e4tieteiden tutkimuskeskus Tarusta.<\/p>\n\n\n\n<p>Mediakritiikin iltap\u00e4iv\u00e4 on kansallisen&nbsp;<a href=\"https:\/\/mediataitoviikko.fi\/\"><strong>Mediataitoviikon<\/strong><\/a>&nbsp;ohjelmaan kuuluva yleis\u00f6tapahtuma, jonka tuottavat yhteisty\u00f6ss\u00e4&nbsp;<a href=\"https:\/\/research.tuni.fi\/viestintatieteiden-tutkimuskeskus\/\">Tampereen yliopiston viestint\u00e4tieteiden tutkimuskeskus (Taru)<\/a>, Media- ja viestint\u00e4tieteellinen seura&nbsp;<a href=\"https:\/\/mediaviestinta.fi\/mevi2020\/mevi-ry\/\">Mevi ry<\/a>&nbsp;ja&nbsp;<a href=\"https:\/\/www.tampere.fi\/organisaatio\/tampereen-kaupunginkirjasto\">Tampereen kaupunginkirjasto<\/a>.<\/p>\n\n\n\n<p><strong>Tapahtuma on kaikille avoin ja maksuton, tervetuloa!<\/strong><\/p>\n\n\n\n<p><strong>Lis\u00e4tiedot<\/strong>: Satu Sepp\u00e4, satu.seppa@tuni.fi, 040 190 4131<\/p>\n\n\n\n<figure class=\"wp-block-image\"><img decoding=\"async\" src=\"https:\/\/research.tuni.fi\/app\/uploads\/sites\/2510\/2025\/11\/mediataitoviikko-2026-fi-320x114.png\" alt=\"Mediataitoviikon logo.\" class=\"wp-image-1492\"\/><\/figure>\n\n\n\n<p><\/p>\n","protected":false},"excerpt":{"rendered":"<p>Perinteinen Mediakritiikin iltap\u00e4iv\u00e4 j\u00e4rjestet\u00e4\u00e4n j\u00e4lleen Tampereella p\u00e4\u00e4kirjasto Metson Lehmus-salissa 12. helmikuuta klo 17.00-18.30. Tilaisuudessa keskustellaan toimittajien ty\u00f6n julkisesta luonteesta: Milt\u00e4 oman ty\u00f6n julkinen arviointi tuntuu? Toimittajan ty\u00f6 on&hellip;<\/p>\n","protected":false},"author":3,"featured_media":5442,"comment_status":"open","ping_status":"closed","sticky":false,"template":"","format":"standard","meta":{"_monsterinsights_skip_tracking":false,"_monsterinsights_sitenote_active":false,"_monsterinsights_sitenote_note":"","_monsterinsights_sitenote_category":0,"footnotes":""},"categories":[1],"tags":[],"class_list":["post-5441","post","type-post","status-publish","format-standard","has-post-thumbnail","hentry","category-yleinen"],"yoast_head":"<!-- This site is optimized with the Yoast SEO plugin v27.4 - https:\/\/yoast.com\/product\/yoast-seo-wordpress\/ -->\n<title>Keit\u00e4 ne on ne toimittajat? Tule Mediakriitikin iltap\u00e4iv\u00e4\u00e4n kuulemaan &#8211; Mevi<\/title>\n<meta name=\"robots\" content=\"index, follow, max-snippet:-1, max-image-preview:large, max-video-preview:-1\" \/>\n<link rel=\"canonical\" href=\"https:\/\/mediaviestinta.fi\/mevi2020\/2026\/01\/keita-ne-on-ne-toimittajat-tule-mediakriitikin-iltapaivaan-kuulemaan\/\" \/>\n<meta property=\"og:locale\" content=\"fi_FI\" \/>\n<meta property=\"og:type\" content=\"article\" \/>\n<meta property=\"og:title\" content=\"Keit\u00e4 ne on ne toimittajat? Tule Mediakriitikin iltap\u00e4iv\u00e4\u00e4n kuulemaan &#8211; Mevi\" \/>\n<meta property=\"og:description\" content=\"Perinteinen Mediakritiikin iltap\u00e4iv\u00e4 j\u00e4rjestet\u00e4\u00e4n j\u00e4lleen Tampereella p\u00e4\u00e4kirjasto Metson Lehmus-salissa 12. helmikuuta klo 17.00-18.30. Tilaisuudessa keskustellaan toimittajien ty\u00f6n julkisesta luonteesta: Milt\u00e4 oman ty\u00f6n julkinen arviointi tuntuu? Toimittajan ty\u00f6 on&hellip;\" \/>\n<meta property=\"og:url\" content=\"https:\/\/mediaviestinta.fi\/mevi2020\/2026\/01\/keita-ne-on-ne-toimittajat-tule-mediakriitikin-iltapaivaan-kuulemaan\/\" \/>\n<meta property=\"og:site_name\" content=\"Mevi\" \/>\n<meta property=\"article:publisher\" content=\"https:\/\/www.facebook.com\/MediaViestinta\/\" \/>\n<meta property=\"article:published_time\" content=\"2026-01-19T13:56:58+00:00\" \/>\n<meta property=\"og:image\" content=\"https:\/\/mediaviestinta.fi\/mevi2020\/wp-content\/uploads\/2026\/01\/woman-8676472_640.jpg\" \/>\n\t<meta property=\"og:image:width\" content=\"551\" \/>\n\t<meta property=\"og:image:height\" content=\"640\" \/>\n\t<meta property=\"og:image:type\" content=\"image\/jpeg\" \/>\n<meta name=\"author\" content=\"Mevi\" \/>\n<meta name=\"twitter:card\" content=\"summary_large_image\" \/>\n<meta name=\"twitter:creator\" content=\"@mediaviestinta\" \/>\n<meta name=\"twitter:site\" content=\"@mediaviestinta\" \/>\n<meta name=\"twitter:label1\" content=\"Kirjoittanut\" \/>\n\t<meta name=\"twitter:data1\" content=\"Mevi\" \/>\n\t<meta name=\"twitter:label2\" content=\"Arvioitu lukuaika\" \/>\n\t<meta name=\"twitter:data2\" content=\"2 minuuttia\" \/>\n<script type=\"application\/ld+json\" class=\"yoast-schema-graph\">{\"@context\":\"https:\\\/\\\/schema.org\",\"@graph\":[{\"@type\":\"Article\",\"@id\":\"https:\\\/\\\/mediaviestinta.fi\\\/mevi2020\\\/2026\\\/01\\\/keita-ne-on-ne-toimittajat-tule-mediakriitikin-iltapaivaan-kuulemaan\\\/#article\",\"isPartOf\":{\"@id\":\"https:\\\/\\\/mediaviestinta.fi\\\/mevi2020\\\/2026\\\/01\\\/keita-ne-on-ne-toimittajat-tule-mediakriitikin-iltapaivaan-kuulemaan\\\/\"},\"author\":{\"name\":\"Mevi\",\"@id\":\"https:\\\/\\\/mediaviestinta.fi\\\/#\\\/schema\\\/person\\\/b2da34ab24cfcd17dbdd6c7cfb173257\"},\"headline\":\"Keit\u00e4 ne on ne toimittajat? Tule Mediakriitikin iltap\u00e4iv\u00e4\u00e4n kuulemaan\",\"datePublished\":\"2026-01-19T13:56:58+00:00\",\"mainEntityOfPage\":{\"@id\":\"https:\\\/\\\/mediaviestinta.fi\\\/mevi2020\\\/2026\\\/01\\\/keita-ne-on-ne-toimittajat-tule-mediakriitikin-iltapaivaan-kuulemaan\\\/\"},\"wordCount\":260,\"commentCount\":0,\"publisher\":{\"@id\":\"https:\\\/\\\/mediaviestinta.fi\\\/#organization\"},\"image\":{\"@id\":\"https:\\\/\\\/mediaviestinta.fi\\\/mevi2020\\\/2026\\\/01\\\/keita-ne-on-ne-toimittajat-tule-mediakriitikin-iltapaivaan-kuulemaan\\\/#primaryimage\"},\"thumbnailUrl\":\"https:\\\/\\\/mediaviestinta.fi\\\/mevi2020\\\/wp-content\\\/uploads\\\/2026\\\/01\\\/woman-8676472_640.jpg\",\"inLanguage\":\"fi\",\"potentialAction\":[{\"@type\":\"CommentAction\",\"name\":\"Comment\",\"target\":[\"https:\\\/\\\/mediaviestinta.fi\\\/mevi2020\\\/2026\\\/01\\\/keita-ne-on-ne-toimittajat-tule-mediakriitikin-iltapaivaan-kuulemaan\\\/#respond\"]}]},{\"@type\":\"WebPage\",\"@id\":\"https:\\\/\\\/mediaviestinta.fi\\\/mevi2020\\\/2026\\\/01\\\/keita-ne-on-ne-toimittajat-tule-mediakriitikin-iltapaivaan-kuulemaan\\\/\",\"url\":\"https:\\\/\\\/mediaviestinta.fi\\\/mevi2020\\\/2026\\\/01\\\/keita-ne-on-ne-toimittajat-tule-mediakriitikin-iltapaivaan-kuulemaan\\\/\",\"name\":\"Keit\u00e4 ne on ne toimittajat? Tule Mediakriitikin iltap\u00e4iv\u00e4\u00e4n kuulemaan &#8211; Mevi\",\"isPartOf\":{\"@id\":\"https:\\\/\\\/mediaviestinta.fi\\\/#website\"},\"primaryImageOfPage\":{\"@id\":\"https:\\\/\\\/mediaviestinta.fi\\\/mevi2020\\\/2026\\\/01\\\/keita-ne-on-ne-toimittajat-tule-mediakriitikin-iltapaivaan-kuulemaan\\\/#primaryimage\"},\"image\":{\"@id\":\"https:\\\/\\\/mediaviestinta.fi\\\/mevi2020\\\/2026\\\/01\\\/keita-ne-on-ne-toimittajat-tule-mediakriitikin-iltapaivaan-kuulemaan\\\/#primaryimage\"},\"thumbnailUrl\":\"https:\\\/\\\/mediaviestinta.fi\\\/mevi2020\\\/wp-content\\\/uploads\\\/2026\\\/01\\\/woman-8676472_640.jpg\",\"datePublished\":\"2026-01-19T13:56:58+00:00\",\"breadcrumb\":{\"@id\":\"https:\\\/\\\/mediaviestinta.fi\\\/mevi2020\\\/2026\\\/01\\\/keita-ne-on-ne-toimittajat-tule-mediakriitikin-iltapaivaan-kuulemaan\\\/#breadcrumb\"},\"inLanguage\":\"fi\",\"potentialAction\":[{\"@type\":\"ReadAction\",\"target\":[\"https:\\\/\\\/mediaviestinta.fi\\\/mevi2020\\\/2026\\\/01\\\/keita-ne-on-ne-toimittajat-tule-mediakriitikin-iltapaivaan-kuulemaan\\\/\"]}]},{\"@type\":\"ImageObject\",\"inLanguage\":\"fi\",\"@id\":\"https:\\\/\\\/mediaviestinta.fi\\\/mevi2020\\\/2026\\\/01\\\/keita-ne-on-ne-toimittajat-tule-mediakriitikin-iltapaivaan-kuulemaan\\\/#primaryimage\",\"url\":\"https:\\\/\\\/mediaviestinta.fi\\\/mevi2020\\\/wp-content\\\/uploads\\\/2026\\\/01\\\/woman-8676472_640.jpg\",\"contentUrl\":\"https:\\\/\\\/mediaviestinta.fi\\\/mevi2020\\\/wp-content\\\/uploads\\\/2026\\\/01\\\/woman-8676472_640.jpg\",\"width\":551,\"height\":640,\"caption\":\"Surprising_media \\\/ Pixabay\"},{\"@type\":\"BreadcrumbList\",\"@id\":\"https:\\\/\\\/mediaviestinta.fi\\\/mevi2020\\\/2026\\\/01\\\/keita-ne-on-ne-toimittajat-tule-mediakriitikin-iltapaivaan-kuulemaan\\\/#breadcrumb\",\"itemListElement\":[{\"@type\":\"ListItem\",\"position\":1,\"name\":\"Home\",\"item\":\"https:\\\/\\\/mediaviestinta.fi\\\/\"},{\"@type\":\"ListItem\",\"position\":2,\"name\":\"Keit\u00e4 ne on ne toimittajat? Tule Mediakriitikin iltap\u00e4iv\u00e4\u00e4n kuulemaan\"}]},{\"@type\":\"WebSite\",\"@id\":\"https:\\\/\\\/mediaviestinta.fi\\\/#website\",\"url\":\"https:\\\/\\\/mediaviestinta.fi\\\/\",\"name\":\"Mevi\",\"description\":\"Media- ja viestint\u00e4tieteellinen seura Mevi\",\"publisher\":{\"@id\":\"https:\\\/\\\/mediaviestinta.fi\\\/#organization\"},\"potentialAction\":[{\"@type\":\"SearchAction\",\"target\":{\"@type\":\"EntryPoint\",\"urlTemplate\":\"https:\\\/\\\/mediaviestinta.fi\\\/?s={search_term_string}\"},\"query-input\":{\"@type\":\"PropertyValueSpecification\",\"valueRequired\":true,\"valueName\":\"search_term_string\"}}],\"inLanguage\":\"fi\"},{\"@type\":\"Organization\",\"@id\":\"https:\\\/\\\/mediaviestinta.fi\\\/#organization\",\"name\":\"Media- ja viestint\u00e4tieteellinen seura Mevi\",\"url\":\"https:\\\/\\\/mediaviestinta.fi\\\/\",\"logo\":{\"@type\":\"ImageObject\",\"inLanguage\":\"fi\",\"@id\":\"https:\\\/\\\/mediaviestinta.fi\\\/#\\\/schema\\\/logo\\\/image\\\/\",\"url\":\"https:\\\/\\\/mediaviestinta.fi\\\/mevi2020\\\/wp-content\\\/uploads\\\/2020\\\/03\\\/mevi-logo-RGB-Transparent.png\",\"contentUrl\":\"https:\\\/\\\/mediaviestinta.fi\\\/mevi2020\\\/wp-content\\\/uploads\\\/2020\\\/03\\\/mevi-logo-RGB-Transparent.png\",\"width\":910,\"height\":464,\"caption\":\"Media- ja viestint\u00e4tieteellinen seura Mevi\"},\"image\":{\"@id\":\"https:\\\/\\\/mediaviestinta.fi\\\/#\\\/schema\\\/logo\\\/image\\\/\"},\"sameAs\":[\"https:\\\/\\\/www.facebook.com\\\/MediaViestinta\\\/\",\"https:\\\/\\\/x.com\\\/mediaviestinta\"]},{\"@type\":\"Person\",\"@id\":\"https:\\\/\\\/mediaviestinta.fi\\\/#\\\/schema\\\/person\\\/b2da34ab24cfcd17dbdd6c7cfb173257\",\"name\":\"Mevi\",\"image\":{\"@type\":\"ImageObject\",\"inLanguage\":\"fi\",\"@id\":\"https:\\\/\\\/secure.gravatar.com\\\/avatar\\\/3305b76d1667dc119a18808ed03d6a1fc2dfa8b6a1cddecb8c4d27ef14ec32ca?s=96&d=mm&r=g\",\"url\":\"https:\\\/\\\/secure.gravatar.com\\\/avatar\\\/3305b76d1667dc119a18808ed03d6a1fc2dfa8b6a1cddecb8c4d27ef14ec32ca?s=96&d=mm&r=g\",\"contentUrl\":\"https:\\\/\\\/secure.gravatar.com\\\/avatar\\\/3305b76d1667dc119a18808ed03d6a1fc2dfa8b6a1cddecb8c4d27ef14ec32ca?s=96&d=mm&r=g\",\"caption\":\"Mevi\"},\"url\":\"https:\\\/\\\/mediaviestinta.fi\\\/mevi2020\\\/author\\\/mediavie\\\/\"}]}<\/script>\n<!-- \/ Yoast SEO plugin. -->","yoast_head_json":{"title":"Keit\u00e4 ne on ne toimittajat? Tule Mediakriitikin iltap\u00e4iv\u00e4\u00e4n kuulemaan &#8211; Mevi","robots":{"index":"index","follow":"follow","max-snippet":"max-snippet:-1","max-image-preview":"max-image-preview:large","max-video-preview":"max-video-preview:-1"},"canonical":"https:\/\/mediaviestinta.fi\/mevi2020\/2026\/01\/keita-ne-on-ne-toimittajat-tule-mediakriitikin-iltapaivaan-kuulemaan\/","og_locale":"fi_FI","og_type":"article","og_title":"Keit\u00e4 ne on ne toimittajat? Tule Mediakriitikin iltap\u00e4iv\u00e4\u00e4n kuulemaan &#8211; Mevi","og_description":"Perinteinen Mediakritiikin iltap\u00e4iv\u00e4 j\u00e4rjestet\u00e4\u00e4n j\u00e4lleen Tampereella p\u00e4\u00e4kirjasto Metson Lehmus-salissa 12. helmikuuta klo 17.00-18.30. Tilaisuudessa keskustellaan toimittajien ty\u00f6n julkisesta luonteesta: Milt\u00e4 oman ty\u00f6n julkinen arviointi tuntuu? Toimittajan ty\u00f6 on&hellip;","og_url":"https:\/\/mediaviestinta.fi\/mevi2020\/2026\/01\/keita-ne-on-ne-toimittajat-tule-mediakriitikin-iltapaivaan-kuulemaan\/","og_site_name":"Mevi","article_publisher":"https:\/\/www.facebook.com\/MediaViestinta\/","article_published_time":"2026-01-19T13:56:58+00:00","og_image":[{"width":551,"height":640,"url":"https:\/\/mediaviestinta.fi\/mevi2020\/wp-content\/uploads\/2026\/01\/woman-8676472_640.jpg","type":"image\/jpeg"}],"author":"Mevi","twitter_card":"summary_large_image","twitter_creator":"@mediaviestinta","twitter_site":"@mediaviestinta","twitter_misc":{"Kirjoittanut":"Mevi","Arvioitu lukuaika":"2 minuuttia"},"schema":{"@context":"https:\/\/schema.org","@graph":[{"@type":"Article","@id":"https:\/\/mediaviestinta.fi\/mevi2020\/2026\/01\/keita-ne-on-ne-toimittajat-tule-mediakriitikin-iltapaivaan-kuulemaan\/#article","isPartOf":{"@id":"https:\/\/mediaviestinta.fi\/mevi2020\/2026\/01\/keita-ne-on-ne-toimittajat-tule-mediakriitikin-iltapaivaan-kuulemaan\/"},"author":{"name":"Mevi","@id":"https:\/\/mediaviestinta.fi\/#\/schema\/person\/b2da34ab24cfcd17dbdd6c7cfb173257"},"headline":"Keit\u00e4 ne on ne toimittajat? Tule Mediakriitikin iltap\u00e4iv\u00e4\u00e4n kuulemaan","datePublished":"2026-01-19T13:56:58+00:00","mainEntityOfPage":{"@id":"https:\/\/mediaviestinta.fi\/mevi2020\/2026\/01\/keita-ne-on-ne-toimittajat-tule-mediakriitikin-iltapaivaan-kuulemaan\/"},"wordCount":260,"commentCount":0,"publisher":{"@id":"https:\/\/mediaviestinta.fi\/#organization"},"image":{"@id":"https:\/\/mediaviestinta.fi\/mevi2020\/2026\/01\/keita-ne-on-ne-toimittajat-tule-mediakriitikin-iltapaivaan-kuulemaan\/#primaryimage"},"thumbnailUrl":"https:\/\/mediaviestinta.fi\/mevi2020\/wp-content\/uploads\/2026\/01\/woman-8676472_640.jpg","inLanguage":"fi","potentialAction":[{"@type":"CommentAction","name":"Comment","target":["https:\/\/mediaviestinta.fi\/mevi2020\/2026\/01\/keita-ne-on-ne-toimittajat-tule-mediakriitikin-iltapaivaan-kuulemaan\/#respond"]}]},{"@type":"WebPage","@id":"https:\/\/mediaviestinta.fi\/mevi2020\/2026\/01\/keita-ne-on-ne-toimittajat-tule-mediakriitikin-iltapaivaan-kuulemaan\/","url":"https:\/\/mediaviestinta.fi\/mevi2020\/2026\/01\/keita-ne-on-ne-toimittajat-tule-mediakriitikin-iltapaivaan-kuulemaan\/","name":"Keit\u00e4 ne on ne toimittajat? Tule Mediakriitikin iltap\u00e4iv\u00e4\u00e4n kuulemaan &#8211; Mevi","isPartOf":{"@id":"https:\/\/mediaviestinta.fi\/#website"},"primaryImageOfPage":{"@id":"https:\/\/mediaviestinta.fi\/mevi2020\/2026\/01\/keita-ne-on-ne-toimittajat-tule-mediakriitikin-iltapaivaan-kuulemaan\/#primaryimage"},"image":{"@id":"https:\/\/mediaviestinta.fi\/mevi2020\/2026\/01\/keita-ne-on-ne-toimittajat-tule-mediakriitikin-iltapaivaan-kuulemaan\/#primaryimage"},"thumbnailUrl":"https:\/\/mediaviestinta.fi\/mevi2020\/wp-content\/uploads\/2026\/01\/woman-8676472_640.jpg","datePublished":"2026-01-19T13:56:58+00:00","breadcrumb":{"@id":"https:\/\/mediaviestinta.fi\/mevi2020\/2026\/01\/keita-ne-on-ne-toimittajat-tule-mediakriitikin-iltapaivaan-kuulemaan\/#breadcrumb"},"inLanguage":"fi","potentialAction":[{"@type":"ReadAction","target":["https:\/\/mediaviestinta.fi\/mevi2020\/2026\/01\/keita-ne-on-ne-toimittajat-tule-mediakriitikin-iltapaivaan-kuulemaan\/"]}]},{"@type":"ImageObject","inLanguage":"fi","@id":"https:\/\/mediaviestinta.fi\/mevi2020\/2026\/01\/keita-ne-on-ne-toimittajat-tule-mediakriitikin-iltapaivaan-kuulemaan\/#primaryimage","url":"https:\/\/mediaviestinta.fi\/mevi2020\/wp-content\/uploads\/2026\/01\/woman-8676472_640.jpg","contentUrl":"https:\/\/mediaviestinta.fi\/mevi2020\/wp-content\/uploads\/2026\/01\/woman-8676472_640.jpg","width":551,"height":640,"caption":"Surprising_media \/ Pixabay"},{"@type":"BreadcrumbList","@id":"https:\/\/mediaviestinta.fi\/mevi2020\/2026\/01\/keita-ne-on-ne-toimittajat-tule-mediakriitikin-iltapaivaan-kuulemaan\/#breadcrumb","itemListElement":[{"@type":"ListItem","position":1,"name":"Home","item":"https:\/\/mediaviestinta.fi\/"},{"@type":"ListItem","position":2,"name":"Keit\u00e4 ne on ne toimittajat? Tule Mediakriitikin iltap\u00e4iv\u00e4\u00e4n kuulemaan"}]},{"@type":"WebSite","@id":"https:\/\/mediaviestinta.fi\/#website","url":"https:\/\/mediaviestinta.fi\/","name":"Mevi","description":"Media- ja viestint\u00e4tieteellinen seura Mevi","publisher":{"@id":"https:\/\/mediaviestinta.fi\/#organization"},"potentialAction":[{"@type":"SearchAction","target":{"@type":"EntryPoint","urlTemplate":"https:\/\/mediaviestinta.fi\/?s={search_term_string}"},"query-input":{"@type":"PropertyValueSpecification","valueRequired":true,"valueName":"search_term_string"}}],"inLanguage":"fi"},{"@type":"Organization","@id":"https:\/\/mediaviestinta.fi\/#organization","name":"Media- ja viestint\u00e4tieteellinen seura Mevi","url":"https:\/\/mediaviestinta.fi\/","logo":{"@type":"ImageObject","inLanguage":"fi","@id":"https:\/\/mediaviestinta.fi\/#\/schema\/logo\/image\/","url":"https:\/\/mediaviestinta.fi\/mevi2020\/wp-content\/uploads\/2020\/03\/mevi-logo-RGB-Transparent.png","contentUrl":"https:\/\/mediaviestinta.fi\/mevi2020\/wp-content\/uploads\/2020\/03\/mevi-logo-RGB-Transparent.png","width":910,"height":464,"caption":"Media- ja viestint\u00e4tieteellinen seura Mevi"},"image":{"@id":"https:\/\/mediaviestinta.fi\/#\/schema\/logo\/image\/"},"sameAs":["https:\/\/www.facebook.com\/MediaViestinta\/","https:\/\/x.com\/mediaviestinta"]},{"@type":"Person","@id":"https:\/\/mediaviestinta.fi\/#\/schema\/person\/b2da34ab24cfcd17dbdd6c7cfb173257","name":"Mevi","image":{"@type":"ImageObject","inLanguage":"fi","@id":"https:\/\/secure.gravatar.com\/avatar\/3305b76d1667dc119a18808ed03d6a1fc2dfa8b6a1cddecb8c4d27ef14ec32ca?s=96&d=mm&r=g","url":"https:\/\/secure.gravatar.com\/avatar\/3305b76d1667dc119a18808ed03d6a1fc2dfa8b6a1cddecb8c4d27ef14ec32ca?s=96&d=mm&r=g","contentUrl":"https:\/\/secure.gravatar.com\/avatar\/3305b76d1667dc119a18808ed03d6a1fc2dfa8b6a1cddecb8c4d27ef14ec32ca?s=96&d=mm&r=g","caption":"Mevi"},"url":"https:\/\/mediaviestinta.fi\/mevi2020\/author\/mediavie\/"}]}},"_links":{"self":[{"href":"https:\/\/mediaviestinta.fi\/mevi2020\/wp-json\/wp\/v2\/posts\/5441","targetHints":{"allow":["GET"]}}],"collection":[{"href":"https:\/\/mediaviestinta.fi\/mevi2020\/wp-json\/wp\/v2\/posts"}],"about":[{"href":"https:\/\/mediaviestinta.fi\/mevi2020\/wp-json\/wp\/v2\/types\/post"}],"author":[{"embeddable":true,"href":"https:\/\/mediaviestinta.fi\/mevi2020\/wp-json\/wp\/v2\/users\/3"}],"replies":[{"embeddable":true,"href":"https:\/\/mediaviestinta.fi\/mevi2020\/wp-json\/wp\/v2\/comments?post=5441"}],"version-history":[{"count":2,"href":"https:\/\/mediaviestinta.fi\/mevi2020\/wp-json\/wp\/v2\/posts\/5441\/revisions"}],"predecessor-version":[{"id":5444,"href":"https:\/\/mediaviestinta.fi\/mevi2020\/wp-json\/wp\/v2\/posts\/5441\/revisions\/5444"}],"wp:featuredmedia":[{"embeddable":true,"href":"https:\/\/mediaviestinta.fi\/mevi2020\/wp-json\/wp\/v2\/media\/5442"}],"wp:attachment":[{"href":"https:\/\/mediaviestinta.fi\/mevi2020\/wp-json\/wp\/v2\/media?parent=5441"}],"wp:term":[{"taxonomy":"category","embeddable":true,"href":"https:\/\/mediaviestinta.fi\/mevi2020\/wp-json\/wp\/v2\/categories?post=5441"},{"taxonomy":"post_tag","embeddable":true,"href":"https:\/\/mediaviestinta.fi\/mevi2020\/wp-json\/wp\/v2\/tags?post=5441"}],"curies":[{"name":"wp","href":"https:\/\/api.w.org\/{rel}","templated":true}]}}