{"id":5450,"date":"2026-01-28T14:46:58","date_gmt":"2026-01-28T12:46:58","guid":{"rendered":"https:\/\/mediaviestinta.fi\/mevi2020\/?p=5450"},"modified":"2026-01-28T14:46:59","modified_gmt":"2026-01-28T12:46:59","slug":"asiakysymykset-korostuvat-poliitikkojen-somevaaliviestinnassa-aiempaa-enemman","status":"publish","type":"post","link":"https:\/\/mediaviestinta.fi\/mevi2020\/2026\/01\/asiakysymykset-korostuvat-poliitikkojen-somevaaliviestinnassa-aiempaa-enemman\/","title":{"rendered":"Asiakysymykset korostuvat poliitikkojen somevaaliviestinn\u00e4ss\u00e4 aiempaa enemm\u00e4n"},"content":{"rendered":"\n<p><strong>Vertaillessaan poliittisten toimijoiden someviestint\u00e4\u00e4 vuosien 2019 ja 2023 eduskuntavaalien alla, tutkijat havaitsivat, ett\u00e4 viestinn\u00e4ss\u00e4 nojataan entist\u00e4 enemm\u00e4n asiakysymyksiin, vaaliviestint\u00e4\u00e4 julkaistaan aiempaa enemm\u00e4n Instagramissa ja tuotannon taso on kohentunut. Lassi Rikkosen, Elisa Kannaston ja Pekka Isotaluksen artikkeli <a href=\"https:\/\/journal.fi\/mediaviestinta\/article\/view\/160817\" type=\"link\" id=\"https:\/\/journal.fi\/mediaviestinta\/article\/view\/160817\">Puolueiden ja puoluejohtajien vaaliviestinn\u00e4n muutos sosiaalisessa mediassa vuosien 2019 ja 2023 eduskuntavaalien v\u00e4lill\u00e4<\/a> on julkaistu Media &amp; viestinn\u00e4n numerossa <a href=\"https:\/\/journal.fi\/mediaviestinta\/issue\/view\/13283\" type=\"link\" id=\"https:\/\/journal.fi\/mediaviestinta\/issue\/view\/13283\">4\/25. <\/a><\/strong><\/p>\n\n\n\n<p><strong>Mihin laajempaan ilmi\u00f6\u00f6n ja keskusteluun artikkelinne liittyy?<\/strong><\/p>\n\n\n\n<p>Sosiaalisen median merkitys poliittisen viestinn\u00e4n alalla on kasvanut ja se on nyky\u00e4\u00e4n keskeinen osa my\u00f6s vaalikampanjointia. Nykyisin kaikki Suomen eduskuntapuolueet ja niiden puheenjohtajat sek\u00e4 valtaosa kaikista poliitikoista hy\u00f6dynt\u00e4v\u00e4t vaaleissa sosiaalista mediaa. Ilmi\u00f6 on kuitenkin viel\u00e4 suhteellisen uusi ja kehittyv\u00e4. K\u00e4sittelemmekin artikkelissamme sit\u00e4, miten vaaliviestint\u00e4 sosiaalisessa mediassa muuttui kaksien viimeisimpien eduskuntavaalien (2019 ja 2023) v\u00e4lill\u00e4 Instagramissa ja Twitteriss\u00e4 (nyk. X) puolueiden ja niiden puheenjohtajien tileill\u00e4.<\/p>\n\n\n\n<p><strong>Mik\u00e4 on antinne t\u00e4h\u00e4n keskusteluun?<\/strong><\/p>\n\n\n\n<p>Tarkastelemme vaaliviestinn\u00e4n muutosta kolmesta n\u00e4k\u00f6kulmasta. Ensimm\u00e4inen n\u00e4k\u00f6kulma liittyy sis\u00e4ll\u00f6llisiin asioihin ja vaaliviestinn\u00e4n taustalla olevaan logiikkaan. Voidaan ajatella, ett\u00e4 vaaliviestinn\u00e4n taustalla vaikuttaa kaksi kesken\u00e4\u00e4n j\u00e4nnitteist\u00e4 logiikkaa. Puhuessaan politiikan asiakysymyksist\u00e4 ja tarjotessaan ratkaisuja yhteiskunnallisiin ongelmiin poliittiset toimijat nojaavat normatiiviseen logiikkaan, kun taas niiden tavoitellessa huomiota ja pyrkiess\u00e4 vastaamaan yleis\u00f6n oletettuihin mieltymyksiin taustalla vaikuttaa markkinalogiikka. Toiseksi tarkastelemme sit\u00e4, miten puolueet ja niihin liittyv\u00e4 kuvasto tulevat esiin vaaliviestinn\u00e4ss\u00e4. Kolmas n\u00e4k\u00f6kulma liittyy tuotannollisiin seikkoihin eli siihen, millaisia viestej\u00e4 poliittiset toimijat sosiaalisessa mediassa julkaisevat ja miten ne hy\u00f6dynt\u00e4v\u00e4t erilaisten alustojen tarjoamia mahdollisuuksia. Sosiaaliselle medialle on ominaista se, ett\u00e4 sis\u00e4lt\u00f6 on k\u00e4ytt\u00e4jien itsens\u00e4 tuottamaa ja tuotannollista muutosta voi tapahtua esimerkiksi kokemuksen ja viestint\u00e4osaamisen karttumisen kautta.<\/p>\n\n\n\n<p><strong>Mik\u00e4 on artikkelinne keskeinen argumentti?<\/strong><\/p>\n\n\n\n<p>Kokonaisuudessaan tutkimuksemme tulokset osoittavat sosiaalisen median vakiintuneen osaksi kotimaista vaaliviestint\u00e4\u00e4 sek\u00e4 Instagramin nopean politisoitumisen. Samalla kun sosiaalisen median vaaliviestinn\u00e4n m\u00e4\u00e4r\u00e4 on kasvanut, se on my\u00f6s muuttunut loogisten painotustensa, puolueiden n\u00e4kyvyyden sek\u00e4 tuotannollisen tasonsa suhteen. Vuoden 2019 vaaleissa nojattiin vahvasti markkinalogiikkaan, mutta vuonna 2023 logiikoiden suhteen vallitsi parempi tasapaino. Poliittiset toimijat siis nostivat entist\u00e4 vahvemmin esiin asiakysymyksi\u00e4 koskevia asioita ja mielipiteit\u00e4. Yleisell\u00e4 tasolla puolueiden n\u00e4kyvyys kasvoi, mutta toisaalta yksitt\u00e4isten puoluejohtajien kohdalla havaittiin my\u00f6s p\u00e4invastaista kehityst\u00e4. Tuotannolliselta kannalta katsottuna vaaliviestint\u00e4 oli vuonna 2023 selv\u00e4sti tasokkaampaa kuin vuonna 2019. T\u00e4m\u00e4 voi kertoa esimerkiksi viestint\u00e4osaamisen kehittymisest\u00e4, paremmista resursseista sek\u00e4 poliittisen viestinn\u00e4n ammattimaistumisesta.<\/p>\n\n\n\n<p><strong>Mit\u00e4 haluatte artikkelillanne sanoa?<\/strong><\/p>\n\n\n\n<p>Yleisesti ottaen ajattelemme, ett\u00e4 sosiaalisen median vaaliviestinn\u00e4n kehityst\u00e4 on tutkittava sek\u00e4 monialustaisesti ett\u00e4 monesta eri n\u00e4k\u00f6kulmasta. Olemme t\u00e4ss\u00e4 artikkelissa tarkastelleet sek\u00e4 sis\u00e4ll\u00f6llisi\u00e4 ett\u00e4 tyylillisi\u00e4 viestinn\u00e4n n\u00e4k\u00f6kulmia kahdella toisistaan selv\u00e4sti eroavalla alustalla. Lis\u00e4ksi sosiaalisen median tutkimus poliittisen viestinn\u00e4n alalla on ollut hyvin poliitikkokeskeist\u00e4. Puolueilla on kuitenkin merkityst\u00e4 Suomen politiikassa ja siksi niiden n\u00e4kyvyyden tarkastelu on t\u00e4rke\u00e4\u00e4.<\/p>\n\n\n\n<p><strong>Kenen kannattaa lukea artikkelinne?<\/strong><\/p>\n\n\n\n<p>Suosittelemme artikkelia kaikille politiikasta ja poliittisen viestinn\u00e4n kehityksest\u00e4 kiinnostuneille sek\u00e4 politiikkaan liittyviss\u00e4 teht\u00e4viss\u00e4 ty\u00f6skenteleville. Siihen kannattaa tutustua my\u00f6s, jos ylip\u00e4\u00e4t\u00e4\u00e4n seuraa poliitikkoja tai poliittisia puolueita sosiaalisessa mediassa. Artikkeli tarjoaa mielenkiintoisia n\u00e4k\u00f6kulmia my\u00f6s muille sosiaalisesta mediasta ja sen analyyttisest\u00e4 tarkastelusta kiinnostuneille.<\/p>\n\n\n\n<p><strong>Mik\u00e4 sai teid\u00e4t tarttumaan t\u00e4h\u00e4n aiheeseen?<\/strong><\/p>\n\n\n\n<p>T\u00e4m\u00e4 tutkimushanke oli jatkoa aiemmalle hankkeelle (molempia hankkeita rahoitti C. V. \u00c5kerlundin medias\u00e4\u00e4ti\u00f6), jonka kohteena oli politiikan henkil\u00f6ityminen vuoden 2019 eduskuntavaaleissa. Ker\u00e4simme vuoden 2023 vaaleista vastaavan sosiaalisen median aineiston kuin vuonna 2019. T\u00e4m\u00e4 mahdollisti vaaliviestinn\u00e4ss\u00e4 tapahtuneiden muutosten tarkastelun tilanteessa, jossa my\u00f6s sosiaalisen median alustoilla sek\u00e4 niiden k\u00e4yt\u00f6ss\u00e4 tapahtuu jatkuvasti muutoksia. Pitkitt\u00e4isaineisto mahdollistaa my\u00f6s vertailun kansainv\u00e4lisesti, sill\u00e4 esimerkiksi Euroopan tasolla tehd\u00e4\u00e4n paljon vertailututkimusta vaalikampanjoiden osalta.&nbsp;Aihe on yhteiskunnallisesti merkitt\u00e4v\u00e4, sill\u00e4 todella moni \u00e4\u00e4nest\u00e4j\u00e4 seuraa vaaliviestint\u00e4\u00e4 sosiaalisessa mediassa.<\/p>\n\n\n\n<p><\/p>\n","protected":false},"excerpt":{"rendered":"<p>Vertaillessaan poliittisten toimijoiden someviestint\u00e4\u00e4 vuosien 2019 ja 2023 eduskuntavaalien alla, tutkijat havaitsivat, ett\u00e4 viestinn\u00e4ss\u00e4 nojataan entist\u00e4 enemm\u00e4n asiakysymyksiin, vaaliviestint\u00e4\u00e4 julkaistaan aiempaa enemm\u00e4n Instagramissa ja tuotannon taso on kohentunut.&hellip;<\/p>\n","protected":false},"author":3,"featured_media":5451,"comment_status":"open","ping_status":"closed","sticky":false,"template":"","format":"standard","meta":{"_monsterinsights_skip_tracking":false,"_monsterinsights_sitenote_active":false,"_monsterinsights_sitenote_note":"","_monsterinsights_sitenote_category":0,"footnotes":""},"categories":[1],"tags":[],"class_list":["post-5450","post","type-post","status-publish","format-standard","has-post-thumbnail","hentry","category-yleinen"],"yoast_head":"<!-- This site is optimized with the Yoast SEO plugin v27.5 - https:\/\/yoast.com\/product\/yoast-seo-wordpress\/ -->\n<title>Asiakysymykset korostuvat poliitikkojen somevaaliviestinn\u00e4ss\u00e4 aiempaa enemm\u00e4n &#8211; Mevi<\/title>\n<meta name=\"robots\" content=\"index, follow, max-snippet:-1, max-image-preview:large, max-video-preview:-1\" \/>\n<link rel=\"canonical\" href=\"https:\/\/mediaviestinta.fi\/mevi2020\/2026\/01\/asiakysymykset-korostuvat-poliitikkojen-somevaaliviestinnassa-aiempaa-enemman\/\" \/>\n<meta property=\"og:locale\" content=\"fi_FI\" \/>\n<meta property=\"og:type\" content=\"article\" \/>\n<meta property=\"og:title\" content=\"Asiakysymykset korostuvat poliitikkojen somevaaliviestinn\u00e4ss\u00e4 aiempaa enemm\u00e4n &#8211; Mevi\" \/>\n<meta property=\"og:description\" content=\"Vertaillessaan poliittisten toimijoiden someviestint\u00e4\u00e4 vuosien 2019 ja 2023 eduskuntavaalien alla, tutkijat havaitsivat, ett\u00e4 viestinn\u00e4ss\u00e4 nojataan entist\u00e4 enemm\u00e4n asiakysymyksiin, vaaliviestint\u00e4\u00e4 julkaistaan aiempaa enemm\u00e4n Instagramissa ja tuotannon taso on kohentunut.&hellip;\" \/>\n<meta property=\"og:url\" content=\"https:\/\/mediaviestinta.fi\/mevi2020\/2026\/01\/asiakysymykset-korostuvat-poliitikkojen-somevaaliviestinnassa-aiempaa-enemman\/\" \/>\n<meta property=\"og:site_name\" content=\"Mevi\" \/>\n<meta property=\"article:publisher\" content=\"https:\/\/www.facebook.com\/MediaViestinta\/\" \/>\n<meta property=\"article:published_time\" content=\"2026-01-28T12:46:58+00:00\" \/>\n<meta property=\"article:modified_time\" content=\"2026-01-28T12:46:59+00:00\" \/>\n<meta property=\"og:image\" content=\"https:\/\/mediaviestinta.fi\/mevi2020\/wp-content\/uploads\/2026\/01\/media-998990_1280.jpg\" \/>\n\t<meta property=\"og:image:width\" content=\"1280\" \/>\n\t<meta property=\"og:image:height\" content=\"929\" \/>\n\t<meta property=\"og:image:type\" content=\"image\/jpeg\" \/>\n<meta name=\"author\" content=\"Mevi\" \/>\n<meta name=\"twitter:card\" content=\"summary_large_image\" \/>\n<meta name=\"twitter:creator\" content=\"@mediaviestinta\" \/>\n<meta name=\"twitter:site\" content=\"@mediaviestinta\" \/>\n<meta name=\"twitter:label1\" content=\"Kirjoittanut\" \/>\n\t<meta name=\"twitter:data1\" content=\"Mevi\" \/>\n\t<meta name=\"twitter:label2\" content=\"Arvioitu lukuaika\" \/>\n\t<meta name=\"twitter:data2\" content=\"4 minuuttia\" \/>\n<script type=\"application\/ld+json\" class=\"yoast-schema-graph\">{\"@context\":\"https:\\\/\\\/schema.org\",\"@graph\":[{\"@type\":\"Article\",\"@id\":\"https:\\\/\\\/mediaviestinta.fi\\\/mevi2020\\\/2026\\\/01\\\/asiakysymykset-korostuvat-poliitikkojen-somevaaliviestinnassa-aiempaa-enemman\\\/#article\",\"isPartOf\":{\"@id\":\"https:\\\/\\\/mediaviestinta.fi\\\/mevi2020\\\/2026\\\/01\\\/asiakysymykset-korostuvat-poliitikkojen-somevaaliviestinnassa-aiempaa-enemman\\\/\"},\"author\":{\"name\":\"Mevi\",\"@id\":\"https:\\\/\\\/mediaviestinta.fi\\\/#\\\/schema\\\/person\\\/b2da34ab24cfcd17dbdd6c7cfb173257\"},\"headline\":\"Asiakysymykset korostuvat poliitikkojen somevaaliviestinn\u00e4ss\u00e4 aiempaa enemm\u00e4n\",\"datePublished\":\"2026-01-28T12:46:58+00:00\",\"dateModified\":\"2026-01-28T12:46:59+00:00\",\"mainEntityOfPage\":{\"@id\":\"https:\\\/\\\/mediaviestinta.fi\\\/mevi2020\\\/2026\\\/01\\\/asiakysymykset-korostuvat-poliitikkojen-somevaaliviestinnassa-aiempaa-enemman\\\/\"},\"wordCount\":616,\"commentCount\":0,\"publisher\":{\"@id\":\"https:\\\/\\\/mediaviestinta.fi\\\/#organization\"},\"image\":{\"@id\":\"https:\\\/\\\/mediaviestinta.fi\\\/mevi2020\\\/2026\\\/01\\\/asiakysymykset-korostuvat-poliitikkojen-somevaaliviestinnassa-aiempaa-enemman\\\/#primaryimage\"},\"thumbnailUrl\":\"https:\\\/\\\/mediaviestinta.fi\\\/mevi2020\\\/wp-content\\\/uploads\\\/2026\\\/01\\\/media-998990_1280.jpg\",\"inLanguage\":\"fi\",\"potentialAction\":[{\"@type\":\"CommentAction\",\"name\":\"Comment\",\"target\":[\"https:\\\/\\\/mediaviestinta.fi\\\/mevi2020\\\/2026\\\/01\\\/asiakysymykset-korostuvat-poliitikkojen-somevaaliviestinnassa-aiempaa-enemman\\\/#respond\"]}]},{\"@type\":\"WebPage\",\"@id\":\"https:\\\/\\\/mediaviestinta.fi\\\/mevi2020\\\/2026\\\/01\\\/asiakysymykset-korostuvat-poliitikkojen-somevaaliviestinnassa-aiempaa-enemman\\\/\",\"url\":\"https:\\\/\\\/mediaviestinta.fi\\\/mevi2020\\\/2026\\\/01\\\/asiakysymykset-korostuvat-poliitikkojen-somevaaliviestinnassa-aiempaa-enemman\\\/\",\"name\":\"Asiakysymykset korostuvat poliitikkojen somevaaliviestinn\u00e4ss\u00e4 aiempaa enemm\u00e4n &#8211; Mevi\",\"isPartOf\":{\"@id\":\"https:\\\/\\\/mediaviestinta.fi\\\/#website\"},\"primaryImageOfPage\":{\"@id\":\"https:\\\/\\\/mediaviestinta.fi\\\/mevi2020\\\/2026\\\/01\\\/asiakysymykset-korostuvat-poliitikkojen-somevaaliviestinnassa-aiempaa-enemman\\\/#primaryimage\"},\"image\":{\"@id\":\"https:\\\/\\\/mediaviestinta.fi\\\/mevi2020\\\/2026\\\/01\\\/asiakysymykset-korostuvat-poliitikkojen-somevaaliviestinnassa-aiempaa-enemman\\\/#primaryimage\"},\"thumbnailUrl\":\"https:\\\/\\\/mediaviestinta.fi\\\/mevi2020\\\/wp-content\\\/uploads\\\/2026\\\/01\\\/media-998990_1280.jpg\",\"datePublished\":\"2026-01-28T12:46:58+00:00\",\"dateModified\":\"2026-01-28T12:46:59+00:00\",\"breadcrumb\":{\"@id\":\"https:\\\/\\\/mediaviestinta.fi\\\/mevi2020\\\/2026\\\/01\\\/asiakysymykset-korostuvat-poliitikkojen-somevaaliviestinnassa-aiempaa-enemman\\\/#breadcrumb\"},\"inLanguage\":\"fi\",\"potentialAction\":[{\"@type\":\"ReadAction\",\"target\":[\"https:\\\/\\\/mediaviestinta.fi\\\/mevi2020\\\/2026\\\/01\\\/asiakysymykset-korostuvat-poliitikkojen-somevaaliviestinnassa-aiempaa-enemman\\\/\"]}]},{\"@type\":\"ImageObject\",\"inLanguage\":\"fi\",\"@id\":\"https:\\\/\\\/mediaviestinta.fi\\\/mevi2020\\\/2026\\\/01\\\/asiakysymykset-korostuvat-poliitikkojen-somevaaliviestinnassa-aiempaa-enemman\\\/#primaryimage\",\"url\":\"https:\\\/\\\/mediaviestinta.fi\\\/mevi2020\\\/wp-content\\\/uploads\\\/2026\\\/01\\\/media-998990_1280.jpg\",\"contentUrl\":\"https:\\\/\\\/mediaviestinta.fi\\\/mevi2020\\\/wp-content\\\/uploads\\\/2026\\\/01\\\/media-998990_1280.jpg\",\"width\":1280,\"height\":929,\"caption\":\"Pixelkult \\\/ Pixabay\"},{\"@type\":\"BreadcrumbList\",\"@id\":\"https:\\\/\\\/mediaviestinta.fi\\\/mevi2020\\\/2026\\\/01\\\/asiakysymykset-korostuvat-poliitikkojen-somevaaliviestinnassa-aiempaa-enemman\\\/#breadcrumb\",\"itemListElement\":[{\"@type\":\"ListItem\",\"position\":1,\"name\":\"Home\",\"item\":\"https:\\\/\\\/mediaviestinta.fi\\\/\"},{\"@type\":\"ListItem\",\"position\":2,\"name\":\"Asiakysymykset korostuvat poliitikkojen somevaaliviestinn\u00e4ss\u00e4 aiempaa enemm\u00e4n\"}]},{\"@type\":\"WebSite\",\"@id\":\"https:\\\/\\\/mediaviestinta.fi\\\/#website\",\"url\":\"https:\\\/\\\/mediaviestinta.fi\\\/\",\"name\":\"Mevi\",\"description\":\"Media- ja viestint\u00e4tieteellinen seura Mevi\",\"publisher\":{\"@id\":\"https:\\\/\\\/mediaviestinta.fi\\\/#organization\"},\"potentialAction\":[{\"@type\":\"SearchAction\",\"target\":{\"@type\":\"EntryPoint\",\"urlTemplate\":\"https:\\\/\\\/mediaviestinta.fi\\\/?s={search_term_string}\"},\"query-input\":{\"@type\":\"PropertyValueSpecification\",\"valueRequired\":true,\"valueName\":\"search_term_string\"}}],\"inLanguage\":\"fi\"},{\"@type\":\"Organization\",\"@id\":\"https:\\\/\\\/mediaviestinta.fi\\\/#organization\",\"name\":\"Media- ja viestint\u00e4tieteellinen seura Mevi\",\"url\":\"https:\\\/\\\/mediaviestinta.fi\\\/\",\"logo\":{\"@type\":\"ImageObject\",\"inLanguage\":\"fi\",\"@id\":\"https:\\\/\\\/mediaviestinta.fi\\\/#\\\/schema\\\/logo\\\/image\\\/\",\"url\":\"https:\\\/\\\/mediaviestinta.fi\\\/mevi2020\\\/wp-content\\\/uploads\\\/2020\\\/03\\\/mevi-logo-RGB-Transparent.png\",\"contentUrl\":\"https:\\\/\\\/mediaviestinta.fi\\\/mevi2020\\\/wp-content\\\/uploads\\\/2020\\\/03\\\/mevi-logo-RGB-Transparent.png\",\"width\":910,\"height\":464,\"caption\":\"Media- ja viestint\u00e4tieteellinen seura Mevi\"},\"image\":{\"@id\":\"https:\\\/\\\/mediaviestinta.fi\\\/#\\\/schema\\\/logo\\\/image\\\/\"},\"sameAs\":[\"https:\\\/\\\/www.facebook.com\\\/MediaViestinta\\\/\",\"https:\\\/\\\/x.com\\\/mediaviestinta\"]},{\"@type\":\"Person\",\"@id\":\"https:\\\/\\\/mediaviestinta.fi\\\/#\\\/schema\\\/person\\\/b2da34ab24cfcd17dbdd6c7cfb173257\",\"name\":\"Mevi\",\"image\":{\"@type\":\"ImageObject\",\"inLanguage\":\"fi\",\"@id\":\"https:\\\/\\\/secure.gravatar.com\\\/avatar\\\/3305b76d1667dc119a18808ed03d6a1fc2dfa8b6a1cddecb8c4d27ef14ec32ca?s=96&d=mm&r=g\",\"url\":\"https:\\\/\\\/secure.gravatar.com\\\/avatar\\\/3305b76d1667dc119a18808ed03d6a1fc2dfa8b6a1cddecb8c4d27ef14ec32ca?s=96&d=mm&r=g\",\"contentUrl\":\"https:\\\/\\\/secure.gravatar.com\\\/avatar\\\/3305b76d1667dc119a18808ed03d6a1fc2dfa8b6a1cddecb8c4d27ef14ec32ca?s=96&d=mm&r=g\",\"caption\":\"Mevi\"},\"url\":\"https:\\\/\\\/mediaviestinta.fi\\\/mevi2020\\\/author\\\/mediavie\\\/\"}]}<\/script>\n<!-- \/ Yoast SEO plugin. -->","yoast_head_json":{"title":"Asiakysymykset korostuvat poliitikkojen somevaaliviestinn\u00e4ss\u00e4 aiempaa enemm\u00e4n &#8211; Mevi","robots":{"index":"index","follow":"follow","max-snippet":"max-snippet:-1","max-image-preview":"max-image-preview:large","max-video-preview":"max-video-preview:-1"},"canonical":"https:\/\/mediaviestinta.fi\/mevi2020\/2026\/01\/asiakysymykset-korostuvat-poliitikkojen-somevaaliviestinnassa-aiempaa-enemman\/","og_locale":"fi_FI","og_type":"article","og_title":"Asiakysymykset korostuvat poliitikkojen somevaaliviestinn\u00e4ss\u00e4 aiempaa enemm\u00e4n &#8211; Mevi","og_description":"Vertaillessaan poliittisten toimijoiden someviestint\u00e4\u00e4 vuosien 2019 ja 2023 eduskuntavaalien alla, tutkijat havaitsivat, ett\u00e4 viestinn\u00e4ss\u00e4 nojataan entist\u00e4 enemm\u00e4n asiakysymyksiin, vaaliviestint\u00e4\u00e4 julkaistaan aiempaa enemm\u00e4n Instagramissa ja tuotannon taso on kohentunut.&hellip;","og_url":"https:\/\/mediaviestinta.fi\/mevi2020\/2026\/01\/asiakysymykset-korostuvat-poliitikkojen-somevaaliviestinnassa-aiempaa-enemman\/","og_site_name":"Mevi","article_publisher":"https:\/\/www.facebook.com\/MediaViestinta\/","article_published_time":"2026-01-28T12:46:58+00:00","article_modified_time":"2026-01-28T12:46:59+00:00","og_image":[{"width":1280,"height":929,"url":"https:\/\/mediaviestinta.fi\/mevi2020\/wp-content\/uploads\/2026\/01\/media-998990_1280.jpg","type":"image\/jpeg"}],"author":"Mevi","twitter_card":"summary_large_image","twitter_creator":"@mediaviestinta","twitter_site":"@mediaviestinta","twitter_misc":{"Kirjoittanut":"Mevi","Arvioitu lukuaika":"4 minuuttia"},"schema":{"@context":"https:\/\/schema.org","@graph":[{"@type":"Article","@id":"https:\/\/mediaviestinta.fi\/mevi2020\/2026\/01\/asiakysymykset-korostuvat-poliitikkojen-somevaaliviestinnassa-aiempaa-enemman\/#article","isPartOf":{"@id":"https:\/\/mediaviestinta.fi\/mevi2020\/2026\/01\/asiakysymykset-korostuvat-poliitikkojen-somevaaliviestinnassa-aiempaa-enemman\/"},"author":{"name":"Mevi","@id":"https:\/\/mediaviestinta.fi\/#\/schema\/person\/b2da34ab24cfcd17dbdd6c7cfb173257"},"headline":"Asiakysymykset korostuvat poliitikkojen somevaaliviestinn\u00e4ss\u00e4 aiempaa enemm\u00e4n","datePublished":"2026-01-28T12:46:58+00:00","dateModified":"2026-01-28T12:46:59+00:00","mainEntityOfPage":{"@id":"https:\/\/mediaviestinta.fi\/mevi2020\/2026\/01\/asiakysymykset-korostuvat-poliitikkojen-somevaaliviestinnassa-aiempaa-enemman\/"},"wordCount":616,"commentCount":0,"publisher":{"@id":"https:\/\/mediaviestinta.fi\/#organization"},"image":{"@id":"https:\/\/mediaviestinta.fi\/mevi2020\/2026\/01\/asiakysymykset-korostuvat-poliitikkojen-somevaaliviestinnassa-aiempaa-enemman\/#primaryimage"},"thumbnailUrl":"https:\/\/mediaviestinta.fi\/mevi2020\/wp-content\/uploads\/2026\/01\/media-998990_1280.jpg","inLanguage":"fi","potentialAction":[{"@type":"CommentAction","name":"Comment","target":["https:\/\/mediaviestinta.fi\/mevi2020\/2026\/01\/asiakysymykset-korostuvat-poliitikkojen-somevaaliviestinnassa-aiempaa-enemman\/#respond"]}]},{"@type":"WebPage","@id":"https:\/\/mediaviestinta.fi\/mevi2020\/2026\/01\/asiakysymykset-korostuvat-poliitikkojen-somevaaliviestinnassa-aiempaa-enemman\/","url":"https:\/\/mediaviestinta.fi\/mevi2020\/2026\/01\/asiakysymykset-korostuvat-poliitikkojen-somevaaliviestinnassa-aiempaa-enemman\/","name":"Asiakysymykset korostuvat poliitikkojen somevaaliviestinn\u00e4ss\u00e4 aiempaa enemm\u00e4n &#8211; Mevi","isPartOf":{"@id":"https:\/\/mediaviestinta.fi\/#website"},"primaryImageOfPage":{"@id":"https:\/\/mediaviestinta.fi\/mevi2020\/2026\/01\/asiakysymykset-korostuvat-poliitikkojen-somevaaliviestinnassa-aiempaa-enemman\/#primaryimage"},"image":{"@id":"https:\/\/mediaviestinta.fi\/mevi2020\/2026\/01\/asiakysymykset-korostuvat-poliitikkojen-somevaaliviestinnassa-aiempaa-enemman\/#primaryimage"},"thumbnailUrl":"https:\/\/mediaviestinta.fi\/mevi2020\/wp-content\/uploads\/2026\/01\/media-998990_1280.jpg","datePublished":"2026-01-28T12:46:58+00:00","dateModified":"2026-01-28T12:46:59+00:00","breadcrumb":{"@id":"https:\/\/mediaviestinta.fi\/mevi2020\/2026\/01\/asiakysymykset-korostuvat-poliitikkojen-somevaaliviestinnassa-aiempaa-enemman\/#breadcrumb"},"inLanguage":"fi","potentialAction":[{"@type":"ReadAction","target":["https:\/\/mediaviestinta.fi\/mevi2020\/2026\/01\/asiakysymykset-korostuvat-poliitikkojen-somevaaliviestinnassa-aiempaa-enemman\/"]}]},{"@type":"ImageObject","inLanguage":"fi","@id":"https:\/\/mediaviestinta.fi\/mevi2020\/2026\/01\/asiakysymykset-korostuvat-poliitikkojen-somevaaliviestinnassa-aiempaa-enemman\/#primaryimage","url":"https:\/\/mediaviestinta.fi\/mevi2020\/wp-content\/uploads\/2026\/01\/media-998990_1280.jpg","contentUrl":"https:\/\/mediaviestinta.fi\/mevi2020\/wp-content\/uploads\/2026\/01\/media-998990_1280.jpg","width":1280,"height":929,"caption":"Pixelkult \/ Pixabay"},{"@type":"BreadcrumbList","@id":"https:\/\/mediaviestinta.fi\/mevi2020\/2026\/01\/asiakysymykset-korostuvat-poliitikkojen-somevaaliviestinnassa-aiempaa-enemman\/#breadcrumb","itemListElement":[{"@type":"ListItem","position":1,"name":"Home","item":"https:\/\/mediaviestinta.fi\/"},{"@type":"ListItem","position":2,"name":"Asiakysymykset korostuvat poliitikkojen somevaaliviestinn\u00e4ss\u00e4 aiempaa enemm\u00e4n"}]},{"@type":"WebSite","@id":"https:\/\/mediaviestinta.fi\/#website","url":"https:\/\/mediaviestinta.fi\/","name":"Mevi","description":"Media- ja viestint\u00e4tieteellinen seura Mevi","publisher":{"@id":"https:\/\/mediaviestinta.fi\/#organization"},"potentialAction":[{"@type":"SearchAction","target":{"@type":"EntryPoint","urlTemplate":"https:\/\/mediaviestinta.fi\/?s={search_term_string}"},"query-input":{"@type":"PropertyValueSpecification","valueRequired":true,"valueName":"search_term_string"}}],"inLanguage":"fi"},{"@type":"Organization","@id":"https:\/\/mediaviestinta.fi\/#organization","name":"Media- ja viestint\u00e4tieteellinen seura Mevi","url":"https:\/\/mediaviestinta.fi\/","logo":{"@type":"ImageObject","inLanguage":"fi","@id":"https:\/\/mediaviestinta.fi\/#\/schema\/logo\/image\/","url":"https:\/\/mediaviestinta.fi\/mevi2020\/wp-content\/uploads\/2020\/03\/mevi-logo-RGB-Transparent.png","contentUrl":"https:\/\/mediaviestinta.fi\/mevi2020\/wp-content\/uploads\/2020\/03\/mevi-logo-RGB-Transparent.png","width":910,"height":464,"caption":"Media- ja viestint\u00e4tieteellinen seura Mevi"},"image":{"@id":"https:\/\/mediaviestinta.fi\/#\/schema\/logo\/image\/"},"sameAs":["https:\/\/www.facebook.com\/MediaViestinta\/","https:\/\/x.com\/mediaviestinta"]},{"@type":"Person","@id":"https:\/\/mediaviestinta.fi\/#\/schema\/person\/b2da34ab24cfcd17dbdd6c7cfb173257","name":"Mevi","image":{"@type":"ImageObject","inLanguage":"fi","@id":"https:\/\/secure.gravatar.com\/avatar\/3305b76d1667dc119a18808ed03d6a1fc2dfa8b6a1cddecb8c4d27ef14ec32ca?s=96&d=mm&r=g","url":"https:\/\/secure.gravatar.com\/avatar\/3305b76d1667dc119a18808ed03d6a1fc2dfa8b6a1cddecb8c4d27ef14ec32ca?s=96&d=mm&r=g","contentUrl":"https:\/\/secure.gravatar.com\/avatar\/3305b76d1667dc119a18808ed03d6a1fc2dfa8b6a1cddecb8c4d27ef14ec32ca?s=96&d=mm&r=g","caption":"Mevi"},"url":"https:\/\/mediaviestinta.fi\/mevi2020\/author\/mediavie\/"}]}},"_links":{"self":[{"href":"https:\/\/mediaviestinta.fi\/mevi2020\/wp-json\/wp\/v2\/posts\/5450","targetHints":{"allow":["GET"]}}],"collection":[{"href":"https:\/\/mediaviestinta.fi\/mevi2020\/wp-json\/wp\/v2\/posts"}],"about":[{"href":"https:\/\/mediaviestinta.fi\/mevi2020\/wp-json\/wp\/v2\/types\/post"}],"author":[{"embeddable":true,"href":"https:\/\/mediaviestinta.fi\/mevi2020\/wp-json\/wp\/v2\/users\/3"}],"replies":[{"embeddable":true,"href":"https:\/\/mediaviestinta.fi\/mevi2020\/wp-json\/wp\/v2\/comments?post=5450"}],"version-history":[{"count":4,"href":"https:\/\/mediaviestinta.fi\/mevi2020\/wp-json\/wp\/v2\/posts\/5450\/revisions"}],"predecessor-version":[{"id":5456,"href":"https:\/\/mediaviestinta.fi\/mevi2020\/wp-json\/wp\/v2\/posts\/5450\/revisions\/5456"}],"wp:featuredmedia":[{"embeddable":true,"href":"https:\/\/mediaviestinta.fi\/mevi2020\/wp-json\/wp\/v2\/media\/5451"}],"wp:attachment":[{"href":"https:\/\/mediaviestinta.fi\/mevi2020\/wp-json\/wp\/v2\/media?parent=5450"}],"wp:term":[{"taxonomy":"category","embeddable":true,"href":"https:\/\/mediaviestinta.fi\/mevi2020\/wp-json\/wp\/v2\/categories?post=5450"},{"taxonomy":"post_tag","embeddable":true,"href":"https:\/\/mediaviestinta.fi\/mevi2020\/wp-json\/wp\/v2\/tags?post=5450"}],"curies":[{"name":"wp","href":"https:\/\/api.w.org\/{rel}","templated":true}]}}